{"id":14273,"date":"2025-03-22T20:30:00","date_gmt":"2025-03-22T23:30:00","guid":{"rendered":"https:\/\/www.correiobraziliense.com.br\/cbradar\/?p=14273"},"modified":"2025-03-21T22:23:22","modified_gmt":"2025-03-22T01:23:22","slug":"guia-pratico-para-plantar-tomilho-em-casa","status":"publish","type":"post","link":"https:\/\/www.correiobraziliense.com.br\/cbradar\/guia-pratico-para-plantar-tomilho-em-casa\/","title":{"rendered":"Guia pr\u00e1tico para plantar tomilho em casa"},"content":{"rendered":"\n<p>O tomilho \u00e9 uma planta arom\u00e1tica que se destaca por sua versatilidade e resist\u00eancia. Origin\u00e1rio da regi\u00e3o do Mediterr\u00e2neo, este subarbusto perene pode atingir at\u00e9 30 cm de altura e tem uma vida \u00fatil m\u00e9dia de seis anos. \u00c9 amplamente utilizado na culin\u00e1ria devido ao seu sabor marcante e levemente picante, sendo um acompanhamento popular para carnes, molhos e ensopados.<\/p>\n\n\n\n<p>Al\u00e9m de seu uso culin\u00e1rio, o tomilho \u00e9 valorizado por sua fragr\u00e2ncia suave, que atua como um aromatizante natural. Suas pequenas flores, que variam entre tons de branco e rosa, contribuem para a beleza de jardins e ambientes internos. Esta planta \u00e9 uma excelente escolha para quem deseja incrementar sua horta caseira ou iniciar uma nova.<\/p>\n\n\n\n<h2 class=\"wp-block-heading\">Como plantar tomilho: sementes ou mudas?<\/h2>\n\n\n\n<p>O cultivo do tomilho \u00e9 relativamente simples, pois a planta \u00e9 bastante resistente a climas quentes e secos, e pode prosperar em solos pobres em nutrientes. Pode ser plantado tanto em vasos quanto diretamente no solo, utilizando sementes ou mudas. Para come\u00e7ar, \u00e9 importante ter \u00e0 disposi\u00e7\u00e3o adubo, vasos, regadores, terra e substrato.<\/p>\n\n\n\n<figure class=\"wp-block-image size-large\"><img decoding=\"async\" width=\"1024\" height=\"576\" src=\"https:\/\/www.correiobraziliense.com.br\/cbradar\/wp-content\/uploads\/2025\/03\/Tomilho_1742481151307-1024x576.jpg\" alt=\"Guia pr\u00e1tico para plantar tomilho em casa\" class=\"wp-image-14279\" srcset=\"https:\/\/www.correiobraziliense.com.br\/cbradar\/wp-content\/uploads\/2025\/03\/Tomilho_1742481151307-1024x576.jpg 1024w, https:\/\/www.correiobraziliense.com.br\/cbradar\/wp-content\/uploads\/2025\/03\/Tomilho_1742481151307-300x169.jpg 300w, https:\/\/www.correiobraziliense.com.br\/cbradar\/wp-content\/uploads\/2025\/03\/Tomilho_1742481151307-768x432.jpg 768w, https:\/\/www.correiobraziliense.com.br\/cbradar\/wp-content\/uploads\/2025\/03\/Tomilho_1742481151307-750x422.jpg 750w, https:\/\/www.correiobraziliense.com.br\/cbradar\/wp-content\/uploads\/2025\/03\/Tomilho_1742481151307-1140x641.jpg 1140w, https:\/\/www.correiobraziliense.com.br\/cbradar\/wp-content\/uploads\/2025\/03\/Tomilho_1742481151307.jpg 1280w\" sizes=\"(max-width: 1024px) 100vw, 1024px\" \/><figcaption class=\"wp-element-caption\">Tomilho.Cr\u00e9ditos: depositphotos.com \/ MarusiaBO<\/figcaption><\/figure>\n\n\n\n<p>Para o plantio a partir de sementes, recomenda-se iniciar em sementeiras at\u00e9 que as mudas atinjam cerca de 10 cm de altura. Em seguida, transplante-as para o local definitivo, garantindo que a terra seja arenosa e \u00famida. J\u00e1 para o plantio a partir de mudas, escolha ramos jovens e saud\u00e1veis de um p\u00e9 adulto, e transplante-os para potes com terra arenosa.<\/p>\n\n\n\n<h2 class=\"wp-block-heading\">Quais s\u00e3o os cuidados essenciais para o cultivo do tomilho?<\/h2>\n\n\n\n<p>Para garantir o crescimento saud\u00e1vel do tomilho, \u00e9 necess\u00e1rio prestar aten\u00e7\u00e3o a alguns fatores essenciais, como solo, luminosidade, irriga\u00e7\u00e3o e poda. O solo deve ser arenoso e bem drenado, podendo ser enriquecido com areia ou calc\u00e1rio para melhorar o escoamento da \u00e1gua. A aduba\u00e7\u00e3o pode ser feita anualmente, utilizando compostos org\u00e2nicos como h\u00famus de minhoca.<\/p>\n\n\n\n<p>Em rela\u00e7\u00e3o \u00e0 luminosidade, o tomilho necessita de exposi\u00e7\u00e3o ao sol pleno por pelo menos quatro horas di\u00e1rias. Apesar de preferir climas quentes, ele tamb\u00e9m pode ser cultivado em locais com temperaturas mais baixas, desde que n\u00e3o ultrapassem 4 \u00baC. A irriga\u00e7\u00e3o deve ser moderada, evitando o excesso de \u00e1gua que pode apodrecer as ra\u00edzes.<\/p>\n\n\n\n<h2 class=\"wp-block-heading\">Como realizar a poda do tomilho de forma adequada?<\/h2>\n\n\n\n<p>A poda \u00e9 um aspecto importante no cuidado do tomilho. Recomenda-se cortar ramos inteiros, utilizando uma tesoura, ap\u00f3s 15 dias do plantio por mudas e 60 dias do plantio por sementes. As podas devem ser regulares para evitar que os galhos fiquem muito compridos e secos. Para uso culin\u00e1rio, \u00e9 aconselh\u00e1vel evitar que o tomilho flores\u00e7a, preservando assim seu sabor e aroma.<\/p>\n\n\n\n<p>Al\u00e9m disso, \u00e9 crucial remover ervas daninhas que possam competir por nutrientes. Na colheita, priorize os ramos mais velhos, mantendo as folhas mais novas para garantir sempre uma hortali\u00e7a fresca. Com esses cuidados, o tomilho se tornar\u00e1 uma adi\u00e7\u00e3o valiosa tanto para a culin\u00e1ria quanto para a decora\u00e7\u00e3o do lar.<\/p>\n\n\n\n<h2 class=\"wp-block-heading\">Iniciando sua Horta de Tomilho<\/h2>\n\n\n\n<p>Com as informa\u00e7\u00f5es e dicas apresentadas, est\u00e1 na hora de preparar os vasos e canteiros para come\u00e7ar sua horta de tomilho. Essa planta n\u00e3o s\u00f3 enriquecer\u00e1 suas receitas, mas tamb\u00e9m trar\u00e1 um toque de beleza e aroma ao seu ambiente. Aproveite para explorar as possibilidades que o cultivo do tomilho oferece e desfrute de seus m\u00faltiplos benef\u00edcios.<\/p>\n","protected":false},"excerpt":{"rendered":"<p>Descubra como cultivar e cuidar de tomilho, uma erva vers\u00e1til e resistente, perfeita para sua horta caseira.<\/p>\n","protected":false},"author":3,"featured_media":14281,"comment_status":"open","ping_status":"open","sticky":false,"template":"","format":"standard","meta":{"_yoast_wpseo_focuskw":"culin\u00e1ria","_yoast_wpseo_title":"%%title%%","_yoast_wpseo_metadesc":"Descubra como cultivar e cuidar de tomilho, uma erva vers\u00e1til e resistente, perfeita para sua horta caseira.","jnews-multi-image_gallery":[],"jnews_single_post":{"format":"standard"},"jnews_primary_category":[],"jnews_social_meta":[],"jnews_override_counter":[],"footnotes":""},"categories":[136],"post_tag":[137,722],"class_list":["post-14273","post","type-post","status-publish","format-standard","has-post-thumbnail","hentry","category-jardinagem","tag-como-plantar","tag-tomilho"],"yoast_head":"<!-- This site is optimized with the Yoast SEO plugin v24.6 - https:\/\/yoast.com\/wordpress\/plugins\/seo\/ -->\n<title>Guia pr\u00e1tico para plantar tomilho em casa<\/title>\n<meta name=\"description\" content=\"Descubra como cultivar e cuidar de tomilho, uma erva vers\u00e1til e resistente, perfeita para sua horta caseira.\" \/>\n<meta name=\"robots\" content=\"index, follow, max-snippet:-1, max-image-preview:large, max-video-preview:-1\" \/>\n<link rel=\"canonical\" href=\"https:\/\/www.correiobraziliense.com.br\/cbradar\/guia-pratico-para-plantar-tomilho-em-casa\/\" \/>\n<meta property=\"og:locale\" content=\"pt_BR\" \/>\n<meta property=\"og:type\" content=\"article\" \/>\n<meta property=\"og:title\" content=\"Guia pr\u00e1tico para plantar tomilho em casa\" \/>\n<meta property=\"og:description\" content=\"Descubra como cultivar e cuidar de tomilho, uma erva vers\u00e1til e resistente, perfeita para sua horta caseira.\" \/>\n<meta property=\"og:url\" content=\"https:\/\/www.correiobraziliense.com.br\/cbradar\/guia-pratico-para-plantar-tomilho-em-casa\/\" \/>\n<meta property=\"og:site_name\" content=\"Correio Braziliense - Radar\" \/>\n<meta property=\"article:published_time\" content=\"2025-03-22T23:30:00+00:00\" \/>\n<meta property=\"og:image\" content=\"https:\/\/www.correiobraziliense.com.br\/cbradar\/wp-content\/uploads\/2025\/03\/Tomilho_1742481169890.jpg\" \/>\n\t<meta property=\"og:image:width\" content=\"1280\" \/>\n\t<meta property=\"og:image:height\" content=\"720\" \/>\n\t<meta property=\"og:image:type\" content=\"image\/jpeg\" \/>\n<meta name=\"author\" content=\"Larissa Carvalho\" \/>\n<meta name=\"twitter:card\" content=\"summary_large_image\" \/>\n<meta name=\"twitter:label1\" content=\"Escrito por\" \/>\n\t<meta name=\"twitter:data1\" content=\"Larissa Carvalho\" \/>\n\t<meta name=\"twitter:label2\" content=\"Est. tempo de leitura\" \/>\n\t<meta name=\"twitter:data2\" content=\"4 minutos\" \/>\n<!-- \/ Yoast SEO plugin. -->","yoast_head_json":{"title":"Guia pr\u00e1tico para plantar tomilho em casa","description":"Descubra como cultivar e cuidar de tomilho, uma erva vers\u00e1til e resistente, perfeita para sua horta caseira.","robots":{"index":"index","follow":"follow","max-snippet":"max-snippet:-1","max-image-preview":"max-image-preview:large","max-video-preview":"max-video-preview:-1"},"canonical":"https:\/\/www.correiobraziliense.com.br\/cbradar\/guia-pratico-para-plantar-tomilho-em-casa\/","og_locale":"pt_BR","og_type":"article","og_title":"Guia pr\u00e1tico para plantar tomilho em casa","og_description":"Descubra como cultivar e cuidar de tomilho, uma erva vers\u00e1til e resistente, perfeita para sua horta caseira.","og_url":"https:\/\/www.correiobraziliense.com.br\/cbradar\/guia-pratico-para-plantar-tomilho-em-casa\/","og_site_name":"Correio Braziliense - Radar","article_published_time":"2025-03-22T23:30:00+00:00","og_image":[{"width":1280,"height":720,"url":"https:\/\/www.correiobraziliense.com.br\/cbradar\/wp-content\/uploads\/2025\/03\/Tomilho_1742481169890.jpg","type":"image\/jpeg"}],"author":"Larissa Carvalho","twitter_card":"summary_large_image","twitter_misc":{"Escrito por":"Larissa Carvalho","Est. tempo de leitura":"4 minutos"},"schema":{"@context":"https:\/\/schema.org","@graph":[{"@type":"WebPage","@id":"https:\/\/www.correiobraziliense.com.br\/cbradar\/guia-pratico-para-plantar-tomilho-em-casa\/","url":"https:\/\/www.correiobraziliense.com.br\/cbradar\/guia-pratico-para-plantar-tomilho-em-casa\/","name":"Guia pr\u00e1tico para plantar tomilho em casa","isPartOf":{"@id":"https:\/\/www.correiobraziliense.com.br\/cbradar\/#website"},"primaryImageOfPage":{"@id":"https:\/\/www.correiobraziliense.com.br\/cbradar\/guia-pratico-para-plantar-tomilho-em-casa\/#primaryimage"},"image":{"@id":"https:\/\/www.correiobraziliense.com.br\/cbradar\/guia-pratico-para-plantar-tomilho-em-casa\/#primaryimage"},"thumbnailUrl":"https:\/\/www.correiobraziliense.com.br\/cbradar\/wp-content\/uploads\/2025\/03\/Tomilho_1742481169890.jpg","datePublished":"2025-03-22T23:30:00+00:00","author":{"@id":"https:\/\/www.correiobraziliense.com.br\/cbradar\/#\/schema\/person\/58422787644df994b53a19d3e56c1513"},"description":"Descubra como cultivar e cuidar de tomilho, uma erva vers\u00e1til e resistente, perfeita para sua horta caseira.","breadcrumb":{"@id":"https:\/\/www.correiobraziliense.com.br\/cbradar\/guia-pratico-para-plantar-tomilho-em-casa\/#breadcrumb"},"inLanguage":"pt-BR","potentialAction":[{"@type":"ReadAction","target":["https:\/\/www.correiobraziliense.com.br\/cbradar\/guia-pratico-para-plantar-tomilho-em-casa\/"]}]},{"@type":"ImageObject","inLanguage":"pt-BR","@id":"https:\/\/www.correiobraziliense.com.br\/cbradar\/guia-pratico-para-plantar-tomilho-em-casa\/#primaryimage","url":"https:\/\/www.correiobraziliense.com.br\/cbradar\/wp-content\/uploads\/2025\/03\/Tomilho_1742481169890.jpg","contentUrl":"https:\/\/www.correiobraziliense.com.br\/cbradar\/wp-content\/uploads\/2025\/03\/Tomilho_1742481169890.jpg","width":1280,"height":720,"caption":"Tomilho.Cr\u00e9ditos: depositphotos.com \/ MarusiaBO"},{"@type":"BreadcrumbList","@id":"https:\/\/www.correiobraziliense.com.br\/cbradar\/guia-pratico-para-plantar-tomilho-em-casa\/#breadcrumb","itemListElement":[{"@type":"ListItem","position":1,"name":"In\u00edcio","item":"https:\/\/www.correiobraziliense.com.br\/cbradar\/"},{"@type":"ListItem","position":2,"name":"Guia pr\u00e1tico para plantar tomilho em casa"}]},{"@type":"WebSite","@id":"https:\/\/www.correiobraziliense.com.br\/cbradar\/#website","url":"https:\/\/www.correiobraziliense.com.br\/cbradar\/","name":"Correio Braziliense - Radar","description":"Acompanhe as \u00faltimas not\u00edcias e fique bem informado sobre tudo o que acontece no Brasil e no mundo.","potentialAction":[{"@type":"SearchAction","target":{"@type":"EntryPoint","urlTemplate":"https:\/\/www.correiobraziliense.com.br\/cbradar\/?s={search_term_string}"},"query-input":{"@type":"PropertyValueSpecification","valueRequired":true,"valueName":"search_term_string"}}],"inLanguage":"pt-BR"},{"@type":"Person","@id":"https:\/\/www.correiobraziliense.com.br\/cbradar\/#\/schema\/person\/58422787644df994b53a19d3e56c1513","name":"Larissa Carvalho","image":{"@type":"ImageObject","inLanguage":"pt-BR","@id":"https:\/\/www.correiobraziliense.com.br\/cbradar\/#\/schema\/person\/image\/","url":"https:\/\/secure.gravatar.com\/avatar\/fe4f91a0de32b52a838d0d612abdc1aa?s=96&d=mm&r=g","contentUrl":"https:\/\/secure.gravatar.com\/avatar\/fe4f91a0de32b52a838d0d612abdc1aa?s=96&d=mm&r=g","caption":"Larissa Carvalho"},"url":"https:\/\/www.correiobraziliense.com.br\/cbradar\/author\/larissamyth\/"}]}},"_links":{"self":[{"href":"https:\/\/www.correiobraziliense.com.br\/cbradar\/wp-json\/wp\/v2\/posts\/14273","targetHints":{"allow":["GET"]}}],"collection":[{"href":"https:\/\/www.correiobraziliense.com.br\/cbradar\/wp-json\/wp\/v2\/posts"}],"about":[{"href":"https:\/\/www.correiobraziliense.com.br\/cbradar\/wp-json\/wp\/v2\/types\/post"}],"author":[{"embeddable":true,"href":"https:\/\/www.correiobraziliense.com.br\/cbradar\/wp-json\/wp\/v2\/users\/3"}],"replies":[{"embeddable":true,"href":"https:\/\/www.correiobraziliense.com.br\/cbradar\/wp-json\/wp\/v2\/comments?post=14273"}],"version-history":[{"count":2,"href":"https:\/\/www.correiobraziliense.com.br\/cbradar\/wp-json\/wp\/v2\/posts\/14273\/revisions"}],"predecessor-version":[{"id":14553,"href":"https:\/\/www.correiobraziliense.com.br\/cbradar\/wp-json\/wp\/v2\/posts\/14273\/revisions\/14553"}],"wp:featuredmedia":[{"embeddable":true,"href":"https:\/\/www.correiobraziliense.com.br\/cbradar\/wp-json\/wp\/v2\/media\/14281"}],"wp:attachment":[{"href":"https:\/\/www.correiobraziliense.com.br\/cbradar\/wp-json\/wp\/v2\/media?parent=14273"}],"wp:term":[{"taxonomy":"category","embeddable":true,"href":"https:\/\/www.correiobraziliense.com.br\/cbradar\/wp-json\/wp\/v2\/categories?post=14273"},{"taxonomy":"post_tag","embeddable":true,"href":"https:\/\/www.correiobraziliense.com.br\/cbradar\/wp-json\/wp\/v2\/post_tag?post=14273"}],"curies":[{"name":"wp","href":"https:\/\/api.w.org\/{rel}","templated":true}]}}