{"id":142766,"date":"2025-11-23T09:45:00","date_gmt":"2025-11-23T12:45:00","guid":{"rendered":"https:\/\/www.correiobraziliense.com.br\/cbradar\/?p=142766"},"modified":"2025-11-22T09:00:11","modified_gmt":"2025-11-22T12:00:11","slug":"o-que-significa-para-uma-pessoa-preferir-ter-caes-em-vez-de-gatos-segundo-a-psicologia","status":"publish","type":"post","link":"https:\/\/www.correiobraziliense.com.br\/cbradar\/o-que-significa-para-uma-pessoa-preferir-ter-caes-em-vez-de-gatos-segundo-a-psicologia\/","title":{"rendered":"O que significa para uma pessoa preferir ter c\u00e3es em vez de gatos, segundo a psicologia"},"content":{"rendered":"\n<p>A escolha entre adotar um cachorro ou um gato como animal de estima\u00e7\u00e3o parece uma simples quest\u00e3o de prefer\u00eancia, mas esconde aspectos psicol\u00f3gicos e emocionais complexos que influenciam diretamente a decis\u00e3o das pessoas.<\/p>\n\n\n\n<h2 class=\"wp-block-heading\">Quais tra\u00e7os de personalidade se destacam em quem prefere cachorros?<\/h2>\n\n\n\n<p>Pessoas que se identificam mais com cachorros frequentemente buscam <strong>companhia ativa<\/strong>, <strong>lealdade<\/strong> e <strong>v\u00ednculos diretos<\/strong>. Um estudo com 418 participantes encontrou que os amantes de c\u00e3es, em m\u00e9dia, s\u00e3o mais calorosos, soci\u00e1veis, ousados socialmente e orientados por regras do que os amantes de gatos, que por sua vez pontuaram mais alto em intelig\u00eancia geral, abstra\u00e7\u00e3o e autossufici\u00eancia (Guastello et al., 2017).<\/p>\n\n\n\n<p>Al\u00e9m disso, os chamados <strong>amantes de c\u00e3es<\/strong> tendem a possuir grande facilidade em criar la\u00e7os significativos, sendo mais propensos a investir tempo e energia em formas de intera\u00e7\u00e3o e em rotinas ao ar livre. Pesquisas mostram que pessoas que se identificam como \u201cdo tipo cachorro\u201d tendem a pontuar mais alto em extrovers\u00e3o, agradabilidade e conscienciosidade, e mais baixo em neuroticismo do que as que se identificam como \u201cdo tipo gato\u201d (Gosling et al., 2010).<\/p>\n\n\n\n<figure class=\"wp-block-image size-large\"><img decoding=\"async\" width=\"1024\" height=\"576\" src=\"https:\/\/www.correiobraziliense.com.br\/cbradar\/wp-content\/uploads\/2025\/11\/pessoa-com-cachorro_1763810222478-1024x576.jpg\" alt=\"O que significa para uma pessoa preferir ter c\u00e3es em vez de gatos, segundo a psicologia\" class=\"wp-image-142769\" srcset=\"https:\/\/www.correiobraziliense.com.br\/cbradar\/wp-content\/uploads\/2025\/11\/pessoa-com-cachorro_1763810222478-1024x576.jpg 1024w, https:\/\/www.correiobraziliense.com.br\/cbradar\/wp-content\/uploads\/2025\/11\/pessoa-com-cachorro_1763810222478-300x169.jpg 300w, https:\/\/www.correiobraziliense.com.br\/cbradar\/wp-content\/uploads\/2025\/11\/pessoa-com-cachorro_1763810222478-768x432.jpg 768w, https:\/\/www.correiobraziliense.com.br\/cbradar\/wp-content\/uploads\/2025\/11\/pessoa-com-cachorro_1763810222478-750x422.jpg 750w, https:\/\/www.correiobraziliense.com.br\/cbradar\/wp-content\/uploads\/2025\/11\/pessoa-com-cachorro_1763810222478-1140x641.jpg 1140w, https:\/\/www.correiobraziliense.com.br\/cbradar\/wp-content\/uploads\/2025\/11\/pessoa-com-cachorro_1763810222478.jpg 1280w\" sizes=\"(max-width: 1024px) 100vw, 1024px\" \/><figcaption class=\"wp-element-caption\">Saber seu perfil ajuda na escolha do pet ideal para conviv\u00eancia saud\u00e1vel. Cr\u00e9ditos: depositphotos.com \/ AndrewLozovyi<\/figcaption><\/figure>\n\n\n\n<h2 class=\"wp-block-heading\">O que define o perfil comum dos amantes de cachorros?<\/h2>\n\n\n\n<p>Quem prefere cachorros geralmente valoriza <strong>fidelidade<\/strong> e <strong>confian\u00e7a<\/strong> em suas rela\u00e7\u00f5es pessoais, al\u00e9m de apresentar inclina\u00e7\u00e3o por rotinas estruturadas. Essas pessoas tamb\u00e9m costumam demonstrar um n\u00edvel de energia elevado, gostando de atividades f\u00edsicas e de envolver-se em brincadeiras e caminhadas.<\/p>\n\n\n\n<p>Outro tra\u00e7o marcante \u00e9 a <strong>abertura emocional<\/strong>. Esses indiv\u00edduos costumam expressar sentimentos de forma aberta, tornando-se emocionalmente acess\u00edveis e criando ambientes onde a comunica\u00e7\u00e3o flui naturalmente. Veja algumas caracter\u00edsticas comuns entre essas pessoas:<\/p>\n\n\n\n<ul class=\"wp-block-list\">\n<li>Valoriza\u00e7\u00e3o da sinceridade e lealdade<\/li>\n\n\n\n<li>Facilidade para demonstrar emo\u00e7\u00f5es<\/li>\n\n\n\n<li>Apre\u00e7o por rotinas, regras e ordem<\/li>\n\n\n\n<li>Prefer\u00eancia por atividades ao ar livre<\/li>\n<\/ul>\n\n\n\n<h2 class=\"wp-block-heading\">O v\u00ednculo emocional com um c\u00e3o revela muito sobre a pessoa<\/h2>\n\n\n\n<p>A rela\u00e7\u00e3o com um cachorro vai al\u00e9m do simples afeto, representando um <strong>apego seguro<\/strong> e uma necessidade importante de conex\u00e3o cont\u00ednua. Pessoas que escolhem c\u00e3es geralmente se sentem mais confort\u00e1veis em ambientes de proximidade e reciprocidade emocional.<\/p>\n\n\n\n<p>O papel de cuidador ou protetor, proporcionado pela depend\u00eancia do c\u00e3o, fortalece ainda mais o <strong>v\u00ednculo afetivo<\/strong>. Isso pode gerar uma sensa\u00e7\u00e3o de prop\u00f3sito e realiza\u00e7\u00e3o pessoal para quem se dedica aos animais.<\/p>\n\n\n\n<p>A psic\u00f3loga Andressa Zaninni, em seu perfil @souandressa.psi explica o que acontece no seu c\u00e9rebro ao ter um cachorro em casa:<\/p>\n\n\n\n<blockquote class=\"tiktok-embed\" cite=\"https:\/\/www.tiktok.com\/@souandressa.psi\/video\/7419395805397748998\" data-video-id=\"7419395805397748998\" style=\"max-width: 605px;min-width: 325px;\" > <section> <a target=\"_blank\" title=\"@souandressa.psi\" href=\"https:\/\/www.tiktok.com\/@souandressa.psi?refer=embed\">@souandressa.psi<\/a> O que seu animalzinho representa para voc\u00ea? Vou falar um pouco sobre o meu:  &#8211; me deu algumas no\u00e7\u00f5es sobre o que era a maternidade; &#8211; \u2060me ensinou sobre estigma e preconceito (Bull Terrier); &#8211; \u2060mostrou que fazer novas amizades pode ser algo muito simples e surpreendente; &#8211; \u2060que rodap\u00e9s s\u00e3o \u00f3timos para descontar a ansiedade de separa\u00e7\u00e3o (e que apego \u00e0 uma casa impec\u00e1vel custa muitos momentos de divers\u00e3o); &#8211; \u2060entre tantas outras li\u00e7\u00f5es\u2026 O que o seu fez (ou faz) por voc\u00ea? Um abra\u00e7o da tua psic\u00f3loga.<a title=\"saudemental\" target=\"_blank\" href=\"https:\/\/www.tiktok.com\/tag\/saudemental?refer=embed\">#saudemental<\/a> <a title=\"autismo\" target=\"_blank\" href=\"https:\/\/www.tiktok.com\/tag\/autismo?refer=embed\">#autismo<\/a> <a title=\"depress\u00e3o\" target=\"_blank\" href=\"https:\/\/www.tiktok.com\/tag\/depress%C3%A3o?refer=embed\">#depress\u00e3o<\/a> <a title=\"terapiasistemica\" target=\"_blank\" href=\"https:\/\/www.tiktok.com\/tag\/terapiasistemica?refer=embed\">#terapiasistemica<\/a> <a title=\"pet\" target=\"_blank\" href=\"https:\/\/www.tiktok.com\/tag\/pet?refer=embed\">#pet<\/a> <a target=\"_blank\" title=\"\u266c som original - Andressa Zaninni - Psi\" href=\"https:\/\/www.tiktok.com\/music\/som-original-7419395821391776518?refer=embed\">\u266c som original &#8211; Andressa Zaninni &#8211; Psi<\/a> <\/section> <\/blockquote> <script async src=\"https:\/\/www.tiktok.com\/embed.js\"><\/script>\n\n\n\n<p>Leia tamb\u00e9m: <a href=\"https:\/\/www.correiobraziliense.com.br\/cbradar\/o-que-significa-deixar-a-tv-de-fundo-enquanto-come-segundo-a-psicologia\/\" target=\"_blank\" rel=\"noreferrer noopener\">O que significa deixar a tv de fundo enquanto come, segundo a psicologia<\/a><\/p>\n\n\n\n<h2 class=\"wp-block-heading\">Manter uma rotina de passeios \u00e9 essencial para o bem-estar do c\u00e3o<\/h2>\n\n\n\n<p>A frequ\u00eancia ideal para passear com um cachorro deve ser adaptada \u00e0 ra\u00e7a e ao temperamento do animal. <strong>Passeios regulares s\u00e3o fundamentais<\/strong> n\u00e3o apenas para a sa\u00fade f\u00edsica do c\u00e3o, mas tamb\u00e9m para manter seu equil\u00edbrio emocional e evitar comportamentos indesejados.<\/p>\n\n\n\n<p>Durante o passeio, o c\u00e3o pode explorar o ambiente, interagir socialmente e gastar energia acumulada. Isso resulta em benef\u00edcios para a rela\u00e7\u00e3o entre tutor e animal e estimula a satisfa\u00e7\u00e3o de ambos.<\/p>\n\n\n\n<h2 class=\"wp-block-heading\">Escolher ter um cachorro reflete valores e estilo de vida<\/h2>\n\n\n\n<p>Ter um cachorro n\u00e3o significa apenas optar por um animal alegre e brincalh\u00e3o, mas tamb\u00e9m assumir uma decis\u00e3o que refor\u00e7a <strong>tra\u00e7os de personalidade<\/strong>, valores e prefer\u00eancias individuais. Observa-se que amantes de c\u00e3es projetam seus pr\u00f3prios desejos e expectativas nesses companheiros fi\u00e9is.<\/p>\n\n\n\n<p>Ao optar por um cachorro, muitas pessoas encontram uma <strong>extens\u00e3o dos pr\u00f3prios desejos emocionais<\/strong>, consolidando a sensa\u00e7\u00e3o de ter ao lado um parceiro compat\u00edvel e satisfeito \u2013 o que evidencia que essa escolha vai muito al\u00e9m do aspecto recreativo.<\/p>\n\n\n\n<h2 class=\"wp-block-heading\">Refer\u00eancias bibliogr\u00e1ficas<\/h2>\n\n\n\n<ul class=\"wp-block-list\">\n<li><strong>GOSLING, S. D.; SANDY, C. J.; POTTER, J.<\/strong> Personalities of self-identified \u201cdog people\u201d and \u201ccat people\u201d. <a href=\"https:\/\/www.tandfonline.com\/doi\/abs\/10.2752\/175303710X12750451258850\" target=\"_blank\" rel=\"noreferrer noopener\"><em>Anthrozo\u00f6s<\/em>, v. 23, n. 3, p. 213\u2013222, 2010.<\/a><\/li>\n\n\n\n<li><strong>GUASTELLO, A. D.; GUASTELLO, D. D.; GUASTELLO, S. J.<\/strong> Unleashing the Personality Divide: Resilience in Dog Owners. <a href=\"https:\/\/www.tandfonline.com\/doi\/pdf\/10.1080\/08927936.2024.2378592\" target=\"_blank\" rel=\"noreferrer noopener\"><em>Human\u2013Animal Interaction Bulletin<\/em>, v. 5, n. 1, p. 41\u201357, 2017.<\/a><\/li>\n<\/ul>\n","protected":false},"excerpt":{"rendered":"<p>Descubra o que a psicologia revela sobre amantes de c\u00e3es e sua personalidade. Explore caracter\u00edsticas, valores e o v\u00ednculo emocional \u00fanico.<\/p>\n","protected":false},"author":3,"featured_media":142768,"comment_status":"open","ping_status":"open","sticky":false,"template":"","format":"standard","meta":{"_yoast_wpseo_focuskw":"pessoa preferir c\u00e3es gatos","_yoast_wpseo_title":"%%title%%","_yoast_wpseo_metadesc":"Descubra o que a psicologia revela sobre amantes de c\u00e3es e sua personalidade. Explore caracter\u00edsticas, valores e o v\u00ednculo emocional \u00fanico.","jnews-multi-image_gallery":[],"jnews_single_post":{"format":"standard"},"jnews_primary_category":[],"jnews_social_meta":[],"jnews_override_counter":[],"footnotes":""},"categories":[112],"post_tag":[230,1977,378,144,1008],"class_list":["post-142766","post","type-post","status-publish","format-standard","has-post-thumbnail","hentry","category-curiosidades","tag-animais","tag-animais-de-estimacao","tag-cachorro","tag-curiosidades","tag-pets"],"yoast_head":"<!-- This site is optimized with the Yoast SEO plugin v24.6 - https:\/\/yoast.com\/wordpress\/plugins\/seo\/ -->\n<title>O que significa para uma pessoa preferir ter c\u00e3es em vez de gatos, segundo a psicologia<\/title>\n<meta name=\"description\" content=\"Descubra o que a psicologia revela sobre amantes de c\u00e3es e sua personalidade. Explore caracter\u00edsticas, valores e o v\u00ednculo emocional \u00fanico.\" \/>\n<meta name=\"robots\" content=\"index, follow, max-snippet:-1, max-image-preview:large, max-video-preview:-1\" \/>\n<link rel=\"canonical\" href=\"https:\/\/www.correiobraziliense.com.br\/cbradar\/o-que-significa-para-uma-pessoa-preferir-ter-caes-em-vez-de-gatos-segundo-a-psicologia\/\" \/>\n<meta property=\"og:locale\" content=\"pt_BR\" \/>\n<meta property=\"og:type\" content=\"article\" \/>\n<meta property=\"og:title\" content=\"O que significa para uma pessoa preferir ter c\u00e3es em vez de gatos, segundo a psicologia\" \/>\n<meta property=\"og:description\" content=\"Descubra o que a psicologia revela sobre amantes de c\u00e3es e sua personalidade. Explore caracter\u00edsticas, valores e o v\u00ednculo emocional \u00fanico.\" \/>\n<meta property=\"og:url\" content=\"https:\/\/www.correiobraziliense.com.br\/cbradar\/o-que-significa-para-uma-pessoa-preferir-ter-caes-em-vez-de-gatos-segundo-a-psicologia\/\" \/>\n<meta property=\"og:site_name\" content=\"Correio Braziliense - Radar\" \/>\n<meta property=\"article:published_time\" content=\"2025-11-23T12:45:00+00:00\" \/>\n<meta property=\"og:image\" content=\"https:\/\/www.correiobraziliense.com.br\/cbradar\/wp-content\/uploads\/2025\/11\/mosaico_1763810193176.jpg\" \/>\n\t<meta property=\"og:image:width\" content=\"1280\" \/>\n\t<meta property=\"og:image:height\" content=\"720\" \/>\n\t<meta property=\"og:image:type\" content=\"image\/jpeg\" \/>\n<meta name=\"author\" content=\"Larissa Carvalho\" \/>\n<meta name=\"twitter:card\" content=\"summary_large_image\" \/>\n<meta name=\"twitter:label1\" content=\"Escrito por\" \/>\n\t<meta name=\"twitter:data1\" content=\"Larissa Carvalho\" \/>\n\t<meta name=\"twitter:label2\" content=\"Est. tempo de leitura\" \/>\n\t<meta name=\"twitter:data2\" content=\"4 minutos\" \/>\n<!-- \/ Yoast SEO plugin. -->","yoast_head_json":{"title":"O que significa para uma pessoa preferir ter c\u00e3es em vez de gatos, segundo a psicologia","description":"Descubra o que a psicologia revela sobre amantes de c\u00e3es e sua personalidade. Explore caracter\u00edsticas, valores e o v\u00ednculo emocional \u00fanico.","robots":{"index":"index","follow":"follow","max-snippet":"max-snippet:-1","max-image-preview":"max-image-preview:large","max-video-preview":"max-video-preview:-1"},"canonical":"https:\/\/www.correiobraziliense.com.br\/cbradar\/o-que-significa-para-uma-pessoa-preferir-ter-caes-em-vez-de-gatos-segundo-a-psicologia\/","og_locale":"pt_BR","og_type":"article","og_title":"O que significa para uma pessoa preferir ter c\u00e3es em vez de gatos, segundo a psicologia","og_description":"Descubra o que a psicologia revela sobre amantes de c\u00e3es e sua personalidade. Explore caracter\u00edsticas, valores e o v\u00ednculo emocional \u00fanico.","og_url":"https:\/\/www.correiobraziliense.com.br\/cbradar\/o-que-significa-para-uma-pessoa-preferir-ter-caes-em-vez-de-gatos-segundo-a-psicologia\/","og_site_name":"Correio Braziliense - Radar","article_published_time":"2025-11-23T12:45:00+00:00","og_image":[{"width":1280,"height":720,"url":"https:\/\/www.correiobraziliense.com.br\/cbradar\/wp-content\/uploads\/2025\/11\/mosaico_1763810193176.jpg","type":"image\/jpeg"}],"author":"Larissa Carvalho","twitter_card":"summary_large_image","twitter_misc":{"Escrito por":"Larissa Carvalho","Est. tempo de leitura":"4 minutos"},"schema":{"@context":"https:\/\/schema.org","@graph":[{"@type":"WebPage","@id":"https:\/\/www.correiobraziliense.com.br\/cbradar\/o-que-significa-para-uma-pessoa-preferir-ter-caes-em-vez-de-gatos-segundo-a-psicologia\/","url":"https:\/\/www.correiobraziliense.com.br\/cbradar\/o-que-significa-para-uma-pessoa-preferir-ter-caes-em-vez-de-gatos-segundo-a-psicologia\/","name":"O que significa para uma pessoa preferir ter c\u00e3es em vez de gatos, segundo a psicologia","isPartOf":{"@id":"https:\/\/www.correiobraziliense.com.br\/cbradar\/#website"},"primaryImageOfPage":{"@id":"https:\/\/www.correiobraziliense.com.br\/cbradar\/o-que-significa-para-uma-pessoa-preferir-ter-caes-em-vez-de-gatos-segundo-a-psicologia\/#primaryimage"},"image":{"@id":"https:\/\/www.correiobraziliense.com.br\/cbradar\/o-que-significa-para-uma-pessoa-preferir-ter-caes-em-vez-de-gatos-segundo-a-psicologia\/#primaryimage"},"thumbnailUrl":"https:\/\/www.correiobraziliense.com.br\/cbradar\/wp-content\/uploads\/2025\/11\/mosaico_1763810193176.jpg","datePublished":"2025-11-23T12:45:00+00:00","author":{"@id":"https:\/\/www.correiobraziliense.com.br\/cbradar\/#\/schema\/person\/58422787644df994b53a19d3e56c1513"},"description":"Descubra o que a psicologia revela sobre amantes de c\u00e3es e sua personalidade. Explore caracter\u00edsticas, valores e o v\u00ednculo emocional \u00fanico.","breadcrumb":{"@id":"https:\/\/www.correiobraziliense.com.br\/cbradar\/o-que-significa-para-uma-pessoa-preferir-ter-caes-em-vez-de-gatos-segundo-a-psicologia\/#breadcrumb"},"inLanguage":"pt-BR","potentialAction":[{"@type":"ReadAction","target":["https:\/\/www.correiobraziliense.com.br\/cbradar\/o-que-significa-para-uma-pessoa-preferir-ter-caes-em-vez-de-gatos-segundo-a-psicologia\/"]}]},{"@type":"ImageObject","inLanguage":"pt-BR","@id":"https:\/\/www.correiobraziliense.com.br\/cbradar\/o-que-significa-para-uma-pessoa-preferir-ter-caes-em-vez-de-gatos-segundo-a-psicologia\/#primaryimage","url":"https:\/\/www.correiobraziliense.com.br\/cbradar\/wp-content\/uploads\/2025\/11\/mosaico_1763810193176.jpg","contentUrl":"https:\/\/www.correiobraziliense.com.br\/cbradar\/wp-content\/uploads\/2025\/11\/mosaico_1763810193176.jpg","width":1280,"height":720,"caption":"Adotar um pet \u00e9 mais que prefer\u00eancia; \u00e9 conex\u00e3o emocional e descoberta pessoal. Cr\u00e9ditos: depositphotos.com \/ ViktoriaSapata e Cr\u00e9ditos: depositphotos.com \/ HayDmitriy"},{"@type":"BreadcrumbList","@id":"https:\/\/www.correiobraziliense.com.br\/cbradar\/o-que-significa-para-uma-pessoa-preferir-ter-caes-em-vez-de-gatos-segundo-a-psicologia\/#breadcrumb","itemListElement":[{"@type":"ListItem","position":1,"name":"In\u00edcio","item":"https:\/\/www.correiobraziliense.com.br\/cbradar\/"},{"@type":"ListItem","position":2,"name":"O que significa para uma pessoa preferir ter c\u00e3es em vez de gatos, segundo a psicologia"}]},{"@type":"WebSite","@id":"https:\/\/www.correiobraziliense.com.br\/cbradar\/#website","url":"https:\/\/www.correiobraziliense.com.br\/cbradar\/","name":"Correio Braziliense - Radar","description":"Acompanhe as \u00faltimas not\u00edcias e fique bem informado sobre tudo o que acontece no Brasil e no mundo.","potentialAction":[{"@type":"SearchAction","target":{"@type":"EntryPoint","urlTemplate":"https:\/\/www.correiobraziliense.com.br\/cbradar\/?s={search_term_string}"},"query-input":{"@type":"PropertyValueSpecification","valueRequired":true,"valueName":"search_term_string"}}],"inLanguage":"pt-BR"},{"@type":"Person","@id":"https:\/\/www.correiobraziliense.com.br\/cbradar\/#\/schema\/person\/58422787644df994b53a19d3e56c1513","name":"Larissa Carvalho","image":{"@type":"ImageObject","inLanguage":"pt-BR","@id":"https:\/\/www.correiobraziliense.com.br\/cbradar\/#\/schema\/person\/image\/","url":"https:\/\/secure.gravatar.com\/avatar\/fe4f91a0de32b52a838d0d612abdc1aa?s=96&d=mm&r=g","contentUrl":"https:\/\/secure.gravatar.com\/avatar\/fe4f91a0de32b52a838d0d612abdc1aa?s=96&d=mm&r=g","caption":"Larissa Carvalho"},"url":"https:\/\/www.correiobraziliense.com.br\/cbradar\/author\/larissamyth\/"}]}},"_links":{"self":[{"href":"https:\/\/www.correiobraziliense.com.br\/cbradar\/wp-json\/wp\/v2\/posts\/142766","targetHints":{"allow":["GET"]}}],"collection":[{"href":"https:\/\/www.correiobraziliense.com.br\/cbradar\/wp-json\/wp\/v2\/posts"}],"about":[{"href":"https:\/\/www.correiobraziliense.com.br\/cbradar\/wp-json\/wp\/v2\/types\/post"}],"author":[{"embeddable":true,"href":"https:\/\/www.correiobraziliense.com.br\/cbradar\/wp-json\/wp\/v2\/users\/3"}],"replies":[{"embeddable":true,"href":"https:\/\/www.correiobraziliense.com.br\/cbradar\/wp-json\/wp\/v2\/comments?post=142766"}],"version-history":[{"count":3,"href":"https:\/\/www.correiobraziliense.com.br\/cbradar\/wp-json\/wp\/v2\/posts\/142766\/revisions"}],"predecessor-version":[{"id":142820,"href":"https:\/\/www.correiobraziliense.com.br\/cbradar\/wp-json\/wp\/v2\/posts\/142766\/revisions\/142820"}],"wp:featuredmedia":[{"embeddable":true,"href":"https:\/\/www.correiobraziliense.com.br\/cbradar\/wp-json\/wp\/v2\/media\/142768"}],"wp:attachment":[{"href":"https:\/\/www.correiobraziliense.com.br\/cbradar\/wp-json\/wp\/v2\/media?parent=142766"}],"wp:term":[{"taxonomy":"category","embeddable":true,"href":"https:\/\/www.correiobraziliense.com.br\/cbradar\/wp-json\/wp\/v2\/categories?post=142766"},{"taxonomy":"post_tag","embeddable":true,"href":"https:\/\/www.correiobraziliense.com.br\/cbradar\/wp-json\/wp\/v2\/post_tag?post=142766"}],"curies":[{"name":"wp","href":"https:\/\/api.w.org\/{rel}","templated":true}]}}