{"id":14278,"date":"2025-03-21T06:10:00","date_gmt":"2025-03-21T09:10:00","guid":{"rendered":"https:\/\/www.correiobraziliense.com.br\/cbradar\/?p=14278"},"modified":"2025-03-20T12:48:38","modified_gmt":"2025-03-20T15:48:38","slug":"essa-abordagem-simples-pode-mudar-seu-jardim-para-sempre","status":"publish","type":"post","link":"https:\/\/www.correiobraziliense.com.br\/cbradar\/essa-abordagem-simples-pode-mudar-seu-jardim-para-sempre\/","title":{"rendered":"Essa abordagem simples pode mudar seu jardim para sempre"},"content":{"rendered":"\n<p>Os <strong>jardins geom\u00e9tricos naturais<\/strong> s\u00e3o espa\u00e7os paisag\u00edsticos que utilizam princ\u00edpios matem\u00e1ticos para criar designs harmoniosos e esteticamente agrad\u00e1veis. Esses jardins se inspiram em padr\u00f5es encontrados na natureza, como a simetria e a <strong>sequ\u00eancia de Fibonacci<\/strong>, para organizar plantas e elementos de forma que reflitam a beleza intr\u00ednseca do mundo natural. A matem\u00e1tica desempenha um papel crucial ao fornecer as diretrizes para a disposi\u00e7\u00e3o das plantas, criando um equil\u00edbrio visual que \u00e9 tanto atraente quanto funcional.<\/p>\n\n\n\n<p>Esses jardins n\u00e3o apenas encantam pela est\u00e9tica, mas tamb\u00e9m promovem um entendimento mais profundo da rela\u00e7\u00e3o entre a <strong>matem\u00e1tica<\/strong> e a <strong>bot\u00e2nica<\/strong>. Ao observar como as <a href=\"https:\/\/www.correiobraziliense.com.br\/cbradar\/aprenda-a-cultivar-as-especiarias-mais-caras-do-mundo-em-casa\/\" target=\"_blank\" rel=\"noopener\">plantas<\/a> crescem e se organizam naturalmente, <strong>paisagistas<\/strong> e <strong>arquitetos<\/strong> podem replicar esses padr\u00f5es em seus projetos, criando espa\u00e7os que n\u00e3o s\u00f3 respeitam, mas tamb\u00e9m celebram a natureza.<\/p>\n\n\n\n<h2 class=\"wp-block-heading\">A sequ\u00eancia de Fibonacci e sua influ\u00eancia no crescimento das plantas<\/h2>\n\n\n\n<p>A sequ\u00eancia de Fibonacci \u00e9 uma s\u00e9rie num\u00e9rica onde cada n\u00famero \u00e9 a soma dos dois anteriores, come\u00e7ando por<strong> 0 e 1<\/strong>. Este padr\u00e3o matem\u00e1tico \u00e9 frequentemente observado na natureza, especialmente no crescimento das plantas. Por exemplo, a disposi\u00e7\u00e3o das folhas em um caule, a forma\u00e7\u00e3o de <strong>p\u00e9talas<\/strong> em <strong>flores<\/strong> e a estrutura das pinhas seguem essa sequ\u00eancia, permitindo uma distribui\u00e7\u00e3o eficiente de recursos como<strong> luz solar e \u00e1gua<\/strong>.<\/p>\n\n\n\n<p>Na bot\u00e2nica, a sequ\u00eancia de Fibonacci \u00e9 um exemplo de como a matem\u00e1tica pode explicar a organiza\u00e7\u00e3o estrutural das plantas. Ao aplicar esse conhecimento no design de jardins, \u00e9 poss\u00edvel criar espa\u00e7os que n\u00e3o apenas imitam a natureza, mas tamb\u00e9m otimizam o uso de recursos naturais, promovendo a sustentabilidade.<\/p>\n\n\n\n<h2 class=\"wp-block-heading\">Os principais padr\u00f5es fractais na bot\u00e2nica e como eles surgem na natureza<\/h2>\n\n\n\n<p>Fractais s\u00e3o padr\u00f5es geom\u00e9tricos que se repetem em diferentes escalas, e s\u00e3o comuns na natureza. Na bot\u00e2nica, eles podem ser observados em estruturas como folhas, galhos e ra\u00edzes. Esses padr\u00f5es permitem que as plantas maximizem a exposi\u00e7\u00e3o \u00e0 luz e a absor\u00e7\u00e3o de nutrientes, enquanto mant\u00eam uma estrutura robusta e eficiente.<\/p>\n\n\n\n<p>O estudo dos fractais na bot\u00e2nica n\u00e3o s\u00f3 ajuda a entender o crescimento das plantas, mas tamb\u00e9m inspira o design bioinspirado. Ao incorporar esses padr\u00f5es em projetos de paisagismo, \u00e9 poss\u00edvel criar jardins que n\u00e3o apenas s\u00e3o visualmente impressionantes, mas tamb\u00e9m funcionais e sustent\u00e1veis.<\/p>\n\n\n<div class=\"wp-block-image\">\n<figure class=\"aligncenter size-large\"><img decoding=\"async\" width=\"1024\" height=\"576\" src=\"https:\/\/www.correiobraziliense.com.br\/cbradar\/wp-content\/uploads\/2025\/03\/plantas-iluminacao_1742360268522-1024x576.jpg\" alt=\"Entenda a ci\u00eancia por tr\u00e1s das plantas que brilham\" class=\"wp-image-13775\" srcset=\"https:\/\/www.correiobraziliense.com.br\/cbradar\/wp-content\/uploads\/2025\/03\/plantas-iluminacao_1742360268522-1024x576.jpg 1024w, https:\/\/www.correiobraziliense.com.br\/cbradar\/wp-content\/uploads\/2025\/03\/plantas-iluminacao_1742360268522-300x169.jpg 300w, https:\/\/www.correiobraziliense.com.br\/cbradar\/wp-content\/uploads\/2025\/03\/plantas-iluminacao_1742360268522-768x432.jpg 768w, https:\/\/www.correiobraziliense.com.br\/cbradar\/wp-content\/uploads\/2025\/03\/plantas-iluminacao_1742360268522-750x422.jpg 750w, https:\/\/www.correiobraziliense.com.br\/cbradar\/wp-content\/uploads\/2025\/03\/plantas-iluminacao_1742360268522-1140x641.jpg 1140w, https:\/\/www.correiobraziliense.com.br\/cbradar\/wp-content\/uploads\/2025\/03\/plantas-iluminacao_1742360268522.jpg 1280w\" sizes=\"(max-width: 1024px) 100vw, 1024px\" \/><figcaption class=\"wp-element-caption\">Jardim &#8211; Cr\u00e9ditos: depositphotos.com \/ sandrisvev@inbox.lv<\/figcaption><\/figure><\/div>\n\n\n<h2 class=\"wp-block-heading\">Jardins inspirados na simetria e na geometria natural<\/h2>\n\n\n\n<p>Existem diversos exemplos de jardins ao redor do mundo que utilizam a simetria e a geometria natural como base para seu design. Esses espa\u00e7os demonstram como a aplica\u00e7\u00e3o de princ\u00edpios matem\u00e1ticos pode resultar em paisagens que s\u00e3o tanto belas quanto pr\u00e1ticas. Um exemplo not\u00e1vel \u00e9 o <strong>Jardim Bot\u00e2nico de Curitiba<\/strong>, no <strong>Brasil<\/strong>, que utiliza padr\u00f5es geom\u00e9tricos para organizar suas plantas e caminhos.<\/p>\n\n\n\n<p>Esses jardins servem como inspira\u00e7\u00e3o para paisagistas e arquitetos que buscam integrar a matem\u00e1tica em seus projetos. Ao observar como a natureza utiliza a simetria e os padr\u00f5es geom\u00e9tricos, \u00e9 poss\u00edvel criar espa\u00e7os que s\u00e3o n\u00e3o apenas esteticamente agrad\u00e1veis, mas tamb\u00e9m ecologicamente respons\u00e1veis.<\/p>\n\n\n\n<h2 class=\"wp-block-heading\">Os benef\u00edcios do design bioinspirado para o paisagismo e arquitetura sustent\u00e1vel<\/h2>\n\n\n\n<p>O design bioinspirado, que utiliza princ\u00edpios naturais para guiar a cria\u00e7\u00e3o de espa\u00e7os, oferece in\u00fameros benef\u00edcios para o paisagismo e a arquitetura sustent\u00e1vel. Ao imitar os padr\u00f5es matem\u00e1ticos encontrados na natureza, \u00e9 poss\u00edvel criar ambientes que s\u00e3o eficientes no uso de recursos, promovem a biodiversidade e s\u00e3o resilientes \u00e0s mudan\u00e7as clim\u00e1ticas.<\/p>\n\n\n\n<p>Al\u00e9m disso, esses designs podem melhorar a qualidade de vida dos seres humanos, proporcionando espa\u00e7os que s\u00e3o visualmente agrad\u00e1veis e que promovem o bem-estar. Ao integrar a matem\u00e1tica e a natureza, o design bioinspirado oferece solu\u00e7\u00f5es inovadoras para os desafios ambientais atuais, contribuindo para um futuro mais sustent\u00e1vel.<\/p>\n","protected":false},"excerpt":{"rendered":"<p>Os jardins geom\u00e9tricos naturais s\u00e3o espa\u00e7os paisag\u00edsticos que utilizam princ\u00edpios matem\u00e1ticos para criar designs harmoniosos e esteticamente agrad\u00e1veis. Esses jardins se inspiram em padr\u00f5es encontrados na natureza, como a simetria e a sequ\u00eancia de Fibonacci, para organizar plantas e elementos de forma que reflitam a beleza intr\u00ednseca do mundo natural. A matem\u00e1tica desempenha um papel [&hellip;]<\/p>\n","protected":false},"author":9,"featured_media":14306,"comment_status":"open","ping_status":"open","sticky":false,"template":"","format":"standard","meta":{"_yoast_wpseo_focuskw":"jardins","_yoast_wpseo_title":"%%title%% %%page%%","_yoast_wpseo_metadesc":"Veja como padr\u00f5es matem\u00e1ticos podem criar jardins mais equilibrados e eficientes, combinando beleza e sustentabilidade.","jnews-multi-image_gallery":[],"jnews_single_post":{"format":"standard"},"jnews_primary_category":[],"jnews_social_meta":[],"jnews_override_counter":[],"footnotes":""},"categories":[136],"post_tag":[2188,2186,2187],"class_list":["post-14278","post","type-post","status-publish","format-standard","has-post-thumbnail","hentry","category-jardinagem","tag-fractais-botanicos","tag-jardim-geometrico","tag-sequencia-de-fibonacci"],"yoast_head":"<!-- This site is optimized with the Yoast SEO plugin v24.6 - https:\/\/yoast.com\/wordpress\/plugins\/seo\/ -->\n<title>Essa abordagem simples pode mudar seu jardim para sempre<\/title>\n<meta name=\"description\" content=\"Veja como padr\u00f5es matem\u00e1ticos podem criar jardins mais equilibrados e eficientes, combinando beleza e sustentabilidade.\" \/>\n<meta name=\"robots\" content=\"index, follow, max-snippet:-1, max-image-preview:large, max-video-preview:-1\" \/>\n<link rel=\"canonical\" href=\"https:\/\/www.correiobraziliense.com.br\/cbradar\/essa-abordagem-simples-pode-mudar-seu-jardim-para-sempre\/\" \/>\n<meta property=\"og:locale\" content=\"pt_BR\" \/>\n<meta property=\"og:type\" content=\"article\" \/>\n<meta property=\"og:title\" content=\"Essa abordagem simples pode mudar seu jardim para sempre\" \/>\n<meta property=\"og:description\" content=\"Veja como padr\u00f5es matem\u00e1ticos podem criar jardins mais equilibrados e eficientes, combinando beleza e sustentabilidade.\" \/>\n<meta property=\"og:url\" content=\"https:\/\/www.correiobraziliense.com.br\/cbradar\/essa-abordagem-simples-pode-mudar-seu-jardim-para-sempre\/\" \/>\n<meta property=\"og:site_name\" content=\"Correio Braziliense - Radar\" \/>\n<meta property=\"article:published_time\" content=\"2025-03-21T09:10:00+00:00\" \/>\n<meta property=\"og:image\" content=\"https:\/\/www.correiobraziliense.com.br\/cbradar\/wp-content\/uploads\/2025\/03\/Jardim-Botanico-de-Curitiba_1742484327468.jpg\" \/>\n\t<meta property=\"og:image:width\" content=\"1280\" \/>\n\t<meta property=\"og:image:height\" content=\"720\" \/>\n\t<meta property=\"og:image:type\" content=\"image\/jpeg\" \/>\n<meta name=\"author\" content=\"Daniely Cardoso\" \/>\n<meta name=\"twitter:card\" content=\"summary_large_image\" \/>\n<meta name=\"twitter:label1\" content=\"Escrito por\" \/>\n\t<meta name=\"twitter:data1\" content=\"Daniely Cardoso\" \/>\n\t<meta name=\"twitter:label2\" content=\"Est. tempo de leitura\" \/>\n\t<meta name=\"twitter:data2\" content=\"4 minutos\" \/>\n<!-- \/ Yoast SEO plugin. -->","yoast_head_json":{"title":"Essa abordagem simples pode mudar seu jardim para sempre","description":"Veja como padr\u00f5es matem\u00e1ticos podem criar jardins mais equilibrados e eficientes, combinando beleza e sustentabilidade.","robots":{"index":"index","follow":"follow","max-snippet":"max-snippet:-1","max-image-preview":"max-image-preview:large","max-video-preview":"max-video-preview:-1"},"canonical":"https:\/\/www.correiobraziliense.com.br\/cbradar\/essa-abordagem-simples-pode-mudar-seu-jardim-para-sempre\/","og_locale":"pt_BR","og_type":"article","og_title":"Essa abordagem simples pode mudar seu jardim para sempre","og_description":"Veja como padr\u00f5es matem\u00e1ticos podem criar jardins mais equilibrados e eficientes, combinando beleza e sustentabilidade.","og_url":"https:\/\/www.correiobraziliense.com.br\/cbradar\/essa-abordagem-simples-pode-mudar-seu-jardim-para-sempre\/","og_site_name":"Correio Braziliense - Radar","article_published_time":"2025-03-21T09:10:00+00:00","og_image":[{"width":1280,"height":720,"url":"https:\/\/www.correiobraziliense.com.br\/cbradar\/wp-content\/uploads\/2025\/03\/Jardim-Botanico-de-Curitiba_1742484327468.jpg","type":"image\/jpeg"}],"author":"Daniely Cardoso","twitter_card":"summary_large_image","twitter_misc":{"Escrito por":"Daniely Cardoso","Est. tempo de leitura":"4 minutos"},"schema":{"@context":"https:\/\/schema.org","@graph":[{"@type":"WebPage","@id":"https:\/\/www.correiobraziliense.com.br\/cbradar\/essa-abordagem-simples-pode-mudar-seu-jardim-para-sempre\/","url":"https:\/\/www.correiobraziliense.com.br\/cbradar\/essa-abordagem-simples-pode-mudar-seu-jardim-para-sempre\/","name":"Essa abordagem simples pode mudar seu jardim para sempre","isPartOf":{"@id":"https:\/\/www.correiobraziliense.com.br\/cbradar\/#website"},"primaryImageOfPage":{"@id":"https:\/\/www.correiobraziliense.com.br\/cbradar\/essa-abordagem-simples-pode-mudar-seu-jardim-para-sempre\/#primaryimage"},"image":{"@id":"https:\/\/www.correiobraziliense.com.br\/cbradar\/essa-abordagem-simples-pode-mudar-seu-jardim-para-sempre\/#primaryimage"},"thumbnailUrl":"https:\/\/www.correiobraziliense.com.br\/cbradar\/wp-content\/uploads\/2025\/03\/Jardim-Botanico-de-Curitiba_1742484327468.jpg","datePublished":"2025-03-21T09:10:00+00:00","author":{"@id":"https:\/\/www.correiobraziliense.com.br\/cbradar\/#\/schema\/person\/7356666e12ec0ee53f348ee5db227032"},"description":"Veja como padr\u00f5es matem\u00e1ticos podem criar jardins mais equilibrados e eficientes, combinando beleza e sustentabilidade.","breadcrumb":{"@id":"https:\/\/www.correiobraziliense.com.br\/cbradar\/essa-abordagem-simples-pode-mudar-seu-jardim-para-sempre\/#breadcrumb"},"inLanguage":"pt-BR","potentialAction":[{"@type":"ReadAction","target":["https:\/\/www.correiobraziliense.com.br\/cbradar\/essa-abordagem-simples-pode-mudar-seu-jardim-para-sempre\/"]}]},{"@type":"ImageObject","inLanguage":"pt-BR","@id":"https:\/\/www.correiobraziliense.com.br\/cbradar\/essa-abordagem-simples-pode-mudar-seu-jardim-para-sempre\/#primaryimage","url":"https:\/\/www.correiobraziliense.com.br\/cbradar\/wp-content\/uploads\/2025\/03\/Jardim-Botanico-de-Curitiba_1742484327468.jpg","contentUrl":"https:\/\/www.correiobraziliense.com.br\/cbradar\/wp-content\/uploads\/2025\/03\/Jardim-Botanico-de-Curitiba_1742484327468.jpg","width":1280,"height":720,"caption":"Jardim Bot\u00e2nico em Curitiba - Cr\u00e9ditos: depositphotos.com \/ FP468189"},{"@type":"BreadcrumbList","@id":"https:\/\/www.correiobraziliense.com.br\/cbradar\/essa-abordagem-simples-pode-mudar-seu-jardim-para-sempre\/#breadcrumb","itemListElement":[{"@type":"ListItem","position":1,"name":"In\u00edcio","item":"https:\/\/www.correiobraziliense.com.br\/cbradar\/"},{"@type":"ListItem","position":2,"name":"Essa abordagem simples pode mudar seu jardim para sempre"}]},{"@type":"WebSite","@id":"https:\/\/www.correiobraziliense.com.br\/cbradar\/#website","url":"https:\/\/www.correiobraziliense.com.br\/cbradar\/","name":"Correio Braziliense - Radar","description":"Acompanhe as \u00faltimas not\u00edcias e fique bem informado sobre tudo o que acontece no Brasil e no mundo.","potentialAction":[{"@type":"SearchAction","target":{"@type":"EntryPoint","urlTemplate":"https:\/\/www.correiobraziliense.com.br\/cbradar\/?s={search_term_string}"},"query-input":{"@type":"PropertyValueSpecification","valueRequired":true,"valueName":"search_term_string"}}],"inLanguage":"pt-BR"},{"@type":"Person","@id":"https:\/\/www.correiobraziliense.com.br\/cbradar\/#\/schema\/person\/7356666e12ec0ee53f348ee5db227032","name":"Daniely Cardoso","image":{"@type":"ImageObject","inLanguage":"pt-BR","@id":"https:\/\/www.correiobraziliense.com.br\/cbradar\/#\/schema\/person\/image\/","url":"https:\/\/secure.gravatar.com\/avatar\/4b80ddbd124d1f071b626d52d62e5dff?s=96&d=mm&r=g","contentUrl":"https:\/\/secure.gravatar.com\/avatar\/4b80ddbd124d1f071b626d52d62e5dff?s=96&d=mm&r=g","caption":"Daniely Cardoso"},"description":"Redatora nos portais CB Radar e EM Foco, formada pela Universidade Federal de Goi\u00e1s, em Goi\u00e2nia. Apaixonada por comunica\u00e7\u00e3o, arte, decora\u00e7\u00e3o e tend\u00eancias, atuo na produ\u00e7\u00e3o de conte\u00fados envolventes sobre curiosidades, moda, beleza e paisagismo, sempre com um olhar atento \u00e0s novidades do momento.","sameAs":["https:\/\/www.correiobraziliense.com.br\/cbradar"],"url":"https:\/\/www.correiobraziliense.com.br\/cbradar\/author\/danielymyth\/"}]}},"_links":{"self":[{"href":"https:\/\/www.correiobraziliense.com.br\/cbradar\/wp-json\/wp\/v2\/posts\/14278","targetHints":{"allow":["GET"]}}],"collection":[{"href":"https:\/\/www.correiobraziliense.com.br\/cbradar\/wp-json\/wp\/v2\/posts"}],"about":[{"href":"https:\/\/www.correiobraziliense.com.br\/cbradar\/wp-json\/wp\/v2\/types\/post"}],"author":[{"embeddable":true,"href":"https:\/\/www.correiobraziliense.com.br\/cbradar\/wp-json\/wp\/v2\/users\/9"}],"replies":[{"embeddable":true,"href":"https:\/\/www.correiobraziliense.com.br\/cbradar\/wp-json\/wp\/v2\/comments?post=14278"}],"version-history":[{"count":3,"href":"https:\/\/www.correiobraziliense.com.br\/cbradar\/wp-json\/wp\/v2\/posts\/14278\/revisions"}],"predecessor-version":[{"id":14311,"href":"https:\/\/www.correiobraziliense.com.br\/cbradar\/wp-json\/wp\/v2\/posts\/14278\/revisions\/14311"}],"wp:featuredmedia":[{"embeddable":true,"href":"https:\/\/www.correiobraziliense.com.br\/cbradar\/wp-json\/wp\/v2\/media\/14306"}],"wp:attachment":[{"href":"https:\/\/www.correiobraziliense.com.br\/cbradar\/wp-json\/wp\/v2\/media?parent=14278"}],"wp:term":[{"taxonomy":"category","embeddable":true,"href":"https:\/\/www.correiobraziliense.com.br\/cbradar\/wp-json\/wp\/v2\/categories?post=14278"},{"taxonomy":"post_tag","embeddable":true,"href":"https:\/\/www.correiobraziliense.com.br\/cbradar\/wp-json\/wp\/v2\/post_tag?post=14278"}],"curies":[{"name":"wp","href":"https:\/\/api.w.org\/{rel}","templated":true}]}}