{"id":142781,"date":"2025-11-23T10:05:49","date_gmt":"2025-11-23T13:05:49","guid":{"rendered":"https:\/\/www.correiobraziliense.com.br\/cbradar\/?p=142781"},"modified":"2025-11-22T14:25:32","modified_gmt":"2025-11-22T17:25:32","slug":"como-ter-cheiro-verde-sempre-a-mao-sem-precisar-de-jardim-grande","status":"publish","type":"post","link":"https:\/\/www.correiobraziliense.com.br\/cbradar\/como-ter-cheiro-verde-sempre-a-mao-sem-precisar-de-jardim-grande\/","title":{"rendered":"Como ter cheiro verde sempre \u00e0 m\u00e3o sem precisar de jardim grande"},"content":{"rendered":"\n<p>A <strong>jardinagem urbana<\/strong> est\u00e1 cada vez mais presente na rotina das cidades, tornando poss\u00edvel cultivar alimentos frescos em ambientes pequenos, como varandas, quintais e vasos em casa. Entre as ervas arom\u00e1ticas, a <strong>salsinha<\/strong> e a <strong>cebolinha<\/strong> destacam-se pela facilidade de manejo e pela versatilidade na culin\u00e1ria, adaptando-se bem ao cultivo o ano todo, mesmo em condi\u00e7\u00f5es clim\u00e1ticas variadas.<\/p>\n\n\n\n<h2 class=\"wp-block-heading\">Quais cuidados garantem o cultivo saud\u00e1vel de salsinha e cebolinha<\/h2>\n\n\n\n<p>Para o sucesso no cultivo dessas <strong>ervas<\/strong>, escolher o local adequado \u00e9 fundamental. <strong>Salsinha<\/strong> e cebolinha desenvolvem-se melhor em ambientes com luz solar direta por pelo menos quatro horas di\u00e1rias, mas conseguem se adaptar bem \u00e0 meia sombra. O <strong>solo<\/strong> deve ser f\u00e9rtil, leve e bem drenado para promover o crescimento saud\u00e1vel das plantas.<\/p>\n\n\n\n<p>Manter o solo ligeiramente \u00famido e garantir boa ventila\u00e7\u00e3o s\u00e3o pr\u00e1ticas essenciais. A recomenda\u00e7\u00e3o \u00e9 utilizar uma mistura de terra, <strong>areia<\/strong> e mat\u00e9ria org\u00e2nica, al\u00e9m de adicionar um fertilizante org\u00e2nico a cada quatro semanas, favorecendo o vigor das ervas mesmo em espa\u00e7os reduzidos. Uma dica extra \u00e9 observar a qualidade da \u00e1gua usada nas regas, preferindo \u00e1gua sem excesso de cloro.<\/p>\n\n\n<div class=\"wp-block-image\">\n<figure class=\"aligncenter size-large\"><img decoding=\"async\" width=\"1024\" height=\"576\" src=\"https:\/\/www.correiobraziliense.com.br\/cbradar\/wp-content\/uploads\/2025\/11\/salsinha-e-cebolinha-horta_1763816967201-1024x576.jpg\" alt=\"\" class=\"wp-image-142892\" srcset=\"https:\/\/www.correiobraziliense.com.br\/cbradar\/wp-content\/uploads\/2025\/11\/salsinha-e-cebolinha-horta_1763816967201-1024x576.jpg 1024w, https:\/\/www.correiobraziliense.com.br\/cbradar\/wp-content\/uploads\/2025\/11\/salsinha-e-cebolinha-horta_1763816967201-300x169.jpg 300w, https:\/\/www.correiobraziliense.com.br\/cbradar\/wp-content\/uploads\/2025\/11\/salsinha-e-cebolinha-horta_1763816967201-768x432.jpg 768w, https:\/\/www.correiobraziliense.com.br\/cbradar\/wp-content\/uploads\/2025\/11\/salsinha-e-cebolinha-horta_1763816967201-750x422.jpg 750w, https:\/\/www.correiobraziliense.com.br\/cbradar\/wp-content\/uploads\/2025\/11\/salsinha-e-cebolinha-horta_1763816967201-1140x641.jpg 1140w, https:\/\/www.correiobraziliense.com.br\/cbradar\/wp-content\/uploads\/2025\/11\/salsinha-e-cebolinha-horta_1763816967201.jpg 1280w\" sizes=\"(max-width: 1024px) 100vw, 1024px\" \/><figcaption class=\"wp-element-caption\">Para o sucesso no cultivo dessas ervas, escolher o local adequado \u00e9 fundamental &#8211; Cr\u00e9ditos: depositphotos.com \/ waupee<\/figcaption><\/figure><\/div>\n\n\n<p>Leia tamb\u00e9m:&nbsp;<a href=\"https:\/\/www.correiobraziliense.com.br\/cbradar\/como-transformar-um-pergolado-comum-em-uma-horta-de-maracuja-doce\/\" target=\"_blank\" rel=\"noopener\">Como transformar um pergolado comum em uma horta de maracuj\u00e1-doce<\/a><\/p>\n\n\n\n<h2 class=\"wp-block-heading\">Como fazer o plantio em vasos ou \u00e1reas pequenas<\/h2>\n\n\n\n<p>Quem possui pouco espa\u00e7o pode optar por <strong>vasos<\/strong> ou jardineiras para o plantio. Sementes de <strong>salsinha<\/strong> precisam de cerca de 0,5cm de profundidade no solo e as mudas de cebolinha facilitam o processo para quem busca praticidade. Vasos devem ter furos para drenagem, evitando o ac\u00famulo de \u00e1gua.<\/p>\n\n\n\n<p>A <strong>poda<\/strong> regular \u00e9 uma etapa importante que mant\u00e9m as plantas saud\u00e1veis. Para te ajudar a planejar as tarefas, veja algumas dicas essenciais para o cultivo em pequenos espa\u00e7os:<\/p>\n\n\n\n<ul class=\"wp-block-list\">\n<li>Escolha <strong>vasos<\/strong> de pelo menos 15cm de profundidade;<\/li>\n\n\n\n<li>Mantenha as mudas espa\u00e7adas para boa circula\u00e7\u00e3o de <strong>ar<\/strong>;<\/li>\n\n\n\n<li>Corte folhas sempre acima da base, favorecendo <strong>rebrote<\/strong>;<\/li>\n\n\n\n<li>Evite excesso de \u00e1gua para prevenir <strong>fungos<\/strong>;<\/li>\n<\/ul>\n\n\n\n<h2 class=\"wp-block-heading\">Quais s\u00e3o os problemas mais frequentes no cultivo dessas ervas<\/h2>\n\n\n\n<p>Um desafio comum para quem cultiva <strong>salsinha<\/strong> e cebolinha \u00e9 o controle de <strong>pragas<\/strong>, como pulg\u00f5es e lesmas. Pr\u00e1ticas ecol\u00f3gicas, como solu\u00e7\u00f5es de \u00e1gua com sab\u00e3o, a diversidade de plantas ou barreiras f\u00edsicas, ajudam a proteger as ervas sem uso de produtos qu\u00edmicos.<\/p>\n\n\n\n<p>Outro problema recorrente \u00e9 a defici\u00eancia de <strong>nutrientes<\/strong>, percebida pelo amarelecimento ou crescimento lento das folhas. A aplica\u00e7\u00e3o peri\u00f3dica de composto org\u00e2nico e adubos naturais corrige essas car\u00eancias, assegurando a sa\u00fade das <strong>plantas<\/strong>. Uma sugest\u00e3o \u00fatil \u00e9 checar regularmente a presen\u00e7a de formigas, que podem ajudar na prolifera\u00e7\u00e3o de pragas.<\/p>\n\n\n\n<p>Confira o v\u00eddeo abaixo do canal <a href=\"https:\/\/www.youtube.com\/@magrao.hortalicas\" target=\"_blank\" rel=\"noreferrer noopener\">Magr\u00e3o Hortali\u00e7as<\/a> para cultivar cebolinha e salsinha em casa:<\/p>\n\n\n\n<figure class=\"wp-block-embed is-type-video is-provider-youtube wp-block-embed-youtube wp-embed-aspect-16-9 wp-has-aspect-ratio\"><div class=\"wp-block-embed__wrapper\">\n<div class=\"jeg_video_container jeg_video_content\"><iframe loading=\"lazy\" title=\"COMO CULTIVAR CEBOLINHA E SALSINHA NO VASO EM CASA?\" width=\"500\" height=\"281\" src=\"https:\/\/www.youtube.com\/embed\/OKzZnR08BOU?feature=oembed\" frameborder=\"0\" allow=\"accelerometer; autoplay; clipboard-write; encrypted-media; gyroscope; picture-in-picture; web-share\" referrerpolicy=\"strict-origin-when-cross-origin\" allowfullscreen><\/iframe><\/div>\n<\/div><\/figure>\n\n\n\n<h2 class=\"wp-block-heading\">Quais os benef\u00edcios de cultivar salsinha e cebolinha em casa<\/h2>\n\n\n\n<p>Com dedica\u00e7\u00e3o e os cuidados corretos, cultivar <strong>salsinha<\/strong> e cebolinha traz vantagens que v\u00e3o al\u00e9m da praticidade. Al\u00e9m do fornecimento constante de ingredientes <strong>frescos<\/strong> e livres de agrot\u00f3xicos, a atividade \u00e9 relaxante e pode ser um hobby <strong>enriquecedor<\/strong>.<\/p>\n\n\n\n<p>Assim, al\u00e9m de contribuir para a alimenta\u00e7\u00e3o saud\u00e1vel e sustent\u00e1vel, a jardinagem <strong>urbana<\/strong> promove qualidade de vida e bem-estar. O cultivo dessas ervas adapta-se a diferentes ambientes e exige poucos recursos, tornando-se acess\u00edvel a todos. Com o tempo, \u00e9 poss\u00edvel at\u00e9 mesmo compartilhar mudas e dicas com vizinhos, ampliando o impacto positivo na comunidade.<\/p>\n","protected":false},"excerpt":{"rendered":"<p>A jardinagem urbana est\u00e1 cada vez mais presente na rotina das cidades, tornando poss\u00edvel cultivar alimentos frescos em ambientes pequenos, como varandas, quintais e vasos em casa. Entre as ervas arom\u00e1ticas, a salsinha e a cebolinha destacam-se pela facilidade de manejo e pela versatilidade na culin\u00e1ria, adaptando-se bem ao cultivo o ano todo, mesmo em [&hellip;]<\/p>\n","protected":false},"author":9,"featured_media":142976,"comment_status":"open","ping_status":"open","sticky":false,"template":"","format":"standard","meta":{"_yoast_wpseo_focuskw":"cultivar salsinha e cebolinha em vasos","_yoast_wpseo_title":"%%title%% %%page%%","_yoast_wpseo_metadesc":"Ter temperos frescos em casa \u00e9 simples. Saiba como cuidar do solo e da ilumina\u00e7\u00e3o para cultivar salsinha e cebolinha em vasos.","jnews-multi-image_gallery":[],"jnews_single_post":{"format":"standard"},"jnews_primary_category":[],"jnews_social_meta":[],"jnews_override_counter":[],"footnotes":""},"categories":[136],"post_tag":[456,943,3012],"class_list":["post-142781","post","type-post","status-publish","format-standard","has-post-thumbnail","hentry","category-jardinagem","tag-cebolinha","tag-horta","tag-salsinha"],"yoast_head":"<!-- This site is optimized with the Yoast SEO plugin v24.6 - https:\/\/yoast.com\/wordpress\/plugins\/seo\/ -->\n<title>Como ter cheiro verde sempre \u00e0 m\u00e3o sem precisar de jardim grande<\/title>\n<meta name=\"description\" content=\"Ter temperos frescos em casa \u00e9 simples. Saiba como cuidar do solo e da ilumina\u00e7\u00e3o para cultivar salsinha e cebolinha em vasos.\" \/>\n<meta name=\"robots\" content=\"index, follow, max-snippet:-1, max-image-preview:large, max-video-preview:-1\" \/>\n<link rel=\"canonical\" href=\"https:\/\/www.correiobraziliense.com.br\/cbradar\/como-ter-cheiro-verde-sempre-a-mao-sem-precisar-de-jardim-grande\/\" \/>\n<meta property=\"og:locale\" content=\"pt_BR\" \/>\n<meta property=\"og:type\" content=\"article\" \/>\n<meta property=\"og:title\" content=\"Como ter cheiro verde sempre \u00e0 m\u00e3o sem precisar de jardim grande\" \/>\n<meta property=\"og:description\" content=\"Ter temperos frescos em casa \u00e9 simples. Saiba como cuidar do solo e da ilumina\u00e7\u00e3o para cultivar salsinha e cebolinha em vasos.\" \/>\n<meta property=\"og:url\" content=\"https:\/\/www.correiobraziliense.com.br\/cbradar\/como-ter-cheiro-verde-sempre-a-mao-sem-precisar-de-jardim-grande\/\" \/>\n<meta property=\"og:site_name\" content=\"Correio Braziliense - Radar\" \/>\n<meta property=\"article:published_time\" content=\"2025-11-23T13:05:49+00:00\" \/>\n<meta property=\"og:image\" content=\"https:\/\/www.correiobraziliense.com.br\/cbradar\/wp-content\/uploads\/2025\/11\/imagem-neural-10-1.png\" \/>\n\t<meta property=\"og:image:width\" content=\"1280\" \/>\n\t<meta property=\"og:image:height\" content=\"720\" \/>\n\t<meta property=\"og:image:type\" content=\"image\/png\" \/>\n<meta name=\"author\" content=\"Daniely Cardoso\" \/>\n<meta name=\"twitter:card\" content=\"summary_large_image\" \/>\n<meta name=\"twitter:label1\" content=\"Escrito por\" \/>\n\t<meta name=\"twitter:data1\" content=\"Daniely Cardoso\" \/>\n\t<meta name=\"twitter:label2\" content=\"Est. tempo de leitura\" \/>\n\t<meta name=\"twitter:data2\" content=\"4 minutos\" \/>\n<!-- \/ Yoast SEO plugin. -->","yoast_head_json":{"title":"Como ter cheiro verde sempre \u00e0 m\u00e3o sem precisar de jardim grande","description":"Ter temperos frescos em casa \u00e9 simples. Saiba como cuidar do solo e da ilumina\u00e7\u00e3o para cultivar salsinha e cebolinha em vasos.","robots":{"index":"index","follow":"follow","max-snippet":"max-snippet:-1","max-image-preview":"max-image-preview:large","max-video-preview":"max-video-preview:-1"},"canonical":"https:\/\/www.correiobraziliense.com.br\/cbradar\/como-ter-cheiro-verde-sempre-a-mao-sem-precisar-de-jardim-grande\/","og_locale":"pt_BR","og_type":"article","og_title":"Como ter cheiro verde sempre \u00e0 m\u00e3o sem precisar de jardim grande","og_description":"Ter temperos frescos em casa \u00e9 simples. Saiba como cuidar do solo e da ilumina\u00e7\u00e3o para cultivar salsinha e cebolinha em vasos.","og_url":"https:\/\/www.correiobraziliense.com.br\/cbradar\/como-ter-cheiro-verde-sempre-a-mao-sem-precisar-de-jardim-grande\/","og_site_name":"Correio Braziliense - Radar","article_published_time":"2025-11-23T13:05:49+00:00","og_image":[{"width":1280,"height":720,"url":"https:\/\/www.correiobraziliense.com.br\/cbradar\/wp-content\/uploads\/2025\/11\/imagem-neural-10-1.png","type":"image\/png"}],"author":"Daniely Cardoso","twitter_card":"summary_large_image","twitter_misc":{"Escrito por":"Daniely Cardoso","Est. tempo de leitura":"4 minutos"},"schema":{"@context":"https:\/\/schema.org","@graph":[{"@type":"WebPage","@id":"https:\/\/www.correiobraziliense.com.br\/cbradar\/como-ter-cheiro-verde-sempre-a-mao-sem-precisar-de-jardim-grande\/","url":"https:\/\/www.correiobraziliense.com.br\/cbradar\/como-ter-cheiro-verde-sempre-a-mao-sem-precisar-de-jardim-grande\/","name":"Como ter cheiro verde sempre \u00e0 m\u00e3o sem precisar de jardim grande","isPartOf":{"@id":"https:\/\/www.correiobraziliense.com.br\/cbradar\/#website"},"primaryImageOfPage":{"@id":"https:\/\/www.correiobraziliense.com.br\/cbradar\/como-ter-cheiro-verde-sempre-a-mao-sem-precisar-de-jardim-grande\/#primaryimage"},"image":{"@id":"https:\/\/www.correiobraziliense.com.br\/cbradar\/como-ter-cheiro-verde-sempre-a-mao-sem-precisar-de-jardim-grande\/#primaryimage"},"thumbnailUrl":"https:\/\/www.correiobraziliense.com.br\/cbradar\/wp-content\/uploads\/2025\/11\/imagem-neural-10-1.png","datePublished":"2025-11-23T13:05:49+00:00","author":{"@id":"https:\/\/www.correiobraziliense.com.br\/cbradar\/#\/schema\/person\/7356666e12ec0ee53f348ee5db227032"},"description":"Ter temperos frescos em casa \u00e9 simples. Saiba como cuidar do solo e da ilumina\u00e7\u00e3o para cultivar salsinha e cebolinha em vasos.","breadcrumb":{"@id":"https:\/\/www.correiobraziliense.com.br\/cbradar\/como-ter-cheiro-verde-sempre-a-mao-sem-precisar-de-jardim-grande\/#breadcrumb"},"inLanguage":"pt-BR","potentialAction":[{"@type":"ReadAction","target":["https:\/\/www.correiobraziliense.com.br\/cbradar\/como-ter-cheiro-verde-sempre-a-mao-sem-precisar-de-jardim-grande\/"]}]},{"@type":"ImageObject","inLanguage":"pt-BR","@id":"https:\/\/www.correiobraziliense.com.br\/cbradar\/como-ter-cheiro-verde-sempre-a-mao-sem-precisar-de-jardim-grande\/#primaryimage","url":"https:\/\/www.correiobraziliense.com.br\/cbradar\/wp-content\/uploads\/2025\/11\/imagem-neural-10-1.png","contentUrl":"https:\/\/www.correiobraziliense.com.br\/cbradar\/wp-content\/uploads\/2025\/11\/imagem-neural-10-1.png","width":1280,"height":720,"caption":"O solo deve ser f\u00e9rtil, leve e bem drenado para promover o crescimento saud\u00e1vel das plantas."},{"@type":"BreadcrumbList","@id":"https:\/\/www.correiobraziliense.com.br\/cbradar\/como-ter-cheiro-verde-sempre-a-mao-sem-precisar-de-jardim-grande\/#breadcrumb","itemListElement":[{"@type":"ListItem","position":1,"name":"In\u00edcio","item":"https:\/\/www.correiobraziliense.com.br\/cbradar\/"},{"@type":"ListItem","position":2,"name":"Como ter cheiro verde sempre \u00e0 m\u00e3o sem precisar de jardim grande"}]},{"@type":"WebSite","@id":"https:\/\/www.correiobraziliense.com.br\/cbradar\/#website","url":"https:\/\/www.correiobraziliense.com.br\/cbradar\/","name":"Correio Braziliense - Radar","description":"Acompanhe as \u00faltimas not\u00edcias e fique bem informado sobre tudo o que acontece no Brasil e no mundo.","potentialAction":[{"@type":"SearchAction","target":{"@type":"EntryPoint","urlTemplate":"https:\/\/www.correiobraziliense.com.br\/cbradar\/?s={search_term_string}"},"query-input":{"@type":"PropertyValueSpecification","valueRequired":true,"valueName":"search_term_string"}}],"inLanguage":"pt-BR"},{"@type":"Person","@id":"https:\/\/www.correiobraziliense.com.br\/cbradar\/#\/schema\/person\/7356666e12ec0ee53f348ee5db227032","name":"Daniely Cardoso","image":{"@type":"ImageObject","inLanguage":"pt-BR","@id":"https:\/\/www.correiobraziliense.com.br\/cbradar\/#\/schema\/person\/image\/","url":"https:\/\/secure.gravatar.com\/avatar\/4b80ddbd124d1f071b626d52d62e5dff?s=96&d=mm&r=g","contentUrl":"https:\/\/secure.gravatar.com\/avatar\/4b80ddbd124d1f071b626d52d62e5dff?s=96&d=mm&r=g","caption":"Daniely Cardoso"},"description":"Redatora nos portais CB Radar e EM Foco, formada pela Universidade Federal de Goi\u00e1s, em Goi\u00e2nia. Apaixonada por comunica\u00e7\u00e3o, arte, decora\u00e7\u00e3o e tend\u00eancias, atuo na produ\u00e7\u00e3o de conte\u00fados envolventes sobre curiosidades, moda, beleza e paisagismo, sempre com um olhar atento \u00e0s novidades do momento.","sameAs":["https:\/\/www.correiobraziliense.com.br\/cbradar"],"url":"https:\/\/www.correiobraziliense.com.br\/cbradar\/author\/danielymyth\/"}]}},"_links":{"self":[{"href":"https:\/\/www.correiobraziliense.com.br\/cbradar\/wp-json\/wp\/v2\/posts\/142781","targetHints":{"allow":["GET"]}}],"collection":[{"href":"https:\/\/www.correiobraziliense.com.br\/cbradar\/wp-json\/wp\/v2\/posts"}],"about":[{"href":"https:\/\/www.correiobraziliense.com.br\/cbradar\/wp-json\/wp\/v2\/types\/post"}],"author":[{"embeddable":true,"href":"https:\/\/www.correiobraziliense.com.br\/cbradar\/wp-json\/wp\/v2\/users\/9"}],"replies":[{"embeddable":true,"href":"https:\/\/www.correiobraziliense.com.br\/cbradar\/wp-json\/wp\/v2\/comments?post=142781"}],"version-history":[{"count":2,"href":"https:\/\/www.correiobraziliense.com.br\/cbradar\/wp-json\/wp\/v2\/posts\/142781\/revisions"}],"predecessor-version":[{"id":142898,"href":"https:\/\/www.correiobraziliense.com.br\/cbradar\/wp-json\/wp\/v2\/posts\/142781\/revisions\/142898"}],"wp:featuredmedia":[{"embeddable":true,"href":"https:\/\/www.correiobraziliense.com.br\/cbradar\/wp-json\/wp\/v2\/media\/142976"}],"wp:attachment":[{"href":"https:\/\/www.correiobraziliense.com.br\/cbradar\/wp-json\/wp\/v2\/media?parent=142781"}],"wp:term":[{"taxonomy":"category","embeddable":true,"href":"https:\/\/www.correiobraziliense.com.br\/cbradar\/wp-json\/wp\/v2\/categories?post=142781"},{"taxonomy":"post_tag","embeddable":true,"href":"https:\/\/www.correiobraziliense.com.br\/cbradar\/wp-json\/wp\/v2\/post_tag?post=142781"}],"curies":[{"name":"wp","href":"https:\/\/api.w.org\/{rel}","templated":true}]}}