{"id":142914,"date":"2025-11-23T15:15:00","date_gmt":"2025-11-23T18:15:00","guid":{"rendered":"https:\/\/www.correiobraziliense.com.br\/cbradar\/?p=142914"},"modified":"2025-11-22T10:37:54","modified_gmt":"2025-11-22T13:37:54","slug":"a-palavra-mais-usada-do-mundo-que-sofreu-poucas-alteracoes-com-o-tempo","status":"publish","type":"post","link":"https:\/\/www.correiobraziliense.com.br\/cbradar\/a-palavra-mais-usada-do-mundo-que-sofreu-poucas-alteracoes-com-o-tempo\/","title":{"rendered":"A palavra mais usada do mundo que sofreu poucas altera\u00e7\u00f5es com o tempo"},"content":{"rendered":"\n<p>Ao longo da hist\u00f3ria da humanidade, poucas palavras t\u00eam expressado tanto significado e permanecem t\u00e3o reconhec\u00edveis quanto &#8220;m\u00e3e&#8221;. Essa palavra, associada \u00e0 ideia de prote\u00e7\u00e3o, cuidado e carinho, conta com uma impressionante estabilidade fon\u00e9tica e simb\u00f3lica em diferentes culturas, demonstrando sua relev\u00e2ncia \u00fanica no vocabul\u00e1rio humano.<\/p>\n\n\n\n<h2 class=\"wp-block-heading\">Como a palavra m\u00e3e foi adaptada pelas diferentes l\u00ednguas ao longo dos s\u00e9culos<\/h2>\n\n\n\n<p>A palavra <strong>&#8220;m\u00e3e&#8221;<\/strong> sofreu poucas altera\u00e7\u00f5es ao migrar entre idiomas e culturas, mantendo sua ess\u00eancia fon\u00e9tica e sem\u00e2ntica. Termos como <strong>&#8220;mother&#8221;<\/strong> (ingl\u00eas), <strong>&#8220;madre&#8221;<\/strong> (espanhol), <strong>&#8220;m\u00e8re&#8221;<\/strong> (franc\u00eas) e <strong>&#8220;Mutter&#8221;<\/strong> (alem\u00e3o) ilustram essa heran\u00e7a compartilhada.<\/p>\n\n\n\n<p>Apesar das varia\u00e7\u00f5es lingu\u00edsticas, quase todas essas palavras tra\u00e7am suas origens at\u00e9 as <strong>l\u00ednguas protoindo-europeias<\/strong>, evidenciando um elo ancestral comum que refor\u00e7a a perman\u00eancia do termo, mesmo diante das transforma\u00e7\u00f5es culturais ao longo da hist\u00f3ria.<\/p>\n\n\n\n<p>Karen Piunti, em seu perfil @karenpiunti, explica a origem da palavra &#8220;m\u00e3e&#8221;:<\/p>\n\n\n\n<blockquote class=\"tiktok-embed\" cite=\"https:\/\/www.tiktok.com\/@karenpiunti\/video\/7232817726656498949\" data-video-id=\"7232817726656498949\" style=\"max-width: 605px;min-width: 325px;\" > <section> <a target=\"_blank\" title=\"@karenpiunti\" href=\"https:\/\/www.tiktok.com\/@karenpiunti?refer=embed\">@karenpiunti<\/a> Origem da palavra M\u00c3E. <a title=\"tiktokvidcon\" target=\"_blank\" href=\"https:\/\/www.tiktok.com\/tag\/tiktokvidcon?refer=embed\">#TikTokVidCon<\/a> <a title=\"mae\" target=\"_blank\" href=\"https:\/\/www.tiktok.com\/tag\/mae?refer=embed\">#mae<\/a> <a title=\"m\u00e3e\" target=\"_blank\" href=\"https:\/\/www.tiktok.com\/tag\/m%C3%A3e?refer=embed\">#m\u00e3e<\/a> <a title=\"maes\" target=\"_blank\" href=\"https:\/\/www.tiktok.com\/tag\/maes?refer=embed\">#maes<\/a> <a title=\"m\u00e3es\" target=\"_blank\" href=\"https:\/\/www.tiktok.com\/tag\/m%C3%A3es?refer=embed\">#m\u00e3es<\/a> <a title=\"diadasmaes\" target=\"_blank\" href=\"https:\/\/www.tiktok.com\/tag\/diadasmaes?refer=embed\">#diadasmaes<\/a> <a title=\"felizdiadasm\u00e3es\" target=\"_blank\" href=\"https:\/\/www.tiktok.com\/tag\/felizdiadasm%C3%A3es?refer=embed\">#felizdiadasm\u00e3es<\/a> <a title=\"maio\" target=\"_blank\" href=\"https:\/\/www.tiktok.com\/tag\/maio?refer=embed\">#maio<\/a> <a title=\"aprendanotiktok\" target=\"_blank\" href=\"https:\/\/www.tiktok.com\/tag\/aprendanotiktok?refer=embed\">#aprendanotiktok<\/a> <a title=\"madre\" target=\"_blank\" href=\"https:\/\/www.tiktok.com\/tag\/madre?refer=embed\">#madre<\/a> <a title=\"mutter\" target=\"_blank\" href=\"https:\/\/www.tiktok.com\/tag\/mutter?refer=embed\">#mutter<\/a> <a title=\"mama\" target=\"_blank\" href=\"https:\/\/www.tiktok.com\/tag\/mama?refer=embed\">#mama<\/a> <a title=\"amamentar\" target=\"_blank\" href=\"https:\/\/www.tiktok.com\/tag\/amamentar?refer=embed\">#amamentar<\/a> <a title=\"bebes\" target=\"_blank\" href=\"https:\/\/www.tiktok.com\/tag\/bebes?refer=embed\">#bebes<\/a> <a title=\"curiosidades\" target=\"_blank\" href=\"https:\/\/www.tiktok.com\/tag\/curiosidades?refer=embed\">#curiosidades<\/a> <a title=\"fonoaudiologia\" target=\"_blank\" href=\"https:\/\/www.tiktok.com\/tag\/fonoaudiologia?refer=embed\">#fonoaudiologia<\/a> <a title=\"medicina\" target=\"_blank\" href=\"https:\/\/www.tiktok.com\/tag\/medicina?refer=embed\">#medicina<\/a> <a title=\"idiomas\" target=\"_blank\" href=\"https:\/\/www.tiktok.com\/tag\/idiomas?refer=embed\">#idiomas<\/a> <a title=\"espanhol\" target=\"_blank\" href=\"https:\/\/www.tiktok.com\/tag\/espanhol?refer=embed\">#espanhol<\/a> <a title=\"latim\" target=\"_blank\" href=\"https:\/\/www.tiktok.com\/tag\/latim?refer=embed\">#latim<\/a> <a title=\"alemao\" target=\"_blank\" href=\"https:\/\/www.tiktok.com\/tag\/alemao?refer=embed\">#alemao<\/a> <a title=\"mandarim\" target=\"_blank\" href=\"https:\/\/www.tiktok.com\/tag\/mandarim?refer=embed\">#mandarim<\/a> <a title=\"chines\" target=\"_blank\" href=\"https:\/\/www.tiktok.com\/tag\/chines?refer=embed\">#chines<\/a> <a title=\"ingles\" target=\"_blank\" href=\"https:\/\/www.tiktok.com\/tag\/ingles?refer=embed\">#ingles<\/a> <a title=\"bebe\" target=\"_blank\" href=\"https:\/\/www.tiktok.com\/tag\/bebe?refer=embed\">#bebe<\/a> <a title=\"fy\" target=\"_blank\" href=\"https:\/\/www.tiktok.com\/tag\/fy?refer=embed\">#fy<\/a> <a title=\"fyp\" target=\"_blank\" href=\"https:\/\/www.tiktok.com\/tag\/fyp?refer=embed\">#fyp<\/a> <a title=\"goviral\" target=\"_blank\" href=\"https:\/\/www.tiktok.com\/tag\/goviral?refer=embed\">#goviral<\/a> <a title=\"foryou\" target=\"_blank\" href=\"https:\/\/www.tiktok.com\/tag\/foryou?refer=embed\">#foryou<\/a> <a title=\"foryoupage\" target=\"_blank\" href=\"https:\/\/www.tiktok.com\/tag\/foryoupage?refer=embed\">#foryoupage<\/a> <a target=\"_blank\" title=\"\u266c original sound - Karen Piunti\" href=\"https:\/\/www.tiktok.com\/music\/original-sound-7232817746147281670?refer=embed\">\u266c original sound &#8211; Karen Piunti<\/a> <\/section> <\/blockquote> <script async src=\"https:\/\/www.tiktok.com\/embed.js\"><\/script>\n\n\n\n<h2 class=\"wp-block-heading\">Por que a palavra m\u00e3e \u00e9 t\u00e3o presente em culturas de todo o mundo<\/h2>\n\n\n\n<p>H\u00e1 diversas explica\u00e7\u00f5es para a presen\u00e7a predominante da palavra <strong>&#8220;m\u00e3e&#8221;<\/strong> em l\u00ednguas de distintas regi\u00f5es. Um dos principais fatores \u00e9 a <strong>estabilidade lingu\u00edstica<\/strong> de palavras associadas a la\u00e7os afetivos primordiais para o ser humano.<\/p>\n\n\n\n<p>Al\u00e9m disso, o surgimento desses termos em balbucios infantis favoreceu sua preserva\u00e7\u00e3o em diferentes tradi\u00e7\u00f5es orais e escritas. Confira outros fatores que contribuem para essa universalidade:<\/p>\n\n\n\n<ul class=\"wp-block-list\">\n<li><strong>La\u00e7os de afeto e conviv\u00eancia<\/strong> facilitam a transmiss\u00e3o intergeracional do termo.<\/li>\n\n\n\n<li><strong>Significado emocional e social<\/strong> fortalece a resson\u00e2ncia da palavra.<\/li>\n\n\n\n<li><strong>Sons simples como \u201cma\u201d<\/strong> est\u00e3o presentes no desenvolvimento da fala infantil em v\u00e1rias culturas.<\/li>\n<\/ul>\n\n\n\n<h2 class=\"wp-block-heading\">A palavra m\u00e3e \u00e9 relacionada \u00e0 identidade cultural nas sociedades humanas<\/h2>\n\n\n\n<p>Ao longo dos s\u00e9culos, a figura materna e o termo &#8220;m\u00e3e&#8221; se tornaram centrais em diversas mitologias e religi\u00f5es, ajudando a moldar a <strong>identidade cultural<\/strong> de in\u00fameros povos. Exemplo disso s\u00e3o <strong>figuras como Gaia<\/strong> na Gr\u00e9cia antiga, e Pachamama nas culturas ind\u00edgenas americanas, que simbolizam fertilidade, natureza e prote\u00e7\u00e3o.<\/p>\n\n\n\n<p>A influ\u00eancia dessas representa\u00e7\u00f5es perpetua n\u00e3o s\u00f3 o termo, mas tamb\u00e9m o significado afetivo, social e espiritual da palavra &#8220;m\u00e3e&#8221;. O papel materno, assim, transcende diferen\u00e7as culturais, refor\u00e7ando a import\u00e2ncia comum atribu\u00edda ao conceito de maternidade.<\/p>\n\n\n\n<figure class=\"wp-block-image size-large\"><img decoding=\"async\" width=\"1024\" height=\"576\" src=\"https:\/\/www.correiobraziliense.com.br\/cbradar\/wp-content\/uploads\/2025\/11\/dicionario_1763818582165-1024x576.jpg\" alt=\"A palavra mais usada do mundo que sofreu poucas altera\u00e7\u00f5es com o tempo\" class=\"wp-image-142916\" srcset=\"https:\/\/www.correiobraziliense.com.br\/cbradar\/wp-content\/uploads\/2025\/11\/dicionario_1763818582165-1024x576.jpg 1024w, https:\/\/www.correiobraziliense.com.br\/cbradar\/wp-content\/uploads\/2025\/11\/dicionario_1763818582165-300x169.jpg 300w, https:\/\/www.correiobraziliense.com.br\/cbradar\/wp-content\/uploads\/2025\/11\/dicionario_1763818582165-768x432.jpg 768w, https:\/\/www.correiobraziliense.com.br\/cbradar\/wp-content\/uploads\/2025\/11\/dicionario_1763818582165-750x422.jpg 750w, https:\/\/www.correiobraziliense.com.br\/cbradar\/wp-content\/uploads\/2025\/11\/dicionario_1763818582165-1140x641.jpg 1140w, https:\/\/www.correiobraziliense.com.br\/cbradar\/wp-content\/uploads\/2025\/11\/dicionario_1763818582165.jpg 1280w\" sizes=\"(max-width: 1024px) 100vw, 1024px\" \/><figcaption class=\"wp-element-caption\">A origem de &#8220;m\u00e3e&#8221; vem do latim &#8220;mater&#8221; e do som &#8220;ma&#8221; produzido por beb\u00eas ao mamar. Cr\u00e9ditos: depositphotos.com \/ HayDmitriy<\/figcaption><\/figure>\n\n\n\n<h2 class=\"wp-block-heading\">A influ\u00eancia da globaliza\u00e7\u00e3o na perman\u00eancia da palavra m\u00e3e nos idiomas<\/h2>\n\n\n\n<p>A globaliza\u00e7\u00e3o e a coloniza\u00e7\u00e3o aceleraram o interc\u00e2mbio entre idiomas, mas a palavra <strong>&#8220;m\u00e3e&#8221;<\/strong> continuou a ser preservada mesmo durante mudan\u00e7as dr\u00e1sticas. Isso aconteceu pelo valor simb\u00f3lico e afetivo atribu\u00eddo \u00e0 figura materna pelas popula\u00e7\u00f5es em todo o mundo.<\/p>\n\n\n\n<p>Mesmo com a evolu\u00e7\u00e3o das l\u00ednguas, termos essenciais relacionados \u00e0s rela\u00e7\u00f5es familiares, como &#8220;m\u00e3e&#8221;, continuam sendo <strong>elementos de converg\u00eancia<\/strong> e reconhecimento comum entre diferentes culturas, contribuindo para a <strong>unidade lingu\u00edstica<\/strong>.<\/p>\n\n\n\n<h2 class=\"wp-block-heading\">A palavra m\u00e3e \u00e9 mais do que um termo: ela \u00e9 um legado afetivo e universal<\/h2>\n\n\n\n<p>Al\u00e9m de sua fun\u00e7\u00e3o descritiva, a palavra <strong>&#8220;m\u00e3e&#8221;<\/strong> carrega profundos significados emocionais, como amor, devo\u00e7\u00e3o e sacrif\u00edcio. Sua perman\u00eancia atravessa o tempo e aproxima povos diversos ao reconhecerem o papel central da maternidade.<\/p>\n\n\n\n<p>Assim, &#8220;m\u00e3e&#8221; permanece n\u00e3o apenas como uma palavra, mas como um <strong>legado lingu\u00edstico e cultural<\/strong> que une pessoas de diferentes etnias e origens por meio do reconhecimento universal da figura materna.<\/p>\n","protected":false},"excerpt":{"rendered":"<p>Uma palavra antiga e universal, quase inalterada nas l\u00ednguas do mundo. Descubra sua origem e perman\u00eancia cultural.<\/p>\n","protected":false},"author":3,"featured_media":142917,"comment_status":"open","ping_status":"open","sticky":false,"template":"","format":"standard","meta":{"_yoast_wpseo_focuskw":"palavra mais usada do mundo","_yoast_wpseo_title":"%%title%%","_yoast_wpseo_metadesc":"Uma palavra antiga e universal, quase inalterada nas l\u00ednguas do mundo. Descubra sua origem e perman\u00eancia cultural.","jnews-multi-image_gallery":[],"jnews_single_post":{"format":"standard"},"jnews_primary_category":[],"jnews_social_meta":[],"jnews_override_counter":[],"footnotes":""},"categories":[112],"tags":[144,10902,11064,6081],"class_list":["post-142914","post","type-post","status-publish","format-standard","has-post-thumbnail","hentry","category-curiosidades","tag-curiosidades","tag-lingua-portuguesa","tag-linguas","tag-portugues"],"yoast_head":"<!-- This site is optimized with the Yoast SEO plugin v24.6 - https:\/\/yoast.com\/wordpress\/plugins\/seo\/ -->\n<title>A palavra mais usada do mundo que sofreu poucas altera\u00e7\u00f5es com o tempo<\/title>\n<meta name=\"description\" content=\"Uma palavra antiga e universal, quase inalterada nas l\u00ednguas do mundo. Descubra sua origem e perman\u00eancia cultural.\" \/>\n<meta name=\"robots\" content=\"index, follow, max-snippet:-1, max-image-preview:large, max-video-preview:-1\" \/>\n<link rel=\"canonical\" href=\"https:\/\/www.correiobraziliense.com.br\/cbradar\/a-palavra-mais-usada-do-mundo-que-sofreu-poucas-alteracoes-com-o-tempo\/\" \/>\n<meta property=\"og:locale\" content=\"pt_BR\" \/>\n<meta property=\"og:type\" content=\"article\" \/>\n<meta property=\"og:title\" content=\"A palavra mais usada do mundo que sofreu poucas altera\u00e7\u00f5es com o tempo\" \/>\n<meta property=\"og:description\" content=\"Uma palavra antiga e universal, quase inalterada nas l\u00ednguas do mundo. Descubra sua origem e perman\u00eancia cultural.\" \/>\n<meta property=\"og:url\" content=\"https:\/\/www.correiobraziliense.com.br\/cbradar\/a-palavra-mais-usada-do-mundo-que-sofreu-poucas-alteracoes-com-o-tempo\/\" \/>\n<meta property=\"og:site_name\" content=\"Correio Braziliense - Radar\" \/>\n<meta property=\"article:published_time\" content=\"2025-11-23T18:15:00+00:00\" \/>\n<meta property=\"og:image\" content=\"https:\/\/www.correiobraziliense.com.br\/cbradar\/wp-content\/uploads\/2025\/11\/1763818598528.png\" \/>\n\t<meta property=\"og:image:width\" content=\"1280\" \/>\n\t<meta property=\"og:image:height\" content=\"720\" \/>\n\t<meta property=\"og:image:type\" content=\"image\/png\" \/>\n<meta name=\"author\" content=\"Larissa Carvalho\" \/>\n<meta name=\"twitter:card\" content=\"summary_large_image\" \/>\n<meta name=\"twitter:label1\" content=\"Escrito por\" \/>\n\t<meta name=\"twitter:data1\" content=\"Larissa Carvalho\" \/>\n\t<meta name=\"twitter:label2\" content=\"Est. tempo de leitura\" \/>\n\t<meta name=\"twitter:data2\" content=\"4 minutos\" \/>\n<!-- \/ Yoast SEO plugin. -->","yoast_head_json":{"title":"A palavra mais usada do mundo que sofreu poucas altera\u00e7\u00f5es com o tempo","description":"Uma palavra antiga e universal, quase inalterada nas l\u00ednguas do mundo. Descubra sua origem e perman\u00eancia cultural.","robots":{"index":"index","follow":"follow","max-snippet":"max-snippet:-1","max-image-preview":"max-image-preview:large","max-video-preview":"max-video-preview:-1"},"canonical":"https:\/\/www.correiobraziliense.com.br\/cbradar\/a-palavra-mais-usada-do-mundo-que-sofreu-poucas-alteracoes-com-o-tempo\/","og_locale":"pt_BR","og_type":"article","og_title":"A palavra mais usada do mundo que sofreu poucas altera\u00e7\u00f5es com o tempo","og_description":"Uma palavra antiga e universal, quase inalterada nas l\u00ednguas do mundo. Descubra sua origem e perman\u00eancia cultural.","og_url":"https:\/\/www.correiobraziliense.com.br\/cbradar\/a-palavra-mais-usada-do-mundo-que-sofreu-poucas-alteracoes-com-o-tempo\/","og_site_name":"Correio Braziliense - Radar","article_published_time":"2025-11-23T18:15:00+00:00","og_image":[{"width":1280,"height":720,"url":"https:\/\/www.correiobraziliense.com.br\/cbradar\/wp-content\/uploads\/2025\/11\/1763818598528.png","type":"image\/png"}],"author":"Larissa Carvalho","twitter_card":"summary_large_image","twitter_misc":{"Escrito por":"Larissa Carvalho","Est. tempo de leitura":"4 minutos"},"schema":{"@context":"https:\/\/schema.org","@graph":[{"@type":"WebPage","@id":"https:\/\/www.correiobraziliense.com.br\/cbradar\/a-palavra-mais-usada-do-mundo-que-sofreu-poucas-alteracoes-com-o-tempo\/","url":"https:\/\/www.correiobraziliense.com.br\/cbradar\/a-palavra-mais-usada-do-mundo-que-sofreu-poucas-alteracoes-com-o-tempo\/","name":"A palavra mais usada do mundo que sofreu poucas altera\u00e7\u00f5es com o tempo","isPartOf":{"@id":"https:\/\/www.correiobraziliense.com.br\/cbradar\/#website"},"primaryImageOfPage":{"@id":"https:\/\/www.correiobraziliense.com.br\/cbradar\/a-palavra-mais-usada-do-mundo-que-sofreu-poucas-alteracoes-com-o-tempo\/#primaryimage"},"image":{"@id":"https:\/\/www.correiobraziliense.com.br\/cbradar\/a-palavra-mais-usada-do-mundo-que-sofreu-poucas-alteracoes-com-o-tempo\/#primaryimage"},"thumbnailUrl":"https:\/\/www.correiobraziliense.com.br\/cbradar\/wp-content\/uploads\/2025\/11\/1763818598528.png","datePublished":"2025-11-23T18:15:00+00:00","author":{"@id":"https:\/\/www.correiobraziliense.com.br\/cbradar\/#\/schema\/person\/58422787644df994b53a19d3e56c1513"},"description":"Uma palavra antiga e universal, quase inalterada nas l\u00ednguas do mundo. Descubra sua origem e perman\u00eancia cultural.","breadcrumb":{"@id":"https:\/\/www.correiobraziliense.com.br\/cbradar\/a-palavra-mais-usada-do-mundo-que-sofreu-poucas-alteracoes-com-o-tempo\/#breadcrumb"},"inLanguage":"pt-BR","potentialAction":[{"@type":"ReadAction","target":["https:\/\/www.correiobraziliense.com.br\/cbradar\/a-palavra-mais-usada-do-mundo-que-sofreu-poucas-alteracoes-com-o-tempo\/"]}]},{"@type":"ImageObject","inLanguage":"pt-BR","@id":"https:\/\/www.correiobraziliense.com.br\/cbradar\/a-palavra-mais-usada-do-mundo-que-sofreu-poucas-alteracoes-com-o-tempo\/#primaryimage","url":"https:\/\/www.correiobraziliense.com.br\/cbradar\/wp-content\/uploads\/2025\/11\/1763818598528.png","contentUrl":"https:\/\/www.correiobraziliense.com.br\/cbradar\/wp-content\/uploads\/2025\/11\/1763818598528.png","width":1280,"height":720,"caption":"Em todo o mundo, \"m\u00e3e\" \u00e9 uma palavra que ressoa amor e \u00e9 f\u00e1cil de pronunciar desde os primeiros sons."},{"@type":"BreadcrumbList","@id":"https:\/\/www.correiobraziliense.com.br\/cbradar\/a-palavra-mais-usada-do-mundo-que-sofreu-poucas-alteracoes-com-o-tempo\/#breadcrumb","itemListElement":[{"@type":"ListItem","position":1,"name":"In\u00edcio","item":"https:\/\/www.correiobraziliense.com.br\/cbradar\/"},{"@type":"ListItem","position":2,"name":"A palavra mais usada do mundo que sofreu poucas altera\u00e7\u00f5es com o tempo"}]},{"@type":"WebSite","@id":"https:\/\/www.correiobraziliense.com.br\/cbradar\/#website","url":"https:\/\/www.correiobraziliense.com.br\/cbradar\/","name":"Correio Braziliense - Radar","description":"Acompanhe as \u00faltimas not\u00edcias e fique bem informado sobre tudo o que acontece no Brasil e no mundo.","potentialAction":[{"@type":"SearchAction","target":{"@type":"EntryPoint","urlTemplate":"https:\/\/www.correiobraziliense.com.br\/cbradar\/?s={search_term_string}"},"query-input":{"@type":"PropertyValueSpecification","valueRequired":true,"valueName":"search_term_string"}}],"inLanguage":"pt-BR"},{"@type":"Person","@id":"https:\/\/www.correiobraziliense.com.br\/cbradar\/#\/schema\/person\/58422787644df994b53a19d3e56c1513","name":"Larissa Carvalho","image":{"@type":"ImageObject","inLanguage":"pt-BR","@id":"https:\/\/www.correiobraziliense.com.br\/cbradar\/#\/schema\/person\/image\/","url":"https:\/\/secure.gravatar.com\/avatar\/fe4f91a0de32b52a838d0d612abdc1aa?s=96&d=mm&r=g","contentUrl":"https:\/\/secure.gravatar.com\/avatar\/fe4f91a0de32b52a838d0d612abdc1aa?s=96&d=mm&r=g","caption":"Larissa Carvalho"},"url":"https:\/\/www.correiobraziliense.com.br\/cbradar\/author\/larissamyth\/"}]}},"_links":{"self":[{"href":"https:\/\/www.correiobraziliense.com.br\/cbradar\/wp-json\/wp\/v2\/posts\/142914","targetHints":{"allow":["GET"]}}],"collection":[{"href":"https:\/\/www.correiobraziliense.com.br\/cbradar\/wp-json\/wp\/v2\/posts"}],"about":[{"href":"https:\/\/www.correiobraziliense.com.br\/cbradar\/wp-json\/wp\/v2\/types\/post"}],"author":[{"embeddable":true,"href":"https:\/\/www.correiobraziliense.com.br\/cbradar\/wp-json\/wp\/v2\/users\/3"}],"replies":[{"embeddable":true,"href":"https:\/\/www.correiobraziliense.com.br\/cbradar\/wp-json\/wp\/v2\/comments?post=142914"}],"version-history":[{"count":2,"href":"https:\/\/www.correiobraziliense.com.br\/cbradar\/wp-json\/wp\/v2\/posts\/142914\/revisions"}],"predecessor-version":[{"id":142918,"href":"https:\/\/www.correiobraziliense.com.br\/cbradar\/wp-json\/wp\/v2\/posts\/142914\/revisions\/142918"}],"wp:featuredmedia":[{"embeddable":true,"href":"https:\/\/www.correiobraziliense.com.br\/cbradar\/wp-json\/wp\/v2\/media\/142917"}],"wp:attachment":[{"href":"https:\/\/www.correiobraziliense.com.br\/cbradar\/wp-json\/wp\/v2\/media?parent=142914"}],"wp:term":[{"taxonomy":"category","embeddable":true,"href":"https:\/\/www.correiobraziliense.com.br\/cbradar\/wp-json\/wp\/v2\/categories?post=142914"},{"taxonomy":"post_tag","embeddable":true,"href":"https:\/\/www.correiobraziliense.com.br\/cbradar\/wp-json\/wp\/v2\/tags?post=142914"}],"curies":[{"name":"wp","href":"https:\/\/api.w.org\/{rel}","templated":true}]}}