{"id":142955,"date":"2025-11-23T15:45:00","date_gmt":"2025-11-23T18:45:00","guid":{"rendered":"https:\/\/www.correiobraziliense.com.br\/cbradar\/?p=142955"},"modified":"2025-11-22T12:06:00","modified_gmt":"2025-11-22T15:06:00","slug":"por-que-a-hora-do-cafe-da-manha-e-importante-para-a-saude-e-longevidade","status":"publish","type":"post","link":"https:\/\/www.correiobraziliense.com.br\/cbradar\/por-que-a-hora-do-cafe-da-manha-e-importante-para-a-saude-e-longevidade\/","title":{"rendered":"Por que a hora do caf\u00e9 da manh\u00e3 \u00e9 importante para a sa\u00fade e longevidade"},"content":{"rendered":"\n<p>Um aspecto fascinante do bem-estar humano \u00e9 a maneira como nossos <strong>ritmos biol\u00f3gicos<\/strong> interagem com os h\u00e1bitos do dia a dia, especialmente as <strong>rotinas alimentares<\/strong>. Estudos atuais mostram que o <strong>ritmo circadiano<\/strong>, respons\u00e1vel por regular processos fisiol\u00f3gicos em sincronia com luz e escurid\u00e3o, influencia significativamente a sa\u00fade e a longevidade ao longo dos anos. Pesquisas recentes indicam que o <strong>hor\u00e1rio das refei\u00e7\u00f5es<\/strong>, principalmente do caf\u00e9 da manh\u00e3, pode impactar profundamente nosso bem-estar com o passar da idade.<\/p>\n\n\n\n<h2 class=\"wp-block-heading\">Como o ritmo circadiano influencia o momento ideal para as refei\u00e7\u00f5es<\/h2>\n\n\n\n<p>O <strong>ciclo circadiano<\/strong> funciona como um rel\u00f3gio interno, guiando comportamentos que v\u00e3o do sono \u00e0 produ\u00e7\u00e3o hormonal. Sincronizar nossas refei\u00e7\u00f5es com esse rel\u00f3gio biol\u00f3gico pode trazer benef\u00edcios importantes \u00e0 sa\u00fade, inclusive metab\u00f3licos e hormonais.<\/p>\n\n\n\n<p>Um estudo do Massachusetts General Hospital e do Instituto Tecnol\u00f3gico de Izmir <a href=\"https:\/\/www.nature.com\/articles\/s43856-025-01035-x\" target=\"_blank\" rel=\"noreferrer noopener\">mostrou que <strong>atrasar o caf\u00e9 da manh\u00e3<\/strong> est\u00e1 associado a maior risco de fadiga, depress\u00e3o e at\u00e9 aumento da mortalidade em adultos mais velhos<\/a>. Por isso, alinhar o momento das refei\u00e7\u00f5es com o ciclo circadiano \u00e9 fundamental.<\/p>\n\n\n\n<h2 class=\"wp-block-heading\">Quais s\u00e3o os benef\u00edcios de alinhar refei\u00e7\u00f5es ao ritmo biol\u00f3gico?<\/h2>\n\n\n\n<p>Compreender o impacto das <strong>rotinas alimentares<\/strong> no ritmo circadiano destaca benef\u00edcios como redu\u00e7\u00e3o do estresse metab\u00f3lico e melhor manuten\u00e7\u00e3o da energia. Adultos que mant\u00eam hor\u00e1rios regulares de refei\u00e7\u00f5es apresentam sa\u00fade geral mais est\u00e1vel.<\/p>\n\n\n\n<p>Confira alguns dos <strong>benef\u00edcios principais de ajustar os hor\u00e1rios das refei\u00e7\u00f5es<\/strong>:<\/p>\n\n\n\n<ul class=\"wp-block-list\">\n<li>Gest\u00e3o energ\u00e9tica mais eficiente ao longo do dia<\/li>\n\n\n\n<li>Melhoria na qualidade do sono e do humor<\/li>\n\n\n\n<li>Redu\u00e7\u00e3o do risco de doen\u00e7as metab\u00f3licas<\/li>\n\n\n\n<li>Indica\u00e7\u00e3o precoce de problemas de sa\u00fade<\/li>\n<\/ul>\n\n\n\n<h2 class=\"wp-block-heading\">Caf\u00e9 da manh\u00e3 regular pode melhorar sa\u00fade mental e f\u00edsica?<\/h2>\n\n\n\n<p>O caf\u00e9 da manh\u00e3 n\u00e3o impacta apenas a esfera f\u00edsica, mas tamb\u00e9m a sa\u00fade mental e cognitiva. Uma refei\u00e7\u00e3o nutritiva ao acordar melhora a concentra\u00e7\u00e3o, a disposi\u00e7\u00e3o e pode at\u00e9 reduzir sintomas de depress\u00e3o.<\/p>\n\n\n\n<p>Especialistas sugerem incluir <strong>carboidratos complexos, prote\u00ednas e gorduras saud\u00e1veis<\/strong> no caf\u00e9 da manh\u00e3. Adiar a refei\u00e7\u00e3o pode resultar em menor desempenho mental, altera\u00e7\u00f5es no humor e perda de vitalidade ao longo do dia.<\/p>\n\n\n\n<figure class=\"wp-block-image size-large\"><img decoding=\"async\" width=\"1024\" height=\"576\" src=\"https:\/\/www.correiobraziliense.com.br\/cbradar\/wp-content\/uploads\/2025\/11\/cafe-da-manha_1763823901240-1024x576.jpg\" alt=\"Por que a hora do caf\u00e9 da manh\u00e3 \u00e9 importante para a sa\u00fade e longevidade\" class=\"wp-image-142957\" srcset=\"https:\/\/www.correiobraziliense.com.br\/cbradar\/wp-content\/uploads\/2025\/11\/cafe-da-manha_1763823901240-1024x576.jpg 1024w, https:\/\/www.correiobraziliense.com.br\/cbradar\/wp-content\/uploads\/2025\/11\/cafe-da-manha_1763823901240-300x169.jpg 300w, https:\/\/www.correiobraziliense.com.br\/cbradar\/wp-content\/uploads\/2025\/11\/cafe-da-manha_1763823901240-768x432.jpg 768w, https:\/\/www.correiobraziliense.com.br\/cbradar\/wp-content\/uploads\/2025\/11\/cafe-da-manha_1763823901240-750x422.jpg 750w, https:\/\/www.correiobraziliense.com.br\/cbradar\/wp-content\/uploads\/2025\/11\/cafe-da-manha_1763823901240-1140x641.jpg 1140w, https:\/\/www.correiobraziliense.com.br\/cbradar\/wp-content\/uploads\/2025\/11\/cafe-da-manha_1763823901240.jpg 1280w\" sizes=\"(max-width: 1024px) 100vw, 1024px\" \/><figcaption class=\"wp-element-caption\">Alinhar h\u00e1bitos di\u00e1rios com o ritmo circadiano promove bem-estar e pode retardar o envelhecimento. Cr\u00e9ditos: depositphotos.com \/ monticello<\/figcaption><\/figure>\n\n\n\n<h2 class=\"wp-block-heading\">Como a gen\u00e9tica e o cronotipo modulam os h\u00e1bitos alimentares?<\/h2>\n\n\n\n<p>A <strong>gen\u00e9tica<\/strong> pode influenciar nossos padr\u00f5es de alimenta\u00e7\u00e3o, especialmente em pessoas com cronotipo noturno, que tendem a preferir refei\u00e7\u00f5es mais tarde. Esse perfil pode acentuar os impactos negativos de comer fora de hor\u00e1rios regulares.<\/p>\n\n\n\n<p>Ajustar o caf\u00e9 da manh\u00e3 ao ritmo circadiano oferece n\u00e3o s\u00f3 <strong>ganhos metab\u00f3licos<\/strong>, mas tamb\u00e9m contribui para o bem-estar mental. No envelhecimento, pequenas mudan\u00e7as nos hor\u00e1rios das refei\u00e7\u00f5es podem favorecer uma vida longa e com maior qualidade.<\/p>\n","protected":false},"excerpt":{"rendered":"<p>Descubra como um caf\u00e9 da manh\u00e3 em hor\u00e1rio regular pode promover um envelhecimento saud\u00e1vel em idosos. Saiba mais sobre a pesquisa inovadora!<\/p>\n","protected":false},"author":3,"featured_media":142958,"comment_status":"open","ping_status":"open","sticky":false,"template":"","format":"standard","meta":{"_yoast_wpseo_focuskw":"hora caf\u00e9 da manh\u00e3","_yoast_wpseo_title":"%%title%%","_yoast_wpseo_metadesc":"Descubra como um caf\u00e9 da manh\u00e3 em hor\u00e1rio regular pode promover um envelhecimento saud\u00e1vel em idosos. Saiba mais sobre a pesquisa inovadora!","jnews-multi-image_gallery":[],"jnews_single_post":{"format":"standard"},"jnews_primary_category":[],"jnews_social_meta":[],"jnews_override_counter":[],"footnotes":""},"categories":[112],"post_tag":[4319,144,11897],"class_list":["post-142955","post","type-post","status-publish","format-standard","has-post-thumbnail","hentry","category-curiosidades","tag-cafe-da-manha","tag-curiosidades","tag-horario-do-cafe"],"yoast_head":"<!-- This site is optimized with the Yoast SEO plugin v24.6 - https:\/\/yoast.com\/wordpress\/plugins\/seo\/ -->\n<title>Por que a hora do caf\u00e9 da manh\u00e3 \u00e9 importante para a sa\u00fade e longevidade<\/title>\n<meta name=\"description\" content=\"Descubra como um caf\u00e9 da manh\u00e3 em hor\u00e1rio regular pode promover um envelhecimento saud\u00e1vel em idosos. Saiba mais sobre a pesquisa inovadora!\" \/>\n<meta name=\"robots\" content=\"index, follow, max-snippet:-1, max-image-preview:large, max-video-preview:-1\" \/>\n<link rel=\"canonical\" href=\"https:\/\/www.correiobraziliense.com.br\/cbradar\/por-que-a-hora-do-cafe-da-manha-e-importante-para-a-saude-e-longevidade\/\" \/>\n<meta property=\"og:locale\" content=\"pt_BR\" \/>\n<meta property=\"og:type\" content=\"article\" \/>\n<meta property=\"og:title\" content=\"Por que a hora do caf\u00e9 da manh\u00e3 \u00e9 importante para a sa\u00fade e longevidade\" \/>\n<meta property=\"og:description\" content=\"Descubra como um caf\u00e9 da manh\u00e3 em hor\u00e1rio regular pode promover um envelhecimento saud\u00e1vel em idosos. Saiba mais sobre a pesquisa inovadora!\" \/>\n<meta property=\"og:url\" content=\"https:\/\/www.correiobraziliense.com.br\/cbradar\/por-que-a-hora-do-cafe-da-manha-e-importante-para-a-saude-e-longevidade\/\" \/>\n<meta property=\"og:site_name\" content=\"Correio Braziliense - Radar\" \/>\n<meta property=\"article:published_time\" content=\"2025-11-23T18:45:00+00:00\" \/>\n<meta property=\"og:image\" content=\"https:\/\/www.correiobraziliense.com.br\/cbradar\/wp-content\/uploads\/2025\/11\/importancia_cafe_1280x720.png\" \/>\n\t<meta property=\"og:image:width\" content=\"1280\" \/>\n\t<meta property=\"og:image:height\" content=\"720\" \/>\n\t<meta property=\"og:image:type\" content=\"image\/png\" \/>\n<meta name=\"author\" content=\"Larissa Carvalho\" \/>\n<meta name=\"twitter:card\" content=\"summary_large_image\" \/>\n<meta name=\"twitter:label1\" content=\"Escrito por\" \/>\n\t<meta name=\"twitter:data1\" content=\"Larissa Carvalho\" \/>\n\t<meta name=\"twitter:label2\" content=\"Est. tempo de leitura\" \/>\n\t<meta name=\"twitter:data2\" content=\"3 minutos\" \/>\n<!-- \/ Yoast SEO plugin. -->","yoast_head_json":{"title":"Por que a hora do caf\u00e9 da manh\u00e3 \u00e9 importante para a sa\u00fade e longevidade","description":"Descubra como um caf\u00e9 da manh\u00e3 em hor\u00e1rio regular pode promover um envelhecimento saud\u00e1vel em idosos. Saiba mais sobre a pesquisa inovadora!","robots":{"index":"index","follow":"follow","max-snippet":"max-snippet:-1","max-image-preview":"max-image-preview:large","max-video-preview":"max-video-preview:-1"},"canonical":"https:\/\/www.correiobraziliense.com.br\/cbradar\/por-que-a-hora-do-cafe-da-manha-e-importante-para-a-saude-e-longevidade\/","og_locale":"pt_BR","og_type":"article","og_title":"Por que a hora do caf\u00e9 da manh\u00e3 \u00e9 importante para a sa\u00fade e longevidade","og_description":"Descubra como um caf\u00e9 da manh\u00e3 em hor\u00e1rio regular pode promover um envelhecimento saud\u00e1vel em idosos. Saiba mais sobre a pesquisa inovadora!","og_url":"https:\/\/www.correiobraziliense.com.br\/cbradar\/por-que-a-hora-do-cafe-da-manha-e-importante-para-a-saude-e-longevidade\/","og_site_name":"Correio Braziliense - Radar","article_published_time":"2025-11-23T18:45:00+00:00","og_image":[{"width":1280,"height":720,"url":"https:\/\/www.correiobraziliense.com.br\/cbradar\/wp-content\/uploads\/2025\/11\/importancia_cafe_1280x720.png","type":"image\/png"}],"author":"Larissa Carvalho","twitter_card":"summary_large_image","twitter_misc":{"Escrito por":"Larissa Carvalho","Est. tempo de leitura":"3 minutos"},"schema":{"@context":"https:\/\/schema.org","@graph":[{"@type":"WebPage","@id":"https:\/\/www.correiobraziliense.com.br\/cbradar\/por-que-a-hora-do-cafe-da-manha-e-importante-para-a-saude-e-longevidade\/","url":"https:\/\/www.correiobraziliense.com.br\/cbradar\/por-que-a-hora-do-cafe-da-manha-e-importante-para-a-saude-e-longevidade\/","name":"Por que a hora do caf\u00e9 da manh\u00e3 \u00e9 importante para a sa\u00fade e longevidade","isPartOf":{"@id":"https:\/\/www.correiobraziliense.com.br\/cbradar\/#website"},"primaryImageOfPage":{"@id":"https:\/\/www.correiobraziliense.com.br\/cbradar\/por-que-a-hora-do-cafe-da-manha-e-importante-para-a-saude-e-longevidade\/#primaryimage"},"image":{"@id":"https:\/\/www.correiobraziliense.com.br\/cbradar\/por-que-a-hora-do-cafe-da-manha-e-importante-para-a-saude-e-longevidade\/#primaryimage"},"thumbnailUrl":"https:\/\/www.correiobraziliense.com.br\/cbradar\/wp-content\/uploads\/2025\/11\/importancia_cafe_1280x720.png","datePublished":"2025-11-23T18:45:00+00:00","author":{"@id":"https:\/\/www.correiobraziliense.com.br\/cbradar\/#\/schema\/person\/58422787644df994b53a19d3e56c1513"},"description":"Descubra como um caf\u00e9 da manh\u00e3 em hor\u00e1rio regular pode promover um envelhecimento saud\u00e1vel em idosos. Saiba mais sobre a pesquisa inovadora!","breadcrumb":{"@id":"https:\/\/www.correiobraziliense.com.br\/cbradar\/por-que-a-hora-do-cafe-da-manha-e-importante-para-a-saude-e-longevidade\/#breadcrumb"},"inLanguage":"pt-BR","potentialAction":[{"@type":"ReadAction","target":["https:\/\/www.correiobraziliense.com.br\/cbradar\/por-que-a-hora-do-cafe-da-manha-e-importante-para-a-saude-e-longevidade\/"]}]},{"@type":"ImageObject","inLanguage":"pt-BR","@id":"https:\/\/www.correiobraziliense.com.br\/cbradar\/por-que-a-hora-do-cafe-da-manha-e-importante-para-a-saude-e-longevidade\/#primaryimage","url":"https:\/\/www.correiobraziliense.com.br\/cbradar\/wp-content\/uploads\/2025\/11\/importancia_cafe_1280x720.png","contentUrl":"https:\/\/www.correiobraziliense.com.br\/cbradar\/wp-content\/uploads\/2025\/11\/importancia_cafe_1280x720.png","width":1280,"height":720,"caption":"Respeitar o rel\u00f3gio biol\u00f3gico, incluindo quando comer, ajuda a ter mais energia e viver mais saud\u00e1vel."},{"@type":"BreadcrumbList","@id":"https:\/\/www.correiobraziliense.com.br\/cbradar\/por-que-a-hora-do-cafe-da-manha-e-importante-para-a-saude-e-longevidade\/#breadcrumb","itemListElement":[{"@type":"ListItem","position":1,"name":"In\u00edcio","item":"https:\/\/www.correiobraziliense.com.br\/cbradar\/"},{"@type":"ListItem","position":2,"name":"Por que a hora do caf\u00e9 da manh\u00e3 \u00e9 importante para a sa\u00fade e longevidade"}]},{"@type":"WebSite","@id":"https:\/\/www.correiobraziliense.com.br\/cbradar\/#website","url":"https:\/\/www.correiobraziliense.com.br\/cbradar\/","name":"Correio Braziliense - Radar","description":"Acompanhe as \u00faltimas not\u00edcias e fique bem informado sobre tudo o que acontece no Brasil e no mundo.","potentialAction":[{"@type":"SearchAction","target":{"@type":"EntryPoint","urlTemplate":"https:\/\/www.correiobraziliense.com.br\/cbradar\/?s={search_term_string}"},"query-input":{"@type":"PropertyValueSpecification","valueRequired":true,"valueName":"search_term_string"}}],"inLanguage":"pt-BR"},{"@type":"Person","@id":"https:\/\/www.correiobraziliense.com.br\/cbradar\/#\/schema\/person\/58422787644df994b53a19d3e56c1513","name":"Larissa Carvalho","image":{"@type":"ImageObject","inLanguage":"pt-BR","@id":"https:\/\/www.correiobraziliense.com.br\/cbradar\/#\/schema\/person\/image\/","url":"https:\/\/secure.gravatar.com\/avatar\/fe4f91a0de32b52a838d0d612abdc1aa?s=96&d=mm&r=g","contentUrl":"https:\/\/secure.gravatar.com\/avatar\/fe4f91a0de32b52a838d0d612abdc1aa?s=96&d=mm&r=g","caption":"Larissa Carvalho"},"url":"https:\/\/www.correiobraziliense.com.br\/cbradar\/author\/larissamyth\/"}]}},"_links":{"self":[{"href":"https:\/\/www.correiobraziliense.com.br\/cbradar\/wp-json\/wp\/v2\/posts\/142955","targetHints":{"allow":["GET"]}}],"collection":[{"href":"https:\/\/www.correiobraziliense.com.br\/cbradar\/wp-json\/wp\/v2\/posts"}],"about":[{"href":"https:\/\/www.correiobraziliense.com.br\/cbradar\/wp-json\/wp\/v2\/types\/post"}],"author":[{"embeddable":true,"href":"https:\/\/www.correiobraziliense.com.br\/cbradar\/wp-json\/wp\/v2\/users\/3"}],"replies":[{"embeddable":true,"href":"https:\/\/www.correiobraziliense.com.br\/cbradar\/wp-json\/wp\/v2\/comments?post=142955"}],"version-history":[{"count":2,"href":"https:\/\/www.correiobraziliense.com.br\/cbradar\/wp-json\/wp\/v2\/posts\/142955\/revisions"}],"predecessor-version":[{"id":142959,"href":"https:\/\/www.correiobraziliense.com.br\/cbradar\/wp-json\/wp\/v2\/posts\/142955\/revisions\/142959"}],"wp:featuredmedia":[{"embeddable":true,"href":"https:\/\/www.correiobraziliense.com.br\/cbradar\/wp-json\/wp\/v2\/media\/142958"}],"wp:attachment":[{"href":"https:\/\/www.correiobraziliense.com.br\/cbradar\/wp-json\/wp\/v2\/media?parent=142955"}],"wp:term":[{"taxonomy":"category","embeddable":true,"href":"https:\/\/www.correiobraziliense.com.br\/cbradar\/wp-json\/wp\/v2\/categories?post=142955"},{"taxonomy":"post_tag","embeddable":true,"href":"https:\/\/www.correiobraziliense.com.br\/cbradar\/wp-json\/wp\/v2\/post_tag?post=142955"}],"curies":[{"name":"wp","href":"https:\/\/api.w.org\/{rel}","templated":true}]}}