{"id":142965,"date":"2025-11-23T20:15:00","date_gmt":"2025-11-23T23:15:00","guid":{"rendered":"https:\/\/www.correiobraziliense.com.br\/cbradar\/?p=142965"},"modified":"2025-11-22T12:35:58","modified_gmt":"2025-11-22T15:35:58","slug":"os-melhores-alimentos-para-a-saude-do-seu-cerebro-apos-os-40-anos","status":"publish","type":"post","link":"https:\/\/www.correiobraziliense.com.br\/cbradar\/os-melhores-alimentos-para-a-saude-do-seu-cerebro-apos-os-40-anos\/","title":{"rendered":"Os melhores alimentos para a sa\u00fade do seu c\u00e9rebro ap\u00f3s os 40 anos"},"content":{"rendered":"\n<p>A medida que se avan\u00e7a em idade, \u00e9 comum notar uma certa lentid\u00e3o na mem\u00f3ria e redu\u00e7\u00e3o da acuidade mental, especialmente em situa\u00e7\u00f5es como a COVID longa ou a menopausa, que podem causar o chamado <strong>nevoeiro mental<\/strong>. Poucos, por\u00e9m, consideram o impacto da <strong>alimenta\u00e7\u00e3o<\/strong> nesse processo, embora alimentos e bebidas frequentes tenham influ\u00eancia significativa na sa\u00fade do c\u00e9rebro ao longo dos anos.<\/p>\n\n\n\n<h2 class=\"wp-block-heading\">Saiba como a alimenta\u00e7\u00e3o influencia diretamente a sa\u00fade do c\u00e9rebro<\/h2>\n\n\n\n<p>A <strong>dieta pode exercer papel fundamental<\/strong> na manuten\u00e7\u00e3o da fun\u00e7\u00e3o cerebral e na sa\u00fade cognitiva \u00e0 medida que envelhecemos. Alimentos ricos em <strong>antioxidantes e compostos anti-inflamat\u00f3rios<\/strong> ajudam na prote\u00e7\u00e3o do c\u00e9rebro contra agentes agressores.<\/p>\n\n\n\n<p>Dessa forma, a ingest\u00e3o de <strong>nutrientes essenciais<\/strong> auxilia na forma\u00e7\u00e3o dos neurotransmissores, na repara\u00e7\u00e3o celular e na prote\u00e7\u00e3o neuronal. Por isso, uma alimenta\u00e7\u00e3o equilibrada representa um grande aliado para preservar a mem\u00f3ria e o foco durante o envelhecimento.<\/p>\n\n\n\n<figure class=\"wp-block-image size-large\"><img decoding=\"async\" width=\"1024\" height=\"576\" src=\"https:\/\/www.correiobraziliense.com.br\/cbradar\/wp-content\/uploads\/2025\/11\/mosaico_1763825677799-1024x576.jpg\" alt=\"Os melhores alimentos para a sa\u00fade do seu c\u00e9rebro ap\u00f3s os 40 anos\" class=\"wp-image-142967\" srcset=\"https:\/\/www.correiobraziliense.com.br\/cbradar\/wp-content\/uploads\/2025\/11\/mosaico_1763825677799-1024x576.jpg 1024w, https:\/\/www.correiobraziliense.com.br\/cbradar\/wp-content\/uploads\/2025\/11\/mosaico_1763825677799-300x169.jpg 300w, https:\/\/www.correiobraziliense.com.br\/cbradar\/wp-content\/uploads\/2025\/11\/mosaico_1763825677799-768x432.jpg 768w, https:\/\/www.correiobraziliense.com.br\/cbradar\/wp-content\/uploads\/2025\/11\/mosaico_1763825677799-750x422.jpg 750w, https:\/\/www.correiobraziliense.com.br\/cbradar\/wp-content\/uploads\/2025\/11\/mosaico_1763825677799-1140x641.jpg 1140w, https:\/\/www.correiobraziliense.com.br\/cbradar\/wp-content\/uploads\/2025\/11\/mosaico_1763825677799.jpg 1280w\" sizes=\"(max-width: 1024px) 100vw, 1024px\" \/><figcaption class=\"wp-element-caption\">A menopausa pode causar nevoeiro mental, sintomas incluem perda de mem\u00f3ria, confus\u00e3o e dificuldade de concentra\u00e7\u00e3o. Cr\u00e9ditos: depositphotos.com \/ AntonMatyukha e Cr\u00e9ditos: depositphotos.com \/ DmitryRukhlenko<\/figcaption><\/figure>\n\n\n\n<h2 class=\"wp-block-heading\">Descubra quais alimentos ajudam na sa\u00fade cerebral e potencializam as fun\u00e7\u00f5es cognitivas<\/h2>\n\n\n\n<p>Muitos alimentos s\u00e3o reconhecidos por suas propriedades que favorecem o <strong>funcionamento cerebral<\/strong>. Em especial, o ch\u00e1 verde, preto, branco e oolong se destacam pelo alto teor de <strong>catequinas, flavonoides e L-teanina<\/strong>, que t\u00eam efeitos protetores sobre as c\u00e9lulas do c\u00e9rebro.<\/p>\n\n\n\n<p>Al\u00e9m disso, \u00e9 interessante considerar a inclus\u00e3o dos seguintes alimentos que auxiliam na sa\u00fade cerebral:<\/p>\n\n\n\n<ul class=\"wp-block-list\">\n<li><strong>Peixes gordurosos<\/strong> (ricos em \u00f4mega-3, como salm\u00e3o e sardinha)<\/li>\n\n\n\n<li><strong>Frutas vermelhas<\/strong> (antioxidantes naturais, como morango e mirtilo)<\/li>\n\n\n\n<li><strong>Nozes e sementes<\/strong> (fontes de vitamina E)<\/li>\n\n\n\n<li><strong>Vegetais de folhas verdes<\/strong> (ricos em folato e antioxidantes)<\/li>\n<\/ul>\n\n\n\n<p>O perfil @fazbemdicas mostra visualmente os alimentos que favorecem o c\u00e9rebro:<\/p>\n\n\n\n<blockquote class=\"tiktok-embed\" cite=\"https:\/\/www.tiktok.com\/@fazbemdicas\/video\/7288823854913441029\" data-video-id=\"7288823854913441029\" style=\"max-width: 605px;min-width: 325px;\" > <section> <a target=\"_blank\" title=\"@fazbemdicas\" href=\"https:\/\/www.tiktok.com\/@fazbemdicas?refer=embed\">@fazbemdicas<\/a> Alimentos que fazem bem para o c\u00e9rebro <a title=\"alimentos\" target=\"_blank\" href=\"https:\/\/www.tiktok.com\/tag\/alimentos?refer=embed\">#alimentos<\/a> <a title=\"c\u00e9rebro\" target=\"_blank\" href=\"https:\/\/www.tiktok.com\/tag\/c%C3%A9rebro?refer=embed\">#c\u00e9rebro<\/a> <a title=\"dicasdesaude\" target=\"_blank\" href=\"https:\/\/www.tiktok.com\/tag\/dicasdesaude?refer=embed\">#dicasdesaude<\/a> <a title=\"fazbemdicas\" target=\"_blank\" href=\"https:\/\/www.tiktok.com\/tag\/fazbemdicas?refer=embed\">#fazbemdicas<\/a> <a target=\"_blank\" title=\"\u266c som original - Faz Bem Dicas\" href=\"https:\/\/www.tiktok.com\/music\/som-original-7288823879284558597?refer=embed\">\u266c som original &#8211; Faz Bem Dicas<\/a> <\/section> <\/blockquote> <script async src=\"https:\/\/www.tiktok.com\/embed.js\"><\/script>\n\n\n\n<h2 class=\"wp-block-heading\">Evite alimentos processados para proteger o c\u00e9rebro<\/h2>\n\n\n\n<p>Alimentos ultraprocessados, com excesso de <strong>a\u00e7\u00facares adicionados, gr\u00e3os refinados<\/strong> e <strong>gorduras trans<\/strong>, podem prejudicar o desempenho cerebral por favorecer inflama\u00e7\u00e3o e resist\u00eancia \u00e0 insulina. O consumo frequente desses itens est\u00e1 relacionado a problemas cognitivos e aumento do risco de dem\u00eancias.<\/p>\n\n\n\n<p>Da mesma forma, alimentos com alto teor de s\u00f3dio, nitratos e aditivos artificiais podem aumentar o risco de danos vasculares, afetando diretamente a <strong>sa\u00fade mental<\/strong>. Reduzir o consumo destes ingredientes \u00e9 uma estrat\u00e9gia pr\u00e1tica para preservar o bem-estar cerebral.<\/p>\n\n\n\n<p>Manter uma dieta equilibrada, rica em nutrientes e com restri\u00e7\u00e3o de processados, contribui significativamente para a <strong>preserva\u00e7\u00e3o da fun\u00e7\u00e3o cerebral<\/strong> e redu\u00e7\u00e3o dos impactos do envelhecimento sobre a mente. Assim, a alimenta\u00e7\u00e3o se apresenta como pilar essencial no cuidado com a sa\u00fade mental ao longo da vida.<\/p>\n","protected":false},"excerpt":{"rendered":"<p>Descubra como a dieta impacta sua sa\u00fade cerebral ap\u00f3s os 40 anos: dicas valiosas para combater o decl\u00ednio cognitivo com alimenta\u00e7\u00e3o inteligente.<\/p>\n","protected":false},"author":3,"featured_media":142968,"comment_status":"open","ping_status":"open","sticky":false,"template":"","format":"standard","meta":{"_yoast_wpseo_focuskw":"melhores alimentos sa\u00fade c\u00e9rebro","_yoast_wpseo_title":"%%title%%","_yoast_wpseo_metadesc":"Descubra como a dieta impacta sua sa\u00fade cerebral ap\u00f3s os 40 anos: dicas valiosas para combater o decl\u00ednio cognitivo com alimenta\u00e7\u00e3o inteligente.","jnews-multi-image_gallery":[],"jnews_single_post":{"format":"standard"},"jnews_primary_category":[],"jnews_social_meta":[],"jnews_override_counter":[],"footnotes":""},"categories":[112],"post_tag":[281,1423,698,3559,144,565],"class_list":["post-142965","post","type-post","status-publish","format-standard","has-post-thumbnail","hentry","category-curiosidades","tag-alimentacao","tag-alimentos","tag-cerebro","tag-corpo-humano","tag-curiosidades","tag-saude"],"yoast_head":"<!-- This site is optimized with the Yoast SEO plugin v24.6 - https:\/\/yoast.com\/wordpress\/plugins\/seo\/ -->\n<title>Os melhores alimentos para a sa\u00fade do seu c\u00e9rebro ap\u00f3s os 40 anos<\/title>\n<meta name=\"description\" content=\"Descubra como a dieta impacta sua sa\u00fade cerebral ap\u00f3s os 40 anos: dicas valiosas para combater o decl\u00ednio cognitivo com alimenta\u00e7\u00e3o inteligente.\" \/>\n<meta name=\"robots\" content=\"index, follow, max-snippet:-1, max-image-preview:large, max-video-preview:-1\" \/>\n<link rel=\"canonical\" href=\"https:\/\/www.correiobraziliense.com.br\/cbradar\/os-melhores-alimentos-para-a-saude-do-seu-cerebro-apos-os-40-anos\/\" \/>\n<meta property=\"og:locale\" content=\"pt_BR\" \/>\n<meta property=\"og:type\" content=\"article\" \/>\n<meta property=\"og:title\" content=\"Os melhores alimentos para a sa\u00fade do seu c\u00e9rebro ap\u00f3s os 40 anos\" \/>\n<meta property=\"og:description\" content=\"Descubra como a dieta impacta sua sa\u00fade cerebral ap\u00f3s os 40 anos: dicas valiosas para combater o decl\u00ednio cognitivo com alimenta\u00e7\u00e3o inteligente.\" \/>\n<meta property=\"og:url\" content=\"https:\/\/www.correiobraziliense.com.br\/cbradar\/os-melhores-alimentos-para-a-saude-do-seu-cerebro-apos-os-40-anos\/\" \/>\n<meta property=\"og:site_name\" content=\"Correio Braziliense - Radar\" \/>\n<meta property=\"article:published_time\" content=\"2025-11-23T23:15:00+00:00\" \/>\n<meta property=\"og:image\" content=\"https:\/\/www.correiobraziliense.com.br\/cbradar\/wp-content\/uploads\/2025\/11\/alimentos_cerebro_1280x720.png\" \/>\n\t<meta property=\"og:image:width\" content=\"1280\" \/>\n\t<meta property=\"og:image:height\" content=\"720\" \/>\n\t<meta property=\"og:image:type\" content=\"image\/png\" \/>\n<meta name=\"author\" content=\"Larissa Carvalho\" \/>\n<meta name=\"twitter:card\" content=\"summary_large_image\" \/>\n<meta name=\"twitter:label1\" content=\"Escrito por\" \/>\n\t<meta name=\"twitter:data1\" content=\"Larissa Carvalho\" \/>\n\t<meta name=\"twitter:label2\" content=\"Est. tempo de leitura\" \/>\n\t<meta name=\"twitter:data2\" content=\"3 minutos\" \/>\n<!-- \/ Yoast SEO plugin. -->","yoast_head_json":{"title":"Os melhores alimentos para a sa\u00fade do seu c\u00e9rebro ap\u00f3s os 40 anos","description":"Descubra como a dieta impacta sua sa\u00fade cerebral ap\u00f3s os 40 anos: dicas valiosas para combater o decl\u00ednio cognitivo com alimenta\u00e7\u00e3o inteligente.","robots":{"index":"index","follow":"follow","max-snippet":"max-snippet:-1","max-image-preview":"max-image-preview:large","max-video-preview":"max-video-preview:-1"},"canonical":"https:\/\/www.correiobraziliense.com.br\/cbradar\/os-melhores-alimentos-para-a-saude-do-seu-cerebro-apos-os-40-anos\/","og_locale":"pt_BR","og_type":"article","og_title":"Os melhores alimentos para a sa\u00fade do seu c\u00e9rebro ap\u00f3s os 40 anos","og_description":"Descubra como a dieta impacta sua sa\u00fade cerebral ap\u00f3s os 40 anos: dicas valiosas para combater o decl\u00ednio cognitivo com alimenta\u00e7\u00e3o inteligente.","og_url":"https:\/\/www.correiobraziliense.com.br\/cbradar\/os-melhores-alimentos-para-a-saude-do-seu-cerebro-apos-os-40-anos\/","og_site_name":"Correio Braziliense - Radar","article_published_time":"2025-11-23T23:15:00+00:00","og_image":[{"width":1280,"height":720,"url":"https:\/\/www.correiobraziliense.com.br\/cbradar\/wp-content\/uploads\/2025\/11\/alimentos_cerebro_1280x720.png","type":"image\/png"}],"author":"Larissa Carvalho","twitter_card":"summary_large_image","twitter_misc":{"Escrito por":"Larissa Carvalho","Est. tempo de leitura":"3 minutos"},"schema":{"@context":"https:\/\/schema.org","@graph":[{"@type":"WebPage","@id":"https:\/\/www.correiobraziliense.com.br\/cbradar\/os-melhores-alimentos-para-a-saude-do-seu-cerebro-apos-os-40-anos\/","url":"https:\/\/www.correiobraziliense.com.br\/cbradar\/os-melhores-alimentos-para-a-saude-do-seu-cerebro-apos-os-40-anos\/","name":"Os melhores alimentos para a sa\u00fade do seu c\u00e9rebro ap\u00f3s os 40 anos","isPartOf":{"@id":"https:\/\/www.correiobraziliense.com.br\/cbradar\/#website"},"primaryImageOfPage":{"@id":"https:\/\/www.correiobraziliense.com.br\/cbradar\/os-melhores-alimentos-para-a-saude-do-seu-cerebro-apos-os-40-anos\/#primaryimage"},"image":{"@id":"https:\/\/www.correiobraziliense.com.br\/cbradar\/os-melhores-alimentos-para-a-saude-do-seu-cerebro-apos-os-40-anos\/#primaryimage"},"thumbnailUrl":"https:\/\/www.correiobraziliense.com.br\/cbradar\/wp-content\/uploads\/2025\/11\/alimentos_cerebro_1280x720.png","datePublished":"2025-11-23T23:15:00+00:00","author":{"@id":"https:\/\/www.correiobraziliense.com.br\/cbradar\/#\/schema\/person\/58422787644df994b53a19d3e56c1513"},"description":"Descubra como a dieta impacta sua sa\u00fade cerebral ap\u00f3s os 40 anos: dicas valiosas para combater o decl\u00ednio cognitivo com alimenta\u00e7\u00e3o inteligente.","breadcrumb":{"@id":"https:\/\/www.correiobraziliense.com.br\/cbradar\/os-melhores-alimentos-para-a-saude-do-seu-cerebro-apos-os-40-anos\/#breadcrumb"},"inLanguage":"pt-BR","potentialAction":[{"@type":"ReadAction","target":["https:\/\/www.correiobraziliense.com.br\/cbradar\/os-melhores-alimentos-para-a-saude-do-seu-cerebro-apos-os-40-anos\/"]}]},{"@type":"ImageObject","inLanguage":"pt-BR","@id":"https:\/\/www.correiobraziliense.com.br\/cbradar\/os-melhores-alimentos-para-a-saude-do-seu-cerebro-apos-os-40-anos\/#primaryimage","url":"https:\/\/www.correiobraziliense.com.br\/cbradar\/wp-content\/uploads\/2025\/11\/alimentos_cerebro_1280x720.png","contentUrl":"https:\/\/www.correiobraziliense.com.br\/cbradar\/wp-content\/uploads\/2025\/11\/alimentos_cerebro_1280x720.png","width":1280,"height":720,"caption":"Altera\u00e7\u00f5es hormonais causam nevoeiro mental, acompanhado de ins\u00f4nia, irritabilidade e oscila\u00e7\u00f5es de humor."},{"@type":"BreadcrumbList","@id":"https:\/\/www.correiobraziliense.com.br\/cbradar\/os-melhores-alimentos-para-a-saude-do-seu-cerebro-apos-os-40-anos\/#breadcrumb","itemListElement":[{"@type":"ListItem","position":1,"name":"In\u00edcio","item":"https:\/\/www.correiobraziliense.com.br\/cbradar\/"},{"@type":"ListItem","position":2,"name":"Os melhores alimentos para a sa\u00fade do seu c\u00e9rebro ap\u00f3s os 40 anos"}]},{"@type":"WebSite","@id":"https:\/\/www.correiobraziliense.com.br\/cbradar\/#website","url":"https:\/\/www.correiobraziliense.com.br\/cbradar\/","name":"Correio Braziliense - Radar","description":"Acompanhe as \u00faltimas not\u00edcias e fique bem informado sobre tudo o que acontece no Brasil e no mundo.","potentialAction":[{"@type":"SearchAction","target":{"@type":"EntryPoint","urlTemplate":"https:\/\/www.correiobraziliense.com.br\/cbradar\/?s={search_term_string}"},"query-input":{"@type":"PropertyValueSpecification","valueRequired":true,"valueName":"search_term_string"}}],"inLanguage":"pt-BR"},{"@type":"Person","@id":"https:\/\/www.correiobraziliense.com.br\/cbradar\/#\/schema\/person\/58422787644df994b53a19d3e56c1513","name":"Larissa Carvalho","image":{"@type":"ImageObject","inLanguage":"pt-BR","@id":"https:\/\/www.correiobraziliense.com.br\/cbradar\/#\/schema\/person\/image\/","url":"https:\/\/secure.gravatar.com\/avatar\/fe4f91a0de32b52a838d0d612abdc1aa?s=96&d=mm&r=g","contentUrl":"https:\/\/secure.gravatar.com\/avatar\/fe4f91a0de32b52a838d0d612abdc1aa?s=96&d=mm&r=g","caption":"Larissa Carvalho"},"url":"https:\/\/www.correiobraziliense.com.br\/cbradar\/author\/larissamyth\/"}]}},"_links":{"self":[{"href":"https:\/\/www.correiobraziliense.com.br\/cbradar\/wp-json\/wp\/v2\/posts\/142965","targetHints":{"allow":["GET"]}}],"collection":[{"href":"https:\/\/www.correiobraziliense.com.br\/cbradar\/wp-json\/wp\/v2\/posts"}],"about":[{"href":"https:\/\/www.correiobraziliense.com.br\/cbradar\/wp-json\/wp\/v2\/types\/post"}],"author":[{"embeddable":true,"href":"https:\/\/www.correiobraziliense.com.br\/cbradar\/wp-json\/wp\/v2\/users\/3"}],"replies":[{"embeddable":true,"href":"https:\/\/www.correiobraziliense.com.br\/cbradar\/wp-json\/wp\/v2\/comments?post=142965"}],"version-history":[{"count":2,"href":"https:\/\/www.correiobraziliense.com.br\/cbradar\/wp-json\/wp\/v2\/posts\/142965\/revisions"}],"predecessor-version":[{"id":142969,"href":"https:\/\/www.correiobraziliense.com.br\/cbradar\/wp-json\/wp\/v2\/posts\/142965\/revisions\/142969"}],"wp:featuredmedia":[{"embeddable":true,"href":"https:\/\/www.correiobraziliense.com.br\/cbradar\/wp-json\/wp\/v2\/media\/142968"}],"wp:attachment":[{"href":"https:\/\/www.correiobraziliense.com.br\/cbradar\/wp-json\/wp\/v2\/media?parent=142965"}],"wp:term":[{"taxonomy":"category","embeddable":true,"href":"https:\/\/www.correiobraziliense.com.br\/cbradar\/wp-json\/wp\/v2\/categories?post=142965"},{"taxonomy":"post_tag","embeddable":true,"href":"https:\/\/www.correiobraziliense.com.br\/cbradar\/wp-json\/wp\/v2\/post_tag?post=142965"}],"curies":[{"name":"wp","href":"https:\/\/api.w.org\/{rel}","templated":true}]}}