{"id":142981,"date":"2025-11-25T11:05:00","date_gmt":"2025-11-25T14:05:00","guid":{"rendered":"https:\/\/www.correiobraziliense.com.br\/cbradar\/?p=142981"},"modified":"2025-11-24T11:34:02","modified_gmt":"2025-11-24T14:34:02","slug":"o-nome-de-menina-com-quatro-letras-que-conquista-cada-vez-mais-pais","status":"publish","type":"post","link":"https:\/\/www.correiobraziliense.com.br\/cbradar\/o-nome-de-menina-com-quatro-letras-que-conquista-cada-vez-mais-pais\/","title":{"rendered":"O nome de menina com quatro letras que conquista cada vez mais pais"},"content":{"rendered":"\n<p>O nome Xana destaca-se como um s\u00edmbolo da <strong>heran\u00e7a cultural asturiana<\/strong> e, cada vez mais, conquista novos pais por seu forte v\u00ednculo com a <strong>mitologia local<\/strong>. Em ascens\u00e3o, o nome j\u00e1 conta com 660 registros na Espanha, tornando-se uma tend\u00eancia not\u00e1vel ao unir originalidade e tradi\u00e7\u00e3o.<\/p>\n\n\n\n<h2 class=\"wp-block-heading\">Por que nomes inspirados na mitologia est\u00e3o em alta<\/h2>\n\n\n\n<p>A busca por nomes <strong>curtos e com ra\u00edzes culturais<\/strong> fortalece a escolha de Xana nas Ast\u00farias e em outros locais. Este movimento reflete o desejo de valorizar as tradi\u00e7\u00f5es da regi\u00e3o enquanto se oferece um nome de sonoridade marcante e f\u00e1cil pron\u00fancia.<\/p>\n\n\n\n<p>Al\u00e9m disso, muitos pais percebem benef\u00edcios na escolha de nomes mitol\u00f3gicos, especialmente ao desejarem transmitir valores ligados \u00e0 identidade local. Confira algumas raz\u00f5es pelas quais nomes como Xana ganham destaque:<\/p>\n\n\n\n<ul class=\"wp-block-list\">\n<li><strong>Conex\u00e3o com a natureza e a hist\u00f3ria<\/strong><\/li>\n\n\n\n<li><strong>Simbolismo de pureza e beleza<\/strong><\/li>\n\n\n\n<li><strong>Originalidade e exclusividade<\/strong><\/li>\n\n\n\n<li><strong>F\u00e1cil adapta\u00e7\u00e3o em diferentes culturas<\/strong><\/li>\n<\/ul>\n\n\n\n<figure class=\"wp-block-image size-large\"><img decoding=\"async\" width=\"1024\" height=\"576\" src=\"https:\/\/www.correiobraziliense.com.br\/cbradar\/wp-content\/uploads\/2025\/11\/mosaico_1763833035915-1024x576.jpg\" alt=\"O nome de menina com quatro letras que conquista cada vez mais pais\" class=\"wp-image-142992\" srcset=\"https:\/\/www.correiobraziliense.com.br\/cbradar\/wp-content\/uploads\/2025\/11\/mosaico_1763833035915-1024x576.jpg 1024w, https:\/\/www.correiobraziliense.com.br\/cbradar\/wp-content\/uploads\/2025\/11\/mosaico_1763833035915-300x169.jpg 300w, https:\/\/www.correiobraziliense.com.br\/cbradar\/wp-content\/uploads\/2025\/11\/mosaico_1763833035915-768x432.jpg 768w, https:\/\/www.correiobraziliense.com.br\/cbradar\/wp-content\/uploads\/2025\/11\/mosaico_1763833035915-750x422.jpg 750w, https:\/\/www.correiobraziliense.com.br\/cbradar\/wp-content\/uploads\/2025\/11\/mosaico_1763833035915-1140x641.jpg 1140w, https:\/\/www.correiobraziliense.com.br\/cbradar\/wp-content\/uploads\/2025\/11\/mosaico_1763833035915.jpg 1280w\" sizes=\"(max-width: 1024px) 100vw, 1024px\" \/><figcaption class=\"wp-element-caption\">O nome &#8220;Xana&#8221;\ufeff deriva de seres mitol\u00f3gicos celtas, ninfas das \u00e1guas associadas \u00e0 beleza, prote\u00e7\u00e3o ambiental e fertilidade. Cr\u00e9ditos: depositphotos.com \/ roberaten e Cr\u00e9ditos: depositphotos.com \/ Hannamariah<\/figcaption><\/figure>\n\n\n\n<h2 class=\"wp-block-heading\">Xana se tornou popular fora das Ast\u00farias<\/h2>\n\n\n\n<p>Segundo dados do Instituto Nacional de Estat\u00edstica da Espanha, a difus\u00e3o do nome Xana agora se estende al\u00e9m das Ast\u00farias, especialmente em regi\u00f5es do noroeste espanhol, como a Gal\u00edcia. Essa expans\u00e3o destaca a <strong>afinidade cultural<\/strong> entre os territ\u00f3rios vizinhos.<\/p>\n\n\n\n<p>Em prov\u00edncias galegas, como Lugo e Ourense, a ado\u00e7\u00e3o do nome j\u00e1 \u00e9 <strong>not\u00e1vel<\/strong>, evidenciando que o apelo de Xana n\u00e3o est\u00e1 restrito a uma \u00fanica regi\u00e3o.<\/p>\n\n\n\n<p>O perfil @nomesdebebes1 traz outros nomes espanh\u00f3is muito bonitos para meninas:<\/p>\n\n\n\n<blockquote class=\"tiktok-embed\" cite=\"https:\/\/www.tiktok.com\/@nomesdebebes1\/video\/7203783575450275077\" data-video-id=\"7203783575450275077\" style=\"max-width: 605px;min-width: 325px;\" > <section> <a target=\"_blank\" title=\"@nomesdebebes1\" href=\"https:\/\/www.tiktok.com\/@nomesdebebes1?refer=embed\">@nomesdebebes1<\/a> <a title=\"names\" target=\"_blank\" href=\"https:\/\/www.tiktok.com\/tag\/names?refer=embed\">#names<\/a> <a title=\"itsagirl\" target=\"_blank\" href=\"https:\/\/www.tiktok.com\/tag\/itsagirl?refer=embed\">#itsagirl<\/a> <a title=\"babygirl\" target=\"_blank\" href=\"https:\/\/www.tiktok.com\/tag\/babygirl?refer=embed\">#babygirl<\/a> <a title=\"nomesdebebes\" target=\"_blank\" href=\"https:\/\/www.tiktok.com\/tag\/nomesdebebes?refer=embed\">#nomesdebebes<\/a> <a title=\"baby\" target=\"_blank\" href=\"https:\/\/www.tiktok.com\/tag\/baby?refer=embed\">#baby<\/a> <a title=\"maternidadecomamor\" target=\"_blank\" href=\"https:\/\/www.tiktok.com\/tag\/maternidadecomamor?refer=embed\">#maternidadecomamor<\/a> <a title=\"dica\" target=\"_blank\" href=\"https:\/\/www.tiktok.com\/tag\/dica?refer=embed\">#dica<\/a> <a title=\"inspiration\" target=\"_blank\" href=\"https:\/\/www.tiktok.com\/tag\/inspiration?refer=embed\">#inspiration<\/a> <a title=\"inspiracao\" target=\"_blank\" href=\"https:\/\/www.tiktok.com\/tag\/inspiracao?refer=embed\">#inspiracao<\/a> <a title=\"bebe\" target=\"_blank\" href=\"https:\/\/www.tiktok.com\/tag\/bebe?refer=embed\">#bebe<\/a> <a title=\"nomes\" target=\"_blank\" href=\"https:\/\/www.tiktok.com\/tag\/nomes?refer=embed\">#nomes<\/a> <a title=\"babycut\" target=\"_blank\" href=\"https:\/\/www.tiktok.com\/tag\/babycut?refer=embed\">#babycut<\/a> <a title=\"baby\" target=\"_blank\" href=\"https:\/\/www.tiktok.com\/tag\/baby?refer=embed\">#baby<\/a> <a title=\"cute\" target=\"_blank\" href=\"https:\/\/www.tiktok.com\/tag\/cute?refer=embed\">#cute<\/a> <a title=\"nomesdebebes\" target=\"_blank\" href=\"https:\/\/www.tiktok.com\/tag\/nomesdebebes?refer=embed\">#nomesdebebes<\/a> <a title=\"nomesdemeninas\" target=\"_blank\" href=\"https:\/\/www.tiktok.com\/tag\/nomesdemeninas?refer=embed\">#nomesdemeninas<\/a> <a title=\"nomesdebeb\u00eas\" target=\"_blank\" href=\"https:\/\/www.tiktok.com\/tag\/nomesdebeb%C3%AAs?refer=embed\">#nomesdebeb\u00eas<\/a> <a title=\"nomesfemininos\" target=\"_blank\" href=\"https:\/\/www.tiktok.com\/tag\/nomesfemininos?refer=embed\">#nomesfemininos<\/a> <a title=\"princesa\" target=\"_blank\" href=\"https:\/\/www.tiktok.com\/tag\/princesa?refer=embed\">#princesa<\/a> <a title=\"maedemenina\" target=\"_blank\" href=\"https:\/\/www.tiktok.com\/tag\/maedemenina?refer=embed\">#maedemenina<\/a> <a title=\"gestacao\" target=\"_blank\" href=\"https:\/\/www.tiktok.com\/tag\/gestacao?refer=embed\">#gestacao<\/a> <a title=\"princesadamamae\" target=\"_blank\" href=\"https:\/\/www.tiktok.com\/tag\/princesadamamae?refer=embed\">#princesadamamae<\/a> <a title=\"babygirl\" target=\"_blank\" href=\"https:\/\/www.tiktok.com\/tag\/babygirl?refer=embed\">#babygirl<\/a> <a title=\"babygirls\" target=\"_blank\" href=\"https:\/\/www.tiktok.com\/tag\/babygirls?refer=embed\">#babygirls<\/a> <a title=\"mamaedemenina\" target=\"_blank\" href=\"https:\/\/www.tiktok.com\/tag\/mamaedemenina?refer=embed\">#mamaedemenina<\/a> <a target=\"_blank\" title=\"\u266c traitor - Olivia Rodrigo\" href=\"https:\/\/www.tiktok.com\/music\/traitor-6964415885424232449?refer=embed\">\u266c traitor &#8211; Olivia Rodrigo<\/a> <\/section> <\/blockquote> <script async src=\"https:\/\/www.tiktok.com\/embed.js\"><\/script>\n\n\n\n<h2 class=\"wp-block-heading\">O nome Xana representa identidade e tradi\u00e7\u00e3o<\/h2>\n\n\n\n<p>O significado de Xana vai al\u00e9m de seu contexto mitol\u00f3gico, abrangendo tamb\u00e9m uma liga\u00e7\u00e3o menos comum com o nome galego Joana. Essa <strong>dualidade de origens<\/strong> acrescenta ainda mais valor para as fam\u00edlias que buscam nomes \u00fanicos e carregados de simbolismo.<\/p>\n\n\n\n<p>A escolha por Xana simboliza a inten\u00e7\u00e3o de manter vivos os la\u00e7os culturais e refor\u00e7ar a liga\u00e7\u00e3o com o patrim\u00f4nio das comunidades do norte da Pen\u00ednsula Ib\u00e9rica.<\/p>\n\n\n\n<p>Como parte das listas dos nomes mais populares da regi\u00e3o, Xana expressa o desejo atual de <strong>preservar a ess\u00eancia cultural<\/strong> e a tradi\u00e7\u00e3o asturiana, provando que os mitos e hist\u00f3rias ancestrais ainda t\u00eam espa\u00e7o no cora\u00e7\u00e3o das novas gera\u00e7\u00f5es.<\/p>\n\n\n\n<p>Leia tamb\u00e9m: <a href=\"https:\/\/www.correiobraziliense.com.br\/cbradar\/estes-sao-os-nomes-dos-bebes-que-terao-sucesso-em-dezembro-de-2025\/\" target=\"_blank\" rel=\"noreferrer noopener\">Estes s\u00e3o os nomes dos beb\u00eas que ter\u00e3o sucesso em dezembro de 2025<\/a><\/p>\n","protected":false},"excerpt":{"rendered":"<p>Descubra o encanto de Xana: mitologia asturiana em um nome breve e significativo, conquistando cora\u00e7\u00f5es de novos pais em toda a Espanha.<\/p>\n","protected":false},"author":3,"featured_media":144244,"comment_status":"open","ping_status":"open","sticky":false,"template":"","format":"standard","meta":{"_yoast_wpseo_focuskw":"nome menina quatro letras","_yoast_wpseo_title":"%%title%%","_yoast_wpseo_metadesc":"Descubra o encanto de Xana: mitologia asturiana em um nome breve e significativo, conquistando cora\u00e7\u00f5es de novos pais em toda a Espanha.","jnews-multi-image_gallery":[],"jnews_single_post":{"format":"standard"},"jnews_primary_category":[],"jnews_social_meta":[],"jnews_override_counter":[],"footnotes":""},"categories":[112],"tags":[144,5202,11783],"class_list":["post-142981","post","type-post","status-publish","format-standard","has-post-thumbnail","hentry","category-curiosidades","tag-curiosidades","tag-nomes","tag-nomes-de-bebes"],"yoast_head":"<!-- This site is optimized with the Yoast SEO plugin v24.6 - https:\/\/yoast.com\/wordpress\/plugins\/seo\/ -->\n<title>O nome de menina com quatro letras que conquista cada vez mais pais<\/title>\n<meta name=\"description\" content=\"Descubra o encanto de Xana: mitologia asturiana em um nome breve e significativo, conquistando cora\u00e7\u00f5es de novos pais em toda a Espanha.\" \/>\n<meta name=\"robots\" content=\"index, follow, max-snippet:-1, max-image-preview:large, max-video-preview:-1\" \/>\n<link rel=\"canonical\" href=\"https:\/\/www.correiobraziliense.com.br\/cbradar\/o-nome-de-menina-com-quatro-letras-que-conquista-cada-vez-mais-pais\/\" \/>\n<meta property=\"og:locale\" content=\"pt_BR\" \/>\n<meta property=\"og:type\" content=\"article\" \/>\n<meta property=\"og:title\" content=\"O nome de menina com quatro letras que conquista cada vez mais pais\" \/>\n<meta property=\"og:description\" content=\"Descubra o encanto de Xana: mitologia asturiana em um nome breve e significativo, conquistando cora\u00e7\u00f5es de novos pais em toda a Espanha.\" \/>\n<meta property=\"og:url\" content=\"https:\/\/www.correiobraziliense.com.br\/cbradar\/o-nome-de-menina-com-quatro-letras-que-conquista-cada-vez-mais-pais\/\" \/>\n<meta property=\"og:site_name\" content=\"Correio Braziliense - Radar\" \/>\n<meta property=\"article:published_time\" content=\"2025-11-25T14:05:00+00:00\" \/>\n<meta property=\"og:image\" content=\"https:\/\/www.correiobraziliense.com.br\/cbradar\/wp-content\/uploads\/2025\/11\/freepik__retrato-hiperrealista-de-uma-mulher-brasileira-adu__60395.jpeg\" \/>\n\t<meta property=\"og:image:width\" content=\"1280\" \/>\n\t<meta property=\"og:image:height\" content=\"720\" \/>\n\t<meta property=\"og:image:type\" content=\"image\/jpeg\" \/>\n<meta name=\"author\" content=\"Larissa Carvalho\" \/>\n<meta name=\"twitter:card\" content=\"summary_large_image\" \/>\n<meta name=\"twitter:label1\" content=\"Escrito por\" \/>\n\t<meta name=\"twitter:data1\" content=\"Larissa Carvalho\" \/>\n\t<meta name=\"twitter:label2\" content=\"Est. tempo de leitura\" \/>\n\t<meta name=\"twitter:data2\" content=\"3 minutos\" \/>\n<!-- \/ Yoast SEO plugin. -->","yoast_head_json":{"title":"O nome de menina com quatro letras que conquista cada vez mais pais","description":"Descubra o encanto de Xana: mitologia asturiana em um nome breve e significativo, conquistando cora\u00e7\u00f5es de novos pais em toda a Espanha.","robots":{"index":"index","follow":"follow","max-snippet":"max-snippet:-1","max-image-preview":"max-image-preview:large","max-video-preview":"max-video-preview:-1"},"canonical":"https:\/\/www.correiobraziliense.com.br\/cbradar\/o-nome-de-menina-com-quatro-letras-que-conquista-cada-vez-mais-pais\/","og_locale":"pt_BR","og_type":"article","og_title":"O nome de menina com quatro letras que conquista cada vez mais pais","og_description":"Descubra o encanto de Xana: mitologia asturiana em um nome breve e significativo, conquistando cora\u00e7\u00f5es de novos pais em toda a Espanha.","og_url":"https:\/\/www.correiobraziliense.com.br\/cbradar\/o-nome-de-menina-com-quatro-letras-que-conquista-cada-vez-mais-pais\/","og_site_name":"Correio Braziliense - Radar","article_published_time":"2025-11-25T14:05:00+00:00","og_image":[{"width":1280,"height":720,"url":"https:\/\/www.correiobraziliense.com.br\/cbradar\/wp-content\/uploads\/2025\/11\/freepik__retrato-hiperrealista-de-uma-mulher-brasileira-adu__60395.jpeg","type":"image\/jpeg"}],"author":"Larissa Carvalho","twitter_card":"summary_large_image","twitter_misc":{"Escrito por":"Larissa Carvalho","Est. tempo de leitura":"3 minutos"},"schema":{"@context":"https:\/\/schema.org","@graph":[{"@type":"WebPage","@id":"https:\/\/www.correiobraziliense.com.br\/cbradar\/o-nome-de-menina-com-quatro-letras-que-conquista-cada-vez-mais-pais\/","url":"https:\/\/www.correiobraziliense.com.br\/cbradar\/o-nome-de-menina-com-quatro-letras-que-conquista-cada-vez-mais-pais\/","name":"O nome de menina com quatro letras que conquista cada vez mais pais","isPartOf":{"@id":"https:\/\/www.correiobraziliense.com.br\/cbradar\/#website"},"primaryImageOfPage":{"@id":"https:\/\/www.correiobraziliense.com.br\/cbradar\/o-nome-de-menina-com-quatro-letras-que-conquista-cada-vez-mais-pais\/#primaryimage"},"image":{"@id":"https:\/\/www.correiobraziliense.com.br\/cbradar\/o-nome-de-menina-com-quatro-letras-que-conquista-cada-vez-mais-pais\/#primaryimage"},"thumbnailUrl":"https:\/\/www.correiobraziliense.com.br\/cbradar\/wp-content\/uploads\/2025\/11\/freepik__retrato-hiperrealista-de-uma-mulher-brasileira-adu__60395.jpeg","datePublished":"2025-11-25T14:05:00+00:00","author":{"@id":"https:\/\/www.correiobraziliense.com.br\/cbradar\/#\/schema\/person\/58422787644df994b53a19d3e56c1513"},"description":"Descubra o encanto de Xana: mitologia asturiana em um nome breve e significativo, conquistando cora\u00e7\u00f5es de novos pais em toda a Espanha.","breadcrumb":{"@id":"https:\/\/www.correiobraziliense.com.br\/cbradar\/o-nome-de-menina-com-quatro-letras-que-conquista-cada-vez-mais-pais\/#breadcrumb"},"inLanguage":"pt-BR","potentialAction":[{"@type":"ReadAction","target":["https:\/\/www.correiobraziliense.com.br\/cbradar\/o-nome-de-menina-com-quatro-letras-que-conquista-cada-vez-mais-pais\/"]}]},{"@type":"ImageObject","inLanguage":"pt-BR","@id":"https:\/\/www.correiobraziliense.com.br\/cbradar\/o-nome-de-menina-com-quatro-letras-que-conquista-cada-vez-mais-pais\/#primaryimage","url":"https:\/\/www.correiobraziliense.com.br\/cbradar\/wp-content\/uploads\/2025\/11\/freepik__retrato-hiperrealista-de-uma-mulher-brasileira-adu__60395.jpeg","contentUrl":"https:\/\/www.correiobraziliense.com.br\/cbradar\/wp-content\/uploads\/2025\/11\/freepik__retrato-hiperrealista-de-uma-mulher-brasileira-adu__60395.jpeg","width":1280,"height":720,"caption":"Nome mitol\u00f3gico que preserva a identidade cultural asturiana"},{"@type":"BreadcrumbList","@id":"https:\/\/www.correiobraziliense.com.br\/cbradar\/o-nome-de-menina-com-quatro-letras-que-conquista-cada-vez-mais-pais\/#breadcrumb","itemListElement":[{"@type":"ListItem","position":1,"name":"In\u00edcio","item":"https:\/\/www.correiobraziliense.com.br\/cbradar\/"},{"@type":"ListItem","position":2,"name":"O nome de menina com quatro letras que conquista cada vez mais pais"}]},{"@type":"WebSite","@id":"https:\/\/www.correiobraziliense.com.br\/cbradar\/#website","url":"https:\/\/www.correiobraziliense.com.br\/cbradar\/","name":"Correio Braziliense - Radar","description":"Acompanhe as \u00faltimas not\u00edcias e fique bem informado sobre tudo o que acontece no Brasil e no mundo.","potentialAction":[{"@type":"SearchAction","target":{"@type":"EntryPoint","urlTemplate":"https:\/\/www.correiobraziliense.com.br\/cbradar\/?s={search_term_string}"},"query-input":{"@type":"PropertyValueSpecification","valueRequired":true,"valueName":"search_term_string"}}],"inLanguage":"pt-BR"},{"@type":"Person","@id":"https:\/\/www.correiobraziliense.com.br\/cbradar\/#\/schema\/person\/58422787644df994b53a19d3e56c1513","name":"Larissa Carvalho","image":{"@type":"ImageObject","inLanguage":"pt-BR","@id":"https:\/\/www.correiobraziliense.com.br\/cbradar\/#\/schema\/person\/image\/","url":"https:\/\/secure.gravatar.com\/avatar\/fe4f91a0de32b52a838d0d612abdc1aa?s=96&d=mm&r=g","contentUrl":"https:\/\/secure.gravatar.com\/avatar\/fe4f91a0de32b52a838d0d612abdc1aa?s=96&d=mm&r=g","caption":"Larissa Carvalho"},"url":"https:\/\/www.correiobraziliense.com.br\/cbradar\/author\/larissamyth\/"}]}},"_links":{"self":[{"href":"https:\/\/www.correiobraziliense.com.br\/cbradar\/wp-json\/wp\/v2\/posts\/142981","targetHints":{"allow":["GET"]}}],"collection":[{"href":"https:\/\/www.correiobraziliense.com.br\/cbradar\/wp-json\/wp\/v2\/posts"}],"about":[{"href":"https:\/\/www.correiobraziliense.com.br\/cbradar\/wp-json\/wp\/v2\/types\/post"}],"author":[{"embeddable":true,"href":"https:\/\/www.correiobraziliense.com.br\/cbradar\/wp-json\/wp\/v2\/users\/3"}],"replies":[{"embeddable":true,"href":"https:\/\/www.correiobraziliense.com.br\/cbradar\/wp-json\/wp\/v2\/comments?post=142981"}],"version-history":[{"count":2,"href":"https:\/\/www.correiobraziliense.com.br\/cbradar\/wp-json\/wp\/v2\/posts\/142981\/revisions"}],"predecessor-version":[{"id":142994,"href":"https:\/\/www.correiobraziliense.com.br\/cbradar\/wp-json\/wp\/v2\/posts\/142981\/revisions\/142994"}],"wp:featuredmedia":[{"embeddable":true,"href":"https:\/\/www.correiobraziliense.com.br\/cbradar\/wp-json\/wp\/v2\/media\/144244"}],"wp:attachment":[{"href":"https:\/\/www.correiobraziliense.com.br\/cbradar\/wp-json\/wp\/v2\/media?parent=142981"}],"wp:term":[{"taxonomy":"category","embeddable":true,"href":"https:\/\/www.correiobraziliense.com.br\/cbradar\/wp-json\/wp\/v2\/categories?post=142981"},{"taxonomy":"post_tag","embeddable":true,"href":"https:\/\/www.correiobraziliense.com.br\/cbradar\/wp-json\/wp\/v2\/tags?post=142981"}],"curies":[{"name":"wp","href":"https:\/\/api.w.org\/{rel}","templated":true}]}}