{"id":143007,"date":"2025-11-26T06:45:00","date_gmt":"2025-11-26T09:45:00","guid":{"rendered":"https:\/\/www.correiobraziliense.com.br\/cbradar\/?p=143007"},"modified":"2025-11-25T13:43:27","modified_gmt":"2025-11-25T16:43:27","slug":"os-nomes-de-bebes-mais-populares-para-2026","status":"publish","type":"post","link":"https:\/\/www.correiobraziliense.com.br\/cbradar\/os-nomes-de-bebes-mais-populares-para-2026\/","title":{"rendered":"Os nomes de beb\u00eas mais populares para 2026"},"content":{"rendered":"\n<p>No decorrer dos anos, o olhar sobre como os pais escolhem os nomes para seus filhos reflete tend\u00eancias sociais e culturais, trazendo uma nova perspectiva sobre o significado e a relev\u00e2ncia dessas escolhas. Em 2026, <strong>as prefer\u00eancias de nomes para beb\u00eas continuam sendo moldadas por influ\u00eancias externas<\/strong>, demonstrando o quanto a sociedade moderna valoriza a cultura pop, \u00edcones midi\u00e1ticos e tend\u00eancias vindas do exterior.<\/p>\n\n\n\n<h2 class=\"wp-block-heading\">Quais tend\u00eancias predominam nos nomes de beb\u00eas em 2026<\/h2>\n\n\n\n<p>Neste ano, <strong>novos nomes como Eliana e Aurora ganham destaque<\/strong> e entram no top 10 para meninas, ocupando lugares de antigos favoritos. Entre os meninos, nomes como <strong>Luca<\/strong> se destacam ao lado dos j\u00e1 recorrentes Noah, Liam e Oliver. Essas tend\u00eancias mostram a constante transforma\u00e7\u00e3o das escolhas, com influ\u00eancias culturais cada vez mais evidentes.<\/p>\n\n\n\n<p>Pesquisas recentes tamb\u00e9m apontam que nomes curtos e de f\u00e1cil pron\u00fancia t\u00eam conquistado muitos pais, al\u00e9m de alternativas internacionais que se adaptam ao idioma local. Isso refor\u00e7a como a atualiza\u00e7\u00e3o cultural influencia as escolhas dos nomes a cada ano. Nos \u00faltimos meses, tem crescido o interesse em nomes neutros ou unissex, como Alex e Sam, refletindo debates sociais sobre identidade e inclus\u00e3o.<\/p>\n\n\n\n<p>O perfil @babynameees traz os nomes que s\u00e3o tend\u00eancia para 2026:<\/p>\n\n\n\n<blockquote class=\"tiktok-embed\" cite=\"https:\/\/www.tiktok.com\/@babynameees\/video\/7533036130099416325\" data-video-id=\"7533036130099416325\" style=\"max-width: 605px;min-width: 325px;\" > <section> <a target=\"_blank\" title=\"@babynameees\" href=\"https:\/\/www.tiktok.com\/@babynameees?refer=embed\">@babynameees<\/a> Nomes que ser\u00e3o tend\u00eancia em 2026\ud83d\udc99 . . . <a title=\"nomesdebebes\" target=\"_blank\" href=\"https:\/\/www.tiktok.com\/tag\/nomesdebebes?refer=embed\">#nomesdebebes<\/a> <a title=\"bebe\" target=\"_blank\" href=\"https:\/\/www.tiktok.com\/tag\/bebe?refer=embed\">#bebe<\/a>  <a title=\"maedemenino\" target=\"_blank\" href=\"https:\/\/www.tiktok.com\/tag\/maedemenino?refer=embed\">#maedemenino<\/a>  <a title=\"tendencia\" target=\"_blank\" href=\"https:\/\/www.tiktok.com\/tag\/tendencia?refer=embed\">#tendencia<\/a>  <a title=\"maternidade\" target=\"_blank\" href=\"https:\/\/www.tiktok.com\/tag\/maternidade?refer=embed\">#maternidade<\/a> <a target=\"_blank\" title=\"\u266c Stories 2 - Danilo Stankovic\" href=\"https:\/\/www.tiktok.com\/music\/Stories-2-6777279827805390850?refer=embed\">\u266c Stories 2 &#8211; Danilo Stankovic<\/a> <\/section> <\/blockquote> <script async src=\"https:\/\/www.tiktok.com\/embed.js\"><\/script>\n\n\n\n<h2 class=\"wp-block-heading\">Como pop, m\u00eddia e celebridades influenciam as escolhas de nomes atualmente<\/h2>\n\n\n\n<p>O crescimento das redes sociais e do streaming faz com que a <strong>popularidade dos nomes de beb\u00eas esteja fortemente associada \u00e0 cultura pop<\/strong>. Hoje, <strong>figuras p\u00fablicas, produ\u00e7\u00f5es televisivas e personagens de filmes<\/strong> agregam novo valor e inspira\u00e7\u00e3o aos nomes, ultrapassando as escolhas meramente tradicionais.<\/p>\n\n\n\n<p>Atualmente, os pais buscam refer\u00eancias positivas em diversos meios, o que resulta em nomes inspirados em tend\u00eancias globais. Entre as influ\u00eancias mais presentes, destacam-se:<\/p>\n\n\n\n<ul class=\"wp-block-list\">\n<li>Celebridades do esporte e da m\u00fasica, como Beyonc\u00e9 e Lionel Messi<\/li>\n\n\n\n<li>Personagens de s\u00e9ries, desenhos animados e filmes populares<\/li>\n\n\n\n<li>Influenciadores digitais, youtubers e \u00edcones das redes sociais<\/li>\n<\/ul>\n\n\n\n<p>Al\u00e9m disso, nomes associados a protagonistas de produ\u00e7\u00f5es recentes, como personagens de s\u00e9ries internacionais e filmes de grande bilheteria, tamb\u00e9m t\u00eam ganhado espa\u00e7o nas listas de prefer\u00eancia dos pais.<\/p>\n\n\n\n<figure class=\"wp-block-image size-large\"><img decoding=\"async\" width=\"1024\" height=\"576\" src=\"https:\/\/www.correiobraziliense.com.br\/cbradar\/wp-content\/uploads\/2025\/11\/nomes_classicos_1280x720-1024x576.png\" alt=\"Os nomes de beb\u00eas mais populares para 2026\" class=\"wp-image-143002\" srcset=\"https:\/\/www.correiobraziliense.com.br\/cbradar\/wp-content\/uploads\/2025\/11\/nomes_classicos_1280x720-1024x576.png 1024w, https:\/\/www.correiobraziliense.com.br\/cbradar\/wp-content\/uploads\/2025\/11\/nomes_classicos_1280x720-300x169.png 300w, https:\/\/www.correiobraziliense.com.br\/cbradar\/wp-content\/uploads\/2025\/11\/nomes_classicos_1280x720-768x432.png 768w, https:\/\/www.correiobraziliense.com.br\/cbradar\/wp-content\/uploads\/2025\/11\/nomes_classicos_1280x720-750x422.png 750w, https:\/\/www.correiobraziliense.com.br\/cbradar\/wp-content\/uploads\/2025\/11\/nomes_classicos_1280x720-1140x641.png 1140w, https:\/\/www.correiobraziliense.com.br\/cbradar\/wp-content\/uploads\/2025\/11\/nomes_classicos_1280x720.png 1280w\" sizes=\"(max-width: 1024px) 100vw, 1024px\" \/><figcaption class=\"wp-element-caption\">Nomes curtos, delicados e de forte significado continuam em alta, incluindo cl\u00e1ssicos renovados como &#8220;Alice&#8221;\ufeff, &#8220;Helena&#8221;\ufeff e &#8220;Cec\u00edlia&#8221;\ufeff.<\/figcaption><\/figure>\n\n\n\n<p>Leia tamb\u00e9m: <a href=\"https:\/\/www.correiobraziliense.com.br\/cbradar\/nomes-de-meninas-dos-anos-60-que-estao-de-volta-a-moda\/\" target=\"_blank\" rel=\"noreferrer noopener\">Nomes de meninas dos anos 60 que est\u00e3o de volta \u00e0 moda<\/a><\/p>\n\n\n\n<h2 class=\"wp-block-heading\">Por que nomes antigos e modernos convivem nas escolhas das fam\u00edlias<\/h2>\n\n\n\n<p>O h\u00e1bito de escolher nomes que homenageiam parentes e tradi\u00e7\u00f5es resiste, mas caminha lado a lado com op\u00e7\u00f5es modernas e exclusivas. A combina\u00e7\u00e3o entre <strong>resgate da mem\u00f3ria familiar<\/strong> e <strong>express\u00e3o de individualidade<\/strong> \u00e9 cada vez mais procurada pelos pais.<\/p>\n\n\n\n<p>A <strong>sonoridade marcante e a singularidade<\/strong> de certos nomes refletem o desejo de garantir que a crian\u00e7a tenha uma identidade aut\u00eantica, ao mesmo tempo em que carrega valores importantes da fam\u00edlia. Assim, nomes cl\u00e1ssicos e vers\u00f5es adaptadas convivem com inova\u00e7\u00f5es criativas. Nomes compostos e duplos, muitas vezes mesclando um nome tradicional com outro contempor\u00e2neo, t\u00eam surgido como uma solu\u00e7\u00e3o para unir gera\u00e7\u00f5es nas escolhas familiares.<\/p>\n\n\n\n<h2 class=\"wp-block-heading\">De que forma os nomes de beb\u00eas refletem mudan\u00e7as culturais e sociais<\/h2>\n\n\n\n<p>Mais do que uma forma de identificar, os nomes se tornaram <strong>espelhos das transforma\u00e7\u00f5es culturais e sociais<\/strong>. Fatores como pol\u00eamicas ou mudan\u00e7as no cen\u00e1rio midi\u00e1tico podem afetar rapidamente a popularidade de alguns nomes, mostrando como as escolhas se conectam com acontecimentos do momento.<\/p>\n\n\n\n<p>Ao acompanharem as discuss\u00f5es sobre <strong>representatividade, inclus\u00e3o e legado<\/strong>, as fam\u00edlias acabam documentando, por meio dos nomes, o esp\u00edrito e as mudan\u00e7as de sua \u00e9poca. Dentro desse contexto, a sele\u00e7\u00e3o dos nomes serve como um registro vivo da sociedade em constante evolu\u00e7\u00e3o.<\/p>\n","protected":false},"excerpt":{"rendered":"<p>Descubra as tend\u00eancias surpreendentes dos Nomes de Beb\u00eas para 2025: Olivia e Noah lideram, influenciados por \u00edcones da cultura pop!<\/p>\n","protected":false},"author":3,"featured_media":144860,"comment_status":"open","ping_status":"open","sticky":false,"template":"","format":"standard","meta":{"_yoast_wpseo_focuskw":"nomes mais populares 2026","_yoast_wpseo_title":"%%title%%","_yoast_wpseo_metadesc":"Descubra as tend\u00eancias surpreendentes dos Nomes de Beb\u00eas para 2026: Olivia e Noah lideram, influenciados por \u00edcones da cultura pop!","jnews-multi-image_gallery":[],"jnews_single_post":{"format":"standard"},"jnews_primary_category":[],"jnews_social_meta":[],"jnews_override_counter":[],"footnotes":""},"categories":[112],"tags":[144,9150,5202,11783],"class_list":["post-143007","post","type-post","status-publish","format-standard","has-post-thumbnail","hentry","category-curiosidades","tag-curiosidades","tag-nome","tag-nomes","tag-nomes-de-bebes"],"yoast_head":"<!-- This site is optimized with the Yoast SEO plugin v24.6 - https:\/\/yoast.com\/wordpress\/plugins\/seo\/ -->\n<title>Os nomes de beb\u00eas mais populares para 2026<\/title>\n<meta name=\"description\" content=\"Descubra as tend\u00eancias surpreendentes dos Nomes de Beb\u00eas para 2026: Olivia e Noah lideram, influenciados por \u00edcones da cultura pop!\" \/>\n<meta name=\"robots\" content=\"index, follow, max-snippet:-1, max-image-preview:large, max-video-preview:-1\" \/>\n<link rel=\"canonical\" href=\"https:\/\/www.correiobraziliense.com.br\/cbradar\/os-nomes-de-bebes-mais-populares-para-2026\/\" \/>\n<meta property=\"og:locale\" content=\"pt_BR\" \/>\n<meta property=\"og:type\" content=\"article\" \/>\n<meta property=\"og:title\" content=\"Os nomes de beb\u00eas mais populares para 2026\" \/>\n<meta property=\"og:description\" content=\"Descubra as tend\u00eancias surpreendentes dos Nomes de Beb\u00eas para 2026: Olivia e Noah lideram, influenciados por \u00edcones da cultura pop!\" \/>\n<meta property=\"og:url\" content=\"https:\/\/www.correiobraziliense.com.br\/cbradar\/os-nomes-de-bebes-mais-populares-para-2026\/\" \/>\n<meta property=\"og:site_name\" content=\"Correio Braziliense - Radar\" \/>\n<meta property=\"article:published_time\" content=\"2025-11-26T09:45:00+00:00\" \/>\n<meta property=\"og:image\" content=\"https:\/\/www.correiobraziliense.com.br\/cbradar\/wp-content\/uploads\/2025\/11\/freepik__cena-simblica-mostrando-a-tendncia-de-nomes-de-beb__71341.jpeg\" \/>\n\t<meta property=\"og:image:width\" content=\"1280\" \/>\n\t<meta property=\"og:image:height\" content=\"720\" \/>\n\t<meta property=\"og:image:type\" content=\"image\/jpeg\" \/>\n<meta name=\"author\" content=\"Larissa Carvalho\" \/>\n<meta name=\"twitter:card\" content=\"summary_large_image\" \/>\n<meta name=\"twitter:label1\" content=\"Escrito por\" \/>\n\t<meta name=\"twitter:data1\" content=\"Larissa Carvalho\" \/>\n\t<meta name=\"twitter:label2\" content=\"Est. tempo de leitura\" \/>\n\t<meta name=\"twitter:data2\" content=\"4 minutos\" \/>\n<!-- \/ Yoast SEO plugin. -->","yoast_head_json":{"title":"Os nomes de beb\u00eas mais populares para 2026","description":"Descubra as tend\u00eancias surpreendentes dos Nomes de Beb\u00eas para 2026: Olivia e Noah lideram, influenciados por \u00edcones da cultura pop!","robots":{"index":"index","follow":"follow","max-snippet":"max-snippet:-1","max-image-preview":"max-image-preview:large","max-video-preview":"max-video-preview:-1"},"canonical":"https:\/\/www.correiobraziliense.com.br\/cbradar\/os-nomes-de-bebes-mais-populares-para-2026\/","og_locale":"pt_BR","og_type":"article","og_title":"Os nomes de beb\u00eas mais populares para 2026","og_description":"Descubra as tend\u00eancias surpreendentes dos Nomes de Beb\u00eas para 2026: Olivia e Noah lideram, influenciados por \u00edcones da cultura pop!","og_url":"https:\/\/www.correiobraziliense.com.br\/cbradar\/os-nomes-de-bebes-mais-populares-para-2026\/","og_site_name":"Correio Braziliense - Radar","article_published_time":"2025-11-26T09:45:00+00:00","og_image":[{"width":1280,"height":720,"url":"https:\/\/www.correiobraziliense.com.br\/cbradar\/wp-content\/uploads\/2025\/11\/freepik__cena-simblica-mostrando-a-tendncia-de-nomes-de-beb__71341.jpeg","type":"image\/jpeg"}],"author":"Larissa Carvalho","twitter_card":"summary_large_image","twitter_misc":{"Escrito por":"Larissa Carvalho","Est. tempo de leitura":"4 minutos"},"schema":{"@context":"https:\/\/schema.org","@graph":[{"@type":"WebPage","@id":"https:\/\/www.correiobraziliense.com.br\/cbradar\/os-nomes-de-bebes-mais-populares-para-2026\/","url":"https:\/\/www.correiobraziliense.com.br\/cbradar\/os-nomes-de-bebes-mais-populares-para-2026\/","name":"Os nomes de beb\u00eas mais populares para 2026","isPartOf":{"@id":"https:\/\/www.correiobraziliense.com.br\/cbradar\/#website"},"primaryImageOfPage":{"@id":"https:\/\/www.correiobraziliense.com.br\/cbradar\/os-nomes-de-bebes-mais-populares-para-2026\/#primaryimage"},"image":{"@id":"https:\/\/www.correiobraziliense.com.br\/cbradar\/os-nomes-de-bebes-mais-populares-para-2026\/#primaryimage"},"thumbnailUrl":"https:\/\/www.correiobraziliense.com.br\/cbradar\/wp-content\/uploads\/2025\/11\/freepik__cena-simblica-mostrando-a-tendncia-de-nomes-de-beb__71341.jpeg","datePublished":"2025-11-26T09:45:00+00:00","author":{"@id":"https:\/\/www.correiobraziliense.com.br\/cbradar\/#\/schema\/person\/58422787644df994b53a19d3e56c1513"},"description":"Descubra as tend\u00eancias surpreendentes dos Nomes de Beb\u00eas para 2026: Olivia e Noah lideram, influenciados por \u00edcones da cultura pop!","breadcrumb":{"@id":"https:\/\/www.correiobraziliense.com.br\/cbradar\/os-nomes-de-bebes-mais-populares-para-2026\/#breadcrumb"},"inLanguage":"pt-BR","potentialAction":[{"@type":"ReadAction","target":["https:\/\/www.correiobraziliense.com.br\/cbradar\/os-nomes-de-bebes-mais-populares-para-2026\/"]}]},{"@type":"ImageObject","inLanguage":"pt-BR","@id":"https:\/\/www.correiobraziliense.com.br\/cbradar\/os-nomes-de-bebes-mais-populares-para-2026\/#primaryimage","url":"https:\/\/www.correiobraziliense.com.br\/cbradar\/wp-content\/uploads\/2025\/11\/freepik__cena-simblica-mostrando-a-tendncia-de-nomes-de-beb__71341.jpeg","contentUrl":"https:\/\/www.correiobraziliense.com.br\/cbradar\/wp-content\/uploads\/2025\/11\/freepik__cena-simblica-mostrando-a-tendncia-de-nomes-de-beb__71341.jpeg","width":1280,"height":720,"caption":"Influ\u00eancia da cultura pop moldando escolhas de nomes"},{"@type":"BreadcrumbList","@id":"https:\/\/www.correiobraziliense.com.br\/cbradar\/os-nomes-de-bebes-mais-populares-para-2026\/#breadcrumb","itemListElement":[{"@type":"ListItem","position":1,"name":"In\u00edcio","item":"https:\/\/www.correiobraziliense.com.br\/cbradar\/"},{"@type":"ListItem","position":2,"name":"Os nomes de beb\u00eas mais populares para 2026"}]},{"@type":"WebSite","@id":"https:\/\/www.correiobraziliense.com.br\/cbradar\/#website","url":"https:\/\/www.correiobraziliense.com.br\/cbradar\/","name":"Correio Braziliense - Radar","description":"Acompanhe as \u00faltimas not\u00edcias e fique bem informado sobre tudo o que acontece no Brasil e no mundo.","potentialAction":[{"@type":"SearchAction","target":{"@type":"EntryPoint","urlTemplate":"https:\/\/www.correiobraziliense.com.br\/cbradar\/?s={search_term_string}"},"query-input":{"@type":"PropertyValueSpecification","valueRequired":true,"valueName":"search_term_string"}}],"inLanguage":"pt-BR"},{"@type":"Person","@id":"https:\/\/www.correiobraziliense.com.br\/cbradar\/#\/schema\/person\/58422787644df994b53a19d3e56c1513","name":"Larissa Carvalho","image":{"@type":"ImageObject","inLanguage":"pt-BR","@id":"https:\/\/www.correiobraziliense.com.br\/cbradar\/#\/schema\/person\/image\/","url":"https:\/\/secure.gravatar.com\/avatar\/fe4f91a0de32b52a838d0d612abdc1aa?s=96&d=mm&r=g","contentUrl":"https:\/\/secure.gravatar.com\/avatar\/fe4f91a0de32b52a838d0d612abdc1aa?s=96&d=mm&r=g","caption":"Larissa Carvalho"},"url":"https:\/\/www.correiobraziliense.com.br\/cbradar\/author\/larissamyth\/"}]}},"_links":{"self":[{"href":"https:\/\/www.correiobraziliense.com.br\/cbradar\/wp-json\/wp\/v2\/posts\/143007","targetHints":{"allow":["GET"]}}],"collection":[{"href":"https:\/\/www.correiobraziliense.com.br\/cbradar\/wp-json\/wp\/v2\/posts"}],"about":[{"href":"https:\/\/www.correiobraziliense.com.br\/cbradar\/wp-json\/wp\/v2\/types\/post"}],"author":[{"embeddable":true,"href":"https:\/\/www.correiobraziliense.com.br\/cbradar\/wp-json\/wp\/v2\/users\/3"}],"replies":[{"embeddable":true,"href":"https:\/\/www.correiobraziliense.com.br\/cbradar\/wp-json\/wp\/v2\/comments?post=143007"}],"version-history":[{"count":2,"href":"https:\/\/www.correiobraziliense.com.br\/cbradar\/wp-json\/wp\/v2\/posts\/143007\/revisions"}],"predecessor-version":[{"id":143012,"href":"https:\/\/www.correiobraziliense.com.br\/cbradar\/wp-json\/wp\/v2\/posts\/143007\/revisions\/143012"}],"wp:featuredmedia":[{"embeddable":true,"href":"https:\/\/www.correiobraziliense.com.br\/cbradar\/wp-json\/wp\/v2\/media\/144860"}],"wp:attachment":[{"href":"https:\/\/www.correiobraziliense.com.br\/cbradar\/wp-json\/wp\/v2\/media?parent=143007"}],"wp:term":[{"taxonomy":"category","embeddable":true,"href":"https:\/\/www.correiobraziliense.com.br\/cbradar\/wp-json\/wp\/v2\/categories?post=143007"},{"taxonomy":"post_tag","embeddable":true,"href":"https:\/\/www.correiobraziliense.com.br\/cbradar\/wp-json\/wp\/v2\/tags?post=143007"}],"curies":[{"name":"wp","href":"https:\/\/api.w.org\/{rel}","templated":true}]}}