{"id":143055,"date":"2025-11-25T22:55:00","date_gmt":"2025-11-26T01:55:00","guid":{"rendered":"https:\/\/www.correiobraziliense.com.br\/cbradar\/?p=143055"},"modified":"2025-11-24T15:06:49","modified_gmt":"2025-11-24T18:06:49","slug":"o-que-acontece-quando-voce-come-semente-de-abobora-por-15-dias-seguidos","status":"publish","type":"post","link":"https:\/\/www.correiobraziliense.com.br\/cbradar\/o-que-acontece-quando-voce-come-semente-de-abobora-por-15-dias-seguidos\/","title":{"rendered":"O que acontece quando voc\u00ea come semente de ab\u00f3bora por 15 dias seguidos?"},"content":{"rendered":"\n<p>Consumir sementes de ab\u00f3bora diariamente \u00e9 uma interven\u00e7\u00e3o diet\u00e9tica poderosa. Em apenas 15 dias, o corpo sente os efeitos do aporte concentrado de <strong>magn\u00e9sio<\/strong>, <strong>zinco<\/strong> e <strong>triptofano<\/strong>, resultando em melhorias r\u00e1pidas no relaxamento, na qualidade do sono e na sa\u00fade intestinal.<\/p>\n\n\n\n<h2 class=\"wp-block-heading\">Qual o impacto do magn\u00e9sio no sono e na ansiedade?<\/h2>\n\n\n\n<p>O magn\u00e9sio, abundante nas sementes, \u00e9 o &#8220;mineral do relaxamento&#8221;. Ele \u00e9 vital para a fun\u00e7\u00e3o do <strong>GABA<\/strong> (neurotransmissor calmante), ajudando o c\u00e9rebro a desacelerar a atividade excessiva e a reduzir a ansiedade.<\/p>\n\n\n\n<p><a href=\"https:\/\/www.ncbi.nlm.nih.gov\/pmc\/articles\/PMC5452159\/\" target=\"_blank\" rel=\"noreferrer noopener\">A suplementa\u00e7\u00e3o natural com magn\u00e9sio (<strong>NIH<\/strong>)<\/a> ajuda a relaxar os m\u00fasculos e a mente. Em 15 dias, voc\u00ea deve notar uma lat\u00eancia de sono reduzida e menos espasmos noturnos.<\/p>\n\n\n\n<p>No v\u00eddeo a seguir, a <strong><em>Nutricionista Jamile Ruffo<\/em><\/strong> explica alguns benef\u00edcios da semente de ab\u00f3bora:<\/p>\n\n\n\n<blockquote class=\"tiktok-embed\" cite=\"https:\/\/www.tiktok.com\/@nutri.ruffo\/video\/7489881083245268279\" data-video-id=\"7489881083245268279\" style=\"max-width: 605px;min-width: 325px;\" > <section> <a target=\"_blank\" title=\"@nutri.ruffo\" href=\"https:\/\/www.tiktok.com\/@nutri.ruffo?refer=embed\">@nutri.ruffo<\/a> Semente que melhora humor, sono, imunidade, colesterol e glicose <a title=\"diabetes\" target=\"_blank\" href=\"https:\/\/www.tiktok.com\/tag\/diabetes?refer=embed\">#diabetes<\/a> <a title=\"colesterol\" target=\"_blank\" href=\"https:\/\/www.tiktok.com\/tag\/colesterol?refer=embed\">#colesterol<\/a> <a title=\"insonia\" target=\"_blank\" href=\"https:\/\/www.tiktok.com\/tag\/insonia?refer=embed\">#insonia<\/a> <a title=\"melhoradohumor\" target=\"_blank\" href=\"https:\/\/www.tiktok.com\/tag\/melhoradohumor?refer=embed\">#melhoradohumor<\/a> <a target=\"_blank\" title=\"\u266c som original - Jamile Ruffo\" href=\"https:\/\/www.tiktok.com\/music\/som-original-7489881097269775159?refer=embed\">\u266c som original &#8211; Jamile Ruffo<\/a> <\/section> <\/blockquote> <script async src=\"https:\/\/www.tiktok.com\/embed.js\"><\/script>\n\n\n\n<h2 class=\"wp-block-heading\">O que acontece com a sa\u00fade intestinal e a digest\u00e3o?<\/h2>\n\n\n\n<p>As sementes s\u00e3o ricas em <strong>fibras<\/strong> (sol\u00faveis e insol\u00faveis). O aumento consistente da fibra em 15 dias melhora a regularidade intestinal, combatendo a constipa\u00e7\u00e3o (pris\u00e3o de ventre).<\/p>\n\n\n\n<p>A fibra sol\u00favel tamb\u00e9m atua como <strong>prebi\u00f3tico<\/strong>, alimentando as bact\u00e9rias ben\u00e9ficas do intestino. Isso fortalece a barreira intestinal e a sa\u00fade do microbioma.<\/p>\n\n\n\n<p>Leia tamb\u00e9m: <a href=\"https:\/\/www.correiobraziliense.com.br\/cbradar\/sintomas-de-que-seu-corpo-nao-esta-absorvendo-bem-as-vitaminas\" target=\"_blank\" rel=\"noreferrer noopener\">Sintomas de que seu corpo n\u00e3o est\u00e1 absorvendo bem as vitaminas<\/a><\/p>\n\n\n\n<h2 class=\"wp-block-heading\">Como o zinco protege a imunidade e a sa\u00fade masculina?<\/h2>\n\n\n\n<p>O <strong>zinco<\/strong> \u00e9 um mineral essencial para a <strong>fun\u00e7\u00e3o imunol\u00f3gica<\/strong>, atuando na matura\u00e7\u00e3o das c\u00e9lulas de defesa (T-cells). Sua ingest\u00e3o di\u00e1ria pode fortalecer as defesas do corpo em um curto per\u00edodo.<\/p>\n\n\n\n<p>A semente tamb\u00e9m \u00e9 rica em <strong>fitoester\u00f3is<\/strong>, e a combina\u00e7\u00e3o com zinco \u00e9 especialmente ben\u00e9fica para a sa\u00fade da pr\u00f3stata, ajudando a prevenir inflama\u00e7\u00f5es.<\/p>\n\n\n\n<h2 class=\"wp-block-heading\">A energia e a fadiga melhoram rapidamente?<\/h2>\n\n\n\n<p>Sim. O magn\u00e9sio \u00e9 crucial para a produ\u00e7\u00e3o de <strong>ATP<\/strong> (energia celular). Com os estoques sendo reabastecidos diariamente, a fadiga cr\u00f4nica ligada \u00e0 defici\u00eancia de magn\u00e9sio come\u00e7a a diminuir.<\/p>\n\n\n\n<p>Al\u00e9m disso, as sementes cont\u00eam <strong>triptofano<\/strong>, que o corpo converte em serotonina (humor). Isso ajuda a estabilizar o humor e a disposi\u00e7\u00e3o durante o dia.<\/p>\n\n\n<div class=\"wp-block-image\">\n<figure class=\"aligncenter size-large\"><img decoding=\"async\" width=\"1024\" height=\"576\" src=\"https:\/\/www.correiobraziliense.com.br\/cbradar\/wp-content\/uploads\/2025\/11\/mosaico_1761966990651-1024x576.jpg\" alt=\"Por que muitas pessoas se sentem exaustas mesmo dormindo o suficiente?\" class=\"wp-image-129201\" srcset=\"https:\/\/www.correiobraziliense.com.br\/cbradar\/wp-content\/uploads\/2025\/11\/mosaico_1761966990651-1024x576.jpg 1024w, https:\/\/www.correiobraziliense.com.br\/cbradar\/wp-content\/uploads\/2025\/11\/mosaico_1761966990651-300x169.jpg 300w, https:\/\/www.correiobraziliense.com.br\/cbradar\/wp-content\/uploads\/2025\/11\/mosaico_1761966990651-768x432.jpg 768w, https:\/\/www.correiobraziliense.com.br\/cbradar\/wp-content\/uploads\/2025\/11\/mosaico_1761966990651-750x422.jpg 750w, https:\/\/www.correiobraziliense.com.br\/cbradar\/wp-content\/uploads\/2025\/11\/mosaico_1761966990651-1140x641.jpg 1140w, https:\/\/www.correiobraziliense.com.br\/cbradar\/wp-content\/uploads\/2025\/11\/mosaico_1761966990651.jpg 1280w\" sizes=\"(max-width: 1024px) 100vw, 1024px\" \/><figcaption class=\"wp-element-caption\">Efeitos do consumo di\u00e1rio de semente de ab\u00f3bora ao longo de quinze dias &#8211; Cr\u00e9ditos: depositphotos.com \/ serezniy &#8211; Cr\u00e9ditos: depositphotos.com \/ HayDmitriy<br><\/figcaption><\/figure><\/div>\n\n\n<p>Leia tamb\u00e9m: <a href=\"https:\/\/www.correiobraziliense.com.br\/cbradar\/o-mineral-essencial-para-manter-ossos-fortes-apos-os-40-anos\" target=\"_blank\" rel=\"noreferrer noopener\">O mineral essencial para manter ossos fortes ap\u00f3s os 40 anos<\/a><\/p>\n\n\n\n<h2 class=\"wp-block-heading\">Qual \u00e9 a dose di\u00e1ria recomendada e os cuidados?<\/h2>\n\n\n\n<p>A dose ideal \u00e9 cerca de <strong>30 gramas<\/strong> (um punhado fechado) por dia. \u00c9 crucial n\u00e3o exagerar, pois as sementes s\u00e3o cal\u00f3ricas (gordura) e ricas em f\u00f3sforo e pot\u00e1ssio (o excesso \u00e9 perigoso para rins doentes).<\/p>\n\n\n\n<p>Para garantir a seguran\u00e7a e a m\u00e1xima absor\u00e7\u00e3o em 15 dias, siga estas diretrizes:<\/p>\n\n\n\n<ul class=\"wp-block-list\">\n<li><strong>Triture ou mastigue bem:<\/strong> A casca \u00e9 dura; triturar (ou mastigar) maximiza a absor\u00e7\u00e3o.<\/li>\n\n\n\n<li><strong>Hidrate-se:<\/strong> Beba bastante \u00e1gua para auxiliar a digest\u00e3o das fibras e evitar constipa\u00e7\u00e3o.<\/li>\n\n\n\n<li><strong>Modera\u00e7\u00e3o:<\/strong> Limite-se a 30g\/dia (um punhado) para controlar a ingest\u00e3o cal\u00f3rica e de f\u00f3sforo.<\/li>\n\n\n\n<li><strong>Forma:<\/strong> Prefira a semente <em>crua<\/em> e sem sal ou torra (para preservar as gorduras saud\u00e1veis).<\/li>\n<\/ul>\n","protected":false},"excerpt":{"rendered":"<p>Consumir sementes de ab\u00f3bora diariamente \u00e9 uma interven\u00e7\u00e3o diet\u00e9tica poderosa. Em apenas 15 dias, o corpo sente os efeitos do aporte concentrado de magn\u00e9sio, zinco e triptofano, resultando em melhorias r\u00e1pidas no relaxamento, na qualidade do sono e na sa\u00fade intestinal. Qual o impacto do magn\u00e9sio no sono e na ansiedade? O magn\u00e9sio, abundante nas [&hellip;]<\/p>\n","protected":false},"author":11,"featured_media":144224,"comment_status":"open","ping_status":"open","sticky":false,"template":"","format":"standard","meta":{"_yoast_wpseo_focuskw":"semente de abobora 15 dias","_yoast_wpseo_title":"","_yoast_wpseo_metadesc":"Consumir semente de ab\u00f3bora por quinze dias seguidos pode gerar efeitos not\u00e1veis no corpo trazendo sensa\u00e7\u00e3o de equil\u00edbrio e vitalidade","jnews-multi-image_gallery":[],"jnews_single_post":{"format":"standard"},"jnews_primary_category":[],"jnews_social_meta":[],"jnews_override_counter":[],"footnotes":""},"categories":[119],"post_tag":[10582,1318,8921],"class_list":["post-143055","post","type-post","status-publish","format-standard","has-post-thumbnail","hentry","category-bem-estar","tag-abobora-2","tag-saude-2","tag-semente"],"yoast_head":"<!-- This site is optimized with the Yoast SEO plugin v24.6 - https:\/\/yoast.com\/wordpress\/plugins\/seo\/ -->\n<title>O que acontece quando voc\u00ea come semente de ab\u00f3bora por 15 dias seguidos? - Correio Braziliense - Radar<\/title>\n<meta name=\"description\" content=\"Consumir semente de ab\u00f3bora por quinze dias seguidos pode gerar efeitos not\u00e1veis no corpo trazendo sensa\u00e7\u00e3o de equil\u00edbrio e vitalidade\" \/>\n<meta name=\"robots\" content=\"index, follow, max-snippet:-1, max-image-preview:large, max-video-preview:-1\" \/>\n<link rel=\"canonical\" href=\"https:\/\/www.correiobraziliense.com.br\/cbradar\/o-que-acontece-quando-voce-come-semente-de-abobora-por-15-dias-seguidos\/\" \/>\n<meta property=\"og:locale\" content=\"pt_BR\" \/>\n<meta property=\"og:type\" content=\"article\" \/>\n<meta property=\"og:title\" content=\"O que acontece quando voc\u00ea come semente de ab\u00f3bora por 15 dias seguidos? - Correio Braziliense - Radar\" \/>\n<meta property=\"og:description\" content=\"Consumir semente de ab\u00f3bora por quinze dias seguidos pode gerar efeitos not\u00e1veis no corpo trazendo sensa\u00e7\u00e3o de equil\u00edbrio e vitalidade\" \/>\n<meta property=\"og:url\" content=\"https:\/\/www.correiobraziliense.com.br\/cbradar\/o-que-acontece-quando-voce-come-semente-de-abobora-por-15-dias-seguidos\/\" \/>\n<meta property=\"og:site_name\" content=\"Correio Braziliense - Radar\" \/>\n<meta property=\"article:published_time\" content=\"2025-11-26T01:55:00+00:00\" \/>\n<meta property=\"og:image\" content=\"https:\/\/www.correiobraziliense.com.br\/cbradar\/wp-content\/uploads\/2025\/11\/freepik__cena-serena-com-tons-verdes-suaves-mostrando-uma-m__60389.jpeg\" \/>\n\t<meta property=\"og:image:width\" content=\"1280\" \/>\n\t<meta property=\"og:image:height\" content=\"720\" \/>\n\t<meta property=\"og:image:type\" content=\"image\/jpeg\" \/>\n<meta name=\"author\" content=\"Paulo Custodio\" \/>\n<meta name=\"twitter:card\" content=\"summary_large_image\" \/>\n<meta name=\"twitter:label1\" content=\"Escrito por\" \/>\n\t<meta name=\"twitter:data1\" content=\"Paulo Custodio\" \/>\n\t<meta name=\"twitter:label2\" content=\"Est. tempo de leitura\" \/>\n\t<meta name=\"twitter:data2\" content=\"4 minutos\" \/>\n<!-- \/ Yoast SEO plugin. -->","yoast_head_json":{"title":"O que acontece quando voc\u00ea come semente de ab\u00f3bora por 15 dias seguidos? - Correio Braziliense - Radar","description":"Consumir semente de ab\u00f3bora por quinze dias seguidos pode gerar efeitos not\u00e1veis no corpo trazendo sensa\u00e7\u00e3o de equil\u00edbrio e vitalidade","robots":{"index":"index","follow":"follow","max-snippet":"max-snippet:-1","max-image-preview":"max-image-preview:large","max-video-preview":"max-video-preview:-1"},"canonical":"https:\/\/www.correiobraziliense.com.br\/cbradar\/o-que-acontece-quando-voce-come-semente-de-abobora-por-15-dias-seguidos\/","og_locale":"pt_BR","og_type":"article","og_title":"O que acontece quando voc\u00ea come semente de ab\u00f3bora por 15 dias seguidos? - Correio Braziliense - Radar","og_description":"Consumir semente de ab\u00f3bora por quinze dias seguidos pode gerar efeitos not\u00e1veis no corpo trazendo sensa\u00e7\u00e3o de equil\u00edbrio e vitalidade","og_url":"https:\/\/www.correiobraziliense.com.br\/cbradar\/o-que-acontece-quando-voce-come-semente-de-abobora-por-15-dias-seguidos\/","og_site_name":"Correio Braziliense - Radar","article_published_time":"2025-11-26T01:55:00+00:00","og_image":[{"width":1280,"height":720,"url":"https:\/\/www.correiobraziliense.com.br\/cbradar\/wp-content\/uploads\/2025\/11\/freepik__cena-serena-com-tons-verdes-suaves-mostrando-uma-m__60389.jpeg","type":"image\/jpeg"}],"author":"Paulo Custodio","twitter_card":"summary_large_image","twitter_misc":{"Escrito por":"Paulo Custodio","Est. tempo de leitura":"4 minutos"},"schema":{"@context":"https:\/\/schema.org","@graph":[{"@type":"WebPage","@id":"https:\/\/www.correiobraziliense.com.br\/cbradar\/o-que-acontece-quando-voce-come-semente-de-abobora-por-15-dias-seguidos\/","url":"https:\/\/www.correiobraziliense.com.br\/cbradar\/o-que-acontece-quando-voce-come-semente-de-abobora-por-15-dias-seguidos\/","name":"O que acontece quando voc\u00ea come semente de ab\u00f3bora por 15 dias seguidos? - Correio Braziliense - Radar","isPartOf":{"@id":"https:\/\/www.correiobraziliense.com.br\/cbradar\/#website"},"primaryImageOfPage":{"@id":"https:\/\/www.correiobraziliense.com.br\/cbradar\/o-que-acontece-quando-voce-come-semente-de-abobora-por-15-dias-seguidos\/#primaryimage"},"image":{"@id":"https:\/\/www.correiobraziliense.com.br\/cbradar\/o-que-acontece-quando-voce-come-semente-de-abobora-por-15-dias-seguidos\/#primaryimage"},"thumbnailUrl":"https:\/\/www.correiobraziliense.com.br\/cbradar\/wp-content\/uploads\/2025\/11\/freepik__cena-serena-com-tons-verdes-suaves-mostrando-uma-m__60389.jpeg","datePublished":"2025-11-26T01:55:00+00:00","author":{"@id":"https:\/\/www.correiobraziliense.com.br\/cbradar\/#\/schema\/person\/4cec7857301a9a1a2ef249893cd908d3"},"description":"Consumir semente de ab\u00f3bora por quinze dias seguidos pode gerar efeitos not\u00e1veis no corpo trazendo sensa\u00e7\u00e3o de equil\u00edbrio e vitalidade","breadcrumb":{"@id":"https:\/\/www.correiobraziliense.com.br\/cbradar\/o-que-acontece-quando-voce-come-semente-de-abobora-por-15-dias-seguidos\/#breadcrumb"},"inLanguage":"pt-BR","potentialAction":[{"@type":"ReadAction","target":["https:\/\/www.correiobraziliense.com.br\/cbradar\/o-que-acontece-quando-voce-come-semente-de-abobora-por-15-dias-seguidos\/"]}]},{"@type":"ImageObject","inLanguage":"pt-BR","@id":"https:\/\/www.correiobraziliense.com.br\/cbradar\/o-que-acontece-quando-voce-come-semente-de-abobora-por-15-dias-seguidos\/#primaryimage","url":"https:\/\/www.correiobraziliense.com.br\/cbradar\/wp-content\/uploads\/2025\/11\/freepik__cena-serena-com-tons-verdes-suaves-mostrando-uma-m__60389.jpeg","contentUrl":"https:\/\/www.correiobraziliense.com.br\/cbradar\/wp-content\/uploads\/2025\/11\/freepik__cena-serena-com-tons-verdes-suaves-mostrando-uma-m__60389.jpeg","width":1280,"height":720,"caption":"Contribui\u00e7\u00e3o de minerais que favorecem o equil\u00edbrio do sistema nervoso"},{"@type":"BreadcrumbList","@id":"https:\/\/www.correiobraziliense.com.br\/cbradar\/o-que-acontece-quando-voce-come-semente-de-abobora-por-15-dias-seguidos\/#breadcrumb","itemListElement":[{"@type":"ListItem","position":1,"name":"In\u00edcio","item":"https:\/\/www.correiobraziliense.com.br\/cbradar\/"},{"@type":"ListItem","position":2,"name":"O que acontece quando voc\u00ea come semente de ab\u00f3bora por 15 dias seguidos?"}]},{"@type":"WebSite","@id":"https:\/\/www.correiobraziliense.com.br\/cbradar\/#website","url":"https:\/\/www.correiobraziliense.com.br\/cbradar\/","name":"Correio Braziliense - Radar","description":"Acompanhe as \u00faltimas not\u00edcias e fique bem informado sobre tudo o que acontece no Brasil e no mundo.","potentialAction":[{"@type":"SearchAction","target":{"@type":"EntryPoint","urlTemplate":"https:\/\/www.correiobraziliense.com.br\/cbradar\/?s={search_term_string}"},"query-input":{"@type":"PropertyValueSpecification","valueRequired":true,"valueName":"search_term_string"}}],"inLanguage":"pt-BR"},{"@type":"Person","@id":"https:\/\/www.correiobraziliense.com.br\/cbradar\/#\/schema\/person\/4cec7857301a9a1a2ef249893cd908d3","name":"Paulo Custodio","image":{"@type":"ImageObject","inLanguage":"pt-BR","@id":"https:\/\/www.correiobraziliense.com.br\/cbradar\/#\/schema\/person\/image\/","url":"https:\/\/secure.gravatar.com\/avatar\/bcd67168d1534e8fcf4f45c726a87cea?s=96&d=mm&r=g","contentUrl":"https:\/\/secure.gravatar.com\/avatar\/bcd67168d1534e8fcf4f45c726a87cea?s=96&d=mm&r=g","caption":"Paulo Custodio"},"sameAs":["https:\/\/www.correiobraziliense.com.br\/cbradar"],"url":"https:\/\/www.correiobraziliense.com.br\/cbradar\/author\/paulomyth\/"}]}},"_links":{"self":[{"href":"https:\/\/www.correiobraziliense.com.br\/cbradar\/wp-json\/wp\/v2\/posts\/143055","targetHints":{"allow":["GET"]}}],"collection":[{"href":"https:\/\/www.correiobraziliense.com.br\/cbradar\/wp-json\/wp\/v2\/posts"}],"about":[{"href":"https:\/\/www.correiobraziliense.com.br\/cbradar\/wp-json\/wp\/v2\/types\/post"}],"author":[{"embeddable":true,"href":"https:\/\/www.correiobraziliense.com.br\/cbradar\/wp-json\/wp\/v2\/users\/11"}],"replies":[{"embeddable":true,"href":"https:\/\/www.correiobraziliense.com.br\/cbradar\/wp-json\/wp\/v2\/comments?post=143055"}],"version-history":[{"count":2,"href":"https:\/\/www.correiobraziliense.com.br\/cbradar\/wp-json\/wp\/v2\/posts\/143055\/revisions"}],"predecessor-version":[{"id":144421,"href":"https:\/\/www.correiobraziliense.com.br\/cbradar\/wp-json\/wp\/v2\/posts\/143055\/revisions\/144421"}],"wp:featuredmedia":[{"embeddable":true,"href":"https:\/\/www.correiobraziliense.com.br\/cbradar\/wp-json\/wp\/v2\/media\/144224"}],"wp:attachment":[{"href":"https:\/\/www.correiobraziliense.com.br\/cbradar\/wp-json\/wp\/v2\/media?parent=143055"}],"wp:term":[{"taxonomy":"category","embeddable":true,"href":"https:\/\/www.correiobraziliense.com.br\/cbradar\/wp-json\/wp\/v2\/categories?post=143055"},{"taxonomy":"post_tag","embeddable":true,"href":"https:\/\/www.correiobraziliense.com.br\/cbradar\/wp-json\/wp\/v2\/post_tag?post=143055"}],"curies":[{"name":"wp","href":"https:\/\/api.w.org\/{rel}","templated":true}]}}