{"id":143083,"date":"2025-11-25T12:35:00","date_gmt":"2025-11-25T15:35:00","guid":{"rendered":"https:\/\/www.correiobraziliense.com.br\/cbradar\/?p=143083"},"modified":"2025-11-24T11:16:59","modified_gmt":"2025-11-24T14:16:59","slug":"a-raca-de-cachorro-conhecida-por-seu-grito-unico-em-vez-de-latido","status":"publish","type":"post","link":"https:\/\/www.correiobraziliense.com.br\/cbradar\/a-raca-de-cachorro-conhecida-por-seu-grito-unico-em-vez-de-latido\/","title":{"rendered":"A ra\u00e7a de cachorro conhecida por seu \u201cgrito\u201d \u00fanico em vez de latido"},"content":{"rendered":"\n<p>O Basenji \u00e9 uma ra\u00e7a canina de origem africana antiga, reconhecida por sua peculiaridade vocal e independ\u00eancia. Utilizados originalmente na ca\u00e7a e na prote\u00e7\u00e3o de aldeias, esses c\u00e3es compactos aparecem em arte rupestre e artefatos eg\u00edpcios antigos, o que comprova sua longa trajet\u00f3ria antes de ganharem fama como o &#8220;c\u00e3o que n\u00e3o late&#8221;.<\/p>\n\n\n\n<h2 class=\"wp-block-heading\">Por que o Basenji n\u00e3o late como outros c\u00e3es?<\/h2>\n\n\n\n<p>Os veterin\u00e1rios apontam que a estrutura \u00fanica da laringe do Basenji impede a produ\u00e7\u00e3o de latidos tradicionais. Em vez disso, o que ouvimos \u00e9 o <strong>&#8220;barroo&#8221;<\/strong>, semelhante a um yodel, que pode soar como um grito agudo e surpreendente para quem n\u00e3o conhece a ra\u00e7a.<\/p>\n\n\n\n<p>Al\u00e9m do Basenji, o <strong>C\u00e3o Cantor da Nova Guin\u00e9<\/strong> tamb\u00e9m possui vocaliza\u00e7\u00f5es \u00fanicas. Entretanto, o grito do Basenji permanece inconfund\u00edvel, tornando-se uma de suas marcas registradas entre os c\u00e3es dom\u00e9sticos.<\/p>\n\n\n\n<figure class=\"wp-block-image size-large\"><img decoding=\"async\" width=\"1024\" height=\"576\" src=\"https:\/\/www.correiobraziliense.com.br\/cbradar\/wp-content\/uploads\/2025\/11\/Cachorro-Basenji-Grito-Google-Discover-1024x576.png\" alt=\"A ra\u00e7a de cachorro conhecida por seu \u201cgrito\u201d \u00fanico em vez de latido\" class=\"wp-image-143085\" srcset=\"https:\/\/www.correiobraziliense.com.br\/cbradar\/wp-content\/uploads\/2025\/11\/Cachorro-Basenji-Grito-Google-Discover-1024x576.png 1024w, https:\/\/www.correiobraziliense.com.br\/cbradar\/wp-content\/uploads\/2025\/11\/Cachorro-Basenji-Grito-Google-Discover-300x169.png 300w, https:\/\/www.correiobraziliense.com.br\/cbradar\/wp-content\/uploads\/2025\/11\/Cachorro-Basenji-Grito-Google-Discover-768x432.png 768w, https:\/\/www.correiobraziliense.com.br\/cbradar\/wp-content\/uploads\/2025\/11\/Cachorro-Basenji-Grito-Google-Discover-750x422.png 750w, https:\/\/www.correiobraziliense.com.br\/cbradar\/wp-content\/uploads\/2025\/11\/Cachorro-Basenji-Grito-Google-Discover-1140x641.png 1140w, https:\/\/www.correiobraziliense.com.br\/cbradar\/wp-content\/uploads\/2025\/11\/Cachorro-Basenji-Grito-Google-Discover.png 1280w\" sizes=\"(max-width: 1024px) 100vw, 1024px\" \/><figcaption class=\"wp-element-caption\">Descubra o Basenji, o misterioso c\u00e3o africano que fascina com sua gra\u00e7a e sil\u00eancio \u00fanico.<\/figcaption><\/figure>\n\n\n\n<h2 class=\"wp-block-heading\">Como \u00e9 viver com um Basenji no dia a dia?<\/h2>\n\n\n\n<p>Ter um Basenji significa lidar com um animal \u00e1gil, inteligente e com forte instinto de ca\u00e7a. Ele costuma ser comparado a gatos pela sua higiene pessoal e independ\u00eancia, mas esse tra\u00e7o inclui uma tend\u00eancia de fuga surpreendente e persegui\u00e7\u00e3o de presas pequenas, exigindo aten\u00e7\u00e3o constante dos donos.<\/p>\n\n\n\n<p>Para ajudar no conv\u00edvio e controlar essa energia, atividades regulares s\u00e3o essenciais. Entre as melhores estrat\u00e9gias, destacam-se:<\/p>\n\n\n\n<ul class=\"wp-block-list\">\n<li><strong>Longas caminhadas di\u00e1rias<\/strong> para gastar energia f\u00edsica;<\/li>\n\n\n\n<li><strong>Jogos de quebra-cabe\u00e7a<\/strong> que estimulam a mente;<\/li>\n\n\n\n<li><strong>Passeios em locais seguros<\/strong> para controlar a \u00e2nsia de fuga;<\/li>\n\n\n\n<li><strong>Socializa\u00e7\u00e3o precoce<\/strong> com pessoas e outros animais.<\/li>\n<\/ul>\n\n\n\n<h2 class=\"wp-block-heading\">Por que o Basenji grita e como lidar com suas vocaliza\u00e7\u00f5es?<\/h2>\n\n\n\n<p>O Basenji possui um modo de vocaliza\u00e7\u00e3o bastante original em fun\u00e7\u00e3o de sua anatomia. O seu <strong>yodel<\/strong> acontece em situa\u00e7\u00f5es de excita\u00e7\u00e3o, frustra\u00e7\u00e3o ou alerta, podendo soar alto em ambientes fechados como apartamentos.<\/p>\n\n\n\n<p>Muitos tutores se perguntam se conseguem se acostumar com esse comportamento. Na verdade, com adestramento positivo e aten\u00e7\u00e3o \u00e0s necessidades do c\u00e3o, o conv\u00edvio se torna mais f\u00e1cil, inclusive em cen\u00e1rios urbanos desde que o edif\u00edcio tolere seus sons caracter\u00edsticos.<\/p>\n\n\n\n<p>O perfil @manualdoanimal._ explica mais sobre a ra\u00e7a improv\u00e1vel:<\/p>\n\n\n\n<blockquote class=\"tiktok-embed\" cite=\"https:\/\/www.tiktok.com\/@manualdoanimal._\/video\/7456164141737282821\" data-video-id=\"7456164141737282821\" style=\"max-width: 605px;min-width: 325px;\" > <section> <a target=\"_blank\" title=\"@manualdoanimal._\" href=\"https:\/\/www.tiktok.com\/@manualdoanimal._?refer=embed\">@manualdoanimal._<\/a> <a title=\"creatorsearchinsights\" target=\"_blank\" href=\"https:\/\/www.tiktok.com\/tag\/creatorsearchinsights?refer=embed\">#creatorsearchinsights<\/a> <a title=\"basenji\" target=\"_blank\" href=\"https:\/\/www.tiktok.com\/tag\/basenji?refer=embed\">#basenji<\/a> <a title=\"cachorro\" target=\"_blank\" href=\"https:\/\/www.tiktok.com\/tag\/cachorro?refer=embed\">#cachorro<\/a> <a title=\"late\" target=\"_blank\" href=\"https:\/\/www.tiktok.com\/tag\/late?refer=embed\">#late<\/a> <a title=\"caes\" target=\"_blank\" href=\"https:\/\/www.tiktok.com\/tag\/caes?refer=embed\">#caes<\/a> <a title=\"cachorros\" target=\"_blank\" href=\"https:\/\/www.tiktok.com\/tag\/cachorros?refer=embed\">#cachorros<\/a> <a title=\"cao\" target=\"_blank\" href=\"https:\/\/www.tiktok.com\/tag\/cao?refer=embed\">#cao<\/a> <a title=\"latido\" target=\"_blank\" href=\"https:\/\/www.tiktok.com\/tag\/latido?refer=embed\">#latido<\/a> <a target=\"_blank\" title=\"\u266c Oh Garota Eu Quero Voc\u00ea S\u00f3 Pra Mim. - Oruam &#38; Z\u00e9 Felipe &#38; MC Tuto &#38; Dj Lc da Ro\u00e7a &#38; Mc Rodrigo do CN\" href=\"https:\/\/www.tiktok.com\/music\/Oh-Garota-Eu-Quero-Voc\u00ea-S\u00f3-Pra-Mim-7448002057275410433?refer=embed\">\u266c Oh Garota Eu Quero Voc\u00ea S\u00f3 Pra Mim. &#8211; Oruam &#38; Z\u00e9 Felipe &#38; MC Tuto &#38; Dj Lc da Ro\u00e7a &#38; Mc Rodrigo do CN<\/a> <\/section> <\/blockquote> <script async src=\"https:\/\/www.tiktok.com\/embed.js\"><\/script>\n\n\n\n<h2 class=\"wp-block-heading\">Quais s\u00e3o os cuidados fundamentais para manter um Basenji saud\u00e1vel?<\/h2>\n\n\n\n<p>O Basenji pode viver entre 12 e 16 anos, mas precisa de acompanhamento especial para evitar doen\u00e7as heredit\u00e1rias. A <strong>s\u00edndrome de Fanconi<\/strong> \u00e9 uma condi\u00e7\u00e3o renal que merece aten\u00e7\u00e3o redobrada, pois afeta mais essa ra\u00e7a do que outras.<\/p>\n\n\n\n<p>Gra\u00e7as aos exames de DNA modernos e \u00e0 vigil\u00e2ncia dos criadores respons\u00e1veis, exames peri\u00f3dicos podem ajudar. Al\u00e9m disso, outros cuidados com sa\u00fade tamb\u00e9m devem ser observados:<\/p>\n\n\n\n<ul class=\"wp-block-list\">\n<li><strong>Monitorar quadris, olhos e tireoides regularmente;<\/strong><\/li>\n\n\n\n<li><strong>Fornecer alimenta\u00e7\u00e3o balanceada e exerc\u00edcio di\u00e1rio;<\/strong><\/li>\n\n\n\n<li><strong>Estar atento a exames de urina<\/strong> e poss\u00edveis sintomas de doen\u00e7as;<\/li>\n\n\n\n<li><strong>Colaborar com veterin\u00e1rios na cria\u00e7\u00e3o de planos preventivos.<\/strong><\/li>\n<\/ul>\n","protected":false},"excerpt":{"rendered":"<p>Surpreenda-se com o mist\u00e9rio vocal do Basenji! Descubra tudo sobre este c\u00e3o ancestral com voz \u00fanica e personalidade forte. Ideal para amantes de pets ex\u00f3ticos.<\/p>\n","protected":false},"author":3,"featured_media":144237,"comment_status":"open","ping_status":"open","sticky":false,"template":"","format":"standard","meta":{"_yoast_wpseo_focuskw":"cachorro grito","_yoast_wpseo_title":"%%title%%","_yoast_wpseo_metadesc":"Surpreenda-se com o mist\u00e9rio vocal do Basenji! Descubra tudo sobre este c\u00e3o ancestral com voz \u00fanica e personalidade forte. Ideal para amantes de pets ex\u00f3ticos.","jnews-multi-image_gallery":[],"jnews_single_post":{"format":"standard"},"jnews_primary_category":[],"jnews_social_meta":[],"jnews_override_counter":[],"footnotes":""},"categories":[112],"post_tag":[230,1977,378,144,1008],"class_list":["post-143083","post","type-post","status-publish","format-standard","has-post-thumbnail","hentry","category-curiosidades","tag-animais","tag-animais-de-estimacao","tag-cachorro","tag-curiosidades","tag-pets"],"yoast_head":"<!-- This site is optimized with the Yoast SEO plugin v24.6 - https:\/\/yoast.com\/wordpress\/plugins\/seo\/ -->\n<title>A ra\u00e7a de cachorro conhecida por seu \u201cgrito\u201d \u00fanico em vez de latido<\/title>\n<meta name=\"description\" content=\"Surpreenda-se com o mist\u00e9rio vocal do Basenji! Descubra tudo sobre este c\u00e3o ancestral com voz \u00fanica e personalidade forte. Ideal para amantes de pets ex\u00f3ticos.\" \/>\n<meta name=\"robots\" content=\"index, follow, max-snippet:-1, max-image-preview:large, max-video-preview:-1\" \/>\n<link rel=\"canonical\" href=\"https:\/\/www.correiobraziliense.com.br\/cbradar\/a-raca-de-cachorro-conhecida-por-seu-grito-unico-em-vez-de-latido\/\" \/>\n<meta property=\"og:locale\" content=\"pt_BR\" \/>\n<meta property=\"og:type\" content=\"article\" \/>\n<meta property=\"og:title\" content=\"A ra\u00e7a de cachorro conhecida por seu \u201cgrito\u201d \u00fanico em vez de latido\" \/>\n<meta property=\"og:description\" content=\"Surpreenda-se com o mist\u00e9rio vocal do Basenji! Descubra tudo sobre este c\u00e3o ancestral com voz \u00fanica e personalidade forte. Ideal para amantes de pets ex\u00f3ticos.\" \/>\n<meta property=\"og:url\" content=\"https:\/\/www.correiobraziliense.com.br\/cbradar\/a-raca-de-cachorro-conhecida-por-seu-grito-unico-em-vez-de-latido\/\" \/>\n<meta property=\"og:site_name\" content=\"Correio Braziliense - Radar\" \/>\n<meta property=\"article:published_time\" content=\"2025-11-25T15:35:00+00:00\" \/>\n<meta property=\"og:image\" content=\"https:\/\/www.correiobraziliense.com.br\/cbradar\/wp-content\/uploads\/2025\/11\/freepik__cena-tranquila-ao-ar-livre-com-um-basenji-elegante__34468.jpeg\" \/>\n\t<meta property=\"og:image:width\" content=\"1280\" \/>\n\t<meta property=\"og:image:height\" content=\"720\" \/>\n\t<meta property=\"og:image:type\" content=\"image\/jpeg\" \/>\n<meta name=\"author\" content=\"Larissa Carvalho\" \/>\n<meta name=\"twitter:card\" content=\"summary_large_image\" \/>\n<meta name=\"twitter:label1\" content=\"Escrito por\" \/>\n\t<meta name=\"twitter:data1\" content=\"Larissa Carvalho\" \/>\n\t<meta name=\"twitter:label2\" content=\"Est. tempo de leitura\" \/>\n\t<meta name=\"twitter:data2\" content=\"3 minutos\" \/>\n<!-- \/ Yoast SEO plugin. -->","yoast_head_json":{"title":"A ra\u00e7a de cachorro conhecida por seu \u201cgrito\u201d \u00fanico em vez de latido","description":"Surpreenda-se com o mist\u00e9rio vocal do Basenji! Descubra tudo sobre este c\u00e3o ancestral com voz \u00fanica e personalidade forte. Ideal para amantes de pets ex\u00f3ticos.","robots":{"index":"index","follow":"follow","max-snippet":"max-snippet:-1","max-image-preview":"max-image-preview:large","max-video-preview":"max-video-preview:-1"},"canonical":"https:\/\/www.correiobraziliense.com.br\/cbradar\/a-raca-de-cachorro-conhecida-por-seu-grito-unico-em-vez-de-latido\/","og_locale":"pt_BR","og_type":"article","og_title":"A ra\u00e7a de cachorro conhecida por seu \u201cgrito\u201d \u00fanico em vez de latido","og_description":"Surpreenda-se com o mist\u00e9rio vocal do Basenji! Descubra tudo sobre este c\u00e3o ancestral com voz \u00fanica e personalidade forte. Ideal para amantes de pets ex\u00f3ticos.","og_url":"https:\/\/www.correiobraziliense.com.br\/cbradar\/a-raca-de-cachorro-conhecida-por-seu-grito-unico-em-vez-de-latido\/","og_site_name":"Correio Braziliense - Radar","article_published_time":"2025-11-25T15:35:00+00:00","og_image":[{"width":1280,"height":720,"url":"https:\/\/www.correiobraziliense.com.br\/cbradar\/wp-content\/uploads\/2025\/11\/freepik__cena-tranquila-ao-ar-livre-com-um-basenji-elegante__34468.jpeg","type":"image\/jpeg"}],"author":"Larissa Carvalho","twitter_card":"summary_large_image","twitter_misc":{"Escrito por":"Larissa Carvalho","Est. tempo de leitura":"3 minutos"},"schema":{"@context":"https:\/\/schema.org","@graph":[{"@type":"WebPage","@id":"https:\/\/www.correiobraziliense.com.br\/cbradar\/a-raca-de-cachorro-conhecida-por-seu-grito-unico-em-vez-de-latido\/","url":"https:\/\/www.correiobraziliense.com.br\/cbradar\/a-raca-de-cachorro-conhecida-por-seu-grito-unico-em-vez-de-latido\/","name":"A ra\u00e7a de cachorro conhecida por seu \u201cgrito\u201d \u00fanico em vez de latido","isPartOf":{"@id":"https:\/\/www.correiobraziliense.com.br\/cbradar\/#website"},"primaryImageOfPage":{"@id":"https:\/\/www.correiobraziliense.com.br\/cbradar\/a-raca-de-cachorro-conhecida-por-seu-grito-unico-em-vez-de-latido\/#primaryimage"},"image":{"@id":"https:\/\/www.correiobraziliense.com.br\/cbradar\/a-raca-de-cachorro-conhecida-por-seu-grito-unico-em-vez-de-latido\/#primaryimage"},"thumbnailUrl":"https:\/\/www.correiobraziliense.com.br\/cbradar\/wp-content\/uploads\/2025\/11\/freepik__cena-tranquila-ao-ar-livre-com-um-basenji-elegante__34468.jpeg","datePublished":"2025-11-25T15:35:00+00:00","author":{"@id":"https:\/\/www.correiobraziliense.com.br\/cbradar\/#\/schema\/person\/58422787644df994b53a19d3e56c1513"},"description":"Surpreenda-se com o mist\u00e9rio vocal do Basenji! Descubra tudo sobre este c\u00e3o ancestral com voz \u00fanica e personalidade forte. Ideal para amantes de pets ex\u00f3ticos.","breadcrumb":{"@id":"https:\/\/www.correiobraziliense.com.br\/cbradar\/a-raca-de-cachorro-conhecida-por-seu-grito-unico-em-vez-de-latido\/#breadcrumb"},"inLanguage":"pt-BR","potentialAction":[{"@type":"ReadAction","target":["https:\/\/www.correiobraziliense.com.br\/cbradar\/a-raca-de-cachorro-conhecida-por-seu-grito-unico-em-vez-de-latido\/"]}]},{"@type":"ImageObject","inLanguage":"pt-BR","@id":"https:\/\/www.correiobraziliense.com.br\/cbradar\/a-raca-de-cachorro-conhecida-por-seu-grito-unico-em-vez-de-latido\/#primaryimage","url":"https:\/\/www.correiobraziliense.com.br\/cbradar\/wp-content\/uploads\/2025\/11\/freepik__cena-tranquila-ao-ar-livre-com-um-basenji-elegante__34468.jpeg","contentUrl":"https:\/\/www.correiobraziliense.com.br\/cbradar\/wp-content\/uploads\/2025\/11\/freepik__cena-tranquila-ao-ar-livre-com-um-basenji-elegante__34468.jpeg","width":1280,"height":720,"caption":"Conhecido por n\u00e3o latir como outros c\u00e3es"},{"@type":"BreadcrumbList","@id":"https:\/\/www.correiobraziliense.com.br\/cbradar\/a-raca-de-cachorro-conhecida-por-seu-grito-unico-em-vez-de-latido\/#breadcrumb","itemListElement":[{"@type":"ListItem","position":1,"name":"In\u00edcio","item":"https:\/\/www.correiobraziliense.com.br\/cbradar\/"},{"@type":"ListItem","position":2,"name":"A ra\u00e7a de cachorro conhecida por seu \u201cgrito\u201d \u00fanico em vez de latido"}]},{"@type":"WebSite","@id":"https:\/\/www.correiobraziliense.com.br\/cbradar\/#website","url":"https:\/\/www.correiobraziliense.com.br\/cbradar\/","name":"Correio Braziliense - Radar","description":"Acompanhe as \u00faltimas not\u00edcias e fique bem informado sobre tudo o que acontece no Brasil e no mundo.","potentialAction":[{"@type":"SearchAction","target":{"@type":"EntryPoint","urlTemplate":"https:\/\/www.correiobraziliense.com.br\/cbradar\/?s={search_term_string}"},"query-input":{"@type":"PropertyValueSpecification","valueRequired":true,"valueName":"search_term_string"}}],"inLanguage":"pt-BR"},{"@type":"Person","@id":"https:\/\/www.correiobraziliense.com.br\/cbradar\/#\/schema\/person\/58422787644df994b53a19d3e56c1513","name":"Larissa Carvalho","image":{"@type":"ImageObject","inLanguage":"pt-BR","@id":"https:\/\/www.correiobraziliense.com.br\/cbradar\/#\/schema\/person\/image\/","url":"https:\/\/secure.gravatar.com\/avatar\/fe4f91a0de32b52a838d0d612abdc1aa?s=96&d=mm&r=g","contentUrl":"https:\/\/secure.gravatar.com\/avatar\/fe4f91a0de32b52a838d0d612abdc1aa?s=96&d=mm&r=g","caption":"Larissa Carvalho"},"url":"https:\/\/www.correiobraziliense.com.br\/cbradar\/author\/larissamyth\/"}]}},"_links":{"self":[{"href":"https:\/\/www.correiobraziliense.com.br\/cbradar\/wp-json\/wp\/v2\/posts\/143083","targetHints":{"allow":["GET"]}}],"collection":[{"href":"https:\/\/www.correiobraziliense.com.br\/cbradar\/wp-json\/wp\/v2\/posts"}],"about":[{"href":"https:\/\/www.correiobraziliense.com.br\/cbradar\/wp-json\/wp\/v2\/types\/post"}],"author":[{"embeddable":true,"href":"https:\/\/www.correiobraziliense.com.br\/cbradar\/wp-json\/wp\/v2\/users\/3"}],"replies":[{"embeddable":true,"href":"https:\/\/www.correiobraziliense.com.br\/cbradar\/wp-json\/wp\/v2\/comments?post=143083"}],"version-history":[{"count":2,"href":"https:\/\/www.correiobraziliense.com.br\/cbradar\/wp-json\/wp\/v2\/posts\/143083\/revisions"}],"predecessor-version":[{"id":143086,"href":"https:\/\/www.correiobraziliense.com.br\/cbradar\/wp-json\/wp\/v2\/posts\/143083\/revisions\/143086"}],"wp:featuredmedia":[{"embeddable":true,"href":"https:\/\/www.correiobraziliense.com.br\/cbradar\/wp-json\/wp\/v2\/media\/144237"}],"wp:attachment":[{"href":"https:\/\/www.correiobraziliense.com.br\/cbradar\/wp-json\/wp\/v2\/media?parent=143083"}],"wp:term":[{"taxonomy":"category","embeddable":true,"href":"https:\/\/www.correiobraziliense.com.br\/cbradar\/wp-json\/wp\/v2\/categories?post=143083"},{"taxonomy":"post_tag","embeddable":true,"href":"https:\/\/www.correiobraziliense.com.br\/cbradar\/wp-json\/wp\/v2\/post_tag?post=143083"}],"curies":[{"name":"wp","href":"https:\/\/api.w.org\/{rel}","templated":true}]}}