{"id":143102,"date":"2025-11-23T00:05:02","date_gmt":"2025-11-23T03:05:02","guid":{"rendered":"https:\/\/www.correiobraziliense.com.br\/cbradar\/?p=143102"},"modified":"2025-11-23T00:05:05","modified_gmt":"2025-11-23T03:05:05","slug":"3-mitos-sobre-a-dislexia-que-voce-precisa-conhecer","status":"publish","type":"post","link":"https:\/\/www.correiobraziliense.com.br\/cbradar\/3-mitos-sobre-a-dislexia-que-voce-precisa-conhecer\/","title":{"rendered":"3 mitos sobre a dislexia que voc\u00ea precisa conhecer"},"content":{"rendered":"\n<p>A <strong>Dislexia <\/strong>\u00e9 uma condi\u00e7\u00e3o que impacta diretamente a capacidade de leitura, escrita e compreens\u00e3o de palavras. Esse transtorno espec\u00edfico de aprendizagem n\u00e3o est\u00e1 ligado \u00e0 intelig\u00eancia, mas altera a maneira como o c\u00e9rebro organiza e interpreta informa\u00e7\u00f5es lingu\u00edsticas. Compreender essa din\u00e2mica \u00e9 essencial para auxiliar aqueles que convivem com o transtorno, permitindo a cria\u00e7\u00e3o de ambientes de aprendizado acess\u00edveis e eficientes.<\/p>\n\n\n\n<p>Estima-se que entre 5% a 10% da popula\u00e7\u00e3o mundial apresente Dislexia em algum grau, de acordo com dados da International Dyslexia Association. Essa estat\u00edstica ressalta a necessidade de conscientiza\u00e7\u00e3o e identifica\u00e7\u00e3o precoce, permitindo interven\u00e7\u00f5es que ajudam a minimizar as dificuldades enfrentadas por esses indiv\u00edduos. Especialistas enfatizam que a Dislexia reflete uma diferen\u00e7a neurol\u00f3gica na forma como o c\u00e9rebro processa sons e s\u00edmbolos, algo independente do Quociente de Intelig\u00eancia (QI).<\/p>\n\n\n\n<h2 class=\"wp-block-heading\">Quais s\u00e3o os sintomas e como \u00e9 feita a diagn\u00f3stica da Dislexia?<\/h2>\n\n\n\n<p>A identifica\u00e7\u00e3o precoce da Dislexia \u00e9 crucial para o sucesso escolar e emocional das pessoas afetadas. Os primeiros sinais podem incluir dificuldade em reconhecer letras, revers\u00e3o de letras como &#8220;b&#8221; e &#8220;d&#8221;, e hesita\u00e7\u00e3o ao ler. Com o tempo, essas dificuldades se manifestam em leitura lenta e maior depend\u00eancia de audiolivros ou leituras silenciosas. Um diagn\u00f3stico adequado envolve uma avalia\u00e7\u00e3o multidisciplinar que inclui neurologistas, psicopedagogos e <a href=\"https:\/\/www.correiobraziliense.com.br\/cbradar\/dra-najla-smaili-voce-sabia-que-esses-30-sintomas-sao-da-menopausa\/\" target=\"_blank\" rel=\"noreferrer noopener\">fonoaudi\u00f3logos<\/a>.<\/p>\n\n\n<div class=\"wp-block-image\">\n<figure class=\"aligncenter size-large\"><img decoding=\"async\" width=\"1024\" height=\"576\" src=\"https:\/\/www.correiobraziliense.com.br\/cbradar\/wp-content\/uploads\/2025\/11\/Dislexia_1763844164172-1024x576.jpg\" alt=\"\" class=\"wp-image-143104\" srcset=\"https:\/\/www.correiobraziliense.com.br\/cbradar\/wp-content\/uploads\/2025\/11\/Dislexia_1763844164172-1024x576.jpg 1024w, https:\/\/www.correiobraziliense.com.br\/cbradar\/wp-content\/uploads\/2025\/11\/Dislexia_1763844164172-300x169.jpg 300w, https:\/\/www.correiobraziliense.com.br\/cbradar\/wp-content\/uploads\/2025\/11\/Dislexia_1763844164172-768x432.jpg 768w, https:\/\/www.correiobraziliense.com.br\/cbradar\/wp-content\/uploads\/2025\/11\/Dislexia_1763844164172-750x422.jpg 750w, https:\/\/www.correiobraziliense.com.br\/cbradar\/wp-content\/uploads\/2025\/11\/Dislexia_1763844164172-1140x641.jpg 1140w, https:\/\/www.correiobraziliense.com.br\/cbradar\/wp-content\/uploads\/2025\/11\/Dislexia_1763844164172.jpg 1280w\" sizes=\"(max-width: 1024px) 100vw, 1024px\" \/><figcaption class=\"wp-element-caption\">Dislexia &#8211; Cr\u00e9ditos: depositphotos.com \/ HayDmitriy<\/figcaption><\/figure><\/div>\n\n\n<h2 class=\"wp-block-heading\">Quais as interven\u00e7\u00f5es e estruturas de apoio?<\/h2>\n\n\n\n<p>Embora a Dislexia n\u00e3o tenha cura, ela pode ser gerida de forma eficaz atrav\u00e9s de acompanhamento multidisciplinar. Professores, fonoaudi\u00f3logos e psicopedagogos desempenham pap\u00e9is essenciais nesse processo, adaptando o ensino e integrando tecnologias assistivas que valorizem o potencial do estudante. Softwares de leitura em voz alta e outras ferramentas assistivas propiciam maior autonomia e confian\u00e7a no processo educacional.<\/p>\n\n\n\n<h2 class=\"wp-block-heading\">Dislexia e intelig\u00eancia criativa: um olhar al\u00e9m das dificuldades<\/h2>\n\n\n\n<p>Apesar dos desafios, a dislexia pode revelar talentos extraordin\u00e1rios. Muitas pessoas com o transtorno desenvolvem habilidades criativas e anal\u00edticas avan\u00e7adas, contribuindo com formas inovadoras de resolu\u00e7\u00e3o de problemas. Especialistas apontam que muitos disl\u00e9xicos possuem uma forma de pensar mais visual e criativa, o que pode ser um recurso valioso se devidamente reconhecido e estimulado.<\/p>\n\n\n\n<h2 class=\"wp-block-heading\">Quais os mitos e curiosidades sobre a Dislexia?<\/h2>\n\n\n\n<ul class=\"wp-block-list\">\n<li>Pessoas com Dislexia frequentemente t\u00eam intelig\u00eancia no mesmo n\u00edvel ou acima da m\u00e9dia.<\/li>\n\n\n\n<li>Na inf\u00e2ncia, os sinais incluem atraso no reconhecimento de letras e invers\u00f5es frequentes, como de &#8220;b&#8221; e &#8220;d&#8221;.<\/li>\n\n\n\n<li>Em fases posteriores, a leitura tende a ser lenta, com uma maior depend\u00eancia de recursos como audiolivros.<\/li>\n\n\n\n<li>Tecnologia assistiva e adapta\u00e7\u00f5es educacionais s\u00e3o essenciais para uma aprendizagem eficaz.<\/li>\n\n\n\n<li>O diagn\u00f3stico precoce e interven\u00e7\u00f5es adequadas podem reduzir significativamente o impacto acad\u00eamico e emocional.<\/li>\n<\/ul>\n\n\n\n<p>A Dislexia \u00e9 uma condi\u00e7\u00e3o complexa que requer compreens\u00e3o e adapta\u00e7\u00e3o cont\u00ednua. Ao reconhecer os talentos e desafios \u00fanicos associados a este transtorno, \u00e9 poss\u00edvel criar oportunidades onde todos possam prosperar de maneira mais inclusiva e eficaz.<\/p>\n\n\n<a href=\"https:\/\/www.instagram.com\/dra.annaluisabf\/\" target=\"_blank\" rel=\"noopener\" style=\"text-decoration: none; color: inherit;\">\n    <span style=\"display: inline-block; border: 1px solid #ccc; border-radius: 10px; padding: 15px; max-width: 550px; font-family: sans-serif; box-shadow: 0 2px 5px rgba(0,0,0,0.1); width: 100%;\">\n\n      <!-- T\u00edtulo -->\n      <span style=\"display: block; margin: 0 0 15px 0; font-weight: bold; color: #2c3e50; text-align: center;\">\n        Entre em contato:\n      <\/span>\n\n      <!-- Linha do perfil -->\n      <span style=\"display: flex; align-items: center; gap: 15px;\">\n        <img decoding=\"async\"\n          src=\"https:\/\/www.correiobraziliense.com.br\/cbradar\/wp-content\/uploads\/2025\/08\/dra_anna_luisa.jpeg\"\n          alt=\"Foto da Dra. Anna Lu\u00edsa\"\n          style=\"border-radius: 50%; width: 80px; height: 80px; object-fit: cover;\"\n        \/>\n        <span style=\"display: flex; flex-direction: column;\">\n          <span style=\"font-size: 18px; font-weight: 700; color: #2c3e50;\">Dra. Anna Lu\u00edsa Barbosa Fernandes<\/span>\n          <span style=\"color: #555;\">CRM-GO 33.271<\/span>\n        <\/span>\n      <\/span>\n\n      <!-- Redes -->\n      <span style=\"display: flex; align-items: center; gap: 10px; margin-top: 12px;\">\n        <img decoding=\"async\" src=\"https:\/\/cdn-icons-png.flaticon.com\/24\/1384\/1384063.png\" alt=\"Instagram\" width=\"24\" height=\"24\" \/>\n        <span style=\"text-decoration: underline; color: #2c3e50;\">@dra.annaluisabf<\/span>\n      <\/span>\n\n    <\/span>\n  <\/a>","protected":false},"excerpt":{"rendered":"<p>A Dislexia \u00e9 uma condi\u00e7\u00e3o que impacta diretamente a capacidade de leitura, escrita e compreens\u00e3o de palavras. Esse transtorno espec\u00edfico de aprendizagem n\u00e3o est\u00e1 ligado \u00e0 intelig\u00eancia, mas altera a maneira como o c\u00e9rebro organiza e interpreta informa\u00e7\u00f5es lingu\u00edsticas. Compreender essa din\u00e2mica \u00e9 essencial para auxiliar aqueles que convivem com o transtorno, permitindo a cria\u00e7\u00e3o [&hellip;]<\/p>\n","protected":false},"author":14,"featured_media":143103,"comment_status":"open","ping_status":"open","sticky":false,"template":"","format":"standard","meta":{"_yoast_wpseo_focuskw":"Dislexia","_yoast_wpseo_title":"","_yoast_wpseo_metadesc":"A dislexia esconde talentos raros e pouco compreendidos. Descubra seus sinais, mitos e como o diagn\u00f3stico precoce transforma vidas.","jnews-multi-image_gallery":[],"jnews_single_post":{"format":"standard"},"jnews_primary_category":[],"jnews_social_meta":[],"jnews_override_counter":[],"footnotes":""},"categories":[4404],"post_tag":[281,11903,1318],"class_list":["post-143102","post","type-post","status-publish","format-standard","has-post-thumbnail","hentry","category-saude","tag-alimentacao","tag-dislexia","tag-saude-2"],"yoast_head":"<!-- This site is optimized with the Yoast SEO plugin v24.6 - https:\/\/yoast.com\/wordpress\/plugins\/seo\/ -->\n<title>3 mitos sobre a dislexia que voc\u00ea precisa conhecer - Correio Braziliense - Radar<\/title>\n<meta name=\"description\" content=\"A dislexia esconde talentos raros e pouco compreendidos. Descubra seus sinais, mitos e como o diagn\u00f3stico precoce transforma vidas.\" \/>\n<meta name=\"robots\" content=\"index, follow, max-snippet:-1, max-image-preview:large, max-video-preview:-1\" \/>\n<link rel=\"canonical\" href=\"https:\/\/www.correiobraziliense.com.br\/cbradar\/3-mitos-sobre-a-dislexia-que-voce-precisa-conhecer\/\" \/>\n<meta property=\"og:locale\" content=\"pt_BR\" \/>\n<meta property=\"og:type\" content=\"article\" \/>\n<meta property=\"og:title\" content=\"3 mitos sobre a dislexia que voc\u00ea precisa conhecer - Correio Braziliense - Radar\" \/>\n<meta property=\"og:description\" content=\"A dislexia esconde talentos raros e pouco compreendidos. Descubra seus sinais, mitos e como o diagn\u00f3stico precoce transforma vidas.\" \/>\n<meta property=\"og:url\" content=\"https:\/\/www.correiobraziliense.com.br\/cbradar\/3-mitos-sobre-a-dislexia-que-voce-precisa-conhecer\/\" \/>\n<meta property=\"og:site_name\" content=\"Correio Braziliense - Radar\" \/>\n<meta property=\"article:published_time\" content=\"2025-11-23T03:05:02+00:00\" \/>\n<meta property=\"article:modified_time\" content=\"2025-11-23T03:05:05+00:00\" \/>\n<meta property=\"og:image\" content=\"https:\/\/www.correiobraziliense.com.br\/cbradar\/wp-content\/uploads\/2025\/11\/Dislexia_1763843968441.jpg\" \/>\n\t<meta property=\"og:image:width\" content=\"1280\" \/>\n\t<meta property=\"og:image:height\" content=\"720\" \/>\n\t<meta property=\"og:image:type\" content=\"image\/jpeg\" \/>\n<meta name=\"author\" content=\"guilherme_saude\" \/>\n<meta name=\"twitter:card\" content=\"summary_large_image\" \/>\n<meta name=\"twitter:label1\" content=\"Escrito por\" \/>\n\t<meta name=\"twitter:data1\" content=\"guilherme_saude\" \/>\n\t<meta name=\"twitter:label2\" content=\"Est. tempo de leitura\" \/>\n\t<meta name=\"twitter:data2\" content=\"6 minutos\" \/>\n<!-- \/ Yoast SEO plugin. -->","yoast_head_json":{"title":"3 mitos sobre a dislexia que voc\u00ea precisa conhecer - Correio Braziliense - Radar","description":"A dislexia esconde talentos raros e pouco compreendidos. Descubra seus sinais, mitos e como o diagn\u00f3stico precoce transforma vidas.","robots":{"index":"index","follow":"follow","max-snippet":"max-snippet:-1","max-image-preview":"max-image-preview:large","max-video-preview":"max-video-preview:-1"},"canonical":"https:\/\/www.correiobraziliense.com.br\/cbradar\/3-mitos-sobre-a-dislexia-que-voce-precisa-conhecer\/","og_locale":"pt_BR","og_type":"article","og_title":"3 mitos sobre a dislexia que voc\u00ea precisa conhecer - Correio Braziliense - Radar","og_description":"A dislexia esconde talentos raros e pouco compreendidos. Descubra seus sinais, mitos e como o diagn\u00f3stico precoce transforma vidas.","og_url":"https:\/\/www.correiobraziliense.com.br\/cbradar\/3-mitos-sobre-a-dislexia-que-voce-precisa-conhecer\/","og_site_name":"Correio Braziliense - Radar","article_published_time":"2025-11-23T03:05:02+00:00","article_modified_time":"2025-11-23T03:05:05+00:00","og_image":[{"width":1280,"height":720,"url":"https:\/\/www.correiobraziliense.com.br\/cbradar\/wp-content\/uploads\/2025\/11\/Dislexia_1763843968441.jpg","type":"image\/jpeg"}],"author":"guilherme_saude","twitter_card":"summary_large_image","twitter_misc":{"Escrito por":"guilherme_saude","Est. tempo de leitura":"6 minutos"},"schema":{"@context":"https:\/\/schema.org","@graph":[{"@type":"WebPage","@id":"https:\/\/www.correiobraziliense.com.br\/cbradar\/3-mitos-sobre-a-dislexia-que-voce-precisa-conhecer\/","url":"https:\/\/www.correiobraziliense.com.br\/cbradar\/3-mitos-sobre-a-dislexia-que-voce-precisa-conhecer\/","name":"3 mitos sobre a dislexia que voc\u00ea precisa conhecer - Correio Braziliense - Radar","isPartOf":{"@id":"https:\/\/www.correiobraziliense.com.br\/cbradar\/#website"},"primaryImageOfPage":{"@id":"https:\/\/www.correiobraziliense.com.br\/cbradar\/3-mitos-sobre-a-dislexia-que-voce-precisa-conhecer\/#primaryimage"},"image":{"@id":"https:\/\/www.correiobraziliense.com.br\/cbradar\/3-mitos-sobre-a-dislexia-que-voce-precisa-conhecer\/#primaryimage"},"thumbnailUrl":"https:\/\/www.correiobraziliense.com.br\/cbradar\/wp-content\/uploads\/2025\/11\/Dislexia_1763843968441.jpg","datePublished":"2025-11-23T03:05:02+00:00","dateModified":"2025-11-23T03:05:05+00:00","author":{"@id":"https:\/\/www.correiobraziliense.com.br\/cbradar\/#\/schema\/person\/5aa4bf3c8fa699c267933611de12978b"},"description":"A dislexia esconde talentos raros e pouco compreendidos. Descubra seus sinais, mitos e como o diagn\u00f3stico precoce transforma vidas.","breadcrumb":{"@id":"https:\/\/www.correiobraziliense.com.br\/cbradar\/3-mitos-sobre-a-dislexia-que-voce-precisa-conhecer\/#breadcrumb"},"inLanguage":"pt-BR","potentialAction":[{"@type":"ReadAction","target":["https:\/\/www.correiobraziliense.com.br\/cbradar\/3-mitos-sobre-a-dislexia-que-voce-precisa-conhecer\/"]}]},{"@type":"ImageObject","inLanguage":"pt-BR","@id":"https:\/\/www.correiobraziliense.com.br\/cbradar\/3-mitos-sobre-a-dislexia-que-voce-precisa-conhecer\/#primaryimage","url":"https:\/\/www.correiobraziliense.com.br\/cbradar\/wp-content\/uploads\/2025\/11\/Dislexia_1763843968441.jpg","contentUrl":"https:\/\/www.correiobraziliense.com.br\/cbradar\/wp-content\/uploads\/2025\/11\/Dislexia_1763843968441.jpg","width":1280,"height":720,"caption":"Dislexia - Cr\u00e9ditos: depositphotos.com \/ HayDmitriy"},{"@type":"BreadcrumbList","@id":"https:\/\/www.correiobraziliense.com.br\/cbradar\/3-mitos-sobre-a-dislexia-que-voce-precisa-conhecer\/#breadcrumb","itemListElement":[{"@type":"ListItem","position":1,"name":"In\u00edcio","item":"https:\/\/www.correiobraziliense.com.br\/cbradar\/"},{"@type":"ListItem","position":2,"name":"3 mitos sobre a dislexia que voc\u00ea precisa conhecer"}]},{"@type":"WebSite","@id":"https:\/\/www.correiobraziliense.com.br\/cbradar\/#website","url":"https:\/\/www.correiobraziliense.com.br\/cbradar\/","name":"Correio Braziliense - Radar","description":"Acompanhe as \u00faltimas not\u00edcias e fique bem informado sobre tudo o que acontece no Brasil e no mundo.","potentialAction":[{"@type":"SearchAction","target":{"@type":"EntryPoint","urlTemplate":"https:\/\/www.correiobraziliense.com.br\/cbradar\/?s={search_term_string}"},"query-input":{"@type":"PropertyValueSpecification","valueRequired":true,"valueName":"search_term_string"}}],"inLanguage":"pt-BR"},{"@type":"Person","@id":"https:\/\/www.correiobraziliense.com.br\/cbradar\/#\/schema\/person\/5aa4bf3c8fa699c267933611de12978b","name":"guilherme_saude","image":{"@type":"ImageObject","inLanguage":"pt-BR","@id":"https:\/\/www.correiobraziliense.com.br\/cbradar\/#\/schema\/person\/image\/","url":"https:\/\/secure.gravatar.com\/avatar\/df9adfb835d344bc0af109d41756253f?s=96&d=mm&r=g","contentUrl":"https:\/\/secure.gravatar.com\/avatar\/df9adfb835d344bc0af109d41756253f?s=96&d=mm&r=g","caption":"guilherme_saude"},"url":"https:\/\/www.correiobraziliense.com.br\/cbradar\/author\/guilherme_saude\/"}]}},"_links":{"self":[{"href":"https:\/\/www.correiobraziliense.com.br\/cbradar\/wp-json\/wp\/v2\/posts\/143102","targetHints":{"allow":["GET"]}}],"collection":[{"href":"https:\/\/www.correiobraziliense.com.br\/cbradar\/wp-json\/wp\/v2\/posts"}],"about":[{"href":"https:\/\/www.correiobraziliense.com.br\/cbradar\/wp-json\/wp\/v2\/types\/post"}],"author":[{"embeddable":true,"href":"https:\/\/www.correiobraziliense.com.br\/cbradar\/wp-json\/wp\/v2\/users\/14"}],"replies":[{"embeddable":true,"href":"https:\/\/www.correiobraziliense.com.br\/cbradar\/wp-json\/wp\/v2\/comments?post=143102"}],"version-history":[{"count":1,"href":"https:\/\/www.correiobraziliense.com.br\/cbradar\/wp-json\/wp\/v2\/posts\/143102\/revisions"}],"predecessor-version":[{"id":143105,"href":"https:\/\/www.correiobraziliense.com.br\/cbradar\/wp-json\/wp\/v2\/posts\/143102\/revisions\/143105"}],"wp:featuredmedia":[{"embeddable":true,"href":"https:\/\/www.correiobraziliense.com.br\/cbradar\/wp-json\/wp\/v2\/media\/143103"}],"wp:attachment":[{"href":"https:\/\/www.correiobraziliense.com.br\/cbradar\/wp-json\/wp\/v2\/media?parent=143102"}],"wp:term":[{"taxonomy":"category","embeddable":true,"href":"https:\/\/www.correiobraziliense.com.br\/cbradar\/wp-json\/wp\/v2\/categories?post=143102"},{"taxonomy":"post_tag","embeddable":true,"href":"https:\/\/www.correiobraziliense.com.br\/cbradar\/wp-json\/wp\/v2\/post_tag?post=143102"}],"curies":[{"name":"wp","href":"https:\/\/api.w.org\/{rel}","templated":true}]}}