{"id":143106,"date":"2025-11-23T07:45:00","date_gmt":"2025-11-23T10:45:00","guid":{"rendered":"https:\/\/www.correiobraziliense.com.br\/cbradar\/?p=143106"},"modified":"2025-11-22T17:53:38","modified_gmt":"2025-11-22T20:53:38","slug":"com-esta-alimentacao-diabeticos-vao-equilibrar-a-glicose-rapidamente","status":"publish","type":"post","link":"https:\/\/www.correiobraziliense.com.br\/cbradar\/com-esta-alimentacao-diabeticos-vao-equilibrar-a-glicose-rapidamente\/","title":{"rendered":"Com esta alimenta\u00e7\u00e3o diab\u00e9ticos v\u00e3o equilibrar a glicose rapidamente"},"content":{"rendered":"\n<p>Gerenciar o <strong>Diabetes <\/strong>eficientemente implica mais do que apenas restringir o consumo de a\u00e7\u00facar. A escolha cuidadosa dos alimentos em cada refei\u00e7\u00e3o desempenha um papel vital na estabiliza\u00e7\u00e3o dos n\u00edveis de glicose no sangue, impactando positivamente a sa\u00fade e qualidade de vida. Priorizar alimentos que sejam ricos em fibras, prote\u00ednas magras e com baixo \u00edndice glic\u00eamico pode auxiliar significativamente na manuten\u00e7\u00e3o do a\u00e7\u00facar em n\u00edveis adequados.<\/p>\n\n\n\n<p>Os cereais integrais, leguminosas, fontes de prote\u00edna magra e frutas espec\u00edficas s\u00e3o elementos-chave para uma dieta balanceada voltada para o indiv\u00edduo com Diabetes. Al\u00e9m disso, a orienta\u00e7\u00e3o profissional em nutri\u00e7\u00e3o \u00e9 altamente recomendada para adaptar essas escolhas \u00e0 realidade de cada pessoa, garantindo efic\u00e1cia e seguran\u00e7a no controle da doen\u00e7a.<\/p>\n\n\n\n<h2 class=\"wp-block-heading\">Qual a import\u00e2ncia dos cereais integrais?<\/h2>\n\n\n\n<p>Os cereais integrais s\u00e3o conhecidos por serem ricos em fibras, o que ajuda a desacelerar o processo digestivo e a libera\u00e7\u00e3o subsequente de a\u00e7\u00facar na corrente sangu\u00ednea. Ao contr\u00e1rio dos cereais refinados, eles oferecem uma sensa\u00e7\u00e3o de saciedade por mais tempo, o que pode ajudar a regular a ingest\u00e3o cal\u00f3rica.<\/p>\n\n\n\n<p>Op\u00e7\u00f5es como aveia, arroz integral, quinoa e cevada s\u00e3o exemplos de alimentos que podem ser incorporados \u00e0 dieta para oferecer benef\u00edcios duradouros no gerenciamento dos n\u00edveis de glicose.<\/p>\n\n\n\n<h2 class=\"wp-block-heading\">Leguminosas s\u00e3o aliadas da sa\u00fade?<\/h2>\n\n\n\n<p>As leguminosas, incluindo feij\u00e3o, lentilhas e gr\u00e3o-de-bico, s\u00e3o destacadas pelo seu alto conte\u00fado de fibras e prote\u00ednas, sendo ao mesmo tempo pobres em gordura. Estas caracter\u00edsticas s\u00e3o \u00fateis na promo\u00e7\u00e3o de saciedade e na diminui\u00e7\u00e3o dos n\u00edveis de colesterol.<\/p>\n\n\n\n<p>Implementar uma variedade de leguminosas na dieta \u00e9 crucial para assegurar a diversidade nutricional e o equil\u00edbrio na ingest\u00e3o de nutrientes indispens\u00e1veis ao organismo, principalmente para aqueles que convivem com o Diabetes.<\/p>\n\n\n\n<h2 class=\"wp-block-heading\">Quais os benef\u00edcios dos legumes?<\/h2>\n\n\n\n<p>Os legumes, particularmente os de folhas verdes escuras, como o br\u00f3colis e a couve, s\u00e3o excelentes fontes de fibras e nutrientes essenciais. Estes vegetais n\u00e3o s\u00f3 ajudam na manuten\u00e7\u00e3o de um regime equilibrado, mas tamb\u00e9m fornecem antioxidantes importantes para a <a href=\"https:\/\/www.correiobraziliense.com.br\/cbradar\/dra-najla-smaili-voce-sabia-que-esses-30-sintomas-sao-da-menopausa\/\" target=\"_blank\" rel=\"noreferrer noopener\">sa\u00fade <\/a>geral.<\/p>\n\n\n<div class=\"wp-block-image\">\n<figure class=\"aligncenter size-large\"><img decoding=\"async\" width=\"1024\" height=\"576\" src=\"https:\/\/www.correiobraziliense.com.br\/cbradar\/wp-content\/uploads\/2025\/08\/brocolis_1756133796382-1024x576.jpg\" alt=\"\" class=\"wp-image-92964\" srcset=\"https:\/\/www.correiobraziliense.com.br\/cbradar\/wp-content\/uploads\/2025\/08\/brocolis_1756133796382-1024x576.jpg 1024w, https:\/\/www.correiobraziliense.com.br\/cbradar\/wp-content\/uploads\/2025\/08\/brocolis_1756133796382-300x169.jpg 300w, https:\/\/www.correiobraziliense.com.br\/cbradar\/wp-content\/uploads\/2025\/08\/brocolis_1756133796382-768x432.jpg 768w, https:\/\/www.correiobraziliense.com.br\/cbradar\/wp-content\/uploads\/2025\/08\/brocolis_1756133796382-750x422.jpg 750w, https:\/\/www.correiobraziliense.com.br\/cbradar\/wp-content\/uploads\/2025\/08\/brocolis_1756133796382-1140x641.jpg 1140w, https:\/\/www.correiobraziliense.com.br\/cbradar\/wp-content\/uploads\/2025\/08\/brocolis_1756133796382.jpg 1280w\" sizes=\"(max-width: 1024px) 100vw, 1024px\" \/><figcaption class=\"wp-element-caption\">Br\u00f3colis &#8211; Cr\u00e9ditos: depositphotos.com \/ serezniy<\/figcaption><\/figure><\/div>\n\n\n<p>Incorporar uma ampla gama de legumes coloridos na dieta auxilia na preven\u00e7\u00e3o de defici\u00eancias nutricionais e contribui para uma gest\u00e3o mais eficaz dos n\u00edveis de a\u00e7\u00facar.<\/p>\n\n\n\n<h2 class=\"wp-block-heading\">Por quiefazer a escolha por prote\u00ednas magras?<\/h2>\n\n\n\n<p>Optar por fontes de prote\u00edna magra, como peixes e frango sem pele, pode beneficiar bastante aqueles com Diabetes, pois essas prote\u00ednas ajudam na constru\u00e7\u00e3o e manuten\u00e7\u00e3o muscular, al\u00e9m de proporcionar saciedade prolongada.<\/p>\n\n\n\n<p>Ao preparar essas prote\u00ednas, \u00e9 recomend\u00e1vel utilizar m\u00e9todos que n\u00e3o adicionem gorduras desnecess\u00e1rias ao prato, como grelhar ou assar as carnes, preservando assim os benef\u00edcios nutricionais dos alimentos.<\/p>\n\n\n\n<h2 class=\"wp-block-heading\">Frutas com baixo \u00edndice glic\u00eamico?<\/h2>\n\n\n\n<p>Para minimizar varia\u00e7\u00f5es abruptas dos n\u00edveis de glicose, \u00e9 aconselh\u00e1vel consumir frutas que possuam um baixo \u00edndice glic\u00eamico. Frutas como ma\u00e7\u00e3s, peras, frutas vermelhas e p\u00eassegos s\u00e3o escolhas adequadas quando ingeridas com modera\u00e7\u00e3o e, idealmente, com casca para maximizar o teor de fibras.<\/p>\n\n\n\n<p>Al\u00e9m da alimenta\u00e7\u00e3o, manter-se hidratado e praticar exerc\u00edcios f\u00edsicos regularmente s\u00e3o pr\u00e1ticas complementares que ajudam a maximizar os efeitos positivos de uma dieta balanceada no controle do Diabetes.<\/p>\n\n\n<a href=\"https:\/\/www.instagram.com\/dra.annaluisabf\/\" target=\"_blank\" rel=\"noopener\" style=\"text-decoration: none; color: inherit;\">\n    <span style=\"display: inline-block; border: 1px solid #ccc; border-radius: 10px; padding: 15px; max-width: 550px; font-family: sans-serif; box-shadow: 0 2px 5px rgba(0,0,0,0.1); width: 100%;\">\n\n      <!-- T\u00edtulo -->\n      <span style=\"display: block; margin: 0 0 15px 0; font-weight: bold; color: #2c3e50; text-align: center;\">\n        Entre em contato:\n      <\/span>\n\n      <!-- Linha do perfil -->\n      <span style=\"display: flex; align-items: center; gap: 15px;\">\n        <img decoding=\"async\"\n          src=\"https:\/\/www.correiobraziliense.com.br\/cbradar\/wp-content\/uploads\/2025\/08\/dra_anna_luisa.jpeg\"\n          alt=\"Foto da Dra. Anna Lu\u00edsa\"\n          style=\"border-radius: 50%; width: 80px; height: 80px; object-fit: cover;\"\n        \/>\n        <span style=\"display: flex; flex-direction: column;\">\n          <span style=\"font-size: 18px; font-weight: 700; color: #2c3e50;\">Dra. Anna Lu\u00edsa Barbosa Fernandes<\/span>\n          <span style=\"color: #555;\">CRM-GO 33.271<\/span>\n        <\/span>\n      <\/span>\n\n      <!-- Redes -->\n      <span style=\"display: flex; align-items: center; gap: 10px; margin-top: 12px;\">\n        <img decoding=\"async\" src=\"https:\/\/cdn-icons-png.flaticon.com\/24\/1384\/1384063.png\" alt=\"Instagram\" width=\"24\" height=\"24\" \/>\n        <span style=\"text-decoration: underline; color: #2c3e50;\">@dra.annaluisabf<\/span>\n      <\/span>\n\n    <\/span>\n  <\/a>","protected":false},"excerpt":{"rendered":"<p>Gerenciar o Diabetes eficientemente implica mais do que apenas restringir o consumo de a\u00e7\u00facar. A escolha cuidadosa dos alimentos em cada refei\u00e7\u00e3o desempenha um papel vital na estabiliza\u00e7\u00e3o dos n\u00edveis de glicose no sangue, impactando positivamente a sa\u00fade e qualidade de vida. Priorizar alimentos que sejam ricos em fibras, prote\u00ednas magras e com baixo \u00edndice [&hellip;]<\/p>\n","protected":false},"author":14,"featured_media":48563,"comment_status":"open","ping_status":"open","sticky":false,"template":"","format":"standard","meta":{"_yoast_wpseo_focuskw":"Diabetes","_yoast_wpseo_title":"","_yoast_wpseo_metadesc":"Controlar o diabetes vai al\u00e9m de cortar a\u00e7\u00facar. Descubra os alimentos que estabilizam a glicose e como pequenas escolhas mudam a sa\u00fade.","jnews-multi-image_gallery":[],"jnews_single_post":{"format":"standard"},"jnews_primary_category":[],"jnews_social_meta":[],"jnews_override_counter":[],"footnotes":""},"categories":[4404],"post_tag":[1423,120,1318],"class_list":["post-143106","post","type-post","status-publish","format-standard","has-post-thumbnail","hentry","category-saude","tag-alimentos","tag-bem-estar","tag-saude-2"],"yoast_head":"<!-- This site is optimized with the Yoast SEO plugin v24.6 - https:\/\/yoast.com\/wordpress\/plugins\/seo\/ -->\n<title>Com esta alimenta\u00e7\u00e3o diab\u00e9ticos v\u00e3o equilibrar a glicose rapidamente - Correio Braziliense - Radar<\/title>\n<meta name=\"description\" content=\"Controlar o diabetes vai al\u00e9m de cortar a\u00e7\u00facar. Descubra os alimentos que estabilizam a glicose e como pequenas escolhas mudam a sa\u00fade.\" \/>\n<meta name=\"robots\" content=\"index, follow, max-snippet:-1, max-image-preview:large, max-video-preview:-1\" \/>\n<link rel=\"canonical\" href=\"https:\/\/www.correiobraziliense.com.br\/cbradar\/com-esta-alimentacao-diabeticos-vao-equilibrar-a-glicose-rapidamente\/\" \/>\n<meta property=\"og:locale\" content=\"pt_BR\" \/>\n<meta property=\"og:type\" content=\"article\" \/>\n<meta property=\"og:title\" content=\"Com esta alimenta\u00e7\u00e3o diab\u00e9ticos v\u00e3o equilibrar a glicose rapidamente - Correio Braziliense - Radar\" \/>\n<meta property=\"og:description\" content=\"Controlar o diabetes vai al\u00e9m de cortar a\u00e7\u00facar. Descubra os alimentos que estabilizam a glicose e como pequenas escolhas mudam a sa\u00fade.\" \/>\n<meta property=\"og:url\" content=\"https:\/\/www.correiobraziliense.com.br\/cbradar\/com-esta-alimentacao-diabeticos-vao-equilibrar-a-glicose-rapidamente\/\" \/>\n<meta property=\"og:site_name\" content=\"Correio Braziliense - Radar\" \/>\n<meta property=\"article:published_time\" content=\"2025-11-23T10:45:00+00:00\" \/>\n<meta property=\"og:image\" content=\"https:\/\/www.correiobraziliense.com.br\/cbradar\/wp-content\/uploads\/2025\/06\/glicose_1749149556037.jpg\" \/>\n\t<meta property=\"og:image:width\" content=\"1280\" \/>\n\t<meta property=\"og:image:height\" content=\"720\" \/>\n\t<meta property=\"og:image:type\" content=\"image\/jpeg\" \/>\n<meta name=\"author\" content=\"guilherme_saude\" \/>\n<meta name=\"twitter:card\" content=\"summary_large_image\" \/>\n<meta name=\"twitter:label1\" content=\"Escrito por\" \/>\n\t<meta name=\"twitter:data1\" content=\"guilherme_saude\" \/>\n\t<meta name=\"twitter:label2\" content=\"Est. tempo de leitura\" \/>\n\t<meta name=\"twitter:data2\" content=\"4 minutos\" \/>\n<!-- \/ Yoast SEO plugin. -->","yoast_head_json":{"title":"Com esta alimenta\u00e7\u00e3o diab\u00e9ticos v\u00e3o equilibrar a glicose rapidamente - Correio Braziliense - Radar","description":"Controlar o diabetes vai al\u00e9m de cortar a\u00e7\u00facar. Descubra os alimentos que estabilizam a glicose e como pequenas escolhas mudam a sa\u00fade.","robots":{"index":"index","follow":"follow","max-snippet":"max-snippet:-1","max-image-preview":"max-image-preview:large","max-video-preview":"max-video-preview:-1"},"canonical":"https:\/\/www.correiobraziliense.com.br\/cbradar\/com-esta-alimentacao-diabeticos-vao-equilibrar-a-glicose-rapidamente\/","og_locale":"pt_BR","og_type":"article","og_title":"Com esta alimenta\u00e7\u00e3o diab\u00e9ticos v\u00e3o equilibrar a glicose rapidamente - Correio Braziliense - Radar","og_description":"Controlar o diabetes vai al\u00e9m de cortar a\u00e7\u00facar. Descubra os alimentos que estabilizam a glicose e como pequenas escolhas mudam a sa\u00fade.","og_url":"https:\/\/www.correiobraziliense.com.br\/cbradar\/com-esta-alimentacao-diabeticos-vao-equilibrar-a-glicose-rapidamente\/","og_site_name":"Correio Braziliense - Radar","article_published_time":"2025-11-23T10:45:00+00:00","og_image":[{"width":1280,"height":720,"url":"https:\/\/www.correiobraziliense.com.br\/cbradar\/wp-content\/uploads\/2025\/06\/glicose_1749149556037.jpg","type":"image\/jpeg"}],"author":"guilherme_saude","twitter_card":"summary_large_image","twitter_misc":{"Escrito por":"guilherme_saude","Est. tempo de leitura":"4 minutos"},"schema":{"@context":"https:\/\/schema.org","@graph":[{"@type":"WebPage","@id":"https:\/\/www.correiobraziliense.com.br\/cbradar\/com-esta-alimentacao-diabeticos-vao-equilibrar-a-glicose-rapidamente\/","url":"https:\/\/www.correiobraziliense.com.br\/cbradar\/com-esta-alimentacao-diabeticos-vao-equilibrar-a-glicose-rapidamente\/","name":"Com esta alimenta\u00e7\u00e3o diab\u00e9ticos v\u00e3o equilibrar a glicose rapidamente - Correio Braziliense - Radar","isPartOf":{"@id":"https:\/\/www.correiobraziliense.com.br\/cbradar\/#website"},"primaryImageOfPage":{"@id":"https:\/\/www.correiobraziliense.com.br\/cbradar\/com-esta-alimentacao-diabeticos-vao-equilibrar-a-glicose-rapidamente\/#primaryimage"},"image":{"@id":"https:\/\/www.correiobraziliense.com.br\/cbradar\/com-esta-alimentacao-diabeticos-vao-equilibrar-a-glicose-rapidamente\/#primaryimage"},"thumbnailUrl":"https:\/\/www.correiobraziliense.com.br\/cbradar\/wp-content\/uploads\/2025\/06\/glicose_1749149556037.jpg","datePublished":"2025-11-23T10:45:00+00:00","author":{"@id":"https:\/\/www.correiobraziliense.com.br\/cbradar\/#\/schema\/person\/5aa4bf3c8fa699c267933611de12978b"},"description":"Controlar o diabetes vai al\u00e9m de cortar a\u00e7\u00facar. Descubra os alimentos que estabilizam a glicose e como pequenas escolhas mudam a sa\u00fade.","breadcrumb":{"@id":"https:\/\/www.correiobraziliense.com.br\/cbradar\/com-esta-alimentacao-diabeticos-vao-equilibrar-a-glicose-rapidamente\/#breadcrumb"},"inLanguage":"pt-BR","potentialAction":[{"@type":"ReadAction","target":["https:\/\/www.correiobraziliense.com.br\/cbradar\/com-esta-alimentacao-diabeticos-vao-equilibrar-a-glicose-rapidamente\/"]}]},{"@type":"ImageObject","inLanguage":"pt-BR","@id":"https:\/\/www.correiobraziliense.com.br\/cbradar\/com-esta-alimentacao-diabeticos-vao-equilibrar-a-glicose-rapidamente\/#primaryimage","url":"https:\/\/www.correiobraziliense.com.br\/cbradar\/wp-content\/uploads\/2025\/06\/glicose_1749149556037.jpg","contentUrl":"https:\/\/www.correiobraziliense.com.br\/cbradar\/wp-content\/uploads\/2025\/06\/glicose_1749149556037.jpg","width":1280,"height":720,"caption":"Diabetes - Cr\u00e9ditos: depositphotos.com \/ VadimVasenin"},{"@type":"BreadcrumbList","@id":"https:\/\/www.correiobraziliense.com.br\/cbradar\/com-esta-alimentacao-diabeticos-vao-equilibrar-a-glicose-rapidamente\/#breadcrumb","itemListElement":[{"@type":"ListItem","position":1,"name":"In\u00edcio","item":"https:\/\/www.correiobraziliense.com.br\/cbradar\/"},{"@type":"ListItem","position":2,"name":"Com esta alimenta\u00e7\u00e3o diab\u00e9ticos v\u00e3o equilibrar a glicose rapidamente"}]},{"@type":"WebSite","@id":"https:\/\/www.correiobraziliense.com.br\/cbradar\/#website","url":"https:\/\/www.correiobraziliense.com.br\/cbradar\/","name":"Correio Braziliense - Radar","description":"Acompanhe as \u00faltimas not\u00edcias e fique bem informado sobre tudo o que acontece no Brasil e no mundo.","potentialAction":[{"@type":"SearchAction","target":{"@type":"EntryPoint","urlTemplate":"https:\/\/www.correiobraziliense.com.br\/cbradar\/?s={search_term_string}"},"query-input":{"@type":"PropertyValueSpecification","valueRequired":true,"valueName":"search_term_string"}}],"inLanguage":"pt-BR"},{"@type":"Person","@id":"https:\/\/www.correiobraziliense.com.br\/cbradar\/#\/schema\/person\/5aa4bf3c8fa699c267933611de12978b","name":"guilherme_saude","image":{"@type":"ImageObject","inLanguage":"pt-BR","@id":"https:\/\/www.correiobraziliense.com.br\/cbradar\/#\/schema\/person\/image\/","url":"https:\/\/secure.gravatar.com\/avatar\/df9adfb835d344bc0af109d41756253f?s=96&d=mm&r=g","contentUrl":"https:\/\/secure.gravatar.com\/avatar\/df9adfb835d344bc0af109d41756253f?s=96&d=mm&r=g","caption":"guilherme_saude"},"url":"https:\/\/www.correiobraziliense.com.br\/cbradar\/author\/guilherme_saude\/"}]}},"_links":{"self":[{"href":"https:\/\/www.correiobraziliense.com.br\/cbradar\/wp-json\/wp\/v2\/posts\/143106","targetHints":{"allow":["GET"]}}],"collection":[{"href":"https:\/\/www.correiobraziliense.com.br\/cbradar\/wp-json\/wp\/v2\/posts"}],"about":[{"href":"https:\/\/www.correiobraziliense.com.br\/cbradar\/wp-json\/wp\/v2\/types\/post"}],"author":[{"embeddable":true,"href":"https:\/\/www.correiobraziliense.com.br\/cbradar\/wp-json\/wp\/v2\/users\/14"}],"replies":[{"embeddable":true,"href":"https:\/\/www.correiobraziliense.com.br\/cbradar\/wp-json\/wp\/v2\/comments?post=143106"}],"version-history":[{"count":1,"href":"https:\/\/www.correiobraziliense.com.br\/cbradar\/wp-json\/wp\/v2\/posts\/143106\/revisions"}],"predecessor-version":[{"id":143107,"href":"https:\/\/www.correiobraziliense.com.br\/cbradar\/wp-json\/wp\/v2\/posts\/143106\/revisions\/143107"}],"wp:featuredmedia":[{"embeddable":true,"href":"https:\/\/www.correiobraziliense.com.br\/cbradar\/wp-json\/wp\/v2\/media\/48563"}],"wp:attachment":[{"href":"https:\/\/www.correiobraziliense.com.br\/cbradar\/wp-json\/wp\/v2\/media?parent=143106"}],"wp:term":[{"taxonomy":"category","embeddable":true,"href":"https:\/\/www.correiobraziliense.com.br\/cbradar\/wp-json\/wp\/v2\/categories?post=143106"},{"taxonomy":"post_tag","embeddable":true,"href":"https:\/\/www.correiobraziliense.com.br\/cbradar\/wp-json\/wp\/v2\/post_tag?post=143106"}],"curies":[{"name":"wp","href":"https:\/\/api.w.org\/{rel}","templated":true}]}}