{"id":143119,"date":"2025-11-23T17:15:00","date_gmt":"2025-11-23T20:15:00","guid":{"rendered":"https:\/\/www.correiobraziliense.com.br\/cbradar\/?p=143119"},"modified":"2025-11-22T18:10:51","modified_gmt":"2025-11-22T21:10:51","slug":"o-que-unhas-amarelas-dizem-sobre-sua-saude","status":"publish","type":"post","link":"https:\/\/www.correiobraziliense.com.br\/cbradar\/o-que-unhas-amarelas-dizem-sobre-sua-saude\/","title":{"rendered":"O que unhas amarelas dizem sobre sua sa\u00fade?"},"content":{"rendered":"\n<p><strong>Unhas Amareladas<\/strong> podem surgir por diversas raz\u00f5es que v\u00e3o desde fatores externos at\u00e9 doen\u00e7as sist\u00eamicas. O amarelamento das unhas pode ocorrer devido ao processo natural de envelhecimento, uso cont\u00ednuo de esmaltes coloridos ou, ainda, ser um indicativo de problemas de sa\u00fade como infec\u00e7\u00f5es f\u00fangicas ou defici\u00eancias nutricionais. O reconhecimento precoce da causa subjacente \u00e9 crucial para o tratamento adequado e para prevenir complica\u00e7\u00f5es futuras.<\/p>\n\n\n\n<p>Entre as causas externas, a&nbsp;<strong>onicomicose<\/strong>&nbsp;\u00e9 bastante comum. Trata-se de uma infec\u00e7\u00e3o por fungos que altera a cor, formato e textura das unhas, tornando-as espessas, deformadas e amareladas. Essa infec\u00e7\u00e3o \u00e9 frequentemente contra\u00edda em ambientes \u00famidos, como piscinas e banheiros p\u00fablicos, principalmente quando se anda descal\u00e7o. O tratamento costuma envolver o uso de esmaltes e medicamentos antif\u00fangicos.<\/p>\n\n\n\n<h2 class=\"wp-block-heading\">Como as defici\u00eancias nutricionais afetam a cor das unhas?<\/h2>\n\n\n\n<p>A falta de vitaminas e minerais no organismo tamb\u00e9m pode resultar no amarelamento das unhas. Defici\u00eancias em antioxidantes, como as vitaminas A e C, podem deix\u00e1-las fr\u00e1geis e descoloridas. Para evitar essas defici\u00eancias, recomenda-se uma dieta equilibrada e, quando necess\u00e1rio, o uso de suplementos vitam\u00ednicos por pelo menos tr\u00eas meses.<\/p>\n\n\n\n<h2 class=\"wp-block-heading\">Unhas amarelas sempre indicam doen\u00e7a?<\/h2>\n\n\n\n<p>Nem sempre. O envelhecimento natural do corpo pode alterar a cor das unhas, tornando-as amareladas, sem que isso signifique um problema de <a href=\"https:\/\/www.correiobraziliense.com.br\/cbradar\/dra-najla-smaili-voce-sabia-que-esses-30-sintomas-sao-da-menopausa\/\" target=\"_blank\" rel=\"noreferrer noopener\">sa\u00fade<\/a>. No entanto, h\u00e1 outros fatores a considerar, como o uso de esmaltes. A exposi\u00e7\u00e3o cont\u00ednua a esmaltes, especialmente as cores escuras como vermelho e laranja, pode deixar as unhas com um tom amarelado. Pausar o uso frequente de esmaltes ou aplicar uma base protetora pode ajudar a aliviar esse efeito.<\/p>\n\n\n<div class=\"wp-block-image\">\n<figure class=\"aligncenter size-large\"><img decoding=\"async\" width=\"1024\" height=\"576\" src=\"https:\/\/www.correiobraziliense.com.br\/cbradar\/wp-content\/uploads\/2025\/10\/Unhas-_1759769044123-1024x576.jpg\" alt=\"\" class=\"wp-image-114804\" srcset=\"https:\/\/www.correiobraziliense.com.br\/cbradar\/wp-content\/uploads\/2025\/10\/Unhas-_1759769044123-1024x576.jpg 1024w, https:\/\/www.correiobraziliense.com.br\/cbradar\/wp-content\/uploads\/2025\/10\/Unhas-_1759769044123-300x169.jpg 300w, https:\/\/www.correiobraziliense.com.br\/cbradar\/wp-content\/uploads\/2025\/10\/Unhas-_1759769044123-768x432.jpg 768w, https:\/\/www.correiobraziliense.com.br\/cbradar\/wp-content\/uploads\/2025\/10\/Unhas-_1759769044123-750x422.jpg 750w, https:\/\/www.correiobraziliense.com.br\/cbradar\/wp-content\/uploads\/2025\/10\/Unhas-_1759769044123-1140x641.jpg 1140w, https:\/\/www.correiobraziliense.com.br\/cbradar\/wp-content\/uploads\/2025\/10\/Unhas-_1759769044123.jpg 1280w\" sizes=\"(max-width: 1024px) 100vw, 1024px\" \/><figcaption class=\"wp-element-caption\">Unhas &#8211; Cr\u00e9ditos: depositphotos.com \/ AntonMatyukha<\/figcaption><\/figure><\/div>\n\n\n<h2 class=\"wp-block-heading\">Quais doen\u00e7as podem causar mudan\u00e7as nas unhas?<\/h2>\n\n\n\n<p>Problemas sist\u00eamicos tamb\u00e9m se refletem na colora\u00e7\u00e3o das unhas. Doen\u00e7as como&nbsp;<strong>psor\u00edase<\/strong>, que atacam as unhas, alteram sua textura e colora\u00e7\u00e3o. Outras condi\u00e7\u00f5es, como problemas hep\u00e1ticos, podem manifestar-se n\u00e3o s\u00f3 pelo amarelamento das unhas, mas tamb\u00e9m pela altera\u00e7\u00e3o da cor da pele e dos olhos. \u00c9 vital um diagn\u00f3stico apropriado para cada caso, com tratamentos que podem variar de medicamentos t\u00f3picos a interven\u00e7\u00f5es mais invasivas em casos de problemas de sa\u00fade significativos.<\/p>\n\n\n\n<h2 class=\"wp-block-heading\">Qual a abordagem para Unhas Amareladas devido ao tabagismo?<\/h2>\n\n\n\n<p>O tabagismo \u00e9 outra causa chave do amarelamento das unhas, causado pela impregna\u00e7\u00e3o de nicotina e outras subst\u00e2ncias presentes no cigarro. Embora existam tratamentos est\u00e9ticos para clarear as unhas, a solu\u00e7\u00e3o mais efetiva e abrangente \u00e9 cessar o h\u00e1bito de fumar. Isso n\u00e3o s\u00f3 melhora a apar\u00eancia das unhas mas tamb\u00e9m diminui riscos associados a doen\u00e7as pulmonares e cardiovasculares.<\/p>\n\n\n\n<p>Finalmente, altera\u00e7\u00f5es nas unhas, como o amarelamento, podem indicar desde mudan\u00e7as in\u00f3cuas, como o uso cont\u00ednuo de cosm\u00e9ticos, at\u00e9 problemas de <a href=\"https:\/\/www.correiobraziliense.com.br\/cbradar\/dra-najla-smaili-voce-sabia-que-esses-30-sintomas-sao-da-menopausa\/\" target=\"_blank\" rel=\"noreferrer noopener\">sa\u00fade <\/a>mais s\u00e9rios. Um acompanhamento m\u00e9dico atempado \u00e9 essencial para uma identifica\u00e7\u00e3o acurada das causas e a prescri\u00e7\u00e3o de tratamentos eficazes, assegurando assim a sa\u00fade e o bem-estar geral.<\/p>\n\n\n<a href=\"https:\/\/www.instagram.com\/dra.annaluisabf\/\" target=\"_blank\" rel=\"noopener\" style=\"text-decoration: none; color: inherit;\">\n    <span style=\"display: inline-block; border: 1px solid #ccc; border-radius: 10px; padding: 15px; max-width: 550px; font-family: sans-serif; box-shadow: 0 2px 5px rgba(0,0,0,0.1); width: 100%;\">\n\n      <!-- T\u00edtulo -->\n      <span style=\"display: block; margin: 0 0 15px 0; font-weight: bold; color: #2c3e50; text-align: center;\">\n        Entre em contato:\n      <\/span>\n\n      <!-- Linha do perfil -->\n      <span style=\"display: flex; align-items: center; gap: 15px;\">\n        <img decoding=\"async\"\n          src=\"https:\/\/www.correiobraziliense.com.br\/cbradar\/wp-content\/uploads\/2025\/08\/dra_anna_luisa.jpeg\"\n          alt=\"Foto da Dra. Anna Lu\u00edsa\"\n          style=\"border-radius: 50%; width: 80px; height: 80px; object-fit: cover;\"\n        \/>\n        <span style=\"display: flex; flex-direction: column;\">\n          <span style=\"font-size: 18px; font-weight: 700; color: #2c3e50;\">Dra. Anna Lu\u00edsa Barbosa Fernandes<\/span>\n          <span style=\"color: #555;\">CRM-GO 33.271<\/span>\n        <\/span>\n      <\/span>\n\n      <!-- Redes -->\n      <span style=\"display: flex; align-items: center; gap: 10px; margin-top: 12px;\">\n        <img decoding=\"async\" src=\"https:\/\/cdn-icons-png.flaticon.com\/24\/1384\/1384063.png\" alt=\"Instagram\" width=\"24\" height=\"24\" \/>\n        <span style=\"text-decoration: underline; color: #2c3e50;\">@dra.annaluisabf<\/span>\n      <\/span>\n\n    <\/span>\n  <\/a>","protected":false},"excerpt":{"rendered":"<p>Unhas Amareladas podem surgir por diversas raz\u00f5es que v\u00e3o desde fatores externos at\u00e9 doen\u00e7as sist\u00eamicas. O amarelamento das unhas pode ocorrer devido ao processo natural de envelhecimento, uso cont\u00ednuo de esmaltes coloridos ou, ainda, ser um indicativo de problemas de sa\u00fade como infec\u00e7\u00f5es f\u00fangicas ou defici\u00eancias nutricionais. O reconhecimento precoce da causa subjacente \u00e9 crucial [&hellip;]<\/p>\n","protected":false},"author":14,"featured_media":143122,"comment_status":"open","ping_status":"open","sticky":false,"template":"","format":"standard","meta":{"_yoast_wpseo_focuskw":"Unhas Amareladas","_yoast_wpseo_title":"","_yoast_wpseo_metadesc":"Esmaltes, fungos, tabagismo ou doen\u00e7as podem amarelar as unhas. Saiba identificar a causa e o que fazer para tratar o problema.","jnews-multi-image_gallery":[],"jnews_single_post":{"format":"standard"},"jnews_primary_category":[],"jnews_social_meta":[],"jnews_override_counter":[],"footnotes":""},"categories":[4404],"post_tag":[120,1318,507],"class_list":["post-143119","post","type-post","status-publish","format-standard","has-post-thumbnail","hentry","category-saude","tag-bem-estar","tag-saude-2","tag-unhas"],"yoast_head":"<!-- This site is optimized with the Yoast SEO plugin v24.6 - https:\/\/yoast.com\/wordpress\/plugins\/seo\/ -->\n<title>O que unhas amarelas dizem sobre sua sa\u00fade? - Correio Braziliense - Radar<\/title>\n<meta name=\"description\" content=\"Esmaltes, fungos, tabagismo ou doen\u00e7as podem amarelar as unhas. Saiba identificar a causa e o que fazer para tratar o problema.\" \/>\n<meta name=\"robots\" content=\"index, follow, max-snippet:-1, max-image-preview:large, max-video-preview:-1\" \/>\n<link rel=\"canonical\" href=\"https:\/\/www.correiobraziliense.com.br\/cbradar\/o-que-unhas-amarelas-dizem-sobre-sua-saude\/\" \/>\n<meta property=\"og:locale\" content=\"pt_BR\" \/>\n<meta property=\"og:type\" content=\"article\" \/>\n<meta property=\"og:title\" content=\"O que unhas amarelas dizem sobre sua sa\u00fade? - Correio Braziliense - Radar\" \/>\n<meta property=\"og:description\" content=\"Esmaltes, fungos, tabagismo ou doen\u00e7as podem amarelar as unhas. Saiba identificar a causa e o que fazer para tratar o problema.\" \/>\n<meta property=\"og:url\" content=\"https:\/\/www.correiobraziliense.com.br\/cbradar\/o-que-unhas-amarelas-dizem-sobre-sua-saude\/\" \/>\n<meta property=\"og:site_name\" content=\"Correio Braziliense - Radar\" \/>\n<meta property=\"article:published_time\" content=\"2025-11-23T20:15:00+00:00\" \/>\n<meta property=\"og:image\" content=\"https:\/\/www.correiobraziliense.com.br\/cbradar\/wp-content\/uploads\/2025\/11\/unhas-amarelas_1763845820733.jpg\" \/>\n\t<meta property=\"og:image:width\" content=\"1280\" \/>\n\t<meta property=\"og:image:height\" content=\"720\" \/>\n\t<meta property=\"og:image:type\" content=\"image\/jpeg\" \/>\n<meta name=\"author\" content=\"guilherme_saude\" \/>\n<meta name=\"twitter:card\" content=\"summary_large_image\" \/>\n<meta name=\"twitter:label1\" content=\"Escrito por\" \/>\n\t<meta name=\"twitter:data1\" content=\"guilherme_saude\" \/>\n\t<meta name=\"twitter:label2\" content=\"Est. tempo de leitura\" \/>\n\t<meta name=\"twitter:data2\" content=\"4 minutos\" \/>\n<!-- \/ Yoast SEO plugin. -->","yoast_head_json":{"title":"O que unhas amarelas dizem sobre sua sa\u00fade? - Correio Braziliense - Radar","description":"Esmaltes, fungos, tabagismo ou doen\u00e7as podem amarelar as unhas. Saiba identificar a causa e o que fazer para tratar o problema.","robots":{"index":"index","follow":"follow","max-snippet":"max-snippet:-1","max-image-preview":"max-image-preview:large","max-video-preview":"max-video-preview:-1"},"canonical":"https:\/\/www.correiobraziliense.com.br\/cbradar\/o-que-unhas-amarelas-dizem-sobre-sua-saude\/","og_locale":"pt_BR","og_type":"article","og_title":"O que unhas amarelas dizem sobre sua sa\u00fade? - Correio Braziliense - Radar","og_description":"Esmaltes, fungos, tabagismo ou doen\u00e7as podem amarelar as unhas. Saiba identificar a causa e o que fazer para tratar o problema.","og_url":"https:\/\/www.correiobraziliense.com.br\/cbradar\/o-que-unhas-amarelas-dizem-sobre-sua-saude\/","og_site_name":"Correio Braziliense - Radar","article_published_time":"2025-11-23T20:15:00+00:00","og_image":[{"width":1280,"height":720,"url":"https:\/\/www.correiobraziliense.com.br\/cbradar\/wp-content\/uploads\/2025\/11\/unhas-amarelas_1763845820733.jpg","type":"image\/jpeg"}],"author":"guilherme_saude","twitter_card":"summary_large_image","twitter_misc":{"Escrito por":"guilherme_saude","Est. tempo de leitura":"4 minutos"},"schema":{"@context":"https:\/\/schema.org","@graph":[{"@type":"WebPage","@id":"https:\/\/www.correiobraziliense.com.br\/cbradar\/o-que-unhas-amarelas-dizem-sobre-sua-saude\/","url":"https:\/\/www.correiobraziliense.com.br\/cbradar\/o-que-unhas-amarelas-dizem-sobre-sua-saude\/","name":"O que unhas amarelas dizem sobre sua sa\u00fade? - Correio Braziliense - Radar","isPartOf":{"@id":"https:\/\/www.correiobraziliense.com.br\/cbradar\/#website"},"primaryImageOfPage":{"@id":"https:\/\/www.correiobraziliense.com.br\/cbradar\/o-que-unhas-amarelas-dizem-sobre-sua-saude\/#primaryimage"},"image":{"@id":"https:\/\/www.correiobraziliense.com.br\/cbradar\/o-que-unhas-amarelas-dizem-sobre-sua-saude\/#primaryimage"},"thumbnailUrl":"https:\/\/www.correiobraziliense.com.br\/cbradar\/wp-content\/uploads\/2025\/11\/unhas-amarelas_1763845820733.jpg","datePublished":"2025-11-23T20:15:00+00:00","author":{"@id":"https:\/\/www.correiobraziliense.com.br\/cbradar\/#\/schema\/person\/5aa4bf3c8fa699c267933611de12978b"},"description":"Esmaltes, fungos, tabagismo ou doen\u00e7as podem amarelar as unhas. Saiba identificar a causa e o que fazer para tratar o problema.","breadcrumb":{"@id":"https:\/\/www.correiobraziliense.com.br\/cbradar\/o-que-unhas-amarelas-dizem-sobre-sua-saude\/#breadcrumb"},"inLanguage":"pt-BR","potentialAction":[{"@type":"ReadAction","target":["https:\/\/www.correiobraziliense.com.br\/cbradar\/o-que-unhas-amarelas-dizem-sobre-sua-saude\/"]}]},{"@type":"ImageObject","inLanguage":"pt-BR","@id":"https:\/\/www.correiobraziliense.com.br\/cbradar\/o-que-unhas-amarelas-dizem-sobre-sua-saude\/#primaryimage","url":"https:\/\/www.correiobraziliense.com.br\/cbradar\/wp-content\/uploads\/2025\/11\/unhas-amarelas_1763845820733.jpg","contentUrl":"https:\/\/www.correiobraziliense.com.br\/cbradar\/wp-content\/uploads\/2025\/11\/unhas-amarelas_1763845820733.jpg","width":1280,"height":720,"caption":"unhas amarela - Cr\u00e9ditos: depositphotos.com \/ LyaNevada"},{"@type":"BreadcrumbList","@id":"https:\/\/www.correiobraziliense.com.br\/cbradar\/o-que-unhas-amarelas-dizem-sobre-sua-saude\/#breadcrumb","itemListElement":[{"@type":"ListItem","position":1,"name":"In\u00edcio","item":"https:\/\/www.correiobraziliense.com.br\/cbradar\/"},{"@type":"ListItem","position":2,"name":"O que unhas amarelas dizem sobre sua sa\u00fade?"}]},{"@type":"WebSite","@id":"https:\/\/www.correiobraziliense.com.br\/cbradar\/#website","url":"https:\/\/www.correiobraziliense.com.br\/cbradar\/","name":"Correio Braziliense - Radar","description":"Acompanhe as \u00faltimas not\u00edcias e fique bem informado sobre tudo o que acontece no Brasil e no mundo.","potentialAction":[{"@type":"SearchAction","target":{"@type":"EntryPoint","urlTemplate":"https:\/\/www.correiobraziliense.com.br\/cbradar\/?s={search_term_string}"},"query-input":{"@type":"PropertyValueSpecification","valueRequired":true,"valueName":"search_term_string"}}],"inLanguage":"pt-BR"},{"@type":"Person","@id":"https:\/\/www.correiobraziliense.com.br\/cbradar\/#\/schema\/person\/5aa4bf3c8fa699c267933611de12978b","name":"guilherme_saude","image":{"@type":"ImageObject","inLanguage":"pt-BR","@id":"https:\/\/www.correiobraziliense.com.br\/cbradar\/#\/schema\/person\/image\/","url":"https:\/\/secure.gravatar.com\/avatar\/df9adfb835d344bc0af109d41756253f?s=96&d=mm&r=g","contentUrl":"https:\/\/secure.gravatar.com\/avatar\/df9adfb835d344bc0af109d41756253f?s=96&d=mm&r=g","caption":"guilherme_saude"},"url":"https:\/\/www.correiobraziliense.com.br\/cbradar\/author\/guilherme_saude\/"}]}},"_links":{"self":[{"href":"https:\/\/www.correiobraziliense.com.br\/cbradar\/wp-json\/wp\/v2\/posts\/143119","targetHints":{"allow":["GET"]}}],"collection":[{"href":"https:\/\/www.correiobraziliense.com.br\/cbradar\/wp-json\/wp\/v2\/posts"}],"about":[{"href":"https:\/\/www.correiobraziliense.com.br\/cbradar\/wp-json\/wp\/v2\/types\/post"}],"author":[{"embeddable":true,"href":"https:\/\/www.correiobraziliense.com.br\/cbradar\/wp-json\/wp\/v2\/users\/14"}],"replies":[{"embeddable":true,"href":"https:\/\/www.correiobraziliense.com.br\/cbradar\/wp-json\/wp\/v2\/comments?post=143119"}],"version-history":[{"count":1,"href":"https:\/\/www.correiobraziliense.com.br\/cbradar\/wp-json\/wp\/v2\/posts\/143119\/revisions"}],"predecessor-version":[{"id":143123,"href":"https:\/\/www.correiobraziliense.com.br\/cbradar\/wp-json\/wp\/v2\/posts\/143119\/revisions\/143123"}],"wp:featuredmedia":[{"embeddable":true,"href":"https:\/\/www.correiobraziliense.com.br\/cbradar\/wp-json\/wp\/v2\/media\/143122"}],"wp:attachment":[{"href":"https:\/\/www.correiobraziliense.com.br\/cbradar\/wp-json\/wp\/v2\/media?parent=143119"}],"wp:term":[{"taxonomy":"category","embeddable":true,"href":"https:\/\/www.correiobraziliense.com.br\/cbradar\/wp-json\/wp\/v2\/categories?post=143119"},{"taxonomy":"post_tag","embeddable":true,"href":"https:\/\/www.correiobraziliense.com.br\/cbradar\/wp-json\/wp\/v2\/post_tag?post=143119"}],"curies":[{"name":"wp","href":"https:\/\/api.w.org\/{rel}","templated":true}]}}