{"id":14314,"date":"2025-03-21T10:10:04","date_gmt":"2025-03-21T13:10:04","guid":{"rendered":"https:\/\/www.correiobraziliense.com.br\/cbradar\/?p=14314"},"modified":"2025-03-20T13:31:17","modified_gmt":"2025-03-20T16:31:17","slug":"o-item-que-parece-de-luxo-mas-faz-toda-a-diferenca-na-sua-casa","status":"publish","type":"post","link":"https:\/\/www.correiobraziliense.com.br\/cbradar\/o-item-que-parece-de-luxo-mas-faz-toda-a-diferenca-na-sua-casa\/","title":{"rendered":"O item que parece de luxo, mas faz toda a diferen\u00e7a na sua casa"},"content":{"rendered":"\n<p>Com a rotina cada vez mais agitada, a busca por praticidade no cotidiano tem se tornado uma prioridade. Nesse contexto, o <strong>frigobar <\/strong>surge como um <a href=\"https:\/\/www.correiobraziliense.com.br\/cbradar\/eletrodomesticos-essenciais-pra-quem-vai-morar-sozinho-confira-os-melhores\/\" target=\"_blank\" rel=\"noreferrer noopener\">eletrodom\u00e9stico <\/a>que, embora n\u00e3o seja essencial, pode oferecer uma s\u00e9rie de vantagens. Este pequeno refrigerador n\u00e3o apenas facilita o acesso a bebidas e alimentos, mas tamb\u00e9m contribui para a organiza\u00e7\u00e3o e decora\u00e7\u00e3o de diversos ambientes.<\/p>\n\n\n\n<p>Embora muitos ainda considerem o frigobar um luxo desnecess\u00e1rio, sua utilidade vai al\u00e9m do que se imagina. Este artigo explora as diversas funcionalidades e benef\u00edcios que o frigobar pode trazer para o dia a dia, tornando-se um aliado valioso em qualquer resid\u00eancia.<\/p>\n\n\n\n<h2 class=\"wp-block-heading\">Quais s\u00e3o as principais vantagens de ter um frigobar?<\/h2>\n\n\n\n<p>O frigobar oferece v\u00e1rias vantagens que podem transformar a din\u00e2mica de uma casa. Desde<strong> aliviar a carga da geladeira<\/strong> principal at\u00e9 servir como um elemento decorativo, suas funcionalidades s\u00e3o amplas e variadas. A seguir, detalhamos algumas dessas vantagens.<\/p>\n\n\n\n<h2 class=\"wp-block-heading\">Al\u00edvio para a geladeira principal<\/h2>\n\n\n\n<p>Em lares com muitas pessoas ou <strong>durante eventos<\/strong>, a geladeira principal pode atingir sua capacidade m\u00e1xima, dificultando a organiza\u00e7\u00e3o dos itens. O frigobar atua como um espa\u00e7o adicional, ideal para armazenar <strong>bebidas<\/strong>, <strong>sobremesas <\/strong>e <strong>snacks<\/strong>. Isso n\u00e3o apenas facilita o acesso a esses itens, mas tamb\u00e9m mant\u00e9m a geladeira principal mais organizada e reservada para alimentos essenciais.<\/p>\n\n\n<div class=\"wp-block-image\">\n<figure class=\"aligncenter size-large\"><img decoding=\"async\" width=\"1024\" height=\"576\" src=\"https:\/\/www.correiobraziliense.com.br\/cbradar\/wp-content\/uploads\/2025\/03\/frigobar-geladeira_1742488094520-1024x576.jpg\" alt=\"O item que parece de luxo, mas faz toda a diferen\u00e7a na sua casa\" class=\"wp-image-14346\" srcset=\"https:\/\/www.correiobraziliense.com.br\/cbradar\/wp-content\/uploads\/2025\/03\/frigobar-geladeira_1742488094520-1024x576.jpg 1024w, https:\/\/www.correiobraziliense.com.br\/cbradar\/wp-content\/uploads\/2025\/03\/frigobar-geladeira_1742488094520-300x169.jpg 300w, https:\/\/www.correiobraziliense.com.br\/cbradar\/wp-content\/uploads\/2025\/03\/frigobar-geladeira_1742488094520-768x432.jpg 768w, https:\/\/www.correiobraziliense.com.br\/cbradar\/wp-content\/uploads\/2025\/03\/frigobar-geladeira_1742488094520-750x422.jpg 750w, https:\/\/www.correiobraziliense.com.br\/cbradar\/wp-content\/uploads\/2025\/03\/frigobar-geladeira_1742488094520-1140x641.jpg 1140w, https:\/\/www.correiobraziliense.com.br\/cbradar\/wp-content\/uploads\/2025\/03\/frigobar-geladeira_1742488094520.jpg 1280w\" sizes=\"(max-width: 1024px) 100vw, 1024px\" \/><figcaption class=\"wp-element-caption\">Frigobar &#8211; Cr\u00e9ditos: depositphotos.com \/ surachetsh<\/figcaption><\/figure><\/div>\n\n\n<h2 class=\"wp-block-heading\">Praticidade em reuni\u00f5es e eventos<\/h2>\n\n\n\n<p>Receber visitas em casa pode ser mais pr\u00e1tico com um frigobar estrategicamente posicionado. Ele permite que os convidados se sirvam de bebidas e petiscos sem precisar ir at\u00e9 a cozinha, mantendo a organiza\u00e7\u00e3o e o fluxo do evento. Al\u00e9m disso, evita que os anfitri\u00f5es sejam interrompidos constantemente para atender aos pedidos dos convidados.<\/p>\n\n\n\n<h2 class=\"wp-block-heading\">Adaptabilidade a qualquer c\u00f4modo<\/h2>\n\n\n\n<p>O frigobar \u00e9 extremamente vers\u00e1til e pode ser colocado em diversos c\u00f4modos da casa. No quarto, ele \u00e9 ideal para armazenar garrafas de \u00e1gua e pequenos lanches. No home office, mant\u00e9m lanches e bebidas ao alcance, enquanto em \u00e1reas de lazer, como varandas, garante bebidas geladas durante encontros com amigos. Sua flexibilidade \u00e9 um dos principais trunfos deste aparelho.<\/p>\n\n\n\n<h2 class=\"wp-block-heading\">Facilidade de organiza\u00e7\u00e3o e economia de energia<\/h2>\n\n\n\n<p>Com prateleiras ajust\u00e1veis e compartimentos espec\u00edficos, o frigobar permite uma organiza\u00e7\u00e3o eficiente dos itens. Al\u00e9m disso, ele consome menos energia que uma geladeira tradicional, pois possui um espa\u00e7o menor. Ao armazenar itens de uso frequente, reduz-se a necessidade de abrir a geladeira principal, ajudando a manter a temperatura interna est\u00e1vel e economizando energia.<\/p>\n\n\n\n<h2 class=\"wp-block-heading\">Contribui\u00e7\u00e3o para a decora\u00e7\u00e3o<\/h2>\n\n\n\n<p>Al\u00e9m de suas funcionalidades pr\u00e1ticas, o frigobar pode ser um elemento decorativo. Marcas como <strong>Brastemp<\/strong>, <strong>Consul <\/strong>e <strong>Electrolux <\/strong>oferecem modelos com designs variados, desde o <a href=\"https:\/\/www.mobly.com.br\/blog\/inspiracoes\/estilo-retro\/amp\/\" target=\"_blank\" rel=\"noreferrer noopener\">retr\u00f4 <\/a>at\u00e9 o moderno, que podem complementar a decora\u00e7\u00e3o de qualquer ambiente. Assim, o frigobar n\u00e3o s\u00f3 atende a necessidades pr\u00e1ticas, mas tamb\u00e9m adiciona um toque de estilo \u00e0 casa.<\/p>\n\n\n\n<p>Em resumo, o frigobar \u00e9 um eletrodom\u00e9stico que, apesar de pequeno, oferece grandes benef\u00edcios. Sua capacidade de se adaptar a diferentes necessidades e ambientes faz dele um investimento valioso para quem busca praticidade e efici\u00eancia no dia a dia.<\/p>\n","protected":false},"excerpt":{"rendered":"<p>Com a rotina cada vez mais agitada, a busca por praticidade no cotidiano tem se tornado uma prioridade. Nesse contexto, o frigobar surge como um eletrodom\u00e9stico que, embora n\u00e3o seja essencial, pode oferecer uma s\u00e9rie de vantagens. Este pequeno refrigerador n\u00e3o apenas facilita o acesso a bebidas e alimentos, mas tamb\u00e9m contribui para a organiza\u00e7\u00e3o [&hellip;]<\/p>\n","protected":false},"author":9,"featured_media":14345,"comment_status":"open","ping_status":"open","sticky":false,"template":"","format":"standard","meta":{"_yoast_wpseo_focuskw":"frigobar","_yoast_wpseo_title":"%%title%% %%page%%","_yoast_wpseo_metadesc":"Pequeno, pr\u00e1tico e estiloso, esse eletrodom\u00e9stico pode transformar sua rotina e ainda ajudar na decora\u00e7\u00e3o de v\u00e1rios ambientes.","jnews-multi-image_gallery":[],"jnews_single_post":{"format":"standard"},"jnews_primary_category":[],"jnews_social_meta":[],"jnews_override_counter":[],"footnotes":""},"categories":[169,115],"tags":[2192,1016,2194,2193],"class_list":["post-14314","post","type-post","status-publish","format-standard","has-post-thumbnail","hentry","category-noticias","category-tecnologia","tag-frigobar","tag-geladeira","tag-organizacao","tag-praticidade"],"yoast_head":"<!-- This site is optimized with the Yoast SEO plugin v24.6 - https:\/\/yoast.com\/wordpress\/plugins\/seo\/ -->\n<title>O item que parece de luxo, mas faz toda a diferen\u00e7a na sua casa<\/title>\n<meta name=\"description\" content=\"Pequeno, pr\u00e1tico e estiloso, esse eletrodom\u00e9stico pode transformar sua rotina e ainda ajudar na decora\u00e7\u00e3o de v\u00e1rios ambientes.\" \/>\n<meta name=\"robots\" content=\"index, follow, max-snippet:-1, max-image-preview:large, max-video-preview:-1\" \/>\n<link rel=\"canonical\" href=\"https:\/\/www.correiobraziliense.com.br\/cbradar\/o-item-que-parece-de-luxo-mas-faz-toda-a-diferenca-na-sua-casa\/\" \/>\n<meta property=\"og:locale\" content=\"pt_BR\" \/>\n<meta property=\"og:type\" content=\"article\" \/>\n<meta property=\"og:title\" content=\"O item que parece de luxo, mas faz toda a diferen\u00e7a na sua casa\" \/>\n<meta property=\"og:description\" content=\"Pequeno, pr\u00e1tico e estiloso, esse eletrodom\u00e9stico pode transformar sua rotina e ainda ajudar na decora\u00e7\u00e3o de v\u00e1rios ambientes.\" \/>\n<meta property=\"og:url\" content=\"https:\/\/www.correiobraziliense.com.br\/cbradar\/o-item-que-parece-de-luxo-mas-faz-toda-a-diferenca-na-sua-casa\/\" \/>\n<meta property=\"og:site_name\" content=\"Correio Braziliense - Radar\" \/>\n<meta property=\"article:published_time\" content=\"2025-03-21T13:10:04+00:00\" \/>\n<meta property=\"og:image\" content=\"https:\/\/www.correiobraziliense.com.br\/cbradar\/wp-content\/uploads\/2025\/03\/cozinha_1742487993932.jpg\" \/>\n\t<meta property=\"og:image:width\" content=\"1280\" \/>\n\t<meta property=\"og:image:height\" content=\"720\" \/>\n\t<meta property=\"og:image:type\" content=\"image\/jpeg\" \/>\n<meta name=\"author\" content=\"Daniely Cardoso\" \/>\n<meta name=\"twitter:card\" content=\"summary_large_image\" \/>\n<meta name=\"twitter:label1\" content=\"Escrito por\" \/>\n\t<meta name=\"twitter:data1\" content=\"Daniely Cardoso\" \/>\n\t<meta name=\"twitter:label2\" content=\"Est. tempo de leitura\" \/>\n\t<meta name=\"twitter:data2\" content=\"4 minutos\" \/>\n<!-- \/ Yoast SEO plugin. -->","yoast_head_json":{"title":"O item que parece de luxo, mas faz toda a diferen\u00e7a na sua casa","description":"Pequeno, pr\u00e1tico e estiloso, esse eletrodom\u00e9stico pode transformar sua rotina e ainda ajudar na decora\u00e7\u00e3o de v\u00e1rios ambientes.","robots":{"index":"index","follow":"follow","max-snippet":"max-snippet:-1","max-image-preview":"max-image-preview:large","max-video-preview":"max-video-preview:-1"},"canonical":"https:\/\/www.correiobraziliense.com.br\/cbradar\/o-item-que-parece-de-luxo-mas-faz-toda-a-diferenca-na-sua-casa\/","og_locale":"pt_BR","og_type":"article","og_title":"O item que parece de luxo, mas faz toda a diferen\u00e7a na sua casa","og_description":"Pequeno, pr\u00e1tico e estiloso, esse eletrodom\u00e9stico pode transformar sua rotina e ainda ajudar na decora\u00e7\u00e3o de v\u00e1rios ambientes.","og_url":"https:\/\/www.correiobraziliense.com.br\/cbradar\/o-item-que-parece-de-luxo-mas-faz-toda-a-diferenca-na-sua-casa\/","og_site_name":"Correio Braziliense - Radar","article_published_time":"2025-03-21T13:10:04+00:00","og_image":[{"width":1280,"height":720,"url":"https:\/\/www.correiobraziliense.com.br\/cbradar\/wp-content\/uploads\/2025\/03\/cozinha_1742487993932.jpg","type":"image\/jpeg"}],"author":"Daniely Cardoso","twitter_card":"summary_large_image","twitter_misc":{"Escrito por":"Daniely Cardoso","Est. tempo de leitura":"4 minutos"},"schema":{"@context":"https:\/\/schema.org","@graph":[{"@type":"WebPage","@id":"https:\/\/www.correiobraziliense.com.br\/cbradar\/o-item-que-parece-de-luxo-mas-faz-toda-a-diferenca-na-sua-casa\/","url":"https:\/\/www.correiobraziliense.com.br\/cbradar\/o-item-que-parece-de-luxo-mas-faz-toda-a-diferenca-na-sua-casa\/","name":"O item que parece de luxo, mas faz toda a diferen\u00e7a na sua casa","isPartOf":{"@id":"https:\/\/www.correiobraziliense.com.br\/cbradar\/#website"},"primaryImageOfPage":{"@id":"https:\/\/www.correiobraziliense.com.br\/cbradar\/o-item-que-parece-de-luxo-mas-faz-toda-a-diferenca-na-sua-casa\/#primaryimage"},"image":{"@id":"https:\/\/www.correiobraziliense.com.br\/cbradar\/o-item-que-parece-de-luxo-mas-faz-toda-a-diferenca-na-sua-casa\/#primaryimage"},"thumbnailUrl":"https:\/\/www.correiobraziliense.com.br\/cbradar\/wp-content\/uploads\/2025\/03\/cozinha_1742487993932.jpg","datePublished":"2025-03-21T13:10:04+00:00","author":{"@id":"https:\/\/www.correiobraziliense.com.br\/cbradar\/#\/schema\/person\/7356666e12ec0ee53f348ee5db227032"},"description":"Pequeno, pr\u00e1tico e estiloso, esse eletrodom\u00e9stico pode transformar sua rotina e ainda ajudar na decora\u00e7\u00e3o de v\u00e1rios ambientes.","breadcrumb":{"@id":"https:\/\/www.correiobraziliense.com.br\/cbradar\/o-item-que-parece-de-luxo-mas-faz-toda-a-diferenca-na-sua-casa\/#breadcrumb"},"inLanguage":"pt-BR","potentialAction":[{"@type":"ReadAction","target":["https:\/\/www.correiobraziliense.com.br\/cbradar\/o-item-que-parece-de-luxo-mas-faz-toda-a-diferenca-na-sua-casa\/"]}]},{"@type":"ImageObject","inLanguage":"pt-BR","@id":"https:\/\/www.correiobraziliense.com.br\/cbradar\/o-item-que-parece-de-luxo-mas-faz-toda-a-diferenca-na-sua-casa\/#primaryimage","url":"https:\/\/www.correiobraziliense.com.br\/cbradar\/wp-content\/uploads\/2025\/03\/cozinha_1742487993932.jpg","contentUrl":"https:\/\/www.correiobraziliense.com.br\/cbradar\/wp-content\/uploads\/2025\/03\/cozinha_1742487993932.jpg","width":1280,"height":720,"caption":"Cozinha - Cr\u00e9ditos: depositphotos.com \/ REDPIXEL"},{"@type":"BreadcrumbList","@id":"https:\/\/www.correiobraziliense.com.br\/cbradar\/o-item-que-parece-de-luxo-mas-faz-toda-a-diferenca-na-sua-casa\/#breadcrumb","itemListElement":[{"@type":"ListItem","position":1,"name":"In\u00edcio","item":"https:\/\/www.correiobraziliense.com.br\/cbradar\/"},{"@type":"ListItem","position":2,"name":"O item que parece de luxo, mas faz toda a diferen\u00e7a na sua casa"}]},{"@type":"WebSite","@id":"https:\/\/www.correiobraziliense.com.br\/cbradar\/#website","url":"https:\/\/www.correiobraziliense.com.br\/cbradar\/","name":"Correio Braziliense - Radar","description":"Acompanhe as \u00faltimas not\u00edcias e fique bem informado sobre tudo o que acontece no Brasil e no mundo.","potentialAction":[{"@type":"SearchAction","target":{"@type":"EntryPoint","urlTemplate":"https:\/\/www.correiobraziliense.com.br\/cbradar\/?s={search_term_string}"},"query-input":{"@type":"PropertyValueSpecification","valueRequired":true,"valueName":"search_term_string"}}],"inLanguage":"pt-BR"},{"@type":"Person","@id":"https:\/\/www.correiobraziliense.com.br\/cbradar\/#\/schema\/person\/7356666e12ec0ee53f348ee5db227032","name":"Daniely Cardoso","image":{"@type":"ImageObject","inLanguage":"pt-BR","@id":"https:\/\/www.correiobraziliense.com.br\/cbradar\/#\/schema\/person\/image\/","url":"https:\/\/secure.gravatar.com\/avatar\/4b80ddbd124d1f071b626d52d62e5dff?s=96&d=mm&r=g","contentUrl":"https:\/\/secure.gravatar.com\/avatar\/4b80ddbd124d1f071b626d52d62e5dff?s=96&d=mm&r=g","caption":"Daniely Cardoso"},"description":"Redatora nos portais CB Radar e EM Foco, formada pela Universidade Federal de Goi\u00e1s, em Goi\u00e2nia. Apaixonada por comunica\u00e7\u00e3o, arte, decora\u00e7\u00e3o e tend\u00eancias, atuo na produ\u00e7\u00e3o de conte\u00fados envolventes sobre curiosidades, moda, beleza e paisagismo, sempre com um olhar atento \u00e0s novidades do momento.","sameAs":["https:\/\/www.correiobraziliense.com.br\/cbradar"],"url":"https:\/\/www.correiobraziliense.com.br\/cbradar\/author\/danielymyth\/"}]}},"_links":{"self":[{"href":"https:\/\/www.correiobraziliense.com.br\/cbradar\/wp-json\/wp\/v2\/posts\/14314","targetHints":{"allow":["GET"]}}],"collection":[{"href":"https:\/\/www.correiobraziliense.com.br\/cbradar\/wp-json\/wp\/v2\/posts"}],"about":[{"href":"https:\/\/www.correiobraziliense.com.br\/cbradar\/wp-json\/wp\/v2\/types\/post"}],"author":[{"embeddable":true,"href":"https:\/\/www.correiobraziliense.com.br\/cbradar\/wp-json\/wp\/v2\/users\/9"}],"replies":[{"embeddable":true,"href":"https:\/\/www.correiobraziliense.com.br\/cbradar\/wp-json\/wp\/v2\/comments?post=14314"}],"version-history":[{"count":3,"href":"https:\/\/www.correiobraziliense.com.br\/cbradar\/wp-json\/wp\/v2\/posts\/14314\/revisions"}],"predecessor-version":[{"id":14347,"href":"https:\/\/www.correiobraziliense.com.br\/cbradar\/wp-json\/wp\/v2\/posts\/14314\/revisions\/14347"}],"wp:featuredmedia":[{"embeddable":true,"href":"https:\/\/www.correiobraziliense.com.br\/cbradar\/wp-json\/wp\/v2\/media\/14345"}],"wp:attachment":[{"href":"https:\/\/www.correiobraziliense.com.br\/cbradar\/wp-json\/wp\/v2\/media?parent=14314"}],"wp:term":[{"taxonomy":"category","embeddable":true,"href":"https:\/\/www.correiobraziliense.com.br\/cbradar\/wp-json\/wp\/v2\/categories?post=14314"},{"taxonomy":"post_tag","embeddable":true,"href":"https:\/\/www.correiobraziliense.com.br\/cbradar\/wp-json\/wp\/v2\/tags?post=14314"}],"curies":[{"name":"wp","href":"https:\/\/api.w.org\/{rel}","templated":true}]}}