{"id":143147,"date":"2025-11-26T20:35:00","date_gmt":"2025-11-26T23:35:00","guid":{"rendered":"https:\/\/www.correiobraziliense.com.br\/cbradar\/?p=143147"},"modified":"2025-11-25T14:58:30","modified_gmt":"2025-11-25T17:58:30","slug":"quais-racas-de-caes-nao-podem-viver-nas-cidades","status":"publish","type":"post","link":"https:\/\/www.correiobraziliense.com.br\/cbradar\/quais-racas-de-caes-nao-podem-viver-nas-cidades\/","title":{"rendered":"Quais ra\u00e7as de c\u00e3es n\u00e3o podem viver nas cidades?"},"content":{"rendered":"\n<p>As diferentes <strong>ra\u00e7as de c\u00e3es<\/strong> apresentam caracter\u00edsticas \u00fanicas que influenciam sua adaptabilidade a ambientes diversos, como a vida em cidades grandes. Enquanto algumas ra\u00e7as vivem bem em \u00e1reas urbanas, outras exigem mais espa\u00e7o e contato frequente com a natureza para manterem o equil\u00edbrio f\u00edsico e mental, evitando comportamentos indesejados.<\/p>\n\n\n\n<h2 class=\"wp-block-heading\">Quais ra\u00e7as de c\u00e3es apresentam maior necessidade de espa\u00e7o?<\/h2>\n\n\n\n<p>C\u00e3es de grande porte ou com alto <strong>gasto energ\u00e9tico<\/strong> di\u00e1rio, al\u00e9m daqueles com forte <strong>instinto de ca\u00e7a<\/strong>, geralmente precisam de ambientes mais amplos para viverem bem. Esses c\u00e3es tendem a se sentir mais confort\u00e1veis em locais onde h\u00e1 \u00e1reas verdes dispon\u00edveis.<\/p>\n\n\n\n<p>O <strong>Irish Wolfhound<\/strong> ilustra esse perfil. Conhecido por ser calmo, leal e afetuoso, esse c\u00e3o originado das comunidades celtas na Irlanda exige muito espa\u00e7o devido ao seu porte exagerado. Personalidades como <strong>Iv\u00e1n de Pineda<\/strong>, tutor de um exemplar da ra\u00e7a, refor\u00e7am a import\u00e2ncia de garantir um ambiente adequado para o bem-estar desses animais.<\/p>\n\n\n\n<p>Ana Luisa, adestradora canina em seu perfil @caoemfoco, descreveu detalhes da ra\u00e7a:<\/p>\n\n\n\n<blockquote class=\"tiktok-embed\" cite=\"https:\/\/www.tiktok.com\/@caoemfoco\/video\/7193773489688448262\" data-video-id=\"7193773489688448262\" style=\"max-width: 605px;min-width: 325px;\" > <section> <a target=\"_blank\" title=\"@caoemfoco\" href=\"https:\/\/www.tiktok.com\/@caoemfoco?refer=embed\">@caoemfoco<\/a> video sobre o irish Wolfhound, a maior ra\u00e7a canina j\u00e1 est\u00e1 no ar no youtube! link no perfil \ud83d\ude01 <a title=\"caoemfoco\" target=\"_blank\" href=\"https:\/\/www.tiktok.com\/tag\/caoemfoco?refer=embed\">#caoemfoco<\/a> <a title=\"irishwolfhound\" target=\"_blank\" href=\"https:\/\/www.tiktok.com\/tag\/irishwolfhound?refer=embed\">#irishwolfhound<\/a> <a title=\"lebrelirlandes\" target=\"_blank\" href=\"https:\/\/www.tiktok.com\/tag\/lebrelirlandes?refer=embed\">#lebrelirlandes<\/a> <a title=\"caesgigantes\" target=\"_blank\" href=\"https:\/\/www.tiktok.com\/tag\/caesgigantes?refer=embed\">#caesgigantes<\/a> <a title=\"caogigante\" target=\"_blank\" href=\"https:\/\/www.tiktok.com\/tag\/caogigante?refer=embed\">#caogigante<\/a> <a target=\"_blank\" title=\"\u266c For movie &#47; picture &#47; action &#47; suspense - G-axis sound music\" href=\"https:\/\/www.tiktok.com\/music\/For-movie-picture-action-suspense-6817209887651530754?refer=embed\">\u266c For movie &#47; picture &#47; action &#47; suspense &#8211; G-axis sound music<\/a> <\/section> <\/blockquote> <script async src=\"https:\/\/www.tiktok.com\/embed.js\"><\/script>\n\n\n\n<h2 class=\"wp-block-heading\">Quais outras ra\u00e7as de c\u00e3es preferem campos e \u00e1reas abertas?<\/h2>\n\n\n\n<p>Al\u00e9m do Irish Wolfhound, h\u00e1 v\u00e1rias ra\u00e7as de c\u00e3es que necessitam de grandes \u00e1reas ao ar livre pelo seu elevado n\u00edvel de energia. Muitas delas, se n\u00e3o forem estimuladas fisicamente, podem apresentar comportamentos problem\u00e1ticos, como a destrutividade.<\/p>\n\n\n\n<p>Confira exemplos de ra\u00e7as com essas necessidades espec\u00edficas:<\/p>\n\n\n\n<ul class=\"wp-block-list\">\n<li><strong>Border Collie<\/strong><\/li>\n\n\n\n<li><strong>Husky Siberiano<\/strong><\/li>\n\n\n\n<li><strong>Alaskan Malamute<\/strong><\/li>\n\n\n\n<li><strong>D\u00e1lmata<\/strong><\/li>\n\n\n\n<li><strong>Braco de Weimar<\/strong><\/li>\n\n\n\n<li><strong>Vizsla<\/strong><\/li>\n<\/ul>\n\n\n\n<h2 class=\"wp-block-heading\">Por que algumas ra\u00e7as t\u00eam mais dificuldade de viver bem na cidade?<\/h2>\n\n\n\n<p>Certos c\u00e3es apresentam dificuldades de adapta\u00e7\u00e3o ao ambiente urbano devido \u00e0 sua <strong>intelig\u00eancia elevada<\/strong> e \u00e0 necessidade de est\u00edmulos mentais e f\u00edsicos. Isso \u00e9 especialmente verdadeiro em c\u00e3es criados para trabalho ou ca\u00e7a, exigindo atividades di\u00e1rias variadas.<\/p>\n\n\n\n<p>Ra\u00e7as como <strong>Beagle<\/strong>, Jack Russell Terrier, Pastor Alem\u00e3o e Pastor Australiano t\u00eam tend\u00eancia a buscar tarefas que envolvem o olfato, agilidade ou obedi\u00eancia. Por consequ\u00eancia, ambientes urbanos pequenos raramente oferecem desafios suficientes para esses animais.<\/p>\n\n\n\n<figure class=\"wp-block-image size-large\"><img decoding=\"async\" width=\"1024\" height=\"576\" src=\"https:\/\/www.correiobraziliense.com.br\/cbradar\/wp-content\/uploads\/2025\/11\/mosaico_1763847736352-1024x576.jpg\" alt=\"Quais ra\u00e7as de c\u00e3es n\u00e3o podem viver nas cidades?\" class=\"wp-image-143149\" srcset=\"https:\/\/www.correiobraziliense.com.br\/cbradar\/wp-content\/uploads\/2025\/11\/mosaico_1763847736352-1024x576.jpg 1024w, https:\/\/www.correiobraziliense.com.br\/cbradar\/wp-content\/uploads\/2025\/11\/mosaico_1763847736352-300x169.jpg 300w, https:\/\/www.correiobraziliense.com.br\/cbradar\/wp-content\/uploads\/2025\/11\/mosaico_1763847736352-768x432.jpg 768w, https:\/\/www.correiobraziliense.com.br\/cbradar\/wp-content\/uploads\/2025\/11\/mosaico_1763847736352-750x422.jpg 750w, https:\/\/www.correiobraziliense.com.br\/cbradar\/wp-content\/uploads\/2025\/11\/mosaico_1763847736352-1140x641.jpg 1140w, https:\/\/www.correiobraziliense.com.br\/cbradar\/wp-content\/uploads\/2025\/11\/mosaico_1763847736352.jpg 1280w\" sizes=\"(max-width: 1024px) 100vw, 1024px\" \/><figcaption class=\"wp-element-caption\">Escolher a ra\u00e7a certa para ambientes urbanos fortalece o la\u00e7o entre tutor e pet, garantindo equil\u00edbrio e felicidade. Cr\u00e9ditos: depositphotos.com \/ AllaSerebrina e Cr\u00e9ditos: depositphotos.com \/ HayDmitriy<\/figcaption><\/figure>\n\n\n\n<h2 class=\"wp-block-heading\">Quando \u00e9 celebrado o Dia Mundial do Cachorro e qual sua import\u00e2ncia?<\/h2>\n\n\n\n<p>O <strong>Dia Mundial do Cachorro<\/strong> \u00e9 celebrado em 21 de julho e visa destacar a conex\u00e3o especial entre pessoas e c\u00e3es, al\u00e9m de conscientizar sobre o abandono e os maus-tratos. Essa data incentiva campanhas de ado\u00e7\u00e3o e prote\u00e7\u00e3o dos c\u00e3es de rua.<\/p>\n\n\n\n<p>Vale lembrar que, na Argentina, no dia 2 de junho, tamb\u00e9m h\u00e1 uma homenagem espec\u00edfica em mem\u00f3ria de <strong>Chonino<\/strong>, um c\u00e3o pastor alem\u00e3o her\u00f3i em 1983, refor\u00e7ando a <strong>lealdade<\/strong> e coragem desses animais. Este tipo de celebra\u00e7\u00e3o traz \u00e0 tona a necessidade de respeito e cuidado com todos os c\u00e3es.<\/p>\n","protected":false},"excerpt":{"rendered":"<p>Descubra quais ra\u00e7as de c\u00e3es n\u00e3o se adaptam \u00e0 vida na cidade, como o gigante e leal Irish Wolfhound. Explore necessidades e estilos de vida!<\/p>\n","protected":false},"author":3,"featured_media":144898,"comment_status":"open","ping_status":"open","sticky":false,"template":"","format":"standard","meta":{"_yoast_wpseo_focuskw":"ra\u00e7as n\u00e3o podem viver na cidade","_yoast_wpseo_title":"%%title%%","_yoast_wpseo_metadesc":"Descubra quais ra\u00e7as de c\u00e3es n\u00e3o se adaptam \u00e0 vida na cidade, como o gigante e leal Irish Wolfhound. Explore necessidades e estilos de vida!","jnews-multi-image_gallery":[],"jnews_single_post":{"format":"standard"},"jnews_primary_category":[],"jnews_social_meta":[],"jnews_override_counter":[],"footnotes":""},"categories":[112],"post_tag":[230,1977,378,144,1008],"class_list":["post-143147","post","type-post","status-publish","format-standard","has-post-thumbnail","hentry","category-curiosidades","tag-animais","tag-animais-de-estimacao","tag-cachorro","tag-curiosidades","tag-pets"],"yoast_head":"<!-- This site is optimized with the Yoast SEO plugin v24.6 - https:\/\/yoast.com\/wordpress\/plugins\/seo\/ -->\n<title>Quais ra\u00e7as de c\u00e3es n\u00e3o podem viver nas cidades?<\/title>\n<meta name=\"description\" content=\"Descubra quais ra\u00e7as de c\u00e3es n\u00e3o se adaptam \u00e0 vida na cidade, como o gigante e leal Irish Wolfhound. Explore necessidades e estilos de vida!\" \/>\n<meta name=\"robots\" content=\"index, follow, max-snippet:-1, max-image-preview:large, max-video-preview:-1\" \/>\n<link rel=\"canonical\" href=\"https:\/\/www.correiobraziliense.com.br\/cbradar\/quais-racas-de-caes-nao-podem-viver-nas-cidades\/\" \/>\n<meta property=\"og:locale\" content=\"pt_BR\" \/>\n<meta property=\"og:type\" content=\"article\" \/>\n<meta property=\"og:title\" content=\"Quais ra\u00e7as de c\u00e3es n\u00e3o podem viver nas cidades?\" \/>\n<meta property=\"og:description\" content=\"Descubra quais ra\u00e7as de c\u00e3es n\u00e3o se adaptam \u00e0 vida na cidade, como o gigante e leal Irish Wolfhound. Explore necessidades e estilos de vida!\" \/>\n<meta property=\"og:url\" content=\"https:\/\/www.correiobraziliense.com.br\/cbradar\/quais-racas-de-caes-nao-podem-viver-nas-cidades\/\" \/>\n<meta property=\"og:site_name\" content=\"Correio Braziliense - Radar\" \/>\n<meta property=\"article:published_time\" content=\"2025-11-26T23:35:00+00:00\" \/>\n<meta property=\"og:image\" content=\"https:\/\/www.correiobraziliense.com.br\/cbradar\/wp-content\/uploads\/2025\/11\/freepik__faa-uma-imagem-realsita-de-um-cachorro-de-grande-o__33325.jpeg\" \/>\n\t<meta property=\"og:image:width\" content=\"1280\" \/>\n\t<meta property=\"og:image:height\" content=\"720\" \/>\n\t<meta property=\"og:image:type\" content=\"image\/jpeg\" \/>\n<meta name=\"author\" content=\"Larissa Carvalho\" \/>\n<meta name=\"twitter:card\" content=\"summary_large_image\" \/>\n<meta name=\"twitter:label1\" content=\"Escrito por\" \/>\n\t<meta name=\"twitter:data1\" content=\"Larissa Carvalho\" \/>\n\t<meta name=\"twitter:label2\" content=\"Est. tempo de leitura\" \/>\n\t<meta name=\"twitter:data2\" content=\"3 minutos\" \/>\n<!-- \/ Yoast SEO plugin. -->","yoast_head_json":{"title":"Quais ra\u00e7as de c\u00e3es n\u00e3o podem viver nas cidades?","description":"Descubra quais ra\u00e7as de c\u00e3es n\u00e3o se adaptam \u00e0 vida na cidade, como o gigante e leal Irish Wolfhound. Explore necessidades e estilos de vida!","robots":{"index":"index","follow":"follow","max-snippet":"max-snippet:-1","max-image-preview":"max-image-preview:large","max-video-preview":"max-video-preview:-1"},"canonical":"https:\/\/www.correiobraziliense.com.br\/cbradar\/quais-racas-de-caes-nao-podem-viver-nas-cidades\/","og_locale":"pt_BR","og_type":"article","og_title":"Quais ra\u00e7as de c\u00e3es n\u00e3o podem viver nas cidades?","og_description":"Descubra quais ra\u00e7as de c\u00e3es n\u00e3o se adaptam \u00e0 vida na cidade, como o gigante e leal Irish Wolfhound. Explore necessidades e estilos de vida!","og_url":"https:\/\/www.correiobraziliense.com.br\/cbradar\/quais-racas-de-caes-nao-podem-viver-nas-cidades\/","og_site_name":"Correio Braziliense - Radar","article_published_time":"2025-11-26T23:35:00+00:00","og_image":[{"width":1280,"height":720,"url":"https:\/\/www.correiobraziliense.com.br\/cbradar\/wp-content\/uploads\/2025\/11\/freepik__faa-uma-imagem-realsita-de-um-cachorro-de-grande-o__33325.jpeg","type":"image\/jpeg"}],"author":"Larissa Carvalho","twitter_card":"summary_large_image","twitter_misc":{"Escrito por":"Larissa Carvalho","Est. tempo de leitura":"3 minutos"},"schema":{"@context":"https:\/\/schema.org","@graph":[{"@type":"WebPage","@id":"https:\/\/www.correiobraziliense.com.br\/cbradar\/quais-racas-de-caes-nao-podem-viver-nas-cidades\/","url":"https:\/\/www.correiobraziliense.com.br\/cbradar\/quais-racas-de-caes-nao-podem-viver-nas-cidades\/","name":"Quais ra\u00e7as de c\u00e3es n\u00e3o podem viver nas cidades?","isPartOf":{"@id":"https:\/\/www.correiobraziliense.com.br\/cbradar\/#website"},"primaryImageOfPage":{"@id":"https:\/\/www.correiobraziliense.com.br\/cbradar\/quais-racas-de-caes-nao-podem-viver-nas-cidades\/#primaryimage"},"image":{"@id":"https:\/\/www.correiobraziliense.com.br\/cbradar\/quais-racas-de-caes-nao-podem-viver-nas-cidades\/#primaryimage"},"thumbnailUrl":"https:\/\/www.correiobraziliense.com.br\/cbradar\/wp-content\/uploads\/2025\/11\/freepik__faa-uma-imagem-realsita-de-um-cachorro-de-grande-o__33325.jpeg","datePublished":"2025-11-26T23:35:00+00:00","author":{"@id":"https:\/\/www.correiobraziliense.com.br\/cbradar\/#\/schema\/person\/58422787644df994b53a19d3e56c1513"},"description":"Descubra quais ra\u00e7as de c\u00e3es n\u00e3o se adaptam \u00e0 vida na cidade, como o gigante e leal Irish Wolfhound. Explore necessidades e estilos de vida!","breadcrumb":{"@id":"https:\/\/www.correiobraziliense.com.br\/cbradar\/quais-racas-de-caes-nao-podem-viver-nas-cidades\/#breadcrumb"},"inLanguage":"pt-BR","potentialAction":[{"@type":"ReadAction","target":["https:\/\/www.correiobraziliense.com.br\/cbradar\/quais-racas-de-caes-nao-podem-viver-nas-cidades\/"]}]},{"@type":"ImageObject","inLanguage":"pt-BR","@id":"https:\/\/www.correiobraziliense.com.br\/cbradar\/quais-racas-de-caes-nao-podem-viver-nas-cidades\/#primaryimage","url":"https:\/\/www.correiobraziliense.com.br\/cbradar\/wp-content\/uploads\/2025\/11\/freepik__faa-uma-imagem-realsita-de-um-cachorro-de-grande-o__33325.jpeg","contentUrl":"https:\/\/www.correiobraziliense.com.br\/cbradar\/wp-content\/uploads\/2025\/11\/freepik__faa-uma-imagem-realsita-de-um-cachorro-de-grande-o__33325.jpeg","width":1280,"height":720,"caption":"Algumas ra\u00e7as precisam de mais espa\u00e7o e natureza"},{"@type":"BreadcrumbList","@id":"https:\/\/www.correiobraziliense.com.br\/cbradar\/quais-racas-de-caes-nao-podem-viver-nas-cidades\/#breadcrumb","itemListElement":[{"@type":"ListItem","position":1,"name":"In\u00edcio","item":"https:\/\/www.correiobraziliense.com.br\/cbradar\/"},{"@type":"ListItem","position":2,"name":"Quais ra\u00e7as de c\u00e3es n\u00e3o podem viver nas cidades?"}]},{"@type":"WebSite","@id":"https:\/\/www.correiobraziliense.com.br\/cbradar\/#website","url":"https:\/\/www.correiobraziliense.com.br\/cbradar\/","name":"Correio Braziliense - Radar","description":"Acompanhe as \u00faltimas not\u00edcias e fique bem informado sobre tudo o que acontece no Brasil e no mundo.","potentialAction":[{"@type":"SearchAction","target":{"@type":"EntryPoint","urlTemplate":"https:\/\/www.correiobraziliense.com.br\/cbradar\/?s={search_term_string}"},"query-input":{"@type":"PropertyValueSpecification","valueRequired":true,"valueName":"search_term_string"}}],"inLanguage":"pt-BR"},{"@type":"Person","@id":"https:\/\/www.correiobraziliense.com.br\/cbradar\/#\/schema\/person\/58422787644df994b53a19d3e56c1513","name":"Larissa Carvalho","image":{"@type":"ImageObject","inLanguage":"pt-BR","@id":"https:\/\/www.correiobraziliense.com.br\/cbradar\/#\/schema\/person\/image\/","url":"https:\/\/secure.gravatar.com\/avatar\/fe4f91a0de32b52a838d0d612abdc1aa?s=96&d=mm&r=g","contentUrl":"https:\/\/secure.gravatar.com\/avatar\/fe4f91a0de32b52a838d0d612abdc1aa?s=96&d=mm&r=g","caption":"Larissa Carvalho"},"url":"https:\/\/www.correiobraziliense.com.br\/cbradar\/author\/larissamyth\/"}]}},"_links":{"self":[{"href":"https:\/\/www.correiobraziliense.com.br\/cbradar\/wp-json\/wp\/v2\/posts\/143147","targetHints":{"allow":["GET"]}}],"collection":[{"href":"https:\/\/www.correiobraziliense.com.br\/cbradar\/wp-json\/wp\/v2\/posts"}],"about":[{"href":"https:\/\/www.correiobraziliense.com.br\/cbradar\/wp-json\/wp\/v2\/types\/post"}],"author":[{"embeddable":true,"href":"https:\/\/www.correiobraziliense.com.br\/cbradar\/wp-json\/wp\/v2\/users\/3"}],"replies":[{"embeddable":true,"href":"https:\/\/www.correiobraziliense.com.br\/cbradar\/wp-json\/wp\/v2\/comments?post=143147"}],"version-history":[{"count":2,"href":"https:\/\/www.correiobraziliense.com.br\/cbradar\/wp-json\/wp\/v2\/posts\/143147\/revisions"}],"predecessor-version":[{"id":143150,"href":"https:\/\/www.correiobraziliense.com.br\/cbradar\/wp-json\/wp\/v2\/posts\/143147\/revisions\/143150"}],"wp:featuredmedia":[{"embeddable":true,"href":"https:\/\/www.correiobraziliense.com.br\/cbradar\/wp-json\/wp\/v2\/media\/144898"}],"wp:attachment":[{"href":"https:\/\/www.correiobraziliense.com.br\/cbradar\/wp-json\/wp\/v2\/media?parent=143147"}],"wp:term":[{"taxonomy":"category","embeddable":true,"href":"https:\/\/www.correiobraziliense.com.br\/cbradar\/wp-json\/wp\/v2\/categories?post=143147"},{"taxonomy":"post_tag","embeddable":true,"href":"https:\/\/www.correiobraziliense.com.br\/cbradar\/wp-json\/wp\/v2\/post_tag?post=143147"}],"curies":[{"name":"wp","href":"https:\/\/api.w.org\/{rel}","templated":true}]}}