{"id":143197,"date":"2025-11-23T21:35:00","date_gmt":"2025-11-24T00:35:00","guid":{"rendered":"https:\/\/www.correiobraziliense.com.br\/cbradar\/?p=143197"},"modified":"2025-11-22T20:21:14","modified_gmt":"2025-11-22T23:21:14","slug":"como-aliviar-inguas-com-metodos-naturais","status":"publish","type":"post","link":"https:\/\/www.correiobraziliense.com.br\/cbradar\/como-aliviar-inguas-com-metodos-naturais\/","title":{"rendered":"Como aliviar \u00ednguas com m\u00e9todos naturais"},"content":{"rendered":"\n<p>As <strong>\u00cdnguas<\/strong>, tamb\u00e9m conhecidas como linfadenopatia, representam um aumento dos g\u00e2nglios linf\u00e1ticos que pode surgir devido a infec\u00e7\u00f5es ou inflama\u00e7\u00f5es. Esses caro\u00e7os dolorosos sob a pele aparecem como resposta do sistema imunol\u00f3gico e s\u00e3o mais frequentes em \u00e1reas como pesco\u00e7o, axilas e virilha. Ao enfrentar desconforto devido a \u00cdnguas, algumas alternativas naturais podem ser consideradas como complemento ao tratamento m\u00e9dico.<\/p>\n\n\n\n<p>Diversos rem\u00e9dios caseiros possuem propriedades anti-inflamat\u00f3rias e antimicrobianas, ajudando a aliviar as inflama\u00e7\u00f5es dos g\u00e2nglios linf\u00e1ticos. Entretanto, \u00e9 importante destacar que, embora possam ser eficazes no al\u00edvio dos sintomas, essas solu\u00e7\u00f5es caseiras n\u00e3o substituem o tratamento m\u00e9dico adequado, que deve ser orientado conforme a causa subjacente da \u00edngua.<\/p>\n\n\n\n<h2 class=\"wp-block-heading\">Quais s\u00e3o os rem\u00e9dios caseiros mais eficazes para tratar \u00cdnguas?<\/h2>\n\n\n\n<p>Compressas de argila, ch\u00e1s de plantas medicinais e infus\u00f5es s\u00e3o algumas das op\u00e7\u00f5es caseiras que podem ser utilizadas. A compressa de argila com cebola, por exemplo, combina propriedades antiss\u00e9pticas que ajudam no combate \u00e0s infec\u00e7\u00f5es. Para prepar\u00e1-la, mistura-se argila verde com \u00e1gua e cebola ralada, aplicando sobre a regi\u00e3o afetada por cerca de 30 minutos.<\/p>\n\n\n\n<p>Entre os ch\u00e1s, destacam-se o de eucalipto e gengibre. O ch\u00e1 de eucalipto \u00e9 rico em \u00f3leos essenciais que fortalecem o sistema imunol\u00f3gico, enquanto o gengibre \u00e9 conhecido por seus compostos fen\u00f3licos que proporcionam uma a\u00e7\u00e3o anti-inflamat\u00f3ria e analg\u00e9sica. Ambos s\u00e3o preparados mediante a fervura de suas respectivas folhas ou ra\u00edzes em \u00e1gua, sendo ideal o consumo de duas a tr\u00eas x\u00edcaras ao dia.<\/p>\n\n\n<div class=\"wp-block-image\">\n<figure class=\"aligncenter size-large\"><img decoding=\"async\" width=\"1024\" height=\"576\" src=\"https:\/\/www.correiobraziliense.com.br\/cbradar\/wp-content\/uploads\/2025\/11\/swollen-lymph-node_1763853581436-1024x576.jpg\" alt=\"\" class=\"wp-image-143199\" srcset=\"https:\/\/www.correiobraziliense.com.br\/cbradar\/wp-content\/uploads\/2025\/11\/swollen-lymph-node_1763853581436-1024x576.jpg 1024w, https:\/\/www.correiobraziliense.com.br\/cbradar\/wp-content\/uploads\/2025\/11\/swollen-lymph-node_1763853581436-300x169.jpg 300w, https:\/\/www.correiobraziliense.com.br\/cbradar\/wp-content\/uploads\/2025\/11\/swollen-lymph-node_1763853581436-768x432.jpg 768w, https:\/\/www.correiobraziliense.com.br\/cbradar\/wp-content\/uploads\/2025\/11\/swollen-lymph-node_1763853581436-750x422.jpg 750w, https:\/\/www.correiobraziliense.com.br\/cbradar\/wp-content\/uploads\/2025\/11\/swollen-lymph-node_1763853581436-1140x641.jpg 1140w, https:\/\/www.correiobraziliense.com.br\/cbradar\/wp-content\/uploads\/2025\/11\/swollen-lymph-node_1763853581436.jpg 1280w\" sizes=\"(max-width: 1024px) 100vw, 1024px\" \/><figcaption class=\"wp-element-caption\">\u00cdnguas &#8211; Cr\u00e9ditos: depositphotos.com \/ Tharakorn<\/figcaption><\/figure><\/div>\n\n\n<h2 class=\"wp-block-heading\">Como as plantas podem ajudar no al\u00edvio das \u00cdnguas?<\/h2>\n\n\n\n<p>A a\u00e7\u00e3o das plantas contra \u00cdnguas \u00e9 atribu\u00edda \u00e0s suas propriedades medicinais. O a\u00e7afr\u00e3o, por exemplo, cont\u00e9m curcumina, um antioxidante que reduz sintomas de inflama\u00e7\u00f5es, enquanto a hortel\u00e3-pimenta oferece mentol, aliviando infec\u00e7\u00f5es na garganta. A infus\u00e3o dessas plantas proporciona efeitos calmantes que podem ser \u00fateis no combate aos sintomas das \u00cdnguas.<\/p>\n\n\n\n<ul class=\"wp-block-list\">\n<li>Compressa de argila: Combina argila verde e cebola para a\u00e7\u00e3o antiss\u00e9ptica.<\/li>\n\n\n\n<li>Ch\u00e1 de gengibre: Rico em gingerol, diminui inflama\u00e7\u00f5es e alivia sintomas.<\/li>\n\n\n\n<li>A\u00e7afr\u00e3o: Curcumina presente oferece potente propriedade anti-inflamat\u00f3ria.<\/li>\n<\/ul>\n\n\n\n<h2 class=\"wp-block-heading\">\u00c9 seguro utilizar esses rem\u00e9dios caseiros para todas as pessoas?<\/h2>\n\n\n\n<p>\u00c9 essencial considerar que, apesar dos benef\u00edcios, alguns desses rem\u00e9dios caseiros possuem contraindica\u00e7\u00f5es. Por exemplo, o ch\u00e1 de eucalipto n\u00e3o \u00e9 indicado para crian\u00e7as abaixo de tr\u00eas anos ou gestantes, enquanto o gengibre deve ser evitado por pessoas em tratamento com anticoagulantes. Avaliar as condi\u00e7\u00f5es de <a href=\"https:\/\/www.correiobraziliense.com.br\/cbradar\/dra-najla-smaili-voce-sabia-que-esses-30-sintomas-sao-da-menopausa\/\" target=\"_blank\" rel=\"noreferrer noopener\">sa\u00fade <\/a>espec\u00edficas e consultar um profissional m\u00e9dico s\u00e3o passos prudentes antes de iniciar qualquer tratamento caseiro.<\/p>\n\n\n\n<h2 class=\"wp-block-heading\">Como potencializar os efeitos dos rem\u00e9dios naturais no tratamento das \u00cdnguas?<\/h2>\n\n\n\n<p>No uso de rem\u00e9dios caseiros, a regularidade e a aten\u00e7\u00e3o \u00e0s recomenda\u00e7\u00f5es de consumo s\u00e3o fundamentais para maximizar benef\u00edcios. Al\u00e9m disso, garantir um estilo de vida saud\u00e1vel, com uma dieta equilibrada e pr\u00e1tica regular de exerc\u00edcios f\u00edsicos, contribui significativamente para o fortalecimento do sistema imunol\u00f3gico e, consequentemente, para uma recupera\u00e7\u00e3o mais r\u00e1pida de infec\u00e7\u00f5es que resultam em \u00cdnguas.<\/p>\n\n\n<a href=\"https:\/\/www.instagram.com\/dra.annaluisabf\/\" target=\"_blank\" rel=\"noopener\" style=\"text-decoration: none; color: inherit;\">\n    <span style=\"display: inline-block; border: 1px solid #ccc; border-radius: 10px; padding: 15px; max-width: 550px; font-family: sans-serif; box-shadow: 0 2px 5px rgba(0,0,0,0.1); width: 100%;\">\n\n      <!-- T\u00edtulo -->\n      <span style=\"display: block; margin: 0 0 15px 0; font-weight: bold; color: #2c3e50; text-align: center;\">\n        Entre em contato:\n      <\/span>\n\n      <!-- Linha do perfil -->\n      <span style=\"display: flex; align-items: center; gap: 15px;\">\n        <img decoding=\"async\"\n          src=\"https:\/\/www.correiobraziliense.com.br\/cbradar\/wp-content\/uploads\/2025\/08\/dra_anna_luisa.jpeg\"\n          alt=\"Foto da Dra. Anna Lu\u00edsa\"\n          style=\"border-radius: 50%; width: 80px; height: 80px; object-fit: cover;\"\n        \/>\n        <span style=\"display: flex; flex-direction: column;\">\n          <span style=\"font-size: 18px; font-weight: 700; color: #2c3e50;\">Dra. Anna Lu\u00edsa Barbosa Fernandes<\/span>\n          <span style=\"color: #555;\">CRM-GO 33.271<\/span>\n        <\/span>\n      <\/span>\n\n      <!-- Redes -->\n      <span style=\"display: flex; align-items: center; gap: 10px; margin-top: 12px;\">\n        <img decoding=\"async\" src=\"https:\/\/cdn-icons-png.flaticon.com\/24\/1384\/1384063.png\" alt=\"Instagram\" width=\"24\" height=\"24\" \/>\n        <span style=\"text-decoration: underline; color: #2c3e50;\">@dra.annaluisabf<\/span>\n      <\/span>\n\n    <\/span>\n  <\/a>","protected":false},"excerpt":{"rendered":"<p>As \u00cdnguas, tamb\u00e9m conhecidas como linfadenopatia, representam um aumento dos g\u00e2nglios linf\u00e1ticos que pode surgir devido a infec\u00e7\u00f5es ou inflama\u00e7\u00f5es. Esses caro\u00e7os dolorosos sob a pele aparecem como resposta do sistema imunol\u00f3gico e s\u00e3o mais frequentes em \u00e1reas como pesco\u00e7o, axilas e virilha. Ao enfrentar desconforto devido a \u00cdnguas, algumas alternativas naturais podem ser consideradas [&hellip;]<\/p>\n","protected":false},"author":14,"featured_media":143198,"comment_status":"open","ping_status":"open","sticky":false,"template":"","format":"standard","meta":{"_yoast_wpseo_focuskw":"\u00cdnguas","_yoast_wpseo_title":"","_yoast_wpseo_metadesc":"Veja como tratar \u00ednguas com compressas e ch\u00e1s naturais e quando procurar ajuda m\u00e9dica para evitar complica\u00e7\u00f5es.","jnews-multi-image_gallery":[],"jnews_single_post":{"format":"standard"},"jnews_primary_category":[],"jnews_social_meta":[],"jnews_override_counter":[],"footnotes":""},"categories":[4404],"post_tag":[120,247,1318],"class_list":["post-143197","post","type-post","status-publish","format-standard","has-post-thumbnail","hentry","category-saude","tag-bem-estar","tag-qualidade-de-vida","tag-saude-2"],"yoast_head":"<!-- This site is optimized with the Yoast SEO plugin v24.6 - https:\/\/yoast.com\/wordpress\/plugins\/seo\/ -->\n<title>Como aliviar \u00ednguas com m\u00e9todos naturais - Correio Braziliense - Radar<\/title>\n<meta name=\"description\" content=\"Veja como tratar \u00ednguas com compressas e ch\u00e1s naturais e quando procurar ajuda m\u00e9dica para evitar complica\u00e7\u00f5es.\" \/>\n<meta name=\"robots\" content=\"index, follow, max-snippet:-1, max-image-preview:large, max-video-preview:-1\" \/>\n<link rel=\"canonical\" href=\"https:\/\/www.correiobraziliense.com.br\/cbradar\/como-aliviar-inguas-com-metodos-naturais\/\" \/>\n<meta property=\"og:locale\" content=\"pt_BR\" \/>\n<meta property=\"og:type\" content=\"article\" \/>\n<meta property=\"og:title\" content=\"Como aliviar \u00ednguas com m\u00e9todos naturais - Correio Braziliense - Radar\" \/>\n<meta property=\"og:description\" content=\"Veja como tratar \u00ednguas com compressas e ch\u00e1s naturais e quando procurar ajuda m\u00e9dica para evitar complica\u00e7\u00f5es.\" \/>\n<meta property=\"og:url\" content=\"https:\/\/www.correiobraziliense.com.br\/cbradar\/como-aliviar-inguas-com-metodos-naturais\/\" \/>\n<meta property=\"og:site_name\" content=\"Correio Braziliense - Radar\" \/>\n<meta property=\"article:published_time\" content=\"2025-11-24T00:35:00+00:00\" \/>\n<meta property=\"og:image\" content=\"https:\/\/www.correiobraziliense.com.br\/cbradar\/wp-content\/uploads\/2025\/11\/swollen-lymph-node_1763853556379.jpg\" \/>\n\t<meta property=\"og:image:width\" content=\"1280\" \/>\n\t<meta property=\"og:image:height\" content=\"720\" \/>\n\t<meta property=\"og:image:type\" content=\"image\/jpeg\" \/>\n<meta name=\"author\" content=\"guilherme_saude\" \/>\n<meta name=\"twitter:card\" content=\"summary_large_image\" \/>\n<meta name=\"twitter:label1\" content=\"Escrito por\" \/>\n\t<meta name=\"twitter:data1\" content=\"guilherme_saude\" \/>\n\t<meta name=\"twitter:label2\" content=\"Est. tempo de leitura\" \/>\n\t<meta name=\"twitter:data2\" content=\"4 minutos\" \/>\n<!-- \/ Yoast SEO plugin. -->","yoast_head_json":{"title":"Como aliviar \u00ednguas com m\u00e9todos naturais - Correio Braziliense - Radar","description":"Veja como tratar \u00ednguas com compressas e ch\u00e1s naturais e quando procurar ajuda m\u00e9dica para evitar complica\u00e7\u00f5es.","robots":{"index":"index","follow":"follow","max-snippet":"max-snippet:-1","max-image-preview":"max-image-preview:large","max-video-preview":"max-video-preview:-1"},"canonical":"https:\/\/www.correiobraziliense.com.br\/cbradar\/como-aliviar-inguas-com-metodos-naturais\/","og_locale":"pt_BR","og_type":"article","og_title":"Como aliviar \u00ednguas com m\u00e9todos naturais - Correio Braziliense - Radar","og_description":"Veja como tratar \u00ednguas com compressas e ch\u00e1s naturais e quando procurar ajuda m\u00e9dica para evitar complica\u00e7\u00f5es.","og_url":"https:\/\/www.correiobraziliense.com.br\/cbradar\/como-aliviar-inguas-com-metodos-naturais\/","og_site_name":"Correio Braziliense - Radar","article_published_time":"2025-11-24T00:35:00+00:00","og_image":[{"width":1280,"height":720,"url":"https:\/\/www.correiobraziliense.com.br\/cbradar\/wp-content\/uploads\/2025\/11\/swollen-lymph-node_1763853556379.jpg","type":"image\/jpeg"}],"author":"guilherme_saude","twitter_card":"summary_large_image","twitter_misc":{"Escrito por":"guilherme_saude","Est. tempo de leitura":"4 minutos"},"schema":{"@context":"https:\/\/schema.org","@graph":[{"@type":"WebPage","@id":"https:\/\/www.correiobraziliense.com.br\/cbradar\/como-aliviar-inguas-com-metodos-naturais\/","url":"https:\/\/www.correiobraziliense.com.br\/cbradar\/como-aliviar-inguas-com-metodos-naturais\/","name":"Como aliviar \u00ednguas com m\u00e9todos naturais - Correio Braziliense - Radar","isPartOf":{"@id":"https:\/\/www.correiobraziliense.com.br\/cbradar\/#website"},"primaryImageOfPage":{"@id":"https:\/\/www.correiobraziliense.com.br\/cbradar\/como-aliviar-inguas-com-metodos-naturais\/#primaryimage"},"image":{"@id":"https:\/\/www.correiobraziliense.com.br\/cbradar\/como-aliviar-inguas-com-metodos-naturais\/#primaryimage"},"thumbnailUrl":"https:\/\/www.correiobraziliense.com.br\/cbradar\/wp-content\/uploads\/2025\/11\/swollen-lymph-node_1763853556379.jpg","datePublished":"2025-11-24T00:35:00+00:00","author":{"@id":"https:\/\/www.correiobraziliense.com.br\/cbradar\/#\/schema\/person\/5aa4bf3c8fa699c267933611de12978b"},"description":"Veja como tratar \u00ednguas com compressas e ch\u00e1s naturais e quando procurar ajuda m\u00e9dica para evitar complica\u00e7\u00f5es.","breadcrumb":{"@id":"https:\/\/www.correiobraziliense.com.br\/cbradar\/como-aliviar-inguas-com-metodos-naturais\/#breadcrumb"},"inLanguage":"pt-BR","potentialAction":[{"@type":"ReadAction","target":["https:\/\/www.correiobraziliense.com.br\/cbradar\/como-aliviar-inguas-com-metodos-naturais\/"]}]},{"@type":"ImageObject","inLanguage":"pt-BR","@id":"https:\/\/www.correiobraziliense.com.br\/cbradar\/como-aliviar-inguas-com-metodos-naturais\/#primaryimage","url":"https:\/\/www.correiobraziliense.com.br\/cbradar\/wp-content\/uploads\/2025\/11\/swollen-lymph-node_1763853556379.jpg","contentUrl":"https:\/\/www.correiobraziliense.com.br\/cbradar\/wp-content\/uploads\/2025\/11\/swollen-lymph-node_1763853556379.jpg","width":1280,"height":720,"caption":"\u00cdnguas - Cr\u00e9ditos: depositphotos.com \/ zaynyinyi"},{"@type":"BreadcrumbList","@id":"https:\/\/www.correiobraziliense.com.br\/cbradar\/como-aliviar-inguas-com-metodos-naturais\/#breadcrumb","itemListElement":[{"@type":"ListItem","position":1,"name":"In\u00edcio","item":"https:\/\/www.correiobraziliense.com.br\/cbradar\/"},{"@type":"ListItem","position":2,"name":"Como aliviar \u00ednguas com m\u00e9todos naturais"}]},{"@type":"WebSite","@id":"https:\/\/www.correiobraziliense.com.br\/cbradar\/#website","url":"https:\/\/www.correiobraziliense.com.br\/cbradar\/","name":"Correio Braziliense - Radar","description":"Acompanhe as \u00faltimas not\u00edcias e fique bem informado sobre tudo o que acontece no Brasil e no mundo.","potentialAction":[{"@type":"SearchAction","target":{"@type":"EntryPoint","urlTemplate":"https:\/\/www.correiobraziliense.com.br\/cbradar\/?s={search_term_string}"},"query-input":{"@type":"PropertyValueSpecification","valueRequired":true,"valueName":"search_term_string"}}],"inLanguage":"pt-BR"},{"@type":"Person","@id":"https:\/\/www.correiobraziliense.com.br\/cbradar\/#\/schema\/person\/5aa4bf3c8fa699c267933611de12978b","name":"guilherme_saude","image":{"@type":"ImageObject","inLanguage":"pt-BR","@id":"https:\/\/www.correiobraziliense.com.br\/cbradar\/#\/schema\/person\/image\/","url":"https:\/\/secure.gravatar.com\/avatar\/df9adfb835d344bc0af109d41756253f?s=96&d=mm&r=g","contentUrl":"https:\/\/secure.gravatar.com\/avatar\/df9adfb835d344bc0af109d41756253f?s=96&d=mm&r=g","caption":"guilherme_saude"},"url":"https:\/\/www.correiobraziliense.com.br\/cbradar\/author\/guilherme_saude\/"}]}},"_links":{"self":[{"href":"https:\/\/www.correiobraziliense.com.br\/cbradar\/wp-json\/wp\/v2\/posts\/143197","targetHints":{"allow":["GET"]}}],"collection":[{"href":"https:\/\/www.correiobraziliense.com.br\/cbradar\/wp-json\/wp\/v2\/posts"}],"about":[{"href":"https:\/\/www.correiobraziliense.com.br\/cbradar\/wp-json\/wp\/v2\/types\/post"}],"author":[{"embeddable":true,"href":"https:\/\/www.correiobraziliense.com.br\/cbradar\/wp-json\/wp\/v2\/users\/14"}],"replies":[{"embeddable":true,"href":"https:\/\/www.correiobraziliense.com.br\/cbradar\/wp-json\/wp\/v2\/comments?post=143197"}],"version-history":[{"count":1,"href":"https:\/\/www.correiobraziliense.com.br\/cbradar\/wp-json\/wp\/v2\/posts\/143197\/revisions"}],"predecessor-version":[{"id":143200,"href":"https:\/\/www.correiobraziliense.com.br\/cbradar\/wp-json\/wp\/v2\/posts\/143197\/revisions\/143200"}],"wp:featuredmedia":[{"embeddable":true,"href":"https:\/\/www.correiobraziliense.com.br\/cbradar\/wp-json\/wp\/v2\/media\/143198"}],"wp:attachment":[{"href":"https:\/\/www.correiobraziliense.com.br\/cbradar\/wp-json\/wp\/v2\/media?parent=143197"}],"wp:term":[{"taxonomy":"category","embeddable":true,"href":"https:\/\/www.correiobraziliense.com.br\/cbradar\/wp-json\/wp\/v2\/categories?post=143197"},{"taxonomy":"post_tag","embeddable":true,"href":"https:\/\/www.correiobraziliense.com.br\/cbradar\/wp-json\/wp\/v2\/post_tag?post=143197"}],"curies":[{"name":"wp","href":"https:\/\/api.w.org\/{rel}","templated":true}]}}