{"id":143207,"date":"2025-11-24T07:45:00","date_gmt":"2025-11-24T10:45:00","guid":{"rendered":"https:\/\/www.correiobraziliense.com.br\/cbradar\/?p=143207"},"modified":"2025-11-22T20:44:46","modified_gmt":"2025-11-22T23:44:46","slug":"o-vegetal-mais-poderoso-para-controlar-a-pressao","status":"publish","type":"post","link":"https:\/\/www.correiobraziliense.com.br\/cbradar\/o-vegetal-mais-poderoso-para-controlar-a-pressao\/","title":{"rendered":"O vegetal mais poderoso para controlar a press\u00e3o"},"content":{"rendered":"\n<p>O <strong>Aipo<\/strong>, cientificamente conhecido como\u00a0<em>Apium graveolens<\/em>, \u00e9 uma planta comumente encontrada em prepara\u00e7\u00f5es culin\u00e1rias e fitoterap\u00eauticas. Amplamente reconhecido por seus beneficios \u00e0 sa\u00fade, ele cont\u00e9m um vasto leque de nutrientes essenciais. Rico em vitaminas, minerais e compostos bioativos, o Aipo desempenha um papel significativo no suporte dos sistemas metab\u00f3lico e cardiovascular, sendo uma adi\u00e7\u00e3o valiosa a uma dieta equilibrada.<\/p>\n\n\n\n<p>Al\u00e9m das aplica\u00e7\u00f5es na alimenta\u00e7\u00e3o, o Aipo \u00e9 notavelmente eficaz em pr\u00e1ticas fitoterap\u00eauticas. Seus componentes ativos t\u00eam demonstrado combater inflama\u00e7\u00f5es e agir como poderosos antioxidantes. Esses atributos tornam o Aipo um componente cr\u00edtico em regimes de sa\u00fade natural, gra\u00e7as \u00e0 sua capacidade de potencializar o bem-estar f\u00edsico geral.<\/p>\n\n\n\n<h2 class=\"wp-block-heading\">Como o Aipo contribui para a elimina\u00e7\u00e3o de l\u00edquidos?<\/h2>\n\n\n\n<p>Um dos principais destaques do Aipo \u00e9 sua a\u00e7\u00e3o diur\u00e9tica. Ele facilita a remo\u00e7\u00e3o de l\u00edquidos excedentes e toxinas acumuladas no corpo, essencial para manter o equil\u00edbrio h\u00eddrico. De acordo com estudiosos em fitoterapia, esta capacidade se deve \u00e0 presen\u00e7a de subst\u00e2ncias como ftalidas e flavonoides, que promovem um efeito positivo nos rins e no sistema urin\u00e1rio.<\/p>\n\n\n<div class=\"wp-block-image\">\n<figure class=\"aligncenter size-large\"><img decoding=\"async\" width=\"1024\" height=\"576\" src=\"https:\/\/www.correiobraziliense.com.br\/cbradar\/wp-content\/uploads\/2025\/08\/aipo_1754317784519-1024x576.jpg\" alt=\"\" class=\"wp-image-80707\" srcset=\"https:\/\/www.correiobraziliense.com.br\/cbradar\/wp-content\/uploads\/2025\/08\/aipo_1754317784519-1024x576.jpg 1024w, https:\/\/www.correiobraziliense.com.br\/cbradar\/wp-content\/uploads\/2025\/08\/aipo_1754317784519-300x169.jpg 300w, https:\/\/www.correiobraziliense.com.br\/cbradar\/wp-content\/uploads\/2025\/08\/aipo_1754317784519-768x432.jpg 768w, https:\/\/www.correiobraziliense.com.br\/cbradar\/wp-content\/uploads\/2025\/08\/aipo_1754317784519-750x422.jpg 750w, https:\/\/www.correiobraziliense.com.br\/cbradar\/wp-content\/uploads\/2025\/08\/aipo_1754317784519-1140x641.jpg 1140w, https:\/\/www.correiobraziliense.com.br\/cbradar\/wp-content\/uploads\/2025\/08\/aipo_1754317784519.jpg 1280w\" sizes=\"(max-width: 1024px) 100vw, 1024px\" \/><figcaption class=\"wp-element-caption\">Aipo &#8211; Cr\u00e9ditos: depositphotos.com \/ Stop war in Ukraine!<\/figcaption><\/figure><\/div>\n\n\n<p>Pesquisas mostram que extratos de&nbsp;<em>Apium graveolens<\/em>&nbsp;podem aumentar a produ\u00e7\u00e3o de urina sem alterar significativamente o equil\u00edbrio dos eletr\u00f3litos do corpo. Al\u00e9m disso, o uso cont\u00ednuo dessa planta pode apoiar o processo de desintoxica\u00e7\u00e3o natural do corpo, ajudando-o a manter um funcionamento ideal.<\/p>\n\n\n\n<h2 class=\"wp-block-heading\">Propriedades cnti-inflamat\u00f3rias do Aipo?<\/h2>\n\n\n\n<p>O Aipo cont\u00e9m compostos valiosos como apiol e luteolina, que lhe conferem propriedades anti-inflamat\u00f3rias impressionantes. Esses compostos s\u00e3o cruciais na redu\u00e7\u00e3o de marcadores inflamat\u00f3rios que podem levar a doen\u00e7as cr\u00f4nicas. Pesquisas indicam que o consumo de Aipo pode reduzir a produ\u00e7\u00e3o de citocinas, subst\u00e2ncias que perpetuam a inflama\u00e7\u00e3o, juntamente com a prote\u00e7\u00e3o das c\u00e9lulas contra danos oxidativos.<\/p>\n\n\n\n<p>Em estudos recentes, verificou-se que os flavonoides presentes no Aipo exercem fun\u00e7\u00f5es antioxidantes, ajudando na modula\u00e7\u00e3o de processos inflamat\u00f3rios e protegendo os tecidos corporais de danos potenciais.<\/p>\n\n\n\n<h2 class=\"wp-block-heading\">Aipo e sa\u00fade cardiovascular: o que a ci\u00eancia diz?<\/h2>\n\n\n\n<p>A <a href=\"https:\/\/www.correiobraziliense.com.br\/cbradar\/dra-najla-smaili-voce-sabia-que-esses-30-sintomas-sao-da-menopausa\/\" target=\"_blank\" rel=\"noreferrer noopener\">sa\u00fade <\/a>cardiovascular tamb\u00e9m parece ser positivamente influenciada pelo Aipo. Estudos cl\u00ednicos revelaram que o consumo regular desta planta pode reduzir a press\u00e3o arterial e melhorar o perfil lip\u00eddico, auxiliando na preven\u00e7\u00e3o de doen\u00e7as cardiovasculares. O m\u00e9dico Felipe Andrade destacou que as ftalidas do aipo t\u00eam a capacidade de relaxar os vasos sangu\u00edneos, promovendo uma melhor circula\u00e7\u00e3o do sangue e reduzindo a press\u00e3o arterial.<\/p>\n\n\n\n<p>Esses benef\u00edcios s\u00e3o particularmente valiosos para indiv\u00edduos que enfrentam hipertens\u00e3o leve a moderada, j\u00e1 que os efeitos do aipo podem ser integrados de forma segura e eficaz em uma rotina diet\u00e9tica.<\/p>\n\n\n<div class=\"wp-block-image\">\n<figure class=\"aligncenter size-large\"><img decoding=\"async\" width=\"1024\" height=\"576\" src=\"https:\/\/www.correiobraziliense.com.br\/cbradar\/wp-content\/uploads\/2025\/08\/aipo_1754317784519-1024x576.jpg\" alt=\"\" class=\"wp-image-80707\" srcset=\"https:\/\/www.correiobraziliense.com.br\/cbradar\/wp-content\/uploads\/2025\/08\/aipo_1754317784519-1024x576.jpg 1024w, https:\/\/www.correiobraziliense.com.br\/cbradar\/wp-content\/uploads\/2025\/08\/aipo_1754317784519-300x169.jpg 300w, https:\/\/www.correiobraziliense.com.br\/cbradar\/wp-content\/uploads\/2025\/08\/aipo_1754317784519-768x432.jpg 768w, https:\/\/www.correiobraziliense.com.br\/cbradar\/wp-content\/uploads\/2025\/08\/aipo_1754317784519-750x422.jpg 750w, https:\/\/www.correiobraziliense.com.br\/cbradar\/wp-content\/uploads\/2025\/08\/aipo_1754317784519-1140x641.jpg 1140w, https:\/\/www.correiobraziliense.com.br\/cbradar\/wp-content\/uploads\/2025\/08\/aipo_1754317784519.jpg 1280w\" sizes=\"(max-width: 1024px) 100vw, 1024px\" \/><figcaption class=\"wp-element-caption\">Aipo &#8211; Cr\u00e9ditos: depositphotos.com \/ Stop war in Ukraine!<\/figcaption><\/figure><\/div>\n\n\n<h2 class=\"wp-block-heading\">Qual o impacto do Aipo na digest\u00e3o?<\/h2>\n\n\n\n<p>Al\u00e9m dos benef\u00edcios cardiovasculares, o aipo \u00e9 uma rica fonte de fibras diet\u00e9ticas, essenciais para o funcionamento saud\u00e1vel do sistema digestivo. O consumo destas fibras auxilia tamb\u00e9m no tr\u00e2nsito intestinal, promovendo um equil\u00edbrio satisfat\u00f3rio da microbiota intestinal. Especialistas em nutri\u00e7\u00e3o destacam que o Aipo pode ser um aliado eficaz na preven\u00e7\u00e3o de constipa\u00e7\u00f5es e na promo\u00e7\u00e3o de uma digest\u00e3o mais eficiente.<\/p>\n\n\n\n<p>Al\u00e9m disso, a regularidade no consumo deste vegetal pode contribuir para o controle gluc\u00eamico no organismo, proporcionando uma sensa\u00e7\u00e3o de saciedade e reduzindo eventuais desconfortos gastrointestinais.<\/p>\n\n\n\n<h2 class=\"wp-block-heading\">Como inserir o Aipo na rotina di\u00e1ria?<\/h2>\n\n\n\n<p>As propriedades ben\u00e9ficas do Aipo podem ser aproveitadas de diversas formas na alimenta\u00e7\u00e3o cotidiana. Seja em sucos, saladas ou ch\u00e1s, o Aipo se destaca n\u00e3o s\u00f3 pelo valor nutricional, mas tamb\u00e9m por conferir sabor e textura diferenciada \u00e0s prepara\u00e7\u00f5es culin\u00e1rias. Seus usos s\u00e3o vers\u00e1teis e podem ser facilmente adaptados para diferentes prefer\u00eancias alimentares.<\/p>\n\n\n\n<p>Incluir o aipo na dieta di\u00e1ria n\u00e3o apenas fortalece o corpo contra diversas condi\u00e7\u00f5es adversas, mas tamb\u00e9m agrega uma camada de prote\u00e7\u00e3o adicional ao dia a dia, estimulando uma sa\u00fade mais robusta. Portanto, explorar as variadas possibilidades de utilizar o Aipo pode resultar em uma experi\u00eancia saud\u00e1vel e prazerosa.<\/p>\n\n\n<a href=\"https:\/\/www.instagram.com\/dra.annaluisabf\/\" target=\"_blank\" rel=\"noopener\" style=\"text-decoration: none; color: inherit;\">\n    <span style=\"display: inline-block; border: 1px solid #ccc; border-radius: 10px; padding: 15px; max-width: 550px; font-family: sans-serif; box-shadow: 0 2px 5px rgba(0,0,0,0.1); width: 100%;\">\n\n      <!-- T\u00edtulo -->\n      <span style=\"display: block; margin: 0 0 15px 0; font-weight: bold; color: #2c3e50; text-align: center;\">\n        Entre em contato:\n      <\/span>\n\n      <!-- Linha do perfil -->\n      <span style=\"display: flex; align-items: center; gap: 15px;\">\n        <img decoding=\"async\"\n          src=\"https:\/\/www.correiobraziliense.com.br\/cbradar\/wp-content\/uploads\/2025\/08\/dra_anna_luisa.jpeg\"\n          alt=\"Foto da Dra. Anna Lu\u00edsa\"\n          style=\"border-radius: 50%; width: 80px; height: 80px; object-fit: cover;\"\n        \/>\n        <span style=\"display: flex; flex-direction: column;\">\n          <span style=\"font-size: 18px; font-weight: 700; color: #2c3e50;\">Dra. Anna Lu\u00edsa Barbosa Fernandes<\/span>\n          <span style=\"color: #555;\">CRM-GO 33.271<\/span>\n        <\/span>\n      <\/span>\n\n      <!-- Redes -->\n      <span style=\"display: flex; align-items: center; gap: 10px; margin-top: 12px;\">\n        <img decoding=\"async\" src=\"https:\/\/cdn-icons-png.flaticon.com\/24\/1384\/1384063.png\" alt=\"Instagram\" width=\"24\" height=\"24\" \/>\n        <span style=\"text-decoration: underline; color: #2c3e50;\">@dra.annaluisabf<\/span>\n      <\/span>\n\n    <\/span>\n  <\/a>","protected":false},"excerpt":{"rendered":"<p>O Aipo, cientificamente conhecido como\u00a0Apium graveolens, \u00e9 uma planta comumente encontrada em prepara\u00e7\u00f5es culin\u00e1rias e fitoterap\u00eauticas. Amplamente reconhecido por seus beneficios \u00e0 sa\u00fade, ele cont\u00e9m um vasto leque de nutrientes essenciais. Rico em vitaminas, minerais e compostos bioativos, o Aipo desempenha um papel significativo no suporte dos sistemas metab\u00f3lico e cardiovascular, sendo uma adi\u00e7\u00e3o valiosa [&hellip;]<\/p>\n","protected":false},"author":14,"featured_media":80706,"comment_status":"open","ping_status":"open","sticky":false,"template":"","format":"standard","meta":{"_yoast_wpseo_focuskw":"Aipo","_yoast_wpseo_title":"","_yoast_wpseo_metadesc":"O aipo \u00e9 diur\u00e9tico, anti-inflamat\u00f3rio e aliado do cora\u00e7\u00e3o. Saiba como consumir e por que ele melhora digest\u00e3o e sa\u00fade cardiovascular.","jnews-multi-image_gallery":[],"jnews_single_post":{"format":"standard"},"jnews_primary_category":[],"jnews_social_meta":[],"jnews_override_counter":[],"footnotes":""},"categories":[4404],"post_tag":[281,120,1318],"class_list":["post-143207","post","type-post","status-publish","format-standard","has-post-thumbnail","hentry","category-saude","tag-alimentacao","tag-bem-estar","tag-saude-2"],"yoast_head":"<!-- This site is optimized with the Yoast SEO plugin v24.6 - https:\/\/yoast.com\/wordpress\/plugins\/seo\/ -->\n<title>O vegetal mais poderoso para controlar a press\u00e3o - Correio Braziliense - Radar<\/title>\n<meta name=\"description\" content=\"O aipo \u00e9 diur\u00e9tico, anti-inflamat\u00f3rio e aliado do cora\u00e7\u00e3o. Saiba como consumir e por que ele melhora digest\u00e3o e sa\u00fade cardiovascular.\" \/>\n<meta name=\"robots\" content=\"index, follow, max-snippet:-1, max-image-preview:large, max-video-preview:-1\" \/>\n<link rel=\"canonical\" href=\"https:\/\/www.correiobraziliense.com.br\/cbradar\/o-vegetal-mais-poderoso-para-controlar-a-pressao\/\" \/>\n<meta property=\"og:locale\" content=\"pt_BR\" \/>\n<meta property=\"og:type\" content=\"article\" \/>\n<meta property=\"og:title\" content=\"O vegetal mais poderoso para controlar a press\u00e3o - Correio Braziliense - Radar\" \/>\n<meta property=\"og:description\" content=\"O aipo \u00e9 diur\u00e9tico, anti-inflamat\u00f3rio e aliado do cora\u00e7\u00e3o. Saiba como consumir e por que ele melhora digest\u00e3o e sa\u00fade cardiovascular.\" \/>\n<meta property=\"og:url\" content=\"https:\/\/www.correiobraziliense.com.br\/cbradar\/o-vegetal-mais-poderoso-para-controlar-a-pressao\/\" \/>\n<meta property=\"og:site_name\" content=\"Correio Braziliense - Radar\" \/>\n<meta property=\"article:published_time\" content=\"2025-11-24T10:45:00+00:00\" \/>\n<meta property=\"og:image\" content=\"https:\/\/www.correiobraziliense.com.br\/cbradar\/wp-content\/uploads\/2025\/08\/aipo_1754317697962.jpg\" \/>\n\t<meta property=\"og:image:width\" content=\"1279\" \/>\n\t<meta property=\"og:image:height\" content=\"720\" \/>\n\t<meta property=\"og:image:type\" content=\"image\/jpeg\" \/>\n<meta name=\"author\" content=\"guilherme_saude\" \/>\n<meta name=\"twitter:card\" content=\"summary_large_image\" \/>\n<meta name=\"twitter:label1\" content=\"Escrito por\" \/>\n\t<meta name=\"twitter:data1\" content=\"guilherme_saude\" \/>\n\t<meta name=\"twitter:label2\" content=\"Est. tempo de leitura\" \/>\n\t<meta name=\"twitter:data2\" content=\"5 minutos\" \/>\n<!-- \/ Yoast SEO plugin. -->","yoast_head_json":{"title":"O vegetal mais poderoso para controlar a press\u00e3o - Correio Braziliense - Radar","description":"O aipo \u00e9 diur\u00e9tico, anti-inflamat\u00f3rio e aliado do cora\u00e7\u00e3o. Saiba como consumir e por que ele melhora digest\u00e3o e sa\u00fade cardiovascular.","robots":{"index":"index","follow":"follow","max-snippet":"max-snippet:-1","max-image-preview":"max-image-preview:large","max-video-preview":"max-video-preview:-1"},"canonical":"https:\/\/www.correiobraziliense.com.br\/cbradar\/o-vegetal-mais-poderoso-para-controlar-a-pressao\/","og_locale":"pt_BR","og_type":"article","og_title":"O vegetal mais poderoso para controlar a press\u00e3o - Correio Braziliense - Radar","og_description":"O aipo \u00e9 diur\u00e9tico, anti-inflamat\u00f3rio e aliado do cora\u00e7\u00e3o. Saiba como consumir e por que ele melhora digest\u00e3o e sa\u00fade cardiovascular.","og_url":"https:\/\/www.correiobraziliense.com.br\/cbradar\/o-vegetal-mais-poderoso-para-controlar-a-pressao\/","og_site_name":"Correio Braziliense - Radar","article_published_time":"2025-11-24T10:45:00+00:00","og_image":[{"width":1279,"height":720,"url":"https:\/\/www.correiobraziliense.com.br\/cbradar\/wp-content\/uploads\/2025\/08\/aipo_1754317697962.jpg","type":"image\/jpeg"}],"author":"guilherme_saude","twitter_card":"summary_large_image","twitter_misc":{"Escrito por":"guilherme_saude","Est. tempo de leitura":"5 minutos"},"schema":{"@context":"https:\/\/schema.org","@graph":[{"@type":"WebPage","@id":"https:\/\/www.correiobraziliense.com.br\/cbradar\/o-vegetal-mais-poderoso-para-controlar-a-pressao\/","url":"https:\/\/www.correiobraziliense.com.br\/cbradar\/o-vegetal-mais-poderoso-para-controlar-a-pressao\/","name":"O vegetal mais poderoso para controlar a press\u00e3o - Correio Braziliense - Radar","isPartOf":{"@id":"https:\/\/www.correiobraziliense.com.br\/cbradar\/#website"},"primaryImageOfPage":{"@id":"https:\/\/www.correiobraziliense.com.br\/cbradar\/o-vegetal-mais-poderoso-para-controlar-a-pressao\/#primaryimage"},"image":{"@id":"https:\/\/www.correiobraziliense.com.br\/cbradar\/o-vegetal-mais-poderoso-para-controlar-a-pressao\/#primaryimage"},"thumbnailUrl":"https:\/\/www.correiobraziliense.com.br\/cbradar\/wp-content\/uploads\/2025\/08\/aipo_1754317697962.jpg","datePublished":"2025-11-24T10:45:00+00:00","author":{"@id":"https:\/\/www.correiobraziliense.com.br\/cbradar\/#\/schema\/person\/5aa4bf3c8fa699c267933611de12978b"},"description":"O aipo \u00e9 diur\u00e9tico, anti-inflamat\u00f3rio e aliado do cora\u00e7\u00e3o. Saiba como consumir e por que ele melhora digest\u00e3o e sa\u00fade cardiovascular.","breadcrumb":{"@id":"https:\/\/www.correiobraziliense.com.br\/cbradar\/o-vegetal-mais-poderoso-para-controlar-a-pressao\/#breadcrumb"},"inLanguage":"pt-BR","potentialAction":[{"@type":"ReadAction","target":["https:\/\/www.correiobraziliense.com.br\/cbradar\/o-vegetal-mais-poderoso-para-controlar-a-pressao\/"]}]},{"@type":"ImageObject","inLanguage":"pt-BR","@id":"https:\/\/www.correiobraziliense.com.br\/cbradar\/o-vegetal-mais-poderoso-para-controlar-a-pressao\/#primaryimage","url":"https:\/\/www.correiobraziliense.com.br\/cbradar\/wp-content\/uploads\/2025\/08\/aipo_1754317697962.jpg","contentUrl":"https:\/\/www.correiobraziliense.com.br\/cbradar\/wp-content\/uploads\/2025\/08\/aipo_1754317697962.jpg","width":1279,"height":720,"caption":"Aipo - Cr\u00e9ditos: depositphotos.com \/ vannphotography"},{"@type":"BreadcrumbList","@id":"https:\/\/www.correiobraziliense.com.br\/cbradar\/o-vegetal-mais-poderoso-para-controlar-a-pressao\/#breadcrumb","itemListElement":[{"@type":"ListItem","position":1,"name":"In\u00edcio","item":"https:\/\/www.correiobraziliense.com.br\/cbradar\/"},{"@type":"ListItem","position":2,"name":"O vegetal mais poderoso para controlar a press\u00e3o"}]},{"@type":"WebSite","@id":"https:\/\/www.correiobraziliense.com.br\/cbradar\/#website","url":"https:\/\/www.correiobraziliense.com.br\/cbradar\/","name":"Correio Braziliense - Radar","description":"Acompanhe as \u00faltimas not\u00edcias e fique bem informado sobre tudo o que acontece no Brasil e no mundo.","potentialAction":[{"@type":"SearchAction","target":{"@type":"EntryPoint","urlTemplate":"https:\/\/www.correiobraziliense.com.br\/cbradar\/?s={search_term_string}"},"query-input":{"@type":"PropertyValueSpecification","valueRequired":true,"valueName":"search_term_string"}}],"inLanguage":"pt-BR"},{"@type":"Person","@id":"https:\/\/www.correiobraziliense.com.br\/cbradar\/#\/schema\/person\/5aa4bf3c8fa699c267933611de12978b","name":"guilherme_saude","image":{"@type":"ImageObject","inLanguage":"pt-BR","@id":"https:\/\/www.correiobraziliense.com.br\/cbradar\/#\/schema\/person\/image\/","url":"https:\/\/secure.gravatar.com\/avatar\/df9adfb835d344bc0af109d41756253f?s=96&d=mm&r=g","contentUrl":"https:\/\/secure.gravatar.com\/avatar\/df9adfb835d344bc0af109d41756253f?s=96&d=mm&r=g","caption":"guilherme_saude"},"url":"https:\/\/www.correiobraziliense.com.br\/cbradar\/author\/guilherme_saude\/"}]}},"_links":{"self":[{"href":"https:\/\/www.correiobraziliense.com.br\/cbradar\/wp-json\/wp\/v2\/posts\/143207","targetHints":{"allow":["GET"]}}],"collection":[{"href":"https:\/\/www.correiobraziliense.com.br\/cbradar\/wp-json\/wp\/v2\/posts"}],"about":[{"href":"https:\/\/www.correiobraziliense.com.br\/cbradar\/wp-json\/wp\/v2\/types\/post"}],"author":[{"embeddable":true,"href":"https:\/\/www.correiobraziliense.com.br\/cbradar\/wp-json\/wp\/v2\/users\/14"}],"replies":[{"embeddable":true,"href":"https:\/\/www.correiobraziliense.com.br\/cbradar\/wp-json\/wp\/v2\/comments?post=143207"}],"version-history":[{"count":1,"href":"https:\/\/www.correiobraziliense.com.br\/cbradar\/wp-json\/wp\/v2\/posts\/143207\/revisions"}],"predecessor-version":[{"id":143208,"href":"https:\/\/www.correiobraziliense.com.br\/cbradar\/wp-json\/wp\/v2\/posts\/143207\/revisions\/143208"}],"wp:featuredmedia":[{"embeddable":true,"href":"https:\/\/www.correiobraziliense.com.br\/cbradar\/wp-json\/wp\/v2\/media\/80706"}],"wp:attachment":[{"href":"https:\/\/www.correiobraziliense.com.br\/cbradar\/wp-json\/wp\/v2\/media?parent=143207"}],"wp:term":[{"taxonomy":"category","embeddable":true,"href":"https:\/\/www.correiobraziliense.com.br\/cbradar\/wp-json\/wp\/v2\/categories?post=143207"},{"taxonomy":"post_tag","embeddable":true,"href":"https:\/\/www.correiobraziliense.com.br\/cbradar\/wp-json\/wp\/v2\/post_tag?post=143207"}],"curies":[{"name":"wp","href":"https:\/\/api.w.org\/{rel}","templated":true}]}}