{"id":14327,"date":"2025-03-21T17:10:00","date_gmt":"2025-03-21T20:10:00","guid":{"rendered":"https:\/\/www.correiobraziliense.com.br\/cbradar\/?p=14327"},"modified":"2025-03-20T17:29:03","modified_gmt":"2025-03-20T20:29:03","slug":"roberto-carlos-vai-ganhar-filme-que-retrata-o-acidente","status":"publish","type":"post","link":"https:\/\/www.correiobraziliense.com.br\/cbradar\/roberto-carlos-vai-ganhar-filme-que-retrata-o-acidente\/","title":{"rendered":"Roberto Carlos vai ganhar filme que retrata o acidente"},"content":{"rendered":"\n<p><strong>Roberto Carlos<\/strong> \u00e9 uma figura emblem\u00e1tica na m\u00fasica brasileira, conhecido por suas can\u00e7\u00f5es que marcaram gera\u00e7\u00f5es. Um evento tr\u00e1gico em sua inf\u00e2ncia moldou n\u00e3o apenas sua vida pessoal, mas tamb\u00e9m sua carreira. Em 1947, um acidente ferrovi\u00e1rio em <strong>Cachoeiro de Itapemirim<\/strong>, <strong>Esp\u00edrito Santo<\/strong>, resultou na amputa\u00e7\u00e3o de sua perna direita, um epis\u00f3dio que influenciou profundamente sua trajet\u00f3ria.<\/p>\n\n\n\n<p>Apesar das adversidades, Roberto Carlos transformou suas experi\u00eancias em arte, expressando suas emo\u00e7\u00f5es e viv\u00eancias atrav\u00e9s de suas m\u00fasicas. Este acidente, ocorrido quando ele tinha apenas seis anos, \u00e9 frequentemente mencionado em suas composi\u00e7\u00f5es, como &#8220;<strong>O Div\u00e3<\/strong>&#8221; e &#8220;<strong>Traumas<\/strong>&#8220;, onde ele compartilha suas mem\u00f3rias e sentimentos.<\/p>\n\n\n\n<h2 class=\"wp-block-heading\">Como o acidente influenciou a carreira de Roberto Carlos?<\/h2>\n\n\n\n<p>O acidente n\u00e3o apenas impactou a vida pessoal de Roberto Carlos, mas tamb\u00e9m sua carreira musical. A experi\u00eancia de supera\u00e7\u00e3o e resili\u00eancia se refletiu em suas m\u00fasicas, que frequentemente abordam temas de amor, perda e esperan\u00e7a. Sua habilidade de transformar dor em arte ressoou com o p\u00fablico, consolidando sua posi\u00e7\u00e3o como um dos maiores artistas do Brasil.<\/p>\n\n\n\n<p>Roberto Carlos iniciou sua carreira musical na d\u00e9cada de 1960, e rapidamente se destacou no cen\u00e1rio nacional. Seu estilo \u00fanico e letras emocionantes conquistaram uma legi\u00e3o de f\u00e3s, e ele se tornou conhecido como o &#8220;Rei&#8221; da m\u00fasica brasileira. Suas apresenta\u00e7\u00f5es, especialmente nos anos 70, foram marcadas por grandes produ\u00e7\u00f5es e orquestras, elevando o padr\u00e3o dos shows musicais no pa\u00eds.<\/p>\n\n\n\n<figure class=\"wp-block-image size-large\"><img decoding=\"async\" width=\"1024\" height=\"576\" src=\"https:\/\/www.correiobraziliense.com.br\/cbradar\/wp-content\/uploads\/2025\/03\/Roberto-Carlos_1742487362127-1024x576.jpg\" alt=\"Roberto Carlos vai ganhar filme que retrata o acidente\" class=\"wp-image-14329\" srcset=\"https:\/\/www.correiobraziliense.com.br\/cbradar\/wp-content\/uploads\/2025\/03\/Roberto-Carlos_1742487362127-1024x576.jpg 1024w, https:\/\/www.correiobraziliense.com.br\/cbradar\/wp-content\/uploads\/2025\/03\/Roberto-Carlos_1742487362127-300x169.jpg 300w, https:\/\/www.correiobraziliense.com.br\/cbradar\/wp-content\/uploads\/2025\/03\/Roberto-Carlos_1742487362127-768x432.jpg 768w, https:\/\/www.correiobraziliense.com.br\/cbradar\/wp-content\/uploads\/2025\/03\/Roberto-Carlos_1742487362127-750x422.jpg 750w, https:\/\/www.correiobraziliense.com.br\/cbradar\/wp-content\/uploads\/2025\/03\/Roberto-Carlos_1742487362127-1140x641.jpg 1140w, https:\/\/www.correiobraziliense.com.br\/cbradar\/wp-content\/uploads\/2025\/03\/Roberto-Carlos_1742487362127.jpg 1280w\" sizes=\"(max-width: 1024px) 100vw, 1024px\" \/><figcaption class=\"wp-element-caption\">Roberto Carlos. Cr\u00e9ditos: depositphotos.com \/ A.Paes<\/figcaption><\/figure>\n\n\n\n<h2 class=\"wp-block-heading\">Quais foram os impactos do acidente na vida pessoal de Roberto Carlos?<\/h2>\n\n\n\n<p>O impacto do acidente na vida pessoal de Roberto Carlos foi profundo. A perda de sua perna direita na inf\u00e2ncia foi um desafio significativo, mas ele encontrou for\u00e7a para seguir em frente. O apoio de sua fam\u00edlia e amigos foi crucial durante esse per\u00edodo, ajudando-o a se adaptar \u00e0 nova realidade e a desenvolver uma perspectiva positiva sobre a vida.<\/p>\n\n\n\n<p>Al\u00e9m disso, o acidente moldou sua vis\u00e3o de mundo e sua abordagem \u00e0 m\u00fasica. Roberto Carlos frequentemente reflete sobre temas de resili\u00eancia e supera\u00e7\u00e3o em suas can\u00e7\u00f5es, inspirando muitos de seus ouvintes a enfrentar suas pr\u00f3prias dificuldades com coragem e determina\u00e7\u00e3o.<\/p>\n\n\n\n<h2 class=\"wp-block-heading\">O legado de Roberto Carlos na m\u00fasica brasileira<\/h2>\n\n\n\n<p>Roberto Carlos deixou um legado duradouro na m\u00fasica brasileira. Com uma carreira que se estende por mais de seis d\u00e9cadas, ele continua a influenciar novas gera\u00e7\u00f5es de m\u00fasicos e f\u00e3s. Suas can\u00e7\u00f5es, que abordam temas universais de amor, perda e esperan\u00e7a, permanecem relevantes e emocionantes para muitos.<\/p>\n\n\n\n<p>Al\u00e9m de sua m\u00fasica, Roberto Carlos \u00e9 admirado por sua resili\u00eancia e capacidade de superar adversidades. Sua hist\u00f3ria de vida \u00e9 um testemunho de for\u00e7a e determina\u00e7\u00e3o, inspirando muitos a acreditar que \u00e9 poss\u00edvel transformar desafios em oportunidades.<\/p>\n\n\n\n<p>Em 2025, Roberto Carlos continua a ser uma figura ic\u00f4nica na cultura brasileira, e seu impacto na m\u00fasica e na sociedade \u00e9 ineg\u00e1vel. Sua hist\u00f3ria \u00e9 um lembrete poderoso de que, mesmo diante das dificuldades, \u00e9 poss\u00edvel encontrar beleza e significado na vida.<\/p>\n","protected":false},"excerpt":{"rendered":"<p>Explora\u00e7\u00e3o da influ\u00eancia de um acidente tr\u00e1gico na inf\u00e2ncia na vida e carreira de Roberto Carlos, o ic\u00f4nico artista brasileiro,.<\/p>\n","protected":false},"author":3,"featured_media":14328,"comment_status":"open","ping_status":"open","sticky":false,"template":"","format":"standard","meta":{"jnews-multi-image_gallery":[],"jnews_single_post":{"format":"standard"},"jnews_primary_category":[],"jnews_social_meta":[],"jnews_override_counter":[],"footnotes":""},"categories":[140],"post_tag":[2093,568],"class_list":["post-14327","post","type-post","status-publish","format-standard","has-post-thumbnail","hentry","category-entretenimento","tag-roberto-carlos","tag-series-e-filmes"],"yoast_head":"<!-- This site is optimized with the Yoast SEO plugin v24.6 - https:\/\/yoast.com\/wordpress\/plugins\/seo\/ -->\n<title>Roberto Carlos vai ganhar filme que retrata o acidente<\/title>\n<meta name=\"description\" content=\"Explora\u00e7\u00e3o da influ\u00eancia de um acidente tr\u00e1gico na inf\u00e2ncia na vida e carreira de Roberto Carlos, o ic\u00f4nico artista brasileiro,.\" \/>\n<meta name=\"robots\" content=\"index, follow, max-snippet:-1, max-image-preview:large, max-video-preview:-1\" \/>\n<link rel=\"canonical\" href=\"https:\/\/www.correiobraziliense.com.br\/cbradar\/roberto-carlos-vai-ganhar-filme-que-retrata-o-acidente\/\" \/>\n<meta property=\"og:locale\" content=\"pt_BR\" \/>\n<meta property=\"og:type\" content=\"article\" \/>\n<meta property=\"og:title\" content=\"Roberto Carlos vai ganhar filme que retrata o acidente\" \/>\n<meta property=\"og:description\" content=\"Explora\u00e7\u00e3o da influ\u00eancia de um acidente tr\u00e1gico na inf\u00e2ncia na vida e carreira de Roberto Carlos, o ic\u00f4nico artista brasileiro,.\" \/>\n<meta property=\"og:url\" content=\"https:\/\/www.correiobraziliense.com.br\/cbradar\/roberto-carlos-vai-ganhar-filme-que-retrata-o-acidente\/\" \/>\n<meta property=\"og:site_name\" content=\"Correio Braziliense - Radar\" \/>\n<meta property=\"article:published_time\" content=\"2025-03-21T20:10:00+00:00\" \/>\n<meta property=\"og:image\" content=\"https:\/\/www.correiobraziliense.com.br\/cbradar\/wp-content\/uploads\/2025\/03\/Roberto-Carlos_1742487263868.jpg\" \/>\n\t<meta property=\"og:image:width\" content=\"1280\" \/>\n\t<meta property=\"og:image:height\" content=\"720\" \/>\n\t<meta property=\"og:image:type\" content=\"image\/jpeg\" \/>\n<meta name=\"author\" content=\"Larissa Carvalho\" \/>\n<meta name=\"twitter:card\" content=\"summary_large_image\" \/>\n<meta name=\"twitter:label1\" content=\"Escrito por\" \/>\n\t<meta name=\"twitter:data1\" content=\"Larissa Carvalho\" \/>\n\t<meta name=\"twitter:label2\" content=\"Est. tempo de leitura\" \/>\n\t<meta name=\"twitter:data2\" content=\"4 minutos\" \/>\n<!-- \/ Yoast SEO plugin. -->","yoast_head_json":{"title":"Roberto Carlos vai ganhar filme que retrata o acidente","description":"Explora\u00e7\u00e3o da influ\u00eancia de um acidente tr\u00e1gico na inf\u00e2ncia na vida e carreira de Roberto Carlos, o ic\u00f4nico artista brasileiro,.","robots":{"index":"index","follow":"follow","max-snippet":"max-snippet:-1","max-image-preview":"max-image-preview:large","max-video-preview":"max-video-preview:-1"},"canonical":"https:\/\/www.correiobraziliense.com.br\/cbradar\/roberto-carlos-vai-ganhar-filme-que-retrata-o-acidente\/","og_locale":"pt_BR","og_type":"article","og_title":"Roberto Carlos vai ganhar filme que retrata o acidente","og_description":"Explora\u00e7\u00e3o da influ\u00eancia de um acidente tr\u00e1gico na inf\u00e2ncia na vida e carreira de Roberto Carlos, o ic\u00f4nico artista brasileiro,.","og_url":"https:\/\/www.correiobraziliense.com.br\/cbradar\/roberto-carlos-vai-ganhar-filme-que-retrata-o-acidente\/","og_site_name":"Correio Braziliense - Radar","article_published_time":"2025-03-21T20:10:00+00:00","og_image":[{"width":1280,"height":720,"url":"https:\/\/www.correiobraziliense.com.br\/cbradar\/wp-content\/uploads\/2025\/03\/Roberto-Carlos_1742487263868.jpg","type":"image\/jpeg"}],"author":"Larissa Carvalho","twitter_card":"summary_large_image","twitter_misc":{"Escrito por":"Larissa Carvalho","Est. tempo de leitura":"4 minutos"},"schema":{"@context":"https:\/\/schema.org","@graph":[{"@type":"WebPage","@id":"https:\/\/www.correiobraziliense.com.br\/cbradar\/roberto-carlos-vai-ganhar-filme-que-retrata-o-acidente\/","url":"https:\/\/www.correiobraziliense.com.br\/cbradar\/roberto-carlos-vai-ganhar-filme-que-retrata-o-acidente\/","name":"Roberto Carlos vai ganhar filme que retrata o acidente","isPartOf":{"@id":"https:\/\/www.correiobraziliense.com.br\/cbradar\/#website"},"primaryImageOfPage":{"@id":"https:\/\/www.correiobraziliense.com.br\/cbradar\/roberto-carlos-vai-ganhar-filme-que-retrata-o-acidente\/#primaryimage"},"image":{"@id":"https:\/\/www.correiobraziliense.com.br\/cbradar\/roberto-carlos-vai-ganhar-filme-que-retrata-o-acidente\/#primaryimage"},"thumbnailUrl":"https:\/\/www.correiobraziliense.com.br\/cbradar\/wp-content\/uploads\/2025\/03\/Roberto-Carlos_1742487263868.jpg","datePublished":"2025-03-21T20:10:00+00:00","author":{"@id":"https:\/\/www.correiobraziliense.com.br\/cbradar\/#\/schema\/person\/58422787644df994b53a19d3e56c1513"},"description":"Explora\u00e7\u00e3o da influ\u00eancia de um acidente tr\u00e1gico na inf\u00e2ncia na vida e carreira de Roberto Carlos, o ic\u00f4nico artista brasileiro,.","breadcrumb":{"@id":"https:\/\/www.correiobraziliense.com.br\/cbradar\/roberto-carlos-vai-ganhar-filme-que-retrata-o-acidente\/#breadcrumb"},"inLanguage":"pt-BR","potentialAction":[{"@type":"ReadAction","target":["https:\/\/www.correiobraziliense.com.br\/cbradar\/roberto-carlos-vai-ganhar-filme-que-retrata-o-acidente\/"]}]},{"@type":"ImageObject","inLanguage":"pt-BR","@id":"https:\/\/www.correiobraziliense.com.br\/cbradar\/roberto-carlos-vai-ganhar-filme-que-retrata-o-acidente\/#primaryimage","url":"https:\/\/www.correiobraziliense.com.br\/cbradar\/wp-content\/uploads\/2025\/03\/Roberto-Carlos_1742487263868.jpg","contentUrl":"https:\/\/www.correiobraziliense.com.br\/cbradar\/wp-content\/uploads\/2025\/03\/Roberto-Carlos_1742487263868.jpg","width":1280,"height":720,"caption":"Roberto Carlos. Cr\u00e9ditos: depositphotos.com \/ A.Paes"},{"@type":"BreadcrumbList","@id":"https:\/\/www.correiobraziliense.com.br\/cbradar\/roberto-carlos-vai-ganhar-filme-que-retrata-o-acidente\/#breadcrumb","itemListElement":[{"@type":"ListItem","position":1,"name":"In\u00edcio","item":"https:\/\/www.correiobraziliense.com.br\/cbradar\/"},{"@type":"ListItem","position":2,"name":"Roberto Carlos vai ganhar filme que retrata o acidente"}]},{"@type":"WebSite","@id":"https:\/\/www.correiobraziliense.com.br\/cbradar\/#website","url":"https:\/\/www.correiobraziliense.com.br\/cbradar\/","name":"Correio Braziliense - Radar","description":"Acompanhe as \u00faltimas not\u00edcias e fique bem informado sobre tudo o que acontece no Brasil e no mundo.","potentialAction":[{"@type":"SearchAction","target":{"@type":"EntryPoint","urlTemplate":"https:\/\/www.correiobraziliense.com.br\/cbradar\/?s={search_term_string}"},"query-input":{"@type":"PropertyValueSpecification","valueRequired":true,"valueName":"search_term_string"}}],"inLanguage":"pt-BR"},{"@type":"Person","@id":"https:\/\/www.correiobraziliense.com.br\/cbradar\/#\/schema\/person\/58422787644df994b53a19d3e56c1513","name":"Larissa Carvalho","image":{"@type":"ImageObject","inLanguage":"pt-BR","@id":"https:\/\/www.correiobraziliense.com.br\/cbradar\/#\/schema\/person\/image\/","url":"https:\/\/secure.gravatar.com\/avatar\/fe4f91a0de32b52a838d0d612abdc1aa?s=96&d=mm&r=g","contentUrl":"https:\/\/secure.gravatar.com\/avatar\/fe4f91a0de32b52a838d0d612abdc1aa?s=96&d=mm&r=g","caption":"Larissa Carvalho"},"url":"https:\/\/www.correiobraziliense.com.br\/cbradar\/author\/larissamyth\/"}]}},"_links":{"self":[{"href":"https:\/\/www.correiobraziliense.com.br\/cbradar\/wp-json\/wp\/v2\/posts\/14327","targetHints":{"allow":["GET"]}}],"collection":[{"href":"https:\/\/www.correiobraziliense.com.br\/cbradar\/wp-json\/wp\/v2\/posts"}],"about":[{"href":"https:\/\/www.correiobraziliense.com.br\/cbradar\/wp-json\/wp\/v2\/types\/post"}],"author":[{"embeddable":true,"href":"https:\/\/www.correiobraziliense.com.br\/cbradar\/wp-json\/wp\/v2\/users\/3"}],"replies":[{"embeddable":true,"href":"https:\/\/www.correiobraziliense.com.br\/cbradar\/wp-json\/wp\/v2\/comments?post=14327"}],"version-history":[{"count":1,"href":"https:\/\/www.correiobraziliense.com.br\/cbradar\/wp-json\/wp\/v2\/posts\/14327\/revisions"}],"predecessor-version":[{"id":14330,"href":"https:\/\/www.correiobraziliense.com.br\/cbradar\/wp-json\/wp\/v2\/posts\/14327\/revisions\/14330"}],"wp:featuredmedia":[{"embeddable":true,"href":"https:\/\/www.correiobraziliense.com.br\/cbradar\/wp-json\/wp\/v2\/media\/14328"}],"wp:attachment":[{"href":"https:\/\/www.correiobraziliense.com.br\/cbradar\/wp-json\/wp\/v2\/media?parent=14327"}],"wp:term":[{"taxonomy":"category","embeddable":true,"href":"https:\/\/www.correiobraziliense.com.br\/cbradar\/wp-json\/wp\/v2\/categories?post=14327"},{"taxonomy":"post_tag","embeddable":true,"href":"https:\/\/www.correiobraziliense.com.br\/cbradar\/wp-json\/wp\/v2\/post_tag?post=14327"}],"curies":[{"name":"wp","href":"https:\/\/api.w.org\/{rel}","templated":true}]}}