{"id":143342,"date":"2025-11-24T12:35:00","date_gmt":"2025-11-24T15:35:00","guid":{"rendered":"https:\/\/www.correiobraziliense.com.br\/cbradar\/?p=143342"},"modified":"2025-11-23T02:49:06","modified_gmt":"2025-11-23T05:49:06","slug":"o-que-significa-quando-seu-cachorro-sempre-lambe-as-patas","status":"publish","type":"post","link":"https:\/\/www.correiobraziliense.com.br\/cbradar\/o-que-significa-quando-seu-cachorro-sempre-lambe-as-patas\/","title":{"rendered":"O que significa quando seu cachorro sempre lambe as patas?"},"content":{"rendered":"\n<p><strong>Ver um cachorro lambendo as pr\u00f3prias patas repetidamente desperta d\u00favida imediata nos tutores; <\/strong>entender o motivo por tr\u00e1s desse comportamento ajuda a identificar problemas de sa\u00fade, reduzir desconfortos e manter o bem-estar do pet em dia.<\/p>\n\n\n\n<h2 class=\"wp-block-heading\">Lamber as patas \u00e9 sempre sinal de problema?<\/h2>\n\n\n\n<p>Nem sempre. <strong>Cachorros lambem as patas tanto por motivos naturais quanto por quest\u00f5es de sa\u00fade<\/strong>, e diferenciar essas situa\u00e7\u00f5es evita preocupa\u00e7\u00f5es desnecess\u00e1rias. Em muitos casos, o h\u00e1bito pode representar apenas higiene ou al\u00edvio moment\u00e2neo.<\/p>\n\n\n\n<p>No entanto, quando o comportamento se torna repetitivo, intenso ou associado a feridas e vermelhid\u00e3o, \u00e9 sinal de alerta. Observar frequ\u00eancia e contexto ajuda a identificar se a atitude \u00e9 passageira ou se exige interven\u00e7\u00e3o.<\/p>\n\n\n<div class=\"wp-block-image\">\n<figure class=\"aligncenter size-large\"><img decoding=\"async\" width=\"1024\" height=\"576\" src=\"https:\/\/www.correiobraziliense.com.br\/cbradar\/wp-content\/uploads\/2025\/11\/cachorro-lamb_1763876500427-1024x576.jpg\" alt=\"O que significa quando seu cachorro sempre lambe as patas?\" class=\"wp-image-143396\" srcset=\"https:\/\/www.correiobraziliense.com.br\/cbradar\/wp-content\/uploads\/2025\/11\/cachorro-lamb_1763876500427-1024x576.jpg 1024w, https:\/\/www.correiobraziliense.com.br\/cbradar\/wp-content\/uploads\/2025\/11\/cachorro-lamb_1763876500427-300x169.jpg 300w, https:\/\/www.correiobraziliense.com.br\/cbradar\/wp-content\/uploads\/2025\/11\/cachorro-lamb_1763876500427-768x432.jpg 768w, https:\/\/www.correiobraziliense.com.br\/cbradar\/wp-content\/uploads\/2025\/11\/cachorro-lamb_1763876500427-750x422.jpg 750w, https:\/\/www.correiobraziliense.com.br\/cbradar\/wp-content\/uploads\/2025\/11\/cachorro-lamb_1763876500427-1140x641.jpg 1140w, https:\/\/www.correiobraziliense.com.br\/cbradar\/wp-content\/uploads\/2025\/11\/cachorro-lamb_1763876500427.jpg 1280w\" sizes=\"(max-width: 1024px) 100vw, 1024px\" \/><figcaption class=\"wp-element-caption\">Cachorros gostam de cuidar das patas como a gente cuida das unhas, mas aten\u00e7\u00e3o se vira obsess\u00e3o! \/\/ Cr\u00e9ditos: depositphotos.com \/ kriang01<\/figcaption><\/figure><\/div>\n\n\n<h2 class=\"wp-block-heading\">Quais s\u00e3o as causas mais comuns desse comportamento?<\/h2>\n\n\n\n<p>A lambedura excessiva pode ter diversas origens, e <strong>entender suas causas ajuda a agir rapidamente e evitar complica\u00e7\u00f5es<\/strong>. Entre os motivos mais frequentes est\u00e3o alergias, irrita\u00e7\u00f5es ambientais e inc\u00f4modos f\u00edsicos que passam despercebidos no dia a dia.<\/p>\n\n\n\n<p>Esses fatores podem aparecer de forma isolada ou combinada, variando de acordo com a rotina, clima e sensibilidade do animal. Veja abaixo a tabela com causas comuns e sua descri\u00e7\u00e3o:<\/p>\n\n\n\n<figure class=\"wp-block-table\"><table class=\"has-fixed-layout\"><thead><tr><th>Causa comum<\/th><th>Descri\u00e7\u00e3o<\/th><\/tr><\/thead><tbody><tr><td>Alergias<\/td><td>Rea\u00e7\u00e3o a alimentos, poeira, pulgas ou subst\u00e2ncias de limpeza<\/td><\/tr><tr><td>Irrita\u00e7\u00f5es<\/td><td>Contato com grama, produtos qu\u00edmicos ou picadas de insetos<\/td><\/tr><tr><td>Dor f\u00edsica<\/td><td>Pequenos cortes, lascas, espinhos ou inflama\u00e7\u00f5es<\/td><\/tr><\/tbody><\/table><\/figure>\n\n\n\n<h2 class=\"wp-block-heading\">Alergias podem fazer o cachorro lamber muito as patas?<\/h2>\n\n\n\n<p>Sim. <strong>A alergia \u00e9 uma das principais causas de lamber excessivo<\/strong>, especialmente quando o cachorro apresenta coceira, vermelhid\u00e3o ou incha\u00e7o. A dermatite at\u00f3pica \u00e9 um exemplo comum e afeta muitos animais de diferentes idades.<\/p>\n\n\n\n<p>A sensibilidade pode ser desencadeada por alimentos, p\u00f3len, poeira e at\u00e9 produtos usados na limpeza da casa. O tutor deve observar surtos sazonais ou mudan\u00e7as ap\u00f3s a introdu\u00e7\u00e3o de uma nova ra\u00e7\u00e3o ou item ambiental.<\/p>\n\n\n\n<p>Confira o v\u00eddeo abaixo do canal no TikTok<strong> Lara Pitbul<\/strong>l (<strong>@larapitbull<\/strong>), sobre alergias nas patinhas dos cachorrinhos.<\/p>\n\n\n\n<figure class=\"wp-block-embed is-type-video is-provider-tiktok wp-block-embed-tiktok\"><div class=\"wp-block-embed__wrapper\">\n<blockquote class=\"tiktok-embed\" cite=\"https:\/\/www.tiktok.com\/@larapitbull\/video\/7554537150298049803\" data-video-id=\"7554537150298049803\" data-embed-from=\"oembed\" style=\"max-width:605px; min-width:325px;\"> <section> <a target=\"_blank\" title=\"@larapitbull\" href=\"https:\/\/www.tiktok.com\/@larapitbull?refer=embed\">@larapitbull<\/a> <p>Coceiras nas patolas e lambeduras em excesso podem n\u00e3o ser um bom sinal \ud83d\udea8 <a title=\"creatorsearchinsight\" target=\"_blank\" href=\"https:\/\/www.tiktok.com\/tag\/creatorsearchinsight?refer=embed\">#creatorsearchinsight<\/a> <a title=\"pitbull\" target=\"_blank\" href=\"https:\/\/www.tiktok.com\/tag\/pitbull?refer=embed\">#pitbull<\/a> <a title=\"pitbullsoftiktok\" target=\"_blank\" href=\"https:\/\/www.tiktok.com\/tag\/pitbullsoftiktok?refer=embed\">#pitbullsoftiktok<\/a> <a title=\"cachorrosdotiktok\" target=\"_blank\" href=\"https:\/\/www.tiktok.com\/tag\/cachorrosdotiktok?refer=embed\">#cachorrosdotiktok<\/a> <a title=\"animaisnotiktok\" target=\"_blank\" href=\"https:\/\/www.tiktok.com\/tag\/animaisnotiktok?refer=embed\">#animaisnotiktok<\/a> <\/p> <a target=\"_blank\" title=\"\u266c som original - Lara Pitbull \u2728\" href=\"https:\/\/www.tiktok.com\/music\/som-original-7554537192144538380?refer=embed\">\u266c som original &#8211; Lara Pitbull \u2728<\/a> <\/section> <\/blockquote> <script async src=\"https:\/\/www.tiktok.com\/embed.js\"><\/script>\n<\/div><\/figure>\n\n\n\n<h2 class=\"wp-block-heading\">O estresse tamb\u00e9m pode gerar esse comportamento?<\/h2>\n\n\n\n<p>Sim. <strong>Cachorros estressados usam a lambedura como forma de aliviar ansiedade<\/strong>, semelhante ao h\u00e1bito humano de roer unhas. Mudan\u00e7as na rotina, falta de est\u00edmulo e solid\u00e3o podem intensificar a repeti\u00e7\u00e3o do comportamento.<\/p>\n\n\n\n<p>Nesses casos, a lambedura n\u00e3o costuma produzir vermelhid\u00e3o intensa de imediato, mas aumenta com o tempo. Criar um ambiente mais estimulado reduz o estresse e melhora a qualidade de vida do pet. Entre as causas emocionais mais comuns est\u00e3o:<\/p>\n\n\n\n<ul class=\"wp-block-list\">\n<li>Mudan\u00e7as na casa ou na rotina.<\/li>\n\n\n\n<li>Pouca intera\u00e7\u00e3o e falta de atividades.<\/li>\n\n\n\n<li>Longos per\u00edodos de solid\u00e3o.<\/li>\n<\/ul>\n\n\n\n<h2 class=\"wp-block-heading\">Pulgas podem fazer o cachorro lamber a pata sem parar?<\/h2>\n\n\n\n<p>Sim, e com frequ\u00eancia. <strong>Infesta\u00e7\u00f5es de pulgas provocam coceira intensa<\/strong>, especialmente quando ocorrem nas regi\u00f5es pr\u00f3ximas das patas. A saliva da pulga desencadeia rea\u00e7\u00e3o al\u00e9rgica em muitos c\u00e3es, aumentando desconforto.<\/p>\n\n\n\n<p>Al\u00e9m da lambedura intensa, o tutor pode observar mordidas constantes, falhas no pelo e inquieta\u00e7\u00e3o. O tratamento adequado elimina o problema e previne reincid\u00eancias.<\/p>\n\n\n\n<h2 class=\"wp-block-heading\">Les\u00f5es pequenas podem causar lambedura excessiva?<\/h2>\n\n\n\n<p>Sim. <strong>Pequenos machucados, espinhos ou arranh\u00f5es podem gerar dor localizada<\/strong>, levando o cachorro a lamber a \u00e1rea como tentativa de aliviar o inc\u00f4modo. Mesmo ocorrendo discretamente, essas les\u00f5es intensificam o comportamento.<\/p>\n\n\n\n<p>Por isso, \u00e9 importante examinar as patas, entre os dedos e o coxim, procurando sinais de ferimentos. Muitos tutores detectam o problema apenas ao perceber sensibilidade ao toque.<\/p>\n\n\n<div class=\"wp-block-image\">\n<figure class=\"aligncenter size-large\"><img decoding=\"async\" width=\"1024\" height=\"576\" src=\"https:\/\/www.correiobraziliense.com.br\/cbradar\/wp-content\/uploads\/2025\/11\/cachorro-lamb_1763876428682-1024x576.jpg\" alt=\"O que significa quando seu cachorro sempre lambe as patas?\" class=\"wp-image-143394\" srcset=\"https:\/\/www.correiobraziliense.com.br\/cbradar\/wp-content\/uploads\/2025\/11\/cachorro-lamb_1763876428682-1024x576.jpg 1024w, https:\/\/www.correiobraziliense.com.br\/cbradar\/wp-content\/uploads\/2025\/11\/cachorro-lamb_1763876428682-300x169.jpg 300w, https:\/\/www.correiobraziliense.com.br\/cbradar\/wp-content\/uploads\/2025\/11\/cachorro-lamb_1763876428682-768x432.jpg 768w, https:\/\/www.correiobraziliense.com.br\/cbradar\/wp-content\/uploads\/2025\/11\/cachorro-lamb_1763876428682-750x422.jpg 750w, https:\/\/www.correiobraziliense.com.br\/cbradar\/wp-content\/uploads\/2025\/11\/cachorro-lamb_1763876428682-1140x641.jpg 1140w, https:\/\/www.correiobraziliense.com.br\/cbradar\/wp-content\/uploads\/2025\/11\/cachorro-lamb_1763876428682.jpg 1280w\" sizes=\"(max-width: 1024px) 100vw, 1024px\" \/><figcaption class=\"wp-element-caption\">Cachorros lambem as patas para limpeza, al\u00edvio de coceira ou desconforto na regi\u00e3o. \/\/ Cr\u00e9ditos: depositphotos.com \/ rangsan2526<\/figcaption><\/figure><\/div>\n\n\n<h2 class=\"wp-block-heading\">Quando o tutor deve se preocupar com o comportamento?<\/h2>\n\n\n\n<p>A preocupa\u00e7\u00e3o \u00e9 necess\u00e1ria quando o comportamento foge do comum e se torna repetitivo. <strong>Lamber constantemente at\u00e9 causar feridas \u00e9 sinal de que algo n\u00e3o est\u00e1 bem<\/strong>, exigindo avalia\u00e7\u00e3o veterin\u00e1ria o quanto antes.<\/p>\n\n\n\n<p>Para entender melhor o momento de agir, veja alguns sinais que merecem aten\u00e7\u00e3o:<\/p>\n\n\n\n<ol class=\"wp-block-list\">\n<li>Vermelhid\u00e3o intensa ou feridas abertas.<\/li>\n\n\n\n<li>Mau cheiro vindo das patas.<\/li>\n\n\n\n<li>Incha\u00e7o, dor ao toque ou sangramento.<\/li>\n<\/ol>\n\n\n\n<p><strong>Leia tamb\u00e9m: <a href=\"https:\/\/www.correiobraziliense.com.br\/cbradar\/essa-cidade-de-santa-catarina-que-esta-sendo-apontada-como-uma-das-melhores-do-pais\/\" target=\"_blank\" rel=\"noreferrer noopener\">Essa cidade de Santa Catarina est\u00e1 sendo apontada como uma das melhores do pa\u00eds.<\/a><\/strong><\/p>\n\n\n\n<h2 class=\"wp-block-heading\">Como ajudar o cachorro a parar de lamber excessivamente?<\/h2>\n\n\n\n<p>A solu\u00e7\u00e3o depende da origem do problema. <strong>Tratar a causa \u00e9 o caminho mais eficaz<\/strong>, evitando que o inc\u00f4modo volte a ocorrer. Ajustes simples na rotina e cuidados di\u00e1rios podem reduzir bastante o comportamento.<\/p>\n\n\n\n<p>Entre as principais a\u00e7\u00f5es est\u00e3o limpeza regular, uso de produtos suaves e preven\u00e7\u00e3o contra parasitas. Veja abaixo algumas orienta\u00e7\u00f5es pr\u00e1ticas:<\/p>\n\n\n\n<ul class=\"wp-block-list\">\n<li>Mantenha as patas limpas ap\u00f3s passeios.<\/li>\n\n\n\n<li>Use antipulgas recomendado pelo veterin\u00e1rio.<\/li>\n\n\n\n<li>Evite produtos irritantes no ch\u00e3o ou no jardim.<\/li>\n<\/ul>\n","protected":false},"excerpt":{"rendered":"<p>Ver um cachorro lambendo as pr\u00f3prias patas repetidamente desperta d\u00favida imediata nos tutores; entender o motivo por tr\u00e1s desse comportamento ajuda a identificar problemas de sa\u00fade, reduzir desconfortos e manter o bem-estar do pet em dia. Lamber as patas \u00e9 sempre sinal de problema? Nem sempre. Cachorros lambem as patas tanto por motivos naturais quanto [&hellip;]<\/p>\n","protected":false},"author":8,"featured_media":143400,"comment_status":"open","ping_status":"open","sticky":false,"template":"","format":"standard","meta":{"_yoast_wpseo_focuskw":"cachorro lamber","_yoast_wpseo_title":"","_yoast_wpseo_metadesc":"Seu cachorro est\u00e1 lambendo as patas sem parar? Veja o que isso pode indicar e como identificar a causa com seguran\u00e7a em casa.","jnews-multi-image_gallery":[],"jnews_single_post":{"format":"standard"},"jnews_primary_category":[],"jnews_social_meta":[],"jnews_override_counter":[],"footnotes":""},"categories":[112],"post_tag":[378,11911,1008],"class_list":["post-143342","post","type-post","status-publish","format-standard","has-post-thumbnail","hentry","category-curiosidades","tag-cachorro","tag-lamber-as-patas","tag-pets"],"yoast_head":"<!-- This site is optimized with the Yoast SEO plugin v24.6 - https:\/\/yoast.com\/wordpress\/plugins\/seo\/ -->\n<title>O que significa quando seu cachorro sempre lambe as patas? - Correio Braziliense - Radar<\/title>\n<meta name=\"description\" content=\"Seu cachorro est\u00e1 lambendo as patas sem parar? Veja o que isso pode indicar e como identificar a causa com seguran\u00e7a em casa.\" \/>\n<meta name=\"robots\" content=\"index, follow, max-snippet:-1, max-image-preview:large, max-video-preview:-1\" \/>\n<link rel=\"canonical\" href=\"https:\/\/www.correiobraziliense.com.br\/cbradar\/o-que-significa-quando-seu-cachorro-sempre-lambe-as-patas\/\" \/>\n<meta property=\"og:locale\" content=\"pt_BR\" \/>\n<meta property=\"og:type\" content=\"article\" \/>\n<meta property=\"og:title\" content=\"O que significa quando seu cachorro sempre lambe as patas? - Correio Braziliense - Radar\" \/>\n<meta property=\"og:description\" content=\"Seu cachorro est\u00e1 lambendo as patas sem parar? Veja o que isso pode indicar e como identificar a causa com seguran\u00e7a em casa.\" \/>\n<meta property=\"og:url\" content=\"https:\/\/www.correiobraziliense.com.br\/cbradar\/o-que-significa-quando-seu-cachorro-sempre-lambe-as-patas\/\" \/>\n<meta property=\"og:site_name\" content=\"Correio Braziliense - Radar\" \/>\n<meta property=\"article:published_time\" content=\"2025-11-24T15:35:00+00:00\" \/>\n<meta property=\"og:image\" content=\"https:\/\/www.correiobraziliense.com.br\/cbradar\/wp-content\/uploads\/2025\/11\/Design-sem-nome-97.png\" \/>\n\t<meta property=\"og:image:width\" content=\"1280\" \/>\n\t<meta property=\"og:image:height\" content=\"720\" \/>\n\t<meta property=\"og:image:type\" content=\"image\/png\" \/>\n<meta name=\"author\" content=\"Maura Pereira\" \/>\n<meta name=\"twitter:card\" content=\"summary_large_image\" \/>\n<meta name=\"twitter:label1\" content=\"Escrito por\" \/>\n\t<meta name=\"twitter:data1\" content=\"Maura Pereira\" \/>\n\t<meta name=\"twitter:label2\" content=\"Est. tempo de leitura\" \/>\n\t<meta name=\"twitter:data2\" content=\"5 minutos\" \/>\n<!-- \/ Yoast SEO plugin. -->","yoast_head_json":{"title":"O que significa quando seu cachorro sempre lambe as patas? - Correio Braziliense - Radar","description":"Seu cachorro est\u00e1 lambendo as patas sem parar? Veja o que isso pode indicar e como identificar a causa com seguran\u00e7a em casa.","robots":{"index":"index","follow":"follow","max-snippet":"max-snippet:-1","max-image-preview":"max-image-preview:large","max-video-preview":"max-video-preview:-1"},"canonical":"https:\/\/www.correiobraziliense.com.br\/cbradar\/o-que-significa-quando-seu-cachorro-sempre-lambe-as-patas\/","og_locale":"pt_BR","og_type":"article","og_title":"O que significa quando seu cachorro sempre lambe as patas? - Correio Braziliense - Radar","og_description":"Seu cachorro est\u00e1 lambendo as patas sem parar? Veja o que isso pode indicar e como identificar a causa com seguran\u00e7a em casa.","og_url":"https:\/\/www.correiobraziliense.com.br\/cbradar\/o-que-significa-quando-seu-cachorro-sempre-lambe-as-patas\/","og_site_name":"Correio Braziliense - Radar","article_published_time":"2025-11-24T15:35:00+00:00","og_image":[{"width":1280,"height":720,"url":"https:\/\/www.correiobraziliense.com.br\/cbradar\/wp-content\/uploads\/2025\/11\/Design-sem-nome-97.png","type":"image\/png"}],"author":"Maura Pereira","twitter_card":"summary_large_image","twitter_misc":{"Escrito por":"Maura Pereira","Est. tempo de leitura":"5 minutos"},"schema":{"@context":"https:\/\/schema.org","@graph":[{"@type":"WebPage","@id":"https:\/\/www.correiobraziliense.com.br\/cbradar\/o-que-significa-quando-seu-cachorro-sempre-lambe-as-patas\/","url":"https:\/\/www.correiobraziliense.com.br\/cbradar\/o-que-significa-quando-seu-cachorro-sempre-lambe-as-patas\/","name":"O que significa quando seu cachorro sempre lambe as patas? - Correio Braziliense - Radar","isPartOf":{"@id":"https:\/\/www.correiobraziliense.com.br\/cbradar\/#website"},"primaryImageOfPage":{"@id":"https:\/\/www.correiobraziliense.com.br\/cbradar\/o-que-significa-quando-seu-cachorro-sempre-lambe-as-patas\/#primaryimage"},"image":{"@id":"https:\/\/www.correiobraziliense.com.br\/cbradar\/o-que-significa-quando-seu-cachorro-sempre-lambe-as-patas\/#primaryimage"},"thumbnailUrl":"https:\/\/www.correiobraziliense.com.br\/cbradar\/wp-content\/uploads\/2025\/11\/Design-sem-nome-97.png","datePublished":"2025-11-24T15:35:00+00:00","author":{"@id":"https:\/\/www.correiobraziliense.com.br\/cbradar\/#\/schema\/person\/4053c651a9bfc785afc6f4cbc9032fd3"},"description":"Seu cachorro est\u00e1 lambendo as patas sem parar? Veja o que isso pode indicar e como identificar a causa com seguran\u00e7a em casa.","breadcrumb":{"@id":"https:\/\/www.correiobraziliense.com.br\/cbradar\/o-que-significa-quando-seu-cachorro-sempre-lambe-as-patas\/#breadcrumb"},"inLanguage":"pt-BR","potentialAction":[{"@type":"ReadAction","target":["https:\/\/www.correiobraziliense.com.br\/cbradar\/o-que-significa-quando-seu-cachorro-sempre-lambe-as-patas\/"]}]},{"@type":"ImageObject","inLanguage":"pt-BR","@id":"https:\/\/www.correiobraziliense.com.br\/cbradar\/o-que-significa-quando-seu-cachorro-sempre-lambe-as-patas\/#primaryimage","url":"https:\/\/www.correiobraziliense.com.br\/cbradar\/wp-content\/uploads\/2025\/11\/Design-sem-nome-97.png","contentUrl":"https:\/\/www.correiobraziliense.com.br\/cbradar\/wp-content\/uploads\/2025\/11\/Design-sem-nome-97.png","width":1280,"height":720,"caption":"\u00c9 importante verificar se h\u00e1 vermelhid\u00e3o, incha\u00e7o ou feridas nas patas, pois lambidas excessivas agravam problemas."},{"@type":"BreadcrumbList","@id":"https:\/\/www.correiobraziliense.com.br\/cbradar\/o-que-significa-quando-seu-cachorro-sempre-lambe-as-patas\/#breadcrumb","itemListElement":[{"@type":"ListItem","position":1,"name":"In\u00edcio","item":"https:\/\/www.correiobraziliense.com.br\/cbradar\/"},{"@type":"ListItem","position":2,"name":"O que significa quando seu cachorro sempre lambe as patas?"}]},{"@type":"WebSite","@id":"https:\/\/www.correiobraziliense.com.br\/cbradar\/#website","url":"https:\/\/www.correiobraziliense.com.br\/cbradar\/","name":"Correio Braziliense - Radar","description":"Acompanhe as \u00faltimas not\u00edcias e fique bem informado sobre tudo o que acontece no Brasil e no mundo.","potentialAction":[{"@type":"SearchAction","target":{"@type":"EntryPoint","urlTemplate":"https:\/\/www.correiobraziliense.com.br\/cbradar\/?s={search_term_string}"},"query-input":{"@type":"PropertyValueSpecification","valueRequired":true,"valueName":"search_term_string"}}],"inLanguage":"pt-BR"},{"@type":"Person","@id":"https:\/\/www.correiobraziliense.com.br\/cbradar\/#\/schema\/person\/4053c651a9bfc785afc6f4cbc9032fd3","name":"Maura Pereira","image":{"@type":"ImageObject","inLanguage":"pt-BR","@id":"https:\/\/www.correiobraziliense.com.br\/cbradar\/#\/schema\/person\/image\/","url":"https:\/\/secure.gravatar.com\/avatar\/3effd6bdadfa447f15089c7f7144eaa6?s=96&d=mm&r=g","contentUrl":"https:\/\/secure.gravatar.com\/avatar\/3effd6bdadfa447f15089c7f7144eaa6?s=96&d=mm&r=g","caption":"Maura Pereira"},"sameAs":["https:\/\/www.correiobraziliense.com.br\/"],"url":"https:\/\/www.correiobraziliense.com.br\/cbradar\/author\/mauramyth\/"}]}},"_links":{"self":[{"href":"https:\/\/www.correiobraziliense.com.br\/cbradar\/wp-json\/wp\/v2\/posts\/143342","targetHints":{"allow":["GET"]}}],"collection":[{"href":"https:\/\/www.correiobraziliense.com.br\/cbradar\/wp-json\/wp\/v2\/posts"}],"about":[{"href":"https:\/\/www.correiobraziliense.com.br\/cbradar\/wp-json\/wp\/v2\/types\/post"}],"author":[{"embeddable":true,"href":"https:\/\/www.correiobraziliense.com.br\/cbradar\/wp-json\/wp\/v2\/users\/8"}],"replies":[{"embeddable":true,"href":"https:\/\/www.correiobraziliense.com.br\/cbradar\/wp-json\/wp\/v2\/comments?post=143342"}],"version-history":[{"count":9,"href":"https:\/\/www.correiobraziliense.com.br\/cbradar\/wp-json\/wp\/v2\/posts\/143342\/revisions"}],"predecessor-version":[{"id":143402,"href":"https:\/\/www.correiobraziliense.com.br\/cbradar\/wp-json\/wp\/v2\/posts\/143342\/revisions\/143402"}],"wp:featuredmedia":[{"embeddable":true,"href":"https:\/\/www.correiobraziliense.com.br\/cbradar\/wp-json\/wp\/v2\/media\/143400"}],"wp:attachment":[{"href":"https:\/\/www.correiobraziliense.com.br\/cbradar\/wp-json\/wp\/v2\/media?parent=143342"}],"wp:term":[{"taxonomy":"category","embeddable":true,"href":"https:\/\/www.correiobraziliense.com.br\/cbradar\/wp-json\/wp\/v2\/categories?post=143342"},{"taxonomy":"post_tag","embeddable":true,"href":"https:\/\/www.correiobraziliense.com.br\/cbradar\/wp-json\/wp\/v2\/post_tag?post=143342"}],"curies":[{"name":"wp","href":"https:\/\/api.w.org\/{rel}","templated":true}]}}