{"id":14343,"date":"2025-03-21T06:50:00","date_gmt":"2025-03-21T09:50:00","guid":{"rendered":"https:\/\/www.correiobraziliense.com.br\/cbradar\/?p=14343"},"modified":"2025-06-29T23:51:04","modified_gmt":"2025-06-30T02:51:04","slug":"a-serie-perfeita-para-os-fas-de-danca","status":"publish","type":"post","link":"https:\/\/www.correiobraziliense.com.br\/cbradar\/a-serie-perfeita-para-os-fas-de-danca\/","title":{"rendered":"A s\u00e9rie perfeita para os f\u00e3s de dan\u00e7a"},"content":{"rendered":"\n<p>A vida de um bailarino vai muito al\u00e9m do que vemos nos palcos. Por tr\u00e1s de cada apresenta\u00e7\u00e3o existe uma <a href=\"https:\/\/www.correiobraziliense.com.br\/cbradar\/conheca-estas-5-series-baseadas-em-historias-reais-da-netflix\/\" target=\"_blank\" rel=\"noreferrer noopener\">jornada <\/a>cheia de desafios, sonhos e supera\u00e7\u00e3o que poucos conhecem. A s\u00e9rie documental <strong>Tempo de Dan\u00e7a<\/strong> chegou para mostrar exatamente isso: como \u00e9 realmente viver da dan\u00e7a no Brasil. Com dez epis\u00f3dios que estrearam no <strong>Arte 1<\/strong> em mar\u00e7o de 2025, a produ\u00e7\u00e3o da <strong>Origina Conte\u00fado<\/strong> nos leva para dentro desse universo fascinante.<\/p>\n\n\n\n<p>O projeto nasceu da paix\u00e3o da jornalista <strong>Fl\u00e1via Fontes Oliveira<\/strong>, que assina o roteiro, e teve dire\u00e7\u00e3o de <strong>Danilo P. Marques<\/strong>. Durante as grava\u00e7\u00f5es em 2023, a equipe percorreu o pa\u00eds inteiro e conversou com cerca de 80 profissionais da dan\u00e7a. O resultado \u00e9 uma s\u00e9rie que mostra desde o nervosismo de uma audi\u00e7\u00e3o at\u00e9 o momento dif\u00edcil de deixar os palcos para tr\u00e1s.<\/p>\n\n\n\n<h2 class=\"wp-block-heading\">Como a s\u00e9rie revela o lado humano dos bailarinos?<\/h2>\n\n\n\n<p>Cada epis\u00f3dio de <strong>Tempo de Dan\u00e7a<\/strong> funciona como uma janela para aspectos espec\u00edficos da carreira art\u00edstica. No primeiro epis\u00f3dio, chamado &#8220;Estreia&#8221;, vemos os bastidores tensos de uma apresenta\u00e7\u00e3o, mostrando que at\u00e9 os profissionais mais experientes sentem friozinho na barriga. \u00c9 impressionante ver como luz, figurino, som e coreografia se juntam para criar aquela m\u00e1gica que vemos no teatro.<\/p>\n\n\n\n<p>O epis\u00f3dio &#8220;Audi\u00e7\u00f5es: (Re)come\u00e7os&#8221; acompanha as sele\u00e7\u00f5es de companhias como a <strong>S\u00e3o Paulo Companhia de Dan\u00e7a<\/strong> e o <strong>Bal\u00e9 Teatro Gua\u00edra<\/strong>. Aqui a tens\u00e3o \u00e9 quase palp\u00e1vel. Vemos candidatos que conseguem a vaga dos sonhos e outros que ficam de fora, mas n\u00e3o desistem. \u00c9 emocionante perceber como cada &#8220;n\u00e3o&#8221; pode ser apenas um &#8220;ainda n\u00e3o&#8221; na vida de quem tem paix\u00e3o pela dan\u00e7a.<\/p>\n\n\n\n<h2 class=\"wp-block-heading\">Por que essa s\u00e9rie \u00e9 diferente de outros document\u00e1rios sobre arte?<\/h2>\n\n\n\n<p>A grande sacada de <strong>Tempo de Dan\u00e7a<\/strong> est\u00e1 em mostrar a dan\u00e7a fora do eixo Rio-S\u00e3o Paulo. A s\u00e9rie viajou para cidades como <strong>Paracuru<\/strong>, no <strong>Cear\u00e1<\/strong>, e <strong>Paraopeba<\/strong>, em <strong>Minas Gerais<\/strong>, revelando como a arte floresce em lugares onde voc\u00ea nem imagina. \u00c9 incr\u00edvel descobrir que existe uma <strong>Paraopeba Cia de Dan\u00e7a<\/strong> fazendo um trabalho lindo no interior mineiro.<\/p>\n\n\n\n<p>O epis\u00f3dio &#8220;Al\u00e9m das Capitais&#8221; \u00e9 especialmente tocante porque mostra como a dan\u00e7a transforma vidas em cidades pequenas. Nesses lugares, um espet\u00e1culo n\u00e3o \u00e9 apenas entretenimento, \u00e9 um evento que mobiliza toda a comunidade. A s\u00e9rie prova que talento e paix\u00e3o n\u00e3o t\u00eam endere\u00e7o fixo e que a arte brasileira est\u00e1 espalhada por todo o pa\u00eds.<\/p>\n\n\n\n<h2 class=\"wp-block-heading\">Quais s\u00e3o os desafios reais enfrentados pelos profissionais?<\/h2>\n\n\n\n<p>O epis\u00f3dio &#8220;Amor e Dor&#8221; n\u00e3o poderia ter nome mais certeiro. Aqui a s\u00e9rie entra no lado mais dif\u00edcil da profiss\u00e3o: as les\u00f5es, o desgaste f\u00edsico e os problemas cr\u00f4nicos que muitos bailarinos enfrentam. Profissionais do <strong><a href=\"https:\/\/www.instagram.com\/baledacidadesp\/\" target=\"_blank\" rel=\"noreferrer noopener\">Bal\u00e9 da Cidade de S\u00e3o Paulo<\/a><\/strong> e da <strong>S\u00e3o Paulo Companhia de Dan\u00e7a<\/strong> abrem o cora\u00e7\u00e3o sobre as dores que carregam literalmente no corpo.<\/p>\n\n\n\n<p>\u00c9 tocante ver como esses artistas lidam com a realidade de que seus corpos s\u00e3o seus instrumentos de trabalho. Alguns conseguem se adaptar e continuar dan\u00e7ando, outros precisam encontrar novos caminhos dentro da dan\u00e7a. O mais bonito \u00e9 perceber que, mesmo com todas as dificuldades, o amor pela arte sempre fala mais alto.<\/p>\n\n\n\n<h2 class=\"wp-block-heading\">Como a dan\u00e7a constr\u00f3i identidades e transforma vidas?<\/h2>\n\n\n\n<iframe loading=\"lazy\" width=\"560\" height=\"315\" src=\"https:\/\/www.youtube.com\/embed\/7tLRXz9q_Zw?si=uONq6GFG6wmgwR-J\" title=\"YouTube video player\" frameborder=\"0\" allow=\"accelerometer; autoplay; clipboard-write; encrypted-media; gyroscope; picture-in-picture; web-share\" referrerpolicy=\"strict-origin-when-cross-origin\" allowfullscreen><\/iframe>\n\n\n\n<p>O que mais impressiona em <strong>Tempo de Dan\u00e7a<\/strong> \u00e9 ver como a arte vai al\u00e9m do palco. A s\u00e9rie mostra bailarinos que se tornaram professores, diretores art\u00edsticos, ensaiadores e core\u00f3grafos. <strong>Iracity Cardoso<\/strong>, <strong>Sayonara Pereira<\/strong> e <strong>Elias Bouza<\/strong> s\u00e3o exemplos de profissionais que reinventaram suas carreiras sem abandonar a paix\u00e3o que os trouxe at\u00e9 aqui.<\/p>\n\n\n\n<p>O \u00faltimo epis\u00f3dio, &#8220;Dan\u00e7ar, e Depois?&#8221;, \u00e9 especialmente emocionante porque trata das despedidas dos palcos. N\u00e3o \u00e9 um final triste, mas sim uma transforma\u00e7\u00e3o. Muitos descobrem que podem continuar contribuindo para a dan\u00e7a de outras formas, seja ensinando, dirigindo ou criando. \u00c9 uma li\u00e7\u00e3o linda sobre como a arte nunca realmente nos abandona, apenas encontra novas formas de se expressar atrav\u00e9s de n\u00f3s.<\/p>\n\n\n\n<h2 class=\"wp-block-heading\">Por que essa s\u00e9rie \u00e9 importante para entender a cultura brasileira?<\/h2>\n\n\n\n<p><strong>Tempo de Dan\u00e7a<\/strong> chega em um momento perfeito para celebrar a diversidade art\u00edstica do nosso pa\u00eds. A s\u00e9rie foi viabilizada com recursos do <strong>Fundo Setorial do Audiovisual<\/strong>, da <strong>ANCINE<\/strong> e do <strong>BRDE<\/strong>, mostrando que investir em cultura \u00e9 investir na nossa identidade. Cada hist\u00f3ria contada representa milhares de outros artistas espalhados pelo Brasil.<\/p>\n\n\n\n<p>A s\u00e9rie n\u00e3o \u00e9 apenas para quem j\u00e1 ama dan\u00e7a. \u00c9 para qualquer pessoa que se interessa por hist\u00f3rias humanas verdadeiras, por supera\u00e7\u00e3o e por arte. <strong>Tempo de Dan\u00e7a<\/strong> consegue emocionar e educar ao mesmo tempo, mostrando que por tr\u00e1s de cada movimento existe uma pessoa com sonhos, medos e uma paix\u00e3o gigante pela arte. \u00c9 assim que se constr\u00f3i um pa\u00eds mais sens\u00edvel e conectado com sua pr\u00f3pria cultura.<\/p>\n","protected":false},"excerpt":{"rendered":"<p>Tempo de Dan\u00e7a \u00e9 uma s\u00e9rie documental que explora a import\u00e2ncia da dan\u00e7a na cultura brasileira e a carreira de bailarinos.<\/p>\n","protected":false},"author":3,"featured_media":14358,"comment_status":"open","ping_status":"open","sticky":false,"template":"","format":"standard","meta":{"_yoast_wpseo_focuskw":"s\u00e9rie dan\u00e7a","_yoast_wpseo_title":"%%title%%","_yoast_wpseo_metadesc":"Tempo de Dan\u00e7a \u00e9 uma s\u00e9rie documental que explora a import\u00e2ncia da dan\u00e7a na cultura brasileira e a carreira de bailarinos.","jnews-multi-image_gallery":[],"jnews_single_post":{"format":"standard"},"jnews_primary_category":[],"jnews_social_meta":[],"jnews_override_counter":[],"footnotes":""},"categories":[140],"post_tag":[2233,568],"class_list":["post-14343","post","type-post","status-publish","format-standard","has-post-thumbnail","hentry","category-entretenimento","tag-danca","tag-series-e-filmes"],"yoast_head":"<!-- This site is optimized with the Yoast SEO plugin v24.6 - https:\/\/yoast.com\/wordpress\/plugins\/seo\/ -->\n<title>A s\u00e9rie perfeita para os f\u00e3s de dan\u00e7a<\/title>\n<meta name=\"description\" content=\"Tempo de Dan\u00e7a \u00e9 uma s\u00e9rie documental que explora a import\u00e2ncia da dan\u00e7a na cultura brasileira e a carreira de bailarinos.\" \/>\n<meta name=\"robots\" content=\"index, follow, max-snippet:-1, max-image-preview:large, max-video-preview:-1\" \/>\n<link rel=\"canonical\" href=\"https:\/\/www.correiobraziliense.com.br\/cbradar\/a-serie-perfeita-para-os-fas-de-danca\/\" \/>\n<meta property=\"og:locale\" content=\"pt_BR\" \/>\n<meta property=\"og:type\" content=\"article\" \/>\n<meta property=\"og:title\" content=\"A s\u00e9rie perfeita para os f\u00e3s de dan\u00e7a\" \/>\n<meta property=\"og:description\" content=\"Tempo de Dan\u00e7a \u00e9 uma s\u00e9rie documental que explora a import\u00e2ncia da dan\u00e7a na cultura brasileira e a carreira de bailarinos.\" \/>\n<meta property=\"og:url\" content=\"https:\/\/www.correiobraziliense.com.br\/cbradar\/a-serie-perfeita-para-os-fas-de-danca\/\" \/>\n<meta property=\"og:site_name\" content=\"Correio Braziliense - Radar\" \/>\n<meta property=\"article:published_time\" content=\"2025-03-21T09:50:00+00:00\" \/>\n<meta property=\"article:modified_time\" content=\"2025-06-30T02:51:04+00:00\" \/>\n<meta property=\"og:image\" content=\"https:\/\/www.correiobraziliense.com.br\/cbradar\/wp-content\/uploads\/2025\/03\/danca_1742490580842.jpg\" \/>\n\t<meta property=\"og:image:width\" content=\"1280\" \/>\n\t<meta property=\"og:image:height\" content=\"720\" \/>\n\t<meta property=\"og:image:type\" content=\"image\/jpeg\" \/>\n<meta name=\"author\" content=\"Larissa Carvalho\" \/>\n<meta name=\"twitter:card\" content=\"summary_large_image\" \/>\n<meta name=\"twitter:label1\" content=\"Escrito por\" \/>\n\t<meta name=\"twitter:data1\" content=\"Larissa Carvalho\" \/>\n\t<meta name=\"twitter:label2\" content=\"Est. tempo de leitura\" \/>\n\t<meta name=\"twitter:data2\" content=\"5 minutos\" \/>\n<!-- \/ Yoast SEO plugin. -->","yoast_head_json":{"title":"A s\u00e9rie perfeita para os f\u00e3s de dan\u00e7a","description":"Tempo de Dan\u00e7a \u00e9 uma s\u00e9rie documental que explora a import\u00e2ncia da dan\u00e7a na cultura brasileira e a carreira de bailarinos.","robots":{"index":"index","follow":"follow","max-snippet":"max-snippet:-1","max-image-preview":"max-image-preview:large","max-video-preview":"max-video-preview:-1"},"canonical":"https:\/\/www.correiobraziliense.com.br\/cbradar\/a-serie-perfeita-para-os-fas-de-danca\/","og_locale":"pt_BR","og_type":"article","og_title":"A s\u00e9rie perfeita para os f\u00e3s de dan\u00e7a","og_description":"Tempo de Dan\u00e7a \u00e9 uma s\u00e9rie documental que explora a import\u00e2ncia da dan\u00e7a na cultura brasileira e a carreira de bailarinos.","og_url":"https:\/\/www.correiobraziliense.com.br\/cbradar\/a-serie-perfeita-para-os-fas-de-danca\/","og_site_name":"Correio Braziliense - Radar","article_published_time":"2025-03-21T09:50:00+00:00","article_modified_time":"2025-06-30T02:51:04+00:00","og_image":[{"width":1280,"height":720,"url":"https:\/\/www.correiobraziliense.com.br\/cbradar\/wp-content\/uploads\/2025\/03\/danca_1742490580842.jpg","type":"image\/jpeg"}],"author":"Larissa Carvalho","twitter_card":"summary_large_image","twitter_misc":{"Escrito por":"Larissa Carvalho","Est. tempo de leitura":"5 minutos"},"schema":{"@context":"https:\/\/schema.org","@graph":[{"@type":"WebPage","@id":"https:\/\/www.correiobraziliense.com.br\/cbradar\/a-serie-perfeita-para-os-fas-de-danca\/","url":"https:\/\/www.correiobraziliense.com.br\/cbradar\/a-serie-perfeita-para-os-fas-de-danca\/","name":"A s\u00e9rie perfeita para os f\u00e3s de dan\u00e7a","isPartOf":{"@id":"https:\/\/www.correiobraziliense.com.br\/cbradar\/#website"},"primaryImageOfPage":{"@id":"https:\/\/www.correiobraziliense.com.br\/cbradar\/a-serie-perfeita-para-os-fas-de-danca\/#primaryimage"},"image":{"@id":"https:\/\/www.correiobraziliense.com.br\/cbradar\/a-serie-perfeita-para-os-fas-de-danca\/#primaryimage"},"thumbnailUrl":"https:\/\/www.correiobraziliense.com.br\/cbradar\/wp-content\/uploads\/2025\/03\/danca_1742490580842.jpg","datePublished":"2025-03-21T09:50:00+00:00","dateModified":"2025-06-30T02:51:04+00:00","author":{"@id":"https:\/\/www.correiobraziliense.com.br\/cbradar\/#\/schema\/person\/58422787644df994b53a19d3e56c1513"},"description":"Tempo de Dan\u00e7a \u00e9 uma s\u00e9rie documental que explora a import\u00e2ncia da dan\u00e7a na cultura brasileira e a carreira de bailarinos.","breadcrumb":{"@id":"https:\/\/www.correiobraziliense.com.br\/cbradar\/a-serie-perfeita-para-os-fas-de-danca\/#breadcrumb"},"inLanguage":"pt-BR","potentialAction":[{"@type":"ReadAction","target":["https:\/\/www.correiobraziliense.com.br\/cbradar\/a-serie-perfeita-para-os-fas-de-danca\/"]}]},{"@type":"ImageObject","inLanguage":"pt-BR","@id":"https:\/\/www.correiobraziliense.com.br\/cbradar\/a-serie-perfeita-para-os-fas-de-danca\/#primaryimage","url":"https:\/\/www.correiobraziliense.com.br\/cbradar\/wp-content\/uploads\/2025\/03\/danca_1742490580842.jpg","contentUrl":"https:\/\/www.correiobraziliense.com.br\/cbradar\/wp-content\/uploads\/2025\/03\/danca_1742490580842.jpg","width":1280,"height":720,"caption":"Dan\u00e7a. A s\u00e9rie perfeita para os f\u00e3s de dan\u00e7a"},{"@type":"BreadcrumbList","@id":"https:\/\/www.correiobraziliense.com.br\/cbradar\/a-serie-perfeita-para-os-fas-de-danca\/#breadcrumb","itemListElement":[{"@type":"ListItem","position":1,"name":"In\u00edcio","item":"https:\/\/www.correiobraziliense.com.br\/cbradar\/"},{"@type":"ListItem","position":2,"name":"A s\u00e9rie perfeita para os f\u00e3s de dan\u00e7a"}]},{"@type":"WebSite","@id":"https:\/\/www.correiobraziliense.com.br\/cbradar\/#website","url":"https:\/\/www.correiobraziliense.com.br\/cbradar\/","name":"Correio Braziliense - Radar","description":"Acompanhe as \u00faltimas not\u00edcias e fique bem informado sobre tudo o que acontece no Brasil e no mundo.","potentialAction":[{"@type":"SearchAction","target":{"@type":"EntryPoint","urlTemplate":"https:\/\/www.correiobraziliense.com.br\/cbradar\/?s={search_term_string}"},"query-input":{"@type":"PropertyValueSpecification","valueRequired":true,"valueName":"search_term_string"}}],"inLanguage":"pt-BR"},{"@type":"Person","@id":"https:\/\/www.correiobraziliense.com.br\/cbradar\/#\/schema\/person\/58422787644df994b53a19d3e56c1513","name":"Larissa Carvalho","image":{"@type":"ImageObject","inLanguage":"pt-BR","@id":"https:\/\/www.correiobraziliense.com.br\/cbradar\/#\/schema\/person\/image\/","url":"https:\/\/secure.gravatar.com\/avatar\/fe4f91a0de32b52a838d0d612abdc1aa?s=96&d=mm&r=g","contentUrl":"https:\/\/secure.gravatar.com\/avatar\/fe4f91a0de32b52a838d0d612abdc1aa?s=96&d=mm&r=g","caption":"Larissa Carvalho"},"url":"https:\/\/www.correiobraziliense.com.br\/cbradar\/author\/larissamyth\/"}]}},"_links":{"self":[{"href":"https:\/\/www.correiobraziliense.com.br\/cbradar\/wp-json\/wp\/v2\/posts\/14343","targetHints":{"allow":["GET"]}}],"collection":[{"href":"https:\/\/www.correiobraziliense.com.br\/cbradar\/wp-json\/wp\/v2\/posts"}],"about":[{"href":"https:\/\/www.correiobraziliense.com.br\/cbradar\/wp-json\/wp\/v2\/types\/post"}],"author":[{"embeddable":true,"href":"https:\/\/www.correiobraziliense.com.br\/cbradar\/wp-json\/wp\/v2\/users\/3"}],"replies":[{"embeddable":true,"href":"https:\/\/www.correiobraziliense.com.br\/cbradar\/wp-json\/wp\/v2\/comments?post=14343"}],"version-history":[{"count":2,"href":"https:\/\/www.correiobraziliense.com.br\/cbradar\/wp-json\/wp\/v2\/posts\/14343\/revisions"}],"predecessor-version":[{"id":61616,"href":"https:\/\/www.correiobraziliense.com.br\/cbradar\/wp-json\/wp\/v2\/posts\/14343\/revisions\/61616"}],"wp:featuredmedia":[{"embeddable":true,"href":"https:\/\/www.correiobraziliense.com.br\/cbradar\/wp-json\/wp\/v2\/media\/14358"}],"wp:attachment":[{"href":"https:\/\/www.correiobraziliense.com.br\/cbradar\/wp-json\/wp\/v2\/media?parent=14343"}],"wp:term":[{"taxonomy":"category","embeddable":true,"href":"https:\/\/www.correiobraziliense.com.br\/cbradar\/wp-json\/wp\/v2\/categories?post=14343"},{"taxonomy":"post_tag","embeddable":true,"href":"https:\/\/www.correiobraziliense.com.br\/cbradar\/wp-json\/wp\/v2\/post_tag?post=14343"}],"curies":[{"name":"wp","href":"https:\/\/api.w.org\/{rel}","templated":true}]}}