{"id":14362,"date":"2025-03-21T07:50:00","date_gmt":"2025-03-21T10:50:00","guid":{"rendered":"https:\/\/www.correiobraziliense.com.br\/cbradar\/?p=14362"},"modified":"2025-03-20T19:24:42","modified_gmt":"2025-03-20T22:24:42","slug":"confira-os-detalhes-do-huawei-pura-80-pro-nova-aposta-no-mercado","status":"publish","type":"post","link":"https:\/\/www.correiobraziliense.com.br\/cbradar\/confira-os-detalhes-do-huawei-pura-80-pro-nova-aposta-no-mercado\/","title":{"rendered":"Confira os detalhes do Huawei Pura 80 Pro, nova aposta no mercado"},"content":{"rendered":"\n<p>Com o lan\u00e7amento previsto para o primeiro semestre de 2025, o <strong>Huawei Pura 80 Pro<\/strong> promete ser um dos smartphones mais aguardados do ano. As especifica\u00e7\u00f5es vazadas pelo <strong>Digital Chat Station<\/strong> indicam que este dispositivo ser\u00e1 equipado com tecnologia de ponta, destacando-se principalmente pela sua tela e conjunto fotogr\u00e1fico. A expectativa \u00e9 que o smartphone ofere\u00e7a uma experi\u00eancia de uso aprimorada, tanto em termos de desempenho quanto de qualidade de imagem.<\/p>\n\n\n\n<p>O Huawei Pura 80 Pro dever\u00e1 contar com uma tela<strong> OLED LTPO<\/strong> plana de 6,78 polegadas, oferecendo resolu\u00e7\u00e3o de 1,5K e uma taxa de atualiza\u00e7\u00e3o que pode chegar a 120 Hz. Este tipo de tela \u00e9 conhecido por proporcionar cores vibrantes e um consumo de energia mais eficiente, caracter\u00edsticas que s\u00e3o muito valorizadas pelos usu\u00e1rios que buscam uma experi\u00eancia visual de alta qualidade.<\/p>\n\n\n\n<h2 class=\"wp-block-heading\">Quais s\u00e3o as inova\u00e7\u00f5es no conjunto fotogr\u00e1fico do Huawei Pura 80 Pro?<\/h2>\n\n\n\n<p>O conjunto fotogr\u00e1fico do Huawei Pura 80 Pro \u00e9 um dos aspectos mais comentados do dispositivo. Equipado com um sensor principal de 50 MP (Sony IMX989), o smartphone promete capturar imagens com alta defini\u00e7\u00e3o e detalhes impressionantes. A abertura vari\u00e1vel do sensor principal facilita a captura de fotos em diferentes condi\u00e7\u00f5es de ilumina\u00e7\u00e3o, garantindo imagens n\u00edtidas e bem equilibradas.<\/p>\n\n\n\n<p>Al\u00e9m do sensor principal, o Huawei Pura 80 Pro contar\u00e1 com uma c\u00e2mera ultrawide de 50 MP e uma lente telefoto tamb\u00e9m de 50 MP, capaz de capturar fotos macro. As lentes utilizar\u00e3o a solu\u00e7\u00e3o RYYB personalizada, que \u00e9 projetada para melhorar a qualidade das fotos em ambientes com pouca luz, um diferencial importante para os entusiastas da fotografia.<\/p>\n\n\n\n<figure class=\"wp-block-image size-large\"><img decoding=\"async\" width=\"1024\" height=\"576\" src=\"https:\/\/www.correiobraziliense.com.br\/cbradar\/wp-content\/uploads\/2025\/03\/Huawei-Pura-80-Pro-1024x576.png\" alt=\"Confira os detalhes do Huawei Pura 80 Pro, nova aposta no mercado\" class=\"wp-image-14366\" srcset=\"https:\/\/www.correiobraziliense.com.br\/cbradar\/wp-content\/uploads\/2025\/03\/Huawei-Pura-80-Pro-1024x576.png 1024w, https:\/\/www.correiobraziliense.com.br\/cbradar\/wp-content\/uploads\/2025\/03\/Huawei-Pura-80-Pro-300x169.png 300w, https:\/\/www.correiobraziliense.com.br\/cbradar\/wp-content\/uploads\/2025\/03\/Huawei-Pura-80-Pro-768x432.png 768w, https:\/\/www.correiobraziliense.com.br\/cbradar\/wp-content\/uploads\/2025\/03\/Huawei-Pura-80-Pro-750x422.png 750w, https:\/\/www.correiobraziliense.com.br\/cbradar\/wp-content\/uploads\/2025\/03\/Huawei-Pura-80-Pro-1140x641.png 1140w, https:\/\/www.correiobraziliense.com.br\/cbradar\/wp-content\/uploads\/2025\/03\/Huawei-Pura-80-Pro.png 1280w\" sizes=\"(max-width: 1024px) 100vw, 1024px\" \/><figcaption class=\"wp-element-caption\">Huawei Pura 80 Pro. Fonte: divulga\u00e7\u00e3o \/ Huawei<\/figcaption><\/figure>\n\n\n\n<h2 class=\"wp-block-heading\">Qual \u00e9 o sistema operacional do Huawei Pura 80 Pro?<\/h2>\n\n\n\n<p>O Huawei Pura 80 Pro ser\u00e1 equipado com a plataforma propriet\u00e1ria Huawei Kirin e ter\u00e1 o HarmonyOS Next como sistema operacional nativo. Esta escolha reflete a estrat\u00e9gia da Huawei de se afastar do Android, oferecendo uma solu\u00e7\u00e3o independente que promete ser mais integrada e otimizada para os dispositivos da marca. O HarmonyOS Next \u00e9 esperado para trazer melhorias em termos de usabilidade e seguran\u00e7a, al\u00e9m de oferecer uma experi\u00eancia de usu\u00e1rio mais fluida.<\/p>\n\n\n\n<h2 class=\"wp-block-heading\">Quando o Huawei Pura 80 Pro estar\u00e1 dispon\u00edvel?<\/h2>\n\n\n\n<p>A Huawei ainda n\u00e3o divulgou uma data exata para o lan\u00e7amento do Pura 80 Pro, mas especula-se que novidades possam ser reveladas em eventos pr\u00f3ximos. A expectativa \u00e9 alta, e muitos consumidores aguardam ansiosamente por mais informa\u00e7\u00f5es sobre a disponibilidade do dispositivo, especialmente no mercado brasileiro.<\/p>\n\n\n\n<p>O Huawei Pura 80 Pro representa um passo significativo para a Huawei no mercado de smartphones, combinando inova\u00e7\u00e3o tecnol\u00f3gica com um design elegante. Com especifica\u00e7\u00f5es impressionantes e um sistema operacional pr\u00f3prio, o dispositivo tem o potencial de se destacar entre os concorrentes e atrair uma base de usu\u00e1rios leais.<\/p>\n","protected":false},"excerpt":{"rendered":"<p>Huawei Pura 80 Pro: Descubra as expectativas para o lan\u00e7amento da Huawei em 2025. Tela de alta resolu\u00e7\u00e3o, conjunto fotogr\u00e1fico avan\u00e7ado.<\/p>\n","protected":false},"author":3,"featured_media":14364,"comment_status":"open","ping_status":"open","sticky":false,"template":"","format":"standard","meta":{"_yoast_wpseo_focuskw":"Huawei","_yoast_wpseo_title":"%%title%%","_yoast_wpseo_metadesc":"Huawei Pura 80 Pro: Descubra as expectativas para o lan\u00e7amento da Huawei em 2025. Tela de alta resolu\u00e7\u00e3o, conjunto fotogr\u00e1fico avan\u00e7ado.","jnews-multi-image_gallery":[],"jnews_single_post":{"format":"standard"},"jnews_primary_category":[],"jnews_social_meta":[],"jnews_override_counter":[],"footnotes":""},"categories":[115],"post_tag":[2094],"class_list":["post-14362","post","type-post","status-publish","format-standard","has-post-thumbnail","hentry","category-tecnologia","tag-huawei"],"yoast_head":"<!-- This site is optimized with the Yoast SEO plugin v24.6 - https:\/\/yoast.com\/wordpress\/plugins\/seo\/ -->\n<title>Confira os detalhes do Huawei Pura 80 Pro, nova aposta no mercado<\/title>\n<meta name=\"description\" content=\"Huawei Pura 80 Pro: Descubra as expectativas para o lan\u00e7amento da Huawei em 2025. Tela de alta resolu\u00e7\u00e3o, conjunto fotogr\u00e1fico avan\u00e7ado.\" \/>\n<meta name=\"robots\" content=\"index, follow, max-snippet:-1, max-image-preview:large, max-video-preview:-1\" \/>\n<link rel=\"canonical\" href=\"https:\/\/www.correiobraziliense.com.br\/cbradar\/confira-os-detalhes-do-huawei-pura-80-pro-nova-aposta-no-mercado\/\" \/>\n<meta property=\"og:locale\" content=\"pt_BR\" \/>\n<meta property=\"og:type\" content=\"article\" \/>\n<meta property=\"og:title\" content=\"Confira os detalhes do Huawei Pura 80 Pro, nova aposta no mercado\" \/>\n<meta property=\"og:description\" content=\"Huawei Pura 80 Pro: Descubra as expectativas para o lan\u00e7amento da Huawei em 2025. Tela de alta resolu\u00e7\u00e3o, conjunto fotogr\u00e1fico avan\u00e7ado.\" \/>\n<meta property=\"og:url\" content=\"https:\/\/www.correiobraziliense.com.br\/cbradar\/confira-os-detalhes-do-huawei-pura-80-pro-nova-aposta-no-mercado\/\" \/>\n<meta property=\"og:site_name\" content=\"Correio Braziliense - Radar\" \/>\n<meta property=\"article:published_time\" content=\"2025-03-21T10:50:00+00:00\" \/>\n<meta property=\"og:image\" content=\"https:\/\/www.correiobraziliense.com.br\/cbradar\/wp-content\/uploads\/2025\/03\/Huawei_1742490754288.jpg\" \/>\n\t<meta property=\"og:image:width\" content=\"1280\" \/>\n\t<meta property=\"og:image:height\" content=\"720\" \/>\n\t<meta property=\"og:image:type\" content=\"image\/jpeg\" \/>\n<meta name=\"author\" content=\"Larissa Carvalho\" \/>\n<meta name=\"twitter:card\" content=\"summary_large_image\" \/>\n<meta name=\"twitter:label1\" content=\"Escrito por\" \/>\n\t<meta name=\"twitter:data1\" content=\"Larissa Carvalho\" \/>\n\t<meta name=\"twitter:label2\" content=\"Est. tempo de leitura\" \/>\n\t<meta name=\"twitter:data2\" content=\"3 minutos\" \/>\n<!-- \/ Yoast SEO plugin. -->","yoast_head_json":{"title":"Confira os detalhes do Huawei Pura 80 Pro, nova aposta no mercado","description":"Huawei Pura 80 Pro: Descubra as expectativas para o lan\u00e7amento da Huawei em 2025. Tela de alta resolu\u00e7\u00e3o, conjunto fotogr\u00e1fico avan\u00e7ado.","robots":{"index":"index","follow":"follow","max-snippet":"max-snippet:-1","max-image-preview":"max-image-preview:large","max-video-preview":"max-video-preview:-1"},"canonical":"https:\/\/www.correiobraziliense.com.br\/cbradar\/confira-os-detalhes-do-huawei-pura-80-pro-nova-aposta-no-mercado\/","og_locale":"pt_BR","og_type":"article","og_title":"Confira os detalhes do Huawei Pura 80 Pro, nova aposta no mercado","og_description":"Huawei Pura 80 Pro: Descubra as expectativas para o lan\u00e7amento da Huawei em 2025. Tela de alta resolu\u00e7\u00e3o, conjunto fotogr\u00e1fico avan\u00e7ado.","og_url":"https:\/\/www.correiobraziliense.com.br\/cbradar\/confira-os-detalhes-do-huawei-pura-80-pro-nova-aposta-no-mercado\/","og_site_name":"Correio Braziliense - Radar","article_published_time":"2025-03-21T10:50:00+00:00","og_image":[{"width":1280,"height":720,"url":"https:\/\/www.correiobraziliense.com.br\/cbradar\/wp-content\/uploads\/2025\/03\/Huawei_1742490754288.jpg","type":"image\/jpeg"}],"author":"Larissa Carvalho","twitter_card":"summary_large_image","twitter_misc":{"Escrito por":"Larissa Carvalho","Est. tempo de leitura":"3 minutos"},"schema":{"@context":"https:\/\/schema.org","@graph":[{"@type":"WebPage","@id":"https:\/\/www.correiobraziliense.com.br\/cbradar\/confira-os-detalhes-do-huawei-pura-80-pro-nova-aposta-no-mercado\/","url":"https:\/\/www.correiobraziliense.com.br\/cbradar\/confira-os-detalhes-do-huawei-pura-80-pro-nova-aposta-no-mercado\/","name":"Confira os detalhes do Huawei Pura 80 Pro, nova aposta no mercado","isPartOf":{"@id":"https:\/\/www.correiobraziliense.com.br\/cbradar\/#website"},"primaryImageOfPage":{"@id":"https:\/\/www.correiobraziliense.com.br\/cbradar\/confira-os-detalhes-do-huawei-pura-80-pro-nova-aposta-no-mercado\/#primaryimage"},"image":{"@id":"https:\/\/www.correiobraziliense.com.br\/cbradar\/confira-os-detalhes-do-huawei-pura-80-pro-nova-aposta-no-mercado\/#primaryimage"},"thumbnailUrl":"https:\/\/www.correiobraziliense.com.br\/cbradar\/wp-content\/uploads\/2025\/03\/Huawei_1742490754288.jpg","datePublished":"2025-03-21T10:50:00+00:00","author":{"@id":"https:\/\/www.correiobraziliense.com.br\/cbradar\/#\/schema\/person\/58422787644df994b53a19d3e56c1513"},"description":"Huawei Pura 80 Pro: Descubra as expectativas para o lan\u00e7amento da Huawei em 2025. Tela de alta resolu\u00e7\u00e3o, conjunto fotogr\u00e1fico avan\u00e7ado.","breadcrumb":{"@id":"https:\/\/www.correiobraziliense.com.br\/cbradar\/confira-os-detalhes-do-huawei-pura-80-pro-nova-aposta-no-mercado\/#breadcrumb"},"inLanguage":"pt-BR","potentialAction":[{"@type":"ReadAction","target":["https:\/\/www.correiobraziliense.com.br\/cbradar\/confira-os-detalhes-do-huawei-pura-80-pro-nova-aposta-no-mercado\/"]}]},{"@type":"ImageObject","inLanguage":"pt-BR","@id":"https:\/\/www.correiobraziliense.com.br\/cbradar\/confira-os-detalhes-do-huawei-pura-80-pro-nova-aposta-no-mercado\/#primaryimage","url":"https:\/\/www.correiobraziliense.com.br\/cbradar\/wp-content\/uploads\/2025\/03\/Huawei_1742490754288.jpg","contentUrl":"https:\/\/www.correiobraziliense.com.br\/cbradar\/wp-content\/uploads\/2025\/03\/Huawei_1742490754288.jpg","width":1280,"height":720,"caption":"Huawei. Cr\u00e9ditos: depositphotos.com \/ aufort"},{"@type":"BreadcrumbList","@id":"https:\/\/www.correiobraziliense.com.br\/cbradar\/confira-os-detalhes-do-huawei-pura-80-pro-nova-aposta-no-mercado\/#breadcrumb","itemListElement":[{"@type":"ListItem","position":1,"name":"In\u00edcio","item":"https:\/\/www.correiobraziliense.com.br\/cbradar\/"},{"@type":"ListItem","position":2,"name":"Confira os detalhes do Huawei Pura 80 Pro, nova aposta no mercado"}]},{"@type":"WebSite","@id":"https:\/\/www.correiobraziliense.com.br\/cbradar\/#website","url":"https:\/\/www.correiobraziliense.com.br\/cbradar\/","name":"Correio Braziliense - Radar","description":"Acompanhe as \u00faltimas not\u00edcias e fique bem informado sobre tudo o que acontece no Brasil e no mundo.","potentialAction":[{"@type":"SearchAction","target":{"@type":"EntryPoint","urlTemplate":"https:\/\/www.correiobraziliense.com.br\/cbradar\/?s={search_term_string}"},"query-input":{"@type":"PropertyValueSpecification","valueRequired":true,"valueName":"search_term_string"}}],"inLanguage":"pt-BR"},{"@type":"Person","@id":"https:\/\/www.correiobraziliense.com.br\/cbradar\/#\/schema\/person\/58422787644df994b53a19d3e56c1513","name":"Larissa Carvalho","image":{"@type":"ImageObject","inLanguage":"pt-BR","@id":"https:\/\/www.correiobraziliense.com.br\/cbradar\/#\/schema\/person\/image\/","url":"https:\/\/secure.gravatar.com\/avatar\/fe4f91a0de32b52a838d0d612abdc1aa?s=96&d=mm&r=g","contentUrl":"https:\/\/secure.gravatar.com\/avatar\/fe4f91a0de32b52a838d0d612abdc1aa?s=96&d=mm&r=g","caption":"Larissa Carvalho"},"url":"https:\/\/www.correiobraziliense.com.br\/cbradar\/author\/larissamyth\/"}]}},"_links":{"self":[{"href":"https:\/\/www.correiobraziliense.com.br\/cbradar\/wp-json\/wp\/v2\/posts\/14362","targetHints":{"allow":["GET"]}}],"collection":[{"href":"https:\/\/www.correiobraziliense.com.br\/cbradar\/wp-json\/wp\/v2\/posts"}],"about":[{"href":"https:\/\/www.correiobraziliense.com.br\/cbradar\/wp-json\/wp\/v2\/types\/post"}],"author":[{"embeddable":true,"href":"https:\/\/www.correiobraziliense.com.br\/cbradar\/wp-json\/wp\/v2\/users\/3"}],"replies":[{"embeddable":true,"href":"https:\/\/www.correiobraziliense.com.br\/cbradar\/wp-json\/wp\/v2\/comments?post=14362"}],"version-history":[{"count":1,"href":"https:\/\/www.correiobraziliense.com.br\/cbradar\/wp-json\/wp\/v2\/posts\/14362\/revisions"}],"predecessor-version":[{"id":14367,"href":"https:\/\/www.correiobraziliense.com.br\/cbradar\/wp-json\/wp\/v2\/posts\/14362\/revisions\/14367"}],"wp:featuredmedia":[{"embeddable":true,"href":"https:\/\/www.correiobraziliense.com.br\/cbradar\/wp-json\/wp\/v2\/media\/14364"}],"wp:attachment":[{"href":"https:\/\/www.correiobraziliense.com.br\/cbradar\/wp-json\/wp\/v2\/media?parent=14362"}],"wp:term":[{"taxonomy":"category","embeddable":true,"href":"https:\/\/www.correiobraziliense.com.br\/cbradar\/wp-json\/wp\/v2\/categories?post=14362"},{"taxonomy":"post_tag","embeddable":true,"href":"https:\/\/www.correiobraziliense.com.br\/cbradar\/wp-json\/wp\/v2\/post_tag?post=14362"}],"curies":[{"name":"wp","href":"https:\/\/api.w.org\/{rel}","templated":true}]}}