{"id":143632,"date":"2025-11-24T08:15:00","date_gmt":"2025-11-24T11:15:00","guid":{"rendered":"https:\/\/www.correiobraziliense.com.br\/cbradar\/?p=143632"},"modified":"2025-11-23T11:10:45","modified_gmt":"2025-11-23T14:10:45","slug":"o-que-significa-quando-a-pessoa-sempre-tem-os-pes-e-as-maos-geladas","status":"publish","type":"post","link":"https:\/\/www.correiobraziliense.com.br\/cbradar\/o-que-significa-quando-a-pessoa-sempre-tem-os-pes-e-as-maos-geladas\/","title":{"rendered":"O que significa quando a pessoa sempre tem os p\u00e9s e as m\u00e3os geladas?"},"content":{"rendered":"\n<p><strong>Ter p\u00e9s e m\u00e3os geladas \u00e9 uma queixa muito comum e, geralmente, n\u00e3o representa um problema grave. <\/strong>No entanto, quando essa condi\u00e7\u00e3o \u00e9 frequente e constante, pode indicar caracter\u00edsticas do organismo, respostas naturais do corpo ou at\u00e9 alguns desequil\u00edbrios circulat\u00f3rios e hormonais. Entender o que est\u00e1 por tr\u00e1s dessa sensa\u00e7\u00e3o ajuda a identificar quando \u00e9 normal e quando merece aten\u00e7\u00e3o.<\/p>\n\n\n\n<h2 class=\"wp-block-heading\">Como o corpo controla a temperatura das extremidades?<\/h2>\n\n\n\n<p><strong>O organismo prioriza a temperatura dos \u00f3rg\u00e3os vitais (cora\u00e7\u00e3o, c\u00e9rebro, pulm\u00f5es)<\/strong>. Em ambientes frios ou em situa\u00e7\u00f5es de estresse, o corpo reduz a circula\u00e7\u00e3o das extremidades para preservar calor interno. Isso acontece porque os vasos sangu\u00edneos das m\u00e3os e p\u00e9s se contraem, diminuindo o fluxo de sangue e causando a sensa\u00e7\u00e3o de frio.<\/p>\n\n\n\n<p>Essa \u00e9 uma resposta natural do sistema nervoso aut\u00f4nomo e varia bastante entre pessoas. Para algumas, essa vasoconstri\u00e7\u00e3o acontece com mais facilidade, resultando em extremidades constantemente geladas.<\/p>\n\n\n<div class=\"wp-block-image\">\n<figure class=\"aligncenter size-large\"><img decoding=\"async\" width=\"1024\" height=\"576\" src=\"https:\/\/www.correiobraziliense.com.br\/cbradar\/wp-content\/uploads\/2025\/08\/pes-maos-gelados_1754257202860-1024x576.jpg\" alt=\"O que significa sentir os p\u00e9s e as m\u00e3os sempre gelados?\" class=\"wp-image-80385\" srcset=\"https:\/\/www.correiobraziliense.com.br\/cbradar\/wp-content\/uploads\/2025\/08\/pes-maos-gelados_1754257202860-1024x576.jpg 1024w, https:\/\/www.correiobraziliense.com.br\/cbradar\/wp-content\/uploads\/2025\/08\/pes-maos-gelados_1754257202860-300x169.jpg 300w, https:\/\/www.correiobraziliense.com.br\/cbradar\/wp-content\/uploads\/2025\/08\/pes-maos-gelados_1754257202860-768x432.jpg 768w, https:\/\/www.correiobraziliense.com.br\/cbradar\/wp-content\/uploads\/2025\/08\/pes-maos-gelados_1754257202860-750x422.jpg 750w, https:\/\/www.correiobraziliense.com.br\/cbradar\/wp-content\/uploads\/2025\/08\/pes-maos-gelados_1754257202860-1140x642.jpg 1140w, https:\/\/www.correiobraziliense.com.br\/cbradar\/wp-content\/uploads\/2025\/08\/pes-maos-gelados_1754257202860.jpg 1279w\" sizes=\"(max-width: 1024px) 100vw, 1024px\" \/><figcaption class=\"wp-element-caption\">Sentir m\u00e3os e p\u00e9s frios \u00e9 desconfort\u00e1vel, mas usar luvas e meias quentinhas ajuda bastante. \/\/ Cr\u00e9ditos: depositphotos.com \/ mug5<\/figcaption><\/figure><\/div>\n\n\n<h2 class=\"wp-block-heading\">Quais os principais motivos para m\u00e3os e p\u00e9s sempre frios?<\/h2>\n\n\n\n<p><strong>Diversos fatores podem explicar essa caracter\u00edstica, desde condi\u00e7\u00f5es totalmente normais at\u00e9 aspectos que merecem investiga\u00e7\u00e3o.<\/strong><\/p>\n\n\n\n<h3 class=\"wp-block-heading\">M\u00e1 circula\u00e7\u00e3o perif\u00e9rica<\/h3>\n\n\n\n<p>Quando o sangue n\u00e3o chega adequadamente \u00e0s extremidades, elas ficam mais frias que o restante do corpo. Isso pode ocorrer por:<\/p>\n\n\n\n<ul class=\"wp-block-list\">\n<li>sedentarismo,<\/li>\n\n\n\n<li>longos per\u00edodos sentado ou parado,<\/li>\n\n\n\n<li>press\u00e3o baixa,<\/li>\n\n\n\n<li>vasos mais sens\u00edveis ao frio.<\/li>\n<\/ul>\n\n\n\n<h3 class=\"wp-block-heading\">Hipotireoidismo<\/h3>\n\n\n\n<p>A tireoide regula o metabolismo e influ\u00eancia diretamente na temperatura corporal. Quando ela funciona menos do que deveria, o metabolismo desacelera e o corpo produz menos calor, deixando m\u00e3os e p\u00e9s gelados com frequ\u00eancia.<\/p>\n\n\n\n<p>Confira abaixo a <strong>Doutora Bruna<\/strong>, no seu canal do TikTok <strong>Turmeric C\u00farcuma<\/strong> (<strong>@seruntumeric<\/strong>), citando duas principais causas das m\u00e3os e p\u00e9s gelados.<\/p>\n\n\n\n<figure class=\"wp-block-embed is-type-video is-provider-tiktok wp-block-embed-tiktok\"><div class=\"wp-block-embed__wrapper\">\n<blockquote class=\"tiktok-embed\" cite=\"https:\/\/www.tiktok.com\/@serunturmeric\/video\/7364201770328837382\" data-video-id=\"7364201770328837382\" data-embed-from=\"oembed\" style=\"max-width:605px; min-width:325px;\"> <section> <a target=\"_blank\" title=\"@serunturmeric\" href=\"https:\/\/www.tiktok.com\/@serunturmeric?refer=embed\">@serunturmeric<\/a> <p>M\u00e3os e p\u00e9s gelados tome cuidado, veja como cuidar. <a title=\"cuidado\" target=\"_blank\" href=\"https:\/\/www.tiktok.com\/tag\/cuidado?refer=embed\">#cuidado<\/a> <a title=\"dicas\" target=\"_blank\" href=\"https:\/\/www.tiktok.com\/tag\/dicas?refer=embed\">#dicas<\/a> <a title=\"saude\" target=\"_blank\" href=\"https:\/\/www.tiktok.com\/tag\/saude?refer=embed\">#saude<\/a> <a title=\"dicasdesaude\" target=\"_blank\" href=\"https:\/\/www.tiktok.com\/tag\/dicasdesaude?refer=embed\">#dicasdesaude<\/a> <a title=\"suasa\u00fade\" target=\"_blank\" href=\"https:\/\/www.tiktok.com\/tag\/suasa%C3%BAde?refer=embed\">#suasa\u00fade<\/a> <a title=\"tratamento\" target=\"_blank\" href=\"https:\/\/www.tiktok.com\/tag\/tratamento?refer=embed\">#tratamento<\/a> <\/p> <a target=\"_blank\" title=\"\u266c som original - Turmeric C\u00farcuma\" href=\"https:\/\/www.tiktok.com\/music\/som-original-7364201786843302662?refer=embed\">\u266c som original &#8211; Turmeric C\u00farcuma<\/a> <\/section> <\/blockquote> <script async src=\"https:\/\/www.tiktok.com\/embed.js\"><\/script>\n<\/div><\/figure>\n\n\n\n<h3 class=\"wp-block-heading\">Estresse e ansiedade<\/h3>\n\n\n\n<p>Situa\u00e7\u00f5es emocionais podem causar vasoconstri\u00e7\u00e3o, reduzindo o fluxo sangu\u00edneo das extremidades. Pessoas ansiosas tendem a sentir as m\u00e3os frias principalmente em momentos de tens\u00e3o.<\/p>\n\n\n\n<h3 class=\"wp-block-heading\">Fen\u00f4meno de Raynaud<\/h3>\n\n\n\n<p>Uma condi\u00e7\u00e3o em que os vasos sangu\u00edneos das m\u00e3os e p\u00e9s reagem exageradamente ao frio ou ao estresse. Os dedos podem ficar muito p\u00e1lidos, arroxeados e depois avermelhados. \u00c9 mais comum em mulheres e pode exigir acompanhamento m\u00e9dico.<\/p>\n\n\n\n<h3 class=\"wp-block-heading\">Baixa temperatura ambiente<\/h3>\n\n\n\n<p>Ambientes frios favorecem naturalmente extremidades geladas, e algumas pessoas t\u00eam maior sensibilidade ao frio, mesmo quando o restante do corpo est\u00e1 confort\u00e1vel.<\/p>\n\n\n\n<h2 class=\"wp-block-heading\">\u00c9 sempre motivo de preocupa\u00e7\u00e3o?<\/h2>\n\n\n\n<p>Na maioria das vezes, <strong>n\u00e3o<\/strong>. Para muitas pessoas, ter m\u00e3os e p\u00e9s gelados \u00e9 apenas uma caracter\u00edstica da circula\u00e7\u00e3o ou do metabolismo. Por\u00e9m, \u00e9 importante ficar atento se junto disso ocorrerem:<\/p>\n\n\n\n<ul class=\"wp-block-list\">\n<li>formigamento frequente,<\/li>\n\n\n\n<li>dor nas extremidades,<\/li>\n\n\n\n<li>mudan\u00e7a de cor (branco, roxo ou vermelho intenso),<\/li>\n\n\n\n<li>cansa\u00e7o extremo,<\/li>\n\n\n\n<li>queda repentina de energia,<\/li>\n\n\n\n<li>incha\u00e7o ou perda de sensibilidade.<\/li>\n<\/ul>\n\n\n\n<p>Nesses casos, pode haver uma condi\u00e7\u00e3o subjacente que merece avalia\u00e7\u00e3o m\u00e9dica.<\/p>\n\n\n\n<p><strong>Leia tamb\u00e9m <a href=\"https:\/\/www.correiobraziliense.com.br\/cbradar\/essa-cidade-de-santa-catarina-que-esta-sendo-apontada-como-uma-das-melhores-do-pais\/\" target=\"_blank\" rel=\"noreferrer noopener\">Essa cidade de Santa Catarina est\u00e1 sendo apontada como uma das melhores do pa\u00eds.<\/a><\/strong><\/p>\n\n\n\n<h2 class=\"wp-block-heading\">Como melhorar a circula\u00e7\u00e3o das extremidades?<\/h2>\n\n\n\n<p>Algumas pr\u00e1ticas simples ajudam a reduzir a sensa\u00e7\u00e3o de frio constante:<\/p>\n\n\n\n<ul class=\"wp-block-list\">\n<li>movimentar-se regularmente ao longo do dia,<\/li>\n\n\n\n<li>evitar ficar sentado por longos per\u00edodos,<\/li>\n\n\n\n<li>fazer exerc\u00edcios f\u00edsicos para estimular a circula\u00e7\u00e3o,<\/li>\n\n\n\n<li>manter-se aquecido com meias e luvas adequadas,<\/li>\n\n\n\n<li>evitar cigarro, que prejudica o fluxo sangu\u00edneo,<\/li>\n\n\n\n<li>manter alimenta\u00e7\u00e3o equilibrada e boa hidrata\u00e7\u00e3o.<\/li>\n<\/ul>\n","protected":false},"excerpt":{"rendered":"<p>Ter p\u00e9s e m\u00e3os geladas \u00e9 uma queixa muito comum e, geralmente, n\u00e3o representa um problema grave. No entanto, quando essa condi\u00e7\u00e3o \u00e9 frequente e constante, pode indicar caracter\u00edsticas do organismo, respostas naturais do corpo ou at\u00e9 alguns desequil\u00edbrios circulat\u00f3rios e hormonais. Entender o que est\u00e1 por tr\u00e1s dessa sensa\u00e7\u00e3o ajuda a identificar quando \u00e9 [&hellip;]<\/p>\n","protected":false},"author":8,"featured_media":143657,"comment_status":"open","ping_status":"open","sticky":false,"template":"","format":"standard","meta":{"_yoast_wpseo_focuskw":"p\u00e9s e m\u00e3os geladas","_yoast_wpseo_title":"","_yoast_wpseo_metadesc":"Descubra o que significa ter p\u00e9s e m\u00e3os geladas com frequ\u00eancia e entenda o que isso pode indicar sobre circula\u00e7\u00e3o e sa\u00fade geral.","jnews-multi-image_gallery":[],"jnews_single_post":{"format":"standard"},"jnews_primary_category":[],"jnews_social_meta":[],"jnews_override_counter":[],"footnotes":""},"categories":[112],"post_tag":[812,11925,1318],"class_list":["post-143632","post","type-post","status-publish","format-standard","has-post-thumbnail","hentry","category-curiosidades","tag-ansiedade","tag-pes-e-maos-frias","tag-saude-2"],"yoast_head":"<!-- This site is optimized with the Yoast SEO plugin v24.6 - https:\/\/yoast.com\/wordpress\/plugins\/seo\/ -->\n<title>O que significa quando a pessoa sempre tem os p\u00e9s e as m\u00e3os geladas? - Correio Braziliense - Radar<\/title>\n<meta name=\"description\" content=\"Descubra o que significa ter p\u00e9s e m\u00e3os geladas com frequ\u00eancia e entenda o que isso pode indicar sobre circula\u00e7\u00e3o e sa\u00fade geral.\" \/>\n<meta name=\"robots\" content=\"index, follow, max-snippet:-1, max-image-preview:large, max-video-preview:-1\" \/>\n<link rel=\"canonical\" href=\"https:\/\/www.correiobraziliense.com.br\/cbradar\/o-que-significa-quando-a-pessoa-sempre-tem-os-pes-e-as-maos-geladas\/\" \/>\n<meta property=\"og:locale\" content=\"pt_BR\" \/>\n<meta property=\"og:type\" content=\"article\" \/>\n<meta property=\"og:title\" content=\"O que significa quando a pessoa sempre tem os p\u00e9s e as m\u00e3os geladas? - Correio Braziliense - Radar\" \/>\n<meta property=\"og:description\" content=\"Descubra o que significa ter p\u00e9s e m\u00e3os geladas com frequ\u00eancia e entenda o que isso pode indicar sobre circula\u00e7\u00e3o e sa\u00fade geral.\" \/>\n<meta property=\"og:url\" content=\"https:\/\/www.correiobraziliense.com.br\/cbradar\/o-que-significa-quando-a-pessoa-sempre-tem-os-pes-e-as-maos-geladas\/\" \/>\n<meta property=\"og:site_name\" content=\"Correio Braziliense - Radar\" \/>\n<meta property=\"article:published_time\" content=\"2025-11-24T11:15:00+00:00\" \/>\n<meta property=\"og:image\" content=\"https:\/\/www.correiobraziliense.com.br\/cbradar\/wp-content\/uploads\/2025\/11\/G-20.png\" \/>\n\t<meta property=\"og:image:width\" content=\"1280\" \/>\n\t<meta property=\"og:image:height\" content=\"720\" \/>\n\t<meta property=\"og:image:type\" content=\"image\/png\" \/>\n<meta name=\"author\" content=\"Maura Pereira\" \/>\n<meta name=\"twitter:card\" content=\"summary_large_image\" \/>\n<meta name=\"twitter:label1\" content=\"Escrito por\" \/>\n\t<meta name=\"twitter:data1\" content=\"Maura Pereira\" \/>\n\t<meta name=\"twitter:label2\" content=\"Est. tempo de leitura\" \/>\n\t<meta name=\"twitter:data2\" content=\"4 minutos\" \/>\n<!-- \/ Yoast SEO plugin. -->","yoast_head_json":{"title":"O que significa quando a pessoa sempre tem os p\u00e9s e as m\u00e3os geladas? - Correio Braziliense - Radar","description":"Descubra o que significa ter p\u00e9s e m\u00e3os geladas com frequ\u00eancia e entenda o que isso pode indicar sobre circula\u00e7\u00e3o e sa\u00fade geral.","robots":{"index":"index","follow":"follow","max-snippet":"max-snippet:-1","max-image-preview":"max-image-preview:large","max-video-preview":"max-video-preview:-1"},"canonical":"https:\/\/www.correiobraziliense.com.br\/cbradar\/o-que-significa-quando-a-pessoa-sempre-tem-os-pes-e-as-maos-geladas\/","og_locale":"pt_BR","og_type":"article","og_title":"O que significa quando a pessoa sempre tem os p\u00e9s e as m\u00e3os geladas? - Correio Braziliense - Radar","og_description":"Descubra o que significa ter p\u00e9s e m\u00e3os geladas com frequ\u00eancia e entenda o que isso pode indicar sobre circula\u00e7\u00e3o e sa\u00fade geral.","og_url":"https:\/\/www.correiobraziliense.com.br\/cbradar\/o-que-significa-quando-a-pessoa-sempre-tem-os-pes-e-as-maos-geladas\/","og_site_name":"Correio Braziliense - Radar","article_published_time":"2025-11-24T11:15:00+00:00","og_image":[{"width":1280,"height":720,"url":"https:\/\/www.correiobraziliense.com.br\/cbradar\/wp-content\/uploads\/2025\/11\/G-20.png","type":"image\/png"}],"author":"Maura Pereira","twitter_card":"summary_large_image","twitter_misc":{"Escrito por":"Maura Pereira","Est. tempo de leitura":"4 minutos"},"schema":{"@context":"https:\/\/schema.org","@graph":[{"@type":"WebPage","@id":"https:\/\/www.correiobraziliense.com.br\/cbradar\/o-que-significa-quando-a-pessoa-sempre-tem-os-pes-e-as-maos-geladas\/","url":"https:\/\/www.correiobraziliense.com.br\/cbradar\/o-que-significa-quando-a-pessoa-sempre-tem-os-pes-e-as-maos-geladas\/","name":"O que significa quando a pessoa sempre tem os p\u00e9s e as m\u00e3os geladas? - Correio Braziliense - Radar","isPartOf":{"@id":"https:\/\/www.correiobraziliense.com.br\/cbradar\/#website"},"primaryImageOfPage":{"@id":"https:\/\/www.correiobraziliense.com.br\/cbradar\/o-que-significa-quando-a-pessoa-sempre-tem-os-pes-e-as-maos-geladas\/#primaryimage"},"image":{"@id":"https:\/\/www.correiobraziliense.com.br\/cbradar\/o-que-significa-quando-a-pessoa-sempre-tem-os-pes-e-as-maos-geladas\/#primaryimage"},"thumbnailUrl":"https:\/\/www.correiobraziliense.com.br\/cbradar\/wp-content\/uploads\/2025\/11\/G-20.png","datePublished":"2025-11-24T11:15:00+00:00","author":{"@id":"https:\/\/www.correiobraziliense.com.br\/cbradar\/#\/schema\/person\/4053c651a9bfc785afc6f4cbc9032fd3"},"description":"Descubra o que significa ter p\u00e9s e m\u00e3os geladas com frequ\u00eancia e entenda o que isso pode indicar sobre circula\u00e7\u00e3o e sa\u00fade geral.","breadcrumb":{"@id":"https:\/\/www.correiobraziliense.com.br\/cbradar\/o-que-significa-quando-a-pessoa-sempre-tem-os-pes-e-as-maos-geladas\/#breadcrumb"},"inLanguage":"pt-BR","potentialAction":[{"@type":"ReadAction","target":["https:\/\/www.correiobraziliense.com.br\/cbradar\/o-que-significa-quando-a-pessoa-sempre-tem-os-pes-e-as-maos-geladas\/"]}]},{"@type":"ImageObject","inLanguage":"pt-BR","@id":"https:\/\/www.correiobraziliense.com.br\/cbradar\/o-que-significa-quando-a-pessoa-sempre-tem-os-pes-e-as-maos-geladas\/#primaryimage","url":"https:\/\/www.correiobraziliense.com.br\/cbradar\/wp-content\/uploads\/2025\/11\/G-20.png","contentUrl":"https:\/\/www.correiobraziliense.com.br\/cbradar\/wp-content\/uploads\/2025\/11\/G-20.png","width":1280,"height":720,"caption":"Cuidar da circula\u00e7\u00e3o e proteger extremidades melhora o conforto e a sa\u00fade de p\u00e9s e m\u00e3os."},{"@type":"BreadcrumbList","@id":"https:\/\/www.correiobraziliense.com.br\/cbradar\/o-que-significa-quando-a-pessoa-sempre-tem-os-pes-e-as-maos-geladas\/#breadcrumb","itemListElement":[{"@type":"ListItem","position":1,"name":"In\u00edcio","item":"https:\/\/www.correiobraziliense.com.br\/cbradar\/"},{"@type":"ListItem","position":2,"name":"O que significa quando a pessoa sempre tem os p\u00e9s e as m\u00e3os geladas?"}]},{"@type":"WebSite","@id":"https:\/\/www.correiobraziliense.com.br\/cbradar\/#website","url":"https:\/\/www.correiobraziliense.com.br\/cbradar\/","name":"Correio Braziliense - Radar","description":"Acompanhe as \u00faltimas not\u00edcias e fique bem informado sobre tudo o que acontece no Brasil e no mundo.","potentialAction":[{"@type":"SearchAction","target":{"@type":"EntryPoint","urlTemplate":"https:\/\/www.correiobraziliense.com.br\/cbradar\/?s={search_term_string}"},"query-input":{"@type":"PropertyValueSpecification","valueRequired":true,"valueName":"search_term_string"}}],"inLanguage":"pt-BR"},{"@type":"Person","@id":"https:\/\/www.correiobraziliense.com.br\/cbradar\/#\/schema\/person\/4053c651a9bfc785afc6f4cbc9032fd3","name":"Maura Pereira","image":{"@type":"ImageObject","inLanguage":"pt-BR","@id":"https:\/\/www.correiobraziliense.com.br\/cbradar\/#\/schema\/person\/image\/","url":"https:\/\/secure.gravatar.com\/avatar\/3effd6bdadfa447f15089c7f7144eaa6?s=96&d=mm&r=g","contentUrl":"https:\/\/secure.gravatar.com\/avatar\/3effd6bdadfa447f15089c7f7144eaa6?s=96&d=mm&r=g","caption":"Maura Pereira"},"sameAs":["https:\/\/www.correiobraziliense.com.br\/"],"url":"https:\/\/www.correiobraziliense.com.br\/cbradar\/author\/mauramyth\/"}]}},"_links":{"self":[{"href":"https:\/\/www.correiobraziliense.com.br\/cbradar\/wp-json\/wp\/v2\/posts\/143632","targetHints":{"allow":["GET"]}}],"collection":[{"href":"https:\/\/www.correiobraziliense.com.br\/cbradar\/wp-json\/wp\/v2\/posts"}],"about":[{"href":"https:\/\/www.correiobraziliense.com.br\/cbradar\/wp-json\/wp\/v2\/types\/post"}],"author":[{"embeddable":true,"href":"https:\/\/www.correiobraziliense.com.br\/cbradar\/wp-json\/wp\/v2\/users\/8"}],"replies":[{"embeddable":true,"href":"https:\/\/www.correiobraziliense.com.br\/cbradar\/wp-json\/wp\/v2\/comments?post=143632"}],"version-history":[{"count":14,"href":"https:\/\/www.correiobraziliense.com.br\/cbradar\/wp-json\/wp\/v2\/posts\/143632\/revisions"}],"predecessor-version":[{"id":143664,"href":"https:\/\/www.correiobraziliense.com.br\/cbradar\/wp-json\/wp\/v2\/posts\/143632\/revisions\/143664"}],"wp:featuredmedia":[{"embeddable":true,"href":"https:\/\/www.correiobraziliense.com.br\/cbradar\/wp-json\/wp\/v2\/media\/143657"}],"wp:attachment":[{"href":"https:\/\/www.correiobraziliense.com.br\/cbradar\/wp-json\/wp\/v2\/media?parent=143632"}],"wp:term":[{"taxonomy":"category","embeddable":true,"href":"https:\/\/www.correiobraziliense.com.br\/cbradar\/wp-json\/wp\/v2\/categories?post=143632"},{"taxonomy":"post_tag","embeddable":true,"href":"https:\/\/www.correiobraziliense.com.br\/cbradar\/wp-json\/wp\/v2\/post_tag?post=143632"}],"curies":[{"name":"wp","href":"https:\/\/api.w.org\/{rel}","templated":true}]}}