{"id":14368,"date":"2025-03-21T09:50:00","date_gmt":"2025-03-21T12:50:00","guid":{"rendered":"https:\/\/www.correiobraziliense.com.br\/cbradar\/?p=14368"},"modified":"2025-06-29T23:53:14","modified_gmt":"2025-06-30T02:53:14","slug":"serie-estrelada-por-julianne-moore-ganha-data-de-estreia-na-netflix","status":"publish","type":"post","link":"https:\/\/www.correiobraziliense.com.br\/cbradar\/serie-estrelada-por-julianne-moore-ganha-data-de-estreia-na-netflix\/","title":{"rendered":"S\u00e9rie estrelada por Julianne Moore ganha data de estreia na Netflix"},"content":{"rendered":"\n<p>A <a href=\"https:\/\/www.netflix.com\/br\/\" target=\"_blank\" rel=\"noreferrer noopener\"><strong>Netflix<\/strong> <\/a>acertou em cheio com <strong>Sirens<\/strong>, <a href=\"https:\/\/www.correiobraziliense.com.br\/cbradar\/conheca-estas-5-series-baseadas-em-historias-reais-da-netflix\/\" target=\"_blank\" rel=\"noreferrer noopener\">s\u00e9rie <\/a>que chegou \u00e0 plataforma em maio de 2025 e rapidamente ganhou o cora\u00e7\u00e3o dos assinantes. Com apenas cinco epis\u00f3dios, a produ\u00e7\u00e3o conseguiu o que muitas s\u00e9ries longas n\u00e3o conseguem: prender a aten\u00e7\u00e3o do in\u00edcio ao fim. A criadora <strong>Molly Smith Metzler<\/strong>, que j\u00e1 havia impressionado com <strong>Maid<\/strong>, volta com uma proposta bem diferente, adaptando sua pr\u00f3pria pe\u00e7a teatral <strong>Elemeno Pea<\/strong> para as telas.<\/p>\n\n\n\n<p>A s\u00e9rie conta com um elenco de peso, liderado por <strong>Julianne Moore<\/strong>, <strong>Meghann Fahy<\/strong> e <strong>Milly Alcock<\/strong>. <strong>Kevin Bacon<\/strong> tamb\u00e9m marca presen\u00e7a, trazendo ainda mais credibilidade ao projeto. O interessante \u00e9 que a hist\u00f3ria se passa em apenas um fim de semana, mas consegue desenvolver camadas psicol\u00f3gicas profundas em seus personagens. \u00c9 o tipo de s\u00e9rie que faz voc\u00ea maratonar num s\u00e1bado \u00e0 tarde e ainda ficar pensando sobre ela na segunda-feira.<\/p>\n\n\n\n<h2 class=\"wp-block-heading\">Qual \u00e9 a verdadeira hist\u00f3ria por tr\u00e1s de Sirens?<\/h2>\n\n\n\n<p>A trama gira em torno de duas irm\u00e3s que passaram por traumas na inf\u00e2ncia. <strong>Devon<\/strong>, interpretada por <strong>Meghann Fahy<\/strong>, fica preocupada quando percebe que sua irm\u00e3 <strong>Simone<\/strong> est\u00e1 meio obsessiva com a nova chefe, <strong>Michaela Kell<\/strong>. <strong>Simone<\/strong> trabalha como assistente pessoal dessa socialite bilion\u00e1ria que vive numa mans\u00e3o paradis\u00edaca numa ilha fict\u00edcia chamada <strong>Port Haven<\/strong>.<\/p>\n\n\n\n<p><strong>Devon<\/strong> decide fazer uma visita para entender o que est\u00e1 acontecendo e acaba descobrindo que <strong>Michaela<\/strong> tem um poder de manipula\u00e7\u00e3o impressionante. A mulher consegue fazer qualquer pessoa se sentir especial e importante, mas sempre com segundas inten\u00e7\u00f5es. \u00c9 como aquela amiga t\u00f3xica que todo mundo j\u00e1 teve, s\u00f3 que com muito mais dinheiro e influ\u00eancia. A s\u00e9rie mostra como pessoas vulner\u00e1veis podem ser facilmente seduzidas por promessas de uma vida melhor.<\/p>\n\n\n\n<h2 class=\"wp-block-heading\">Por que Julianne Moore rouba a cena como a vil\u00e3 carism\u00e1tica?<\/h2>\n\n\n\n<p><strong>Julianne Moore<\/strong> entrega uma performance magistral como <strong>Michaela Kell<\/strong>. Ela consegue ser assustadora e fascinante ao mesmo tempo, coisa que poucos atores conseguem fazer. A personagem tem esse jeito maternal e acolhedor, mas por baixo existe uma frieza calculista que d\u00e1 arrepios. \u00c9 como se ela fosse duas pessoas diferentes compartilhando o mesmo corpo.<\/p>\n\n\n\n<p>A <strong>Moore<\/strong> disse em entrevistas que se inspirou na mitologia grega das sereias para construir a personagem. Assim como as sereias m\u00edticas, <strong>Michaela<\/strong> usa seu charme para atrair suas &#8220;v\u00edtimas&#8221; e depois as mant\u00e9m presas em seu mundo de luxo e controle. A atriz consegue alternar entre do\u00e7ura e crueldade de forma t\u00e3o natural que voc\u00ea nunca sabe qual vers\u00e3o dela vai aparecer na pr\u00f3xima cena.<\/p>\n\n\n\n<h2 class=\"wp-block-heading\">Como a s\u00e9rie retrata as diferen\u00e7as de classe social?<\/h2>\n\n\n\n<p><strong>Sirens<\/strong> n\u00e3o \u00e9 apenas sobre uma mulher rica e manipuladora. A s\u00e9rie faz uma cr\u00edtica bem inteligente sobre como a desigualdade social pode ser usada como ferramenta de controle. <strong>Devon<\/strong> e <strong>Simone<\/strong> v\u00eam de <strong>Buffalo<\/strong>, uma cidade que vive uma crise econ\u00f4mica, e acabam sendo seduzidas pelo mundo de luxo da elite.<\/p>\n\n\n\n<p>A produ\u00e7\u00e3o mostra como pessoas em situa\u00e7\u00e3o de vulnerabilidade financeira podem ser facilmente cooptadas por quem tem poder econ\u00f4mico. <strong>Simone<\/strong> aceita ser moldada por <strong>Michaela<\/strong> porque v\u00ea naquele estilo de vida uma sa\u00edda para seus problemas. \u00c9 uma din\u00e2mica que acontece na vida real o tempo todo, mas a s\u00e9rie consegue abordar o tema sem ser pesada ou preachy. Ela te faz pensar sobre essas quest\u00f5es enquanto voc\u00ea torce para que as personagens escapem dessa teia de manipula\u00e7\u00e3o.<\/p>\n\n\n\n<h2 class=\"wp-block-heading\">Qual \u00e9 o segredo por tr\u00e1s da atmosfera \u00fanica da s\u00e9rie?<\/h2>\n\n\n<div class=\"wp-block-image\">\n<figure class=\"aligncenter size-large\"><img decoding=\"async\" width=\"1024\" height=\"576\" src=\"https:\/\/www.correiobraziliense.com.br\/cbradar\/wp-content\/uploads\/2025\/03\/Sirens-1024x576.png\" alt=\"S\u00e9rie estrelada por Julianne Moore ganha data de estreia na Netflix\" class=\"wp-image-14390\" srcset=\"https:\/\/www.correiobraziliense.com.br\/cbradar\/wp-content\/uploads\/2025\/03\/Sirens-1024x576.png 1024w, https:\/\/www.correiobraziliense.com.br\/cbradar\/wp-content\/uploads\/2025\/03\/Sirens-300x169.png 300w, https:\/\/www.correiobraziliense.com.br\/cbradar\/wp-content\/uploads\/2025\/03\/Sirens-768x432.png 768w, https:\/\/www.correiobraziliense.com.br\/cbradar\/wp-content\/uploads\/2025\/03\/Sirens-750x422.png 750w, https:\/\/www.correiobraziliense.com.br\/cbradar\/wp-content\/uploads\/2025\/03\/Sirens-1140x641.png 1140w, https:\/\/www.correiobraziliense.com.br\/cbradar\/wp-content\/uploads\/2025\/03\/Sirens.png 1280w\" sizes=\"(max-width: 1024px) 100vw, 1024px\" \/><figcaption class=\"wp-element-caption\">Sirens. Fonte: divulga\u00e7\u00e3o \/ netflix<\/figcaption><\/figure><\/div>\n\n\n<p>A produ\u00e7\u00e3o de <strong>Sirens<\/strong> \u00e9 um show \u00e0 parte. A mans\u00e3o onde tudo acontece foi constru\u00edda como um personagem pr\u00f3prio da hist\u00f3ria. Cada detalhe foi pensado para criar uma sensa\u00e7\u00e3o de beleza amea\u00e7adora. As cores past\u00e9is que parecem inocentes escondem algo bem mais sinistro. \u00c9 como se o pr\u00f3prio ambiente fosse uma armadilha dourada.<\/p>\n\n\n\n<p>A s\u00e9rie foi filmada em loca\u00e7\u00f5es reais no estado de <strong>Nova York<\/strong>, e a fotografia consegue capturar tanto a beleza quanto o lado perturbador daquele mundo. Tem uma cena ic\u00f4nica onde <strong>Julianne Moore<\/strong> aparece manchada de sangue, segurando um p\u00e1ssaro ferido enquanto olha atrav\u00e9s de um telesc\u00f3pio. \u00c9 uma imagem que resume perfeitamente o tom da s\u00e9rie: bonita e assustadora ao mesmo tempo.<\/p>\n\n\n\n<h2 class=\"wp-block-heading\">Por que vale a pena assistir essa miniss\u00e9rie?<\/h2>\n\n\n\n<p><strong>Sirens<\/strong> \u00e9 daquelas s\u00e9ries que voc\u00ea termina e fica com vontade de discutir com algu\u00e9m. Ela levanta quest\u00f5es sobre poder, manipula\u00e7\u00e3o e como as pessoas podem ser transformadas quando expostas a ambientes t\u00f3xicos. <strong>Molly Smith Metzler<\/strong> conseguiu criar uma hist\u00f3ria que funciona tanto como entretenimento quanto como reflex\u00e3o social.<\/p>\n\n\n\n<p>O formato de miniss\u00e9rie foi uma escolha certeira. Com apenas cinco epis\u00f3dios, a narrativa n\u00e3o se perde em subtramas desnecess\u00e1rias e mant\u00e9m o foco no que realmente importa: o desenvolvimento psicol\u00f3gico das personagens. \u00c9 o tipo de produ\u00e7\u00e3o que mostra como a <strong>Netflix<\/strong> pode acertar quando aposta em projetos autorais e bem executados. Para quem gosta de drama psicol\u00f3gico com pitadas de suspense, <strong>Sirens<\/strong> \u00e9 uma pedida certeira.<\/p>\n","protected":false},"excerpt":{"rendered":"<p>Sirens, a nova s\u00e9rie limitada da Netflix, estrela Julianne Moore. Com um elenco estelar e uma trama intrigante, \u00e9 um must-watch em 2025.<\/p>\n","protected":false},"author":3,"featured_media":14389,"comment_status":"open","ping_status":"open","sticky":false,"template":"","format":"standard","meta":{"_yoast_wpseo_focuskw":"Jualianne Moore","_yoast_wpseo_title":"%%title%%","_yoast_wpseo_metadesc":"Sirens, a nova s\u00e9rie limitada da Netflix, estrela Julianne Moore. Com um elenco estelar e uma trama intrigante, \u00e9 um must-watch em 2025.","jnews-multi-image_gallery":[],"jnews_single_post":{"format":"standard"},"jnews_primary_category":[],"jnews_social_meta":[],"jnews_override_counter":[],"footnotes":""},"categories":[140],"post_tag":[2230,568],"class_list":["post-14368","post","type-post","status-publish","format-standard","has-post-thumbnail","hentry","category-entretenimento","tag-julianne-moore","tag-series-e-filmes"],"yoast_head":"<!-- This site is optimized with the Yoast SEO plugin v24.6 - https:\/\/yoast.com\/wordpress\/plugins\/seo\/ -->\n<title>S\u00e9rie estrelada por Julianne Moore ganha data de estreia na Netflix<\/title>\n<meta name=\"description\" content=\"Sirens, a nova s\u00e9rie limitada da Netflix, estrela Julianne Moore. Com um elenco estelar e uma trama intrigante, \u00e9 um must-watch em 2025.\" \/>\n<meta name=\"robots\" content=\"index, follow, max-snippet:-1, max-image-preview:large, max-video-preview:-1\" \/>\n<link rel=\"canonical\" href=\"https:\/\/www.correiobraziliense.com.br\/cbradar\/serie-estrelada-por-julianne-moore-ganha-data-de-estreia-na-netflix\/\" \/>\n<meta property=\"og:locale\" content=\"pt_BR\" \/>\n<meta property=\"og:type\" content=\"article\" \/>\n<meta property=\"og:title\" content=\"S\u00e9rie estrelada por Julianne Moore ganha data de estreia na Netflix\" \/>\n<meta property=\"og:description\" content=\"Sirens, a nova s\u00e9rie limitada da Netflix, estrela Julianne Moore. Com um elenco estelar e uma trama intrigante, \u00e9 um must-watch em 2025.\" \/>\n<meta property=\"og:url\" content=\"https:\/\/www.correiobraziliense.com.br\/cbradar\/serie-estrelada-por-julianne-moore-ganha-data-de-estreia-na-netflix\/\" \/>\n<meta property=\"og:site_name\" content=\"Correio Braziliense - Radar\" \/>\n<meta property=\"article:published_time\" content=\"2025-03-21T12:50:00+00:00\" \/>\n<meta property=\"article:modified_time\" content=\"2025-06-30T02:53:14+00:00\" \/>\n<meta property=\"og:image\" content=\"https:\/\/www.correiobraziliense.com.br\/cbradar\/wp-content\/uploads\/2025\/03\/julianne-moore_1742496208435.jpg\" \/>\n\t<meta property=\"og:image:width\" content=\"1280\" \/>\n\t<meta property=\"og:image:height\" content=\"720\" \/>\n\t<meta property=\"og:image:type\" content=\"image\/jpeg\" \/>\n<meta name=\"author\" content=\"Larissa Carvalho\" \/>\n<meta name=\"twitter:card\" content=\"summary_large_image\" \/>\n<meta name=\"twitter:label1\" content=\"Escrito por\" \/>\n\t<meta name=\"twitter:data1\" content=\"Larissa Carvalho\" \/>\n\t<meta name=\"twitter:label2\" content=\"Est. tempo de leitura\" \/>\n\t<meta name=\"twitter:data2\" content=\"5 minutos\" \/>\n<!-- \/ Yoast SEO plugin. -->","yoast_head_json":{"title":"S\u00e9rie estrelada por Julianne Moore ganha data de estreia na Netflix","description":"Sirens, a nova s\u00e9rie limitada da Netflix, estrela Julianne Moore. Com um elenco estelar e uma trama intrigante, \u00e9 um must-watch em 2025.","robots":{"index":"index","follow":"follow","max-snippet":"max-snippet:-1","max-image-preview":"max-image-preview:large","max-video-preview":"max-video-preview:-1"},"canonical":"https:\/\/www.correiobraziliense.com.br\/cbradar\/serie-estrelada-por-julianne-moore-ganha-data-de-estreia-na-netflix\/","og_locale":"pt_BR","og_type":"article","og_title":"S\u00e9rie estrelada por Julianne Moore ganha data de estreia na Netflix","og_description":"Sirens, a nova s\u00e9rie limitada da Netflix, estrela Julianne Moore. Com um elenco estelar e uma trama intrigante, \u00e9 um must-watch em 2025.","og_url":"https:\/\/www.correiobraziliense.com.br\/cbradar\/serie-estrelada-por-julianne-moore-ganha-data-de-estreia-na-netflix\/","og_site_name":"Correio Braziliense - Radar","article_published_time":"2025-03-21T12:50:00+00:00","article_modified_time":"2025-06-30T02:53:14+00:00","og_image":[{"width":1280,"height":720,"url":"https:\/\/www.correiobraziliense.com.br\/cbradar\/wp-content\/uploads\/2025\/03\/julianne-moore_1742496208435.jpg","type":"image\/jpeg"}],"author":"Larissa Carvalho","twitter_card":"summary_large_image","twitter_misc":{"Escrito por":"Larissa Carvalho","Est. tempo de leitura":"5 minutos"},"schema":{"@context":"https:\/\/schema.org","@graph":[{"@type":"WebPage","@id":"https:\/\/www.correiobraziliense.com.br\/cbradar\/serie-estrelada-por-julianne-moore-ganha-data-de-estreia-na-netflix\/","url":"https:\/\/www.correiobraziliense.com.br\/cbradar\/serie-estrelada-por-julianne-moore-ganha-data-de-estreia-na-netflix\/","name":"S\u00e9rie estrelada por Julianne Moore ganha data de estreia na Netflix","isPartOf":{"@id":"https:\/\/www.correiobraziliense.com.br\/cbradar\/#website"},"primaryImageOfPage":{"@id":"https:\/\/www.correiobraziliense.com.br\/cbradar\/serie-estrelada-por-julianne-moore-ganha-data-de-estreia-na-netflix\/#primaryimage"},"image":{"@id":"https:\/\/www.correiobraziliense.com.br\/cbradar\/serie-estrelada-por-julianne-moore-ganha-data-de-estreia-na-netflix\/#primaryimage"},"thumbnailUrl":"https:\/\/www.correiobraziliense.com.br\/cbradar\/wp-content\/uploads\/2025\/03\/julianne-moore_1742496208435.jpg","datePublished":"2025-03-21T12:50:00+00:00","dateModified":"2025-06-30T02:53:14+00:00","author":{"@id":"https:\/\/www.correiobraziliense.com.br\/cbradar\/#\/schema\/person\/58422787644df994b53a19d3e56c1513"},"description":"Sirens, a nova s\u00e9rie limitada da Netflix, estrela Julianne Moore. Com um elenco estelar e uma trama intrigante, \u00e9 um must-watch em 2025.","breadcrumb":{"@id":"https:\/\/www.correiobraziliense.com.br\/cbradar\/serie-estrelada-por-julianne-moore-ganha-data-de-estreia-na-netflix\/#breadcrumb"},"inLanguage":"pt-BR","potentialAction":[{"@type":"ReadAction","target":["https:\/\/www.correiobraziliense.com.br\/cbradar\/serie-estrelada-por-julianne-moore-ganha-data-de-estreia-na-netflix\/"]}]},{"@type":"ImageObject","inLanguage":"pt-BR","@id":"https:\/\/www.correiobraziliense.com.br\/cbradar\/serie-estrelada-por-julianne-moore-ganha-data-de-estreia-na-netflix\/#primaryimage","url":"https:\/\/www.correiobraziliense.com.br\/cbradar\/wp-content\/uploads\/2025\/03\/julianne-moore_1742496208435.jpg","contentUrl":"https:\/\/www.correiobraziliense.com.br\/cbradar\/wp-content\/uploads\/2025\/03\/julianne-moore_1742496208435.jpg","width":1280,"height":720,"caption":"Julianne Moore. Cr\u00e9ditos: depositphotos.com \/ tanka_v"},{"@type":"BreadcrumbList","@id":"https:\/\/www.correiobraziliense.com.br\/cbradar\/serie-estrelada-por-julianne-moore-ganha-data-de-estreia-na-netflix\/#breadcrumb","itemListElement":[{"@type":"ListItem","position":1,"name":"In\u00edcio","item":"https:\/\/www.correiobraziliense.com.br\/cbradar\/"},{"@type":"ListItem","position":2,"name":"S\u00e9rie estrelada por Julianne Moore ganha data de estreia na Netflix"}]},{"@type":"WebSite","@id":"https:\/\/www.correiobraziliense.com.br\/cbradar\/#website","url":"https:\/\/www.correiobraziliense.com.br\/cbradar\/","name":"Correio Braziliense - Radar","description":"Acompanhe as \u00faltimas not\u00edcias e fique bem informado sobre tudo o que acontece no Brasil e no mundo.","potentialAction":[{"@type":"SearchAction","target":{"@type":"EntryPoint","urlTemplate":"https:\/\/www.correiobraziliense.com.br\/cbradar\/?s={search_term_string}"},"query-input":{"@type":"PropertyValueSpecification","valueRequired":true,"valueName":"search_term_string"}}],"inLanguage":"pt-BR"},{"@type":"Person","@id":"https:\/\/www.correiobraziliense.com.br\/cbradar\/#\/schema\/person\/58422787644df994b53a19d3e56c1513","name":"Larissa Carvalho","image":{"@type":"ImageObject","inLanguage":"pt-BR","@id":"https:\/\/www.correiobraziliense.com.br\/cbradar\/#\/schema\/person\/image\/","url":"https:\/\/secure.gravatar.com\/avatar\/fe4f91a0de32b52a838d0d612abdc1aa?s=96&d=mm&r=g","contentUrl":"https:\/\/secure.gravatar.com\/avatar\/fe4f91a0de32b52a838d0d612abdc1aa?s=96&d=mm&r=g","caption":"Larissa Carvalho"},"url":"https:\/\/www.correiobraziliense.com.br\/cbradar\/author\/larissamyth\/"}]}},"_links":{"self":[{"href":"https:\/\/www.correiobraziliense.com.br\/cbradar\/wp-json\/wp\/v2\/posts\/14368","targetHints":{"allow":["GET"]}}],"collection":[{"href":"https:\/\/www.correiobraziliense.com.br\/cbradar\/wp-json\/wp\/v2\/posts"}],"about":[{"href":"https:\/\/www.correiobraziliense.com.br\/cbradar\/wp-json\/wp\/v2\/types\/post"}],"author":[{"embeddable":true,"href":"https:\/\/www.correiobraziliense.com.br\/cbradar\/wp-json\/wp\/v2\/users\/3"}],"replies":[{"embeddable":true,"href":"https:\/\/www.correiobraziliense.com.br\/cbradar\/wp-json\/wp\/v2\/comments?post=14368"}],"version-history":[{"count":3,"href":"https:\/\/www.correiobraziliense.com.br\/cbradar\/wp-json\/wp\/v2\/posts\/14368\/revisions"}],"predecessor-version":[{"id":61617,"href":"https:\/\/www.correiobraziliense.com.br\/cbradar\/wp-json\/wp\/v2\/posts\/14368\/revisions\/61617"}],"wp:featuredmedia":[{"embeddable":true,"href":"https:\/\/www.correiobraziliense.com.br\/cbradar\/wp-json\/wp\/v2\/media\/14389"}],"wp:attachment":[{"href":"https:\/\/www.correiobraziliense.com.br\/cbradar\/wp-json\/wp\/v2\/media?parent=14368"}],"wp:term":[{"taxonomy":"category","embeddable":true,"href":"https:\/\/www.correiobraziliense.com.br\/cbradar\/wp-json\/wp\/v2\/categories?post=14368"},{"taxonomy":"post_tag","embeddable":true,"href":"https:\/\/www.correiobraziliense.com.br\/cbradar\/wp-json\/wp\/v2\/post_tag?post=14368"}],"curies":[{"name":"wp","href":"https:\/\/api.w.org\/{rel}","templated":true}]}}