{"id":143683,"date":"2025-11-24T09:55:00","date_gmt":"2025-11-24T12:55:00","guid":{"rendered":"https:\/\/www.correiobraziliense.com.br\/cbradar\/?p=143683"},"modified":"2025-11-23T12:11:17","modified_gmt":"2025-11-23T15:11:17","slug":"os-5-alimentos-que-protegem-o-cerebro-e-ajudam-na-memoria-ao-envelhecer","status":"publish","type":"post","link":"https:\/\/www.correiobraziliense.com.br\/cbradar\/os-5-alimentos-que-protegem-o-cerebro-e-ajudam-na-memoria-ao-envelhecer\/","title":{"rendered":"Os 5 alimentos que protegem o c\u00e9rebro e ajudam na mem\u00f3ria ao envelhecer"},"content":{"rendered":"\n<p><strong>A alimenta\u00e7\u00e3o pode ser uma aliada poderosa para proteger o c\u00e9rebro contra doen\u00e7as e manter a mem\u00f3ria afiada.<\/strong> Diversos estudos comprovam que certos alimentos possuem compostos capazes de melhorar a comunica\u00e7\u00e3o entre neur\u00f4nios, reduzir inflama\u00e7\u00f5es e retardar o envelhecimento cerebral. Entre eles, alguns se destacam pela quantidade de evid\u00eancias cient\u00edficas dispon\u00edveis.<\/p>\n\n\n\n<h2 class=\"wp-block-heading\">Quais os efeitos de peixes ricos em \u00f4mega-3 para o c\u00e9rebro?<\/h2>\n\n\n\n<p>Peixes como salm\u00e3o, sardinha, atum e cavalinha s\u00e3o fontes importantes de <strong>DHA e EPA<\/strong>, dois tipos de \u00f4mega-3 essenciais para o funcionamento do c\u00e9rebro. O \u00f4mega-3 comp\u00f5e parte das membranas celulares dos neur\u00f4nios e <strong>facilita a comunica\u00e7\u00e3o entre as c\u00e9lulas<\/strong>, melhorando mem\u00f3ria, racioc\u00ednio e aten\u00e7\u00e3o.<\/p>\n\n\n\n<p>Al\u00e9m disso, possui forte a\u00e7\u00e3o anti-inflamat\u00f3ria, reduzindo danos oxidativos associados a doen\u00e7as como Alzheimer e decl\u00ednio cognitivo.<\/p>\n\n\n<div class=\"wp-block-image\">\n<figure class=\"aligncenter size-large\"><img decoding=\"async\" width=\"1024\" height=\"576\" src=\"https:\/\/www.correiobraziliense.com.br\/cbradar\/wp-content\/uploads\/2025\/11\/peixe-_1762692315157-1024x576.jpg\" alt=\"Os 5 alimentos que protegem o c\u00e9rebro e ajudam na mem\u00f3ria ao envelhecer\" class=\"wp-image-134885\" srcset=\"https:\/\/www.correiobraziliense.com.br\/cbradar\/wp-content\/uploads\/2025\/11\/peixe-_1762692315157-1024x576.jpg 1024w, https:\/\/www.correiobraziliense.com.br\/cbradar\/wp-content\/uploads\/2025\/11\/peixe-_1762692315157-300x169.jpg 300w, https:\/\/www.correiobraziliense.com.br\/cbradar\/wp-content\/uploads\/2025\/11\/peixe-_1762692315157-768x432.jpg 768w, https:\/\/www.correiobraziliense.com.br\/cbradar\/wp-content\/uploads\/2025\/11\/peixe-_1762692315157-750x422.jpg 750w, https:\/\/www.correiobraziliense.com.br\/cbradar\/wp-content\/uploads\/2025\/11\/peixe-_1762692315157-1140x641.jpg 1140w, https:\/\/www.correiobraziliense.com.br\/cbradar\/wp-content\/uploads\/2025\/11\/peixe-_1762692315157.jpg 1280w\" sizes=\"(max-width: 1024px) 100vw, 1024px\" \/><figcaption class=\"wp-element-caption\">Incluir peixe nas refei\u00e7\u00f5es traz mais sa\u00fade, energia e vitalidade para o corpo e mente. \/\/ Cr\u00e9ditos: depositphotos.com \/ AntonMatyukha<\/figcaption><\/figure><\/div>\n\n\n<h2 class=\"wp-block-heading\">Como as nozes podem ajudar?<\/h2>\n\n\n\n<p>As nozes est\u00e3o entre os alimentos mais estudados quando o assunto \u00e9 sa\u00fade cerebral. Elas s\u00e3o ricas em <strong>vitamina E<\/strong>, antioxidantes e gorduras boas que atuam protegendo as c\u00e9lulas nervosas contra o estresse oxidativo.<\/p>\n\n\n\n<p>Esses compostos ajudam a <strong>preservar a integridade dos neur\u00f4nios<\/strong> e contribuem para melhor desempenho cognitivo. Estudos tamb\u00e9m associam o consumo frequente de oleaginosas \u00e0 redu\u00e7\u00e3o do risco de envelhecimento precoce do c\u00e9rebro.<\/p>\n\n\n\n<h2 class=\"wp-block-heading\">Quais os efeitos do mirtilo para o c\u00e9rebro?<\/h2>\n\n\n\n<p>O mirtilo \u00e9 um dos alimentos mais potentes em <strong>antocianinas<\/strong>, antioxidantes que ajudam a combater inflama\u00e7\u00f5es e proteger o c\u00e9rebro contra o envelhecimento. Esses compostos promovem melhor conex\u00e3o neuronal e auxiliam na mem\u00f3ria de curto e longo prazo.<\/p>\n\n\n\n<p>Pesquisas mostram que o mirtilo pode <strong>melhorar a comunica\u00e7\u00e3o entre neur\u00f4nios e aumentar a plasticidade cerebral<\/strong>, favorecendo o aprendizado e a forma\u00e7\u00e3o de novas mem\u00f3rias.<\/p>\n\n\n<div class=\"wp-block-image\">\n<figure class=\"aligncenter size-large\"><img decoding=\"async\" width=\"1024\" height=\"576\" src=\"https:\/\/www.correiobraziliense.com.br\/cbradar\/wp-content\/uploads\/2025\/09\/mirtilo_1757217166901-1024x576.jpg\" alt=\"Os 5 alimentos que protegem o c\u00e9rebro e ajudam na mem\u00f3ria ao envelhecer\" class=\"wp-image-99826\" srcset=\"https:\/\/www.correiobraziliense.com.br\/cbradar\/wp-content\/uploads\/2025\/09\/mirtilo_1757217166901-1024x576.jpg 1024w, https:\/\/www.correiobraziliense.com.br\/cbradar\/wp-content\/uploads\/2025\/09\/mirtilo_1757217166901-300x169.jpg 300w, https:\/\/www.correiobraziliense.com.br\/cbradar\/wp-content\/uploads\/2025\/09\/mirtilo_1757217166901-768x432.jpg 768w, https:\/\/www.correiobraziliense.com.br\/cbradar\/wp-content\/uploads\/2025\/09\/mirtilo_1757217166901-750x422.jpg 750w, https:\/\/www.correiobraziliense.com.br\/cbradar\/wp-content\/uploads\/2025\/09\/mirtilo_1757217166901-1140x642.jpg 1140w, https:\/\/www.correiobraziliense.com.br\/cbradar\/wp-content\/uploads\/2025\/09\/mirtilo_1757217166901.jpg 1279w\" sizes=\"(max-width: 1024px) 100vw, 1024px\" \/><figcaption class=\"wp-element-caption\">Mirtilo \u00e9 uma pequena fruta azulada rica em antioxidantes, fibras e vitaminas essenciais para a sa\u00fade. \/\/ Cr\u00e9ditos: depositphotos.com \/ Vladdon<\/figcaption><\/figure><\/div>\n\n\n<h2 class=\"wp-block-heading\">Como a c\u00farcuma pode fazer efeito no c\u00e9rebro?<\/h2>\n\n\n\n<p>A c\u00farcuma, especialmente devido \u00e0 <strong>curcumina<\/strong>, \u00e9 um anti-inflamat\u00f3rio natural com efeitos importantes no c\u00e9rebro. A curcumina atua reduzindo inflama\u00e7\u00f5es e protegendo as c\u00e9lulas nervosas contra danos oxidativos.<\/p>\n\n\n\n<p>Esse composto tamb\u00e9m favorece a <strong>produ\u00e7\u00e3o de BDNF<\/strong>, uma prote\u00edna essencial para o crescimento e a sobreviv\u00eancia dos neur\u00f4nios, ajudando na mem\u00f3ria e no humor.<\/p>\n\n\n\n<h2 class=\"wp-block-heading\">Quais os benef\u00edcios do abacate?<\/h2>\n\n\n\n<p>O abacate \u00e9 rico em <strong>gorduras monoinsaturadas<\/strong>, que ajudam a melhorar o fluxo sangu\u00edneo cerebral. Um bom fluxo de sangue significa mais oxig\u00eanio e nutrientes chegando ao c\u00e9rebro, favorecendo a concentra\u00e7\u00e3o e o racioc\u00ednio.<\/p>\n\n\n\n<p>Al\u00e9m disso, o abacate cont\u00e9m vitaminas do complexo B, importantes para o metabolismo energ\u00e9tico do sistema nervoso e para a sa\u00fade das conex\u00f5es neurais.<\/p>\n\n\n\n<p><strong>Leia tamb\u00e9m: <a href=\"https:\/\/www.correiobraziliense.com.br\/cbradar\/essa-cidade-de-santa-catarina-que-esta-sendo-apontada-como-uma-das-melhores-do-pais\/\" target=\"_blank\" rel=\"noreferrer noopener\">Essa cidade de Santa Catarina est\u00e1 sendo apontada como uma das melhores do pa\u00eds.<\/a><\/strong><\/p>\n\n\n\n<h2 class=\"wp-block-heading\">Como incluir esses alimentos no dia a dia?<\/h2>\n\n\n\n<p>A boa not\u00edcia \u00e9 que todos esses alimentos podem ser incorporados facilmente \u00e0 rotina:<\/p>\n\n\n\n<ul class=\"wp-block-list\">\n<li>intercalar refei\u00e7\u00f5es com peixes ricos em \u00f4mega-3 2 a 3 vezes por semana;<\/li>\n\n\n\n<li>consumir um punhado de nozes como lanche;<\/li>\n\n\n\n<li>adicionar mirtilos ao iogurte, aveia ou vitaminas;<\/li>\n\n\n\n<li>usar c\u00farcuma em prepara\u00e7\u00f5es quentes como sopas, ovos ou arroz;<\/li>\n\n\n\n<li>incluir abacate no caf\u00e9 da manh\u00e3, saladas ou tortilhas.<\/li>\n<\/ul>\n\n\n\n<p>Esses alimentos fortalecem o c\u00e9rebro, mas <strong>n\u00e3o substituem acompanhamento m\u00e9dico, exames ou cuidados espec\u00edficos<\/strong> caso haja hist\u00f3rico familiar de doen\u00e7as neurol\u00f3gicas. A alimenta\u00e7\u00e3o \u00e9 uma ferramenta poderosa, mas faz parte de um conjunto maior de h\u00e1bitos saud\u00e1veis.<\/p>\n","protected":false},"excerpt":{"rendered":"<p>A alimenta\u00e7\u00e3o pode ser uma aliada poderosa para proteger o c\u00e9rebro contra doen\u00e7as e manter a mem\u00f3ria afiada. Diversos estudos comprovam que certos alimentos possuem compostos capazes de melhorar a comunica\u00e7\u00e3o entre neur\u00f4nios, reduzir inflama\u00e7\u00f5es e retardar o envelhecimento cerebral. Entre eles, alguns se destacam pela quantidade de evid\u00eancias cient\u00edficas dispon\u00edveis. Quais os efeitos de [&hellip;]<\/p>\n","protected":false},"author":8,"featured_media":122427,"comment_status":"open","ping_status":"open","sticky":false,"template":"","format":"standard","meta":{"_yoast_wpseo_focuskw":"alimentos","_yoast_wpseo_title":"","_yoast_wpseo_metadesc":"Esses 5 alimentos s\u00e3o essenciais para quem est\u00e1 envelhecendo e ajudam a manter a mem\u00f3ria afiada. Veja como inclu\u00ed-los na rotina.","jnews-multi-image_gallery":[],"jnews_single_post":{"format":"standard"},"jnews_primary_category":[],"jnews_social_meta":[],"jnews_override_counter":[],"footnotes":""},"categories":[112],"post_tag":[1423,698,1318],"class_list":["post-143683","post","type-post","status-publish","format-standard","has-post-thumbnail","hentry","category-curiosidades","tag-alimentos","tag-cerebro","tag-saude-2"],"yoast_head":"<!-- This site is optimized with the Yoast SEO plugin v24.6 - https:\/\/yoast.com\/wordpress\/plugins\/seo\/ -->\n<title>Os 5 alimentos que protegem o c\u00e9rebro e ajudam na mem\u00f3ria ao envelhecer - Correio Braziliense - Radar<\/title>\n<meta name=\"description\" content=\"Esses 5 alimentos s\u00e3o essenciais para quem est\u00e1 envelhecendo e ajudam a manter a mem\u00f3ria afiada. Veja como inclu\u00ed-los na rotina.\" \/>\n<meta name=\"robots\" content=\"index, follow, max-snippet:-1, max-image-preview:large, max-video-preview:-1\" \/>\n<link rel=\"canonical\" href=\"https:\/\/www.correiobraziliense.com.br\/cbradar\/os-5-alimentos-que-protegem-o-cerebro-e-ajudam-na-memoria-ao-envelhecer\/\" \/>\n<meta property=\"og:locale\" content=\"pt_BR\" \/>\n<meta property=\"og:type\" content=\"article\" \/>\n<meta property=\"og:title\" content=\"Os 5 alimentos que protegem o c\u00e9rebro e ajudam na mem\u00f3ria ao envelhecer - Correio Braziliense - Radar\" \/>\n<meta property=\"og:description\" content=\"Esses 5 alimentos s\u00e3o essenciais para quem est\u00e1 envelhecendo e ajudam a manter a mem\u00f3ria afiada. Veja como inclu\u00ed-los na rotina.\" \/>\n<meta property=\"og:url\" content=\"https:\/\/www.correiobraziliense.com.br\/cbradar\/os-5-alimentos-que-protegem-o-cerebro-e-ajudam-na-memoria-ao-envelhecer\/\" \/>\n<meta property=\"og:site_name\" content=\"Correio Braziliense - Radar\" \/>\n<meta property=\"article:published_time\" content=\"2025-11-24T12:55:00+00:00\" \/>\n<meta property=\"og:image\" content=\"https:\/\/www.correiobraziliense.com.br\/cbradar\/wp-content\/uploads\/2025\/10\/neuroplasticidade_1760908921500.jpg\" \/>\n\t<meta property=\"og:image:width\" content=\"1280\" \/>\n\t<meta property=\"og:image:height\" content=\"720\" \/>\n\t<meta property=\"og:image:type\" content=\"image\/jpeg\" \/>\n<meta name=\"author\" content=\"Maura Pereira\" \/>\n<meta name=\"twitter:card\" content=\"summary_large_image\" \/>\n<meta name=\"twitter:label1\" content=\"Escrito por\" \/>\n\t<meta name=\"twitter:data1\" content=\"Maura Pereira\" \/>\n\t<meta name=\"twitter:label2\" content=\"Est. tempo de leitura\" \/>\n\t<meta name=\"twitter:data2\" content=\"4 minutos\" \/>\n<!-- \/ Yoast SEO plugin. -->","yoast_head_json":{"title":"Os 5 alimentos que protegem o c\u00e9rebro e ajudam na mem\u00f3ria ao envelhecer - Correio Braziliense - Radar","description":"Esses 5 alimentos s\u00e3o essenciais para quem est\u00e1 envelhecendo e ajudam a manter a mem\u00f3ria afiada. Veja como inclu\u00ed-los na rotina.","robots":{"index":"index","follow":"follow","max-snippet":"max-snippet:-1","max-image-preview":"max-image-preview:large","max-video-preview":"max-video-preview:-1"},"canonical":"https:\/\/www.correiobraziliense.com.br\/cbradar\/os-5-alimentos-que-protegem-o-cerebro-e-ajudam-na-memoria-ao-envelhecer\/","og_locale":"pt_BR","og_type":"article","og_title":"Os 5 alimentos que protegem o c\u00e9rebro e ajudam na mem\u00f3ria ao envelhecer - Correio Braziliense - Radar","og_description":"Esses 5 alimentos s\u00e3o essenciais para quem est\u00e1 envelhecendo e ajudam a manter a mem\u00f3ria afiada. Veja como inclu\u00ed-los na rotina.","og_url":"https:\/\/www.correiobraziliense.com.br\/cbradar\/os-5-alimentos-que-protegem-o-cerebro-e-ajudam-na-memoria-ao-envelhecer\/","og_site_name":"Correio Braziliense - Radar","article_published_time":"2025-11-24T12:55:00+00:00","og_image":[{"width":1280,"height":720,"url":"https:\/\/www.correiobraziliense.com.br\/cbradar\/wp-content\/uploads\/2025\/10\/neuroplasticidade_1760908921500.jpg","type":"image\/jpeg"}],"author":"Maura Pereira","twitter_card":"summary_large_image","twitter_misc":{"Escrito por":"Maura Pereira","Est. tempo de leitura":"4 minutos"},"schema":{"@context":"https:\/\/schema.org","@graph":[{"@type":"WebPage","@id":"https:\/\/www.correiobraziliense.com.br\/cbradar\/os-5-alimentos-que-protegem-o-cerebro-e-ajudam-na-memoria-ao-envelhecer\/","url":"https:\/\/www.correiobraziliense.com.br\/cbradar\/os-5-alimentos-que-protegem-o-cerebro-e-ajudam-na-memoria-ao-envelhecer\/","name":"Os 5 alimentos que protegem o c\u00e9rebro e ajudam na mem\u00f3ria ao envelhecer - Correio Braziliense - Radar","isPartOf":{"@id":"https:\/\/www.correiobraziliense.com.br\/cbradar\/#website"},"primaryImageOfPage":{"@id":"https:\/\/www.correiobraziliense.com.br\/cbradar\/os-5-alimentos-que-protegem-o-cerebro-e-ajudam-na-memoria-ao-envelhecer\/#primaryimage"},"image":{"@id":"https:\/\/www.correiobraziliense.com.br\/cbradar\/os-5-alimentos-que-protegem-o-cerebro-e-ajudam-na-memoria-ao-envelhecer\/#primaryimage"},"thumbnailUrl":"https:\/\/www.correiobraziliense.com.br\/cbradar\/wp-content\/uploads\/2025\/10\/neuroplasticidade_1760908921500.jpg","datePublished":"2025-11-24T12:55:00+00:00","author":{"@id":"https:\/\/www.correiobraziliense.com.br\/cbradar\/#\/schema\/person\/4053c651a9bfc785afc6f4cbc9032fd3"},"description":"Esses 5 alimentos s\u00e3o essenciais para quem est\u00e1 envelhecendo e ajudam a manter a mem\u00f3ria afiada. Veja como inclu\u00ed-los na rotina.","breadcrumb":{"@id":"https:\/\/www.correiobraziliense.com.br\/cbradar\/os-5-alimentos-que-protegem-o-cerebro-e-ajudam-na-memoria-ao-envelhecer\/#breadcrumb"},"inLanguage":"pt-BR","potentialAction":[{"@type":"ReadAction","target":["https:\/\/www.correiobraziliense.com.br\/cbradar\/os-5-alimentos-que-protegem-o-cerebro-e-ajudam-na-memoria-ao-envelhecer\/"]}]},{"@type":"ImageObject","inLanguage":"pt-BR","@id":"https:\/\/www.correiobraziliense.com.br\/cbradar\/os-5-alimentos-que-protegem-o-cerebro-e-ajudam-na-memoria-ao-envelhecer\/#primaryimage","url":"https:\/\/www.correiobraziliense.com.br\/cbradar\/wp-content\/uploads\/2025\/10\/neuroplasticidade_1760908921500.jpg","contentUrl":"https:\/\/www.correiobraziliense.com.br\/cbradar\/wp-content\/uploads\/2025\/10\/neuroplasticidade_1760908921500.jpg","width":1280,"height":720,"caption":"Composto por bilh\u00f5es de neur\u00f4nios, o c\u00e9rebro se comunica por impulsos el\u00e9tricos e conex\u00f5es sin\u00e1pticas. \/\/ Cr\u00e9ditos: depositphotos.com \/ Eduard_M"},{"@type":"BreadcrumbList","@id":"https:\/\/www.correiobraziliense.com.br\/cbradar\/os-5-alimentos-que-protegem-o-cerebro-e-ajudam-na-memoria-ao-envelhecer\/#breadcrumb","itemListElement":[{"@type":"ListItem","position":1,"name":"In\u00edcio","item":"https:\/\/www.correiobraziliense.com.br\/cbradar\/"},{"@type":"ListItem","position":2,"name":"Os 5 alimentos que protegem o c\u00e9rebro e ajudam na mem\u00f3ria ao envelhecer"}]},{"@type":"WebSite","@id":"https:\/\/www.correiobraziliense.com.br\/cbradar\/#website","url":"https:\/\/www.correiobraziliense.com.br\/cbradar\/","name":"Correio Braziliense - Radar","description":"Acompanhe as \u00faltimas not\u00edcias e fique bem informado sobre tudo o que acontece no Brasil e no mundo.","potentialAction":[{"@type":"SearchAction","target":{"@type":"EntryPoint","urlTemplate":"https:\/\/www.correiobraziliense.com.br\/cbradar\/?s={search_term_string}"},"query-input":{"@type":"PropertyValueSpecification","valueRequired":true,"valueName":"search_term_string"}}],"inLanguage":"pt-BR"},{"@type":"Person","@id":"https:\/\/www.correiobraziliense.com.br\/cbradar\/#\/schema\/person\/4053c651a9bfc785afc6f4cbc9032fd3","name":"Maura Pereira","image":{"@type":"ImageObject","inLanguage":"pt-BR","@id":"https:\/\/www.correiobraziliense.com.br\/cbradar\/#\/schema\/person\/image\/","url":"https:\/\/secure.gravatar.com\/avatar\/3effd6bdadfa447f15089c7f7144eaa6?s=96&d=mm&r=g","contentUrl":"https:\/\/secure.gravatar.com\/avatar\/3effd6bdadfa447f15089c7f7144eaa6?s=96&d=mm&r=g","caption":"Maura Pereira"},"sameAs":["https:\/\/www.correiobraziliense.com.br\/"],"url":"https:\/\/www.correiobraziliense.com.br\/cbradar\/author\/mauramyth\/"}]}},"_links":{"self":[{"href":"https:\/\/www.correiobraziliense.com.br\/cbradar\/wp-json\/wp\/v2\/posts\/143683","targetHints":{"allow":["GET"]}}],"collection":[{"href":"https:\/\/www.correiobraziliense.com.br\/cbradar\/wp-json\/wp\/v2\/posts"}],"about":[{"href":"https:\/\/www.correiobraziliense.com.br\/cbradar\/wp-json\/wp\/v2\/types\/post"}],"author":[{"embeddable":true,"href":"https:\/\/www.correiobraziliense.com.br\/cbradar\/wp-json\/wp\/v2\/users\/8"}],"replies":[{"embeddable":true,"href":"https:\/\/www.correiobraziliense.com.br\/cbradar\/wp-json\/wp\/v2\/comments?post=143683"}],"version-history":[{"count":10,"href":"https:\/\/www.correiobraziliense.com.br\/cbradar\/wp-json\/wp\/v2\/posts\/143683\/revisions"}],"predecessor-version":[{"id":143706,"href":"https:\/\/www.correiobraziliense.com.br\/cbradar\/wp-json\/wp\/v2\/posts\/143683\/revisions\/143706"}],"wp:featuredmedia":[{"embeddable":true,"href":"https:\/\/www.correiobraziliense.com.br\/cbradar\/wp-json\/wp\/v2\/media\/122427"}],"wp:attachment":[{"href":"https:\/\/www.correiobraziliense.com.br\/cbradar\/wp-json\/wp\/v2\/media?parent=143683"}],"wp:term":[{"taxonomy":"category","embeddable":true,"href":"https:\/\/www.correiobraziliense.com.br\/cbradar\/wp-json\/wp\/v2\/categories?post=143683"},{"taxonomy":"post_tag","embeddable":true,"href":"https:\/\/www.correiobraziliense.com.br\/cbradar\/wp-json\/wp\/v2\/post_tag?post=143683"}],"curies":[{"name":"wp","href":"https:\/\/api.w.org\/{rel}","templated":true}]}}