{"id":143745,"date":"2025-11-24T13:45:02","date_gmt":"2025-11-24T16:45:02","guid":{"rendered":"https:\/\/www.correiobraziliense.com.br\/cbradar\/?p=143745"},"modified":"2025-11-23T13:45:29","modified_gmt":"2025-11-23T16:45:29","slug":"o-que-significa-sentir-a-cabeca-oca-mesmo-cheia-de-pensamentos","status":"publish","type":"post","link":"https:\/\/www.correiobraziliense.com.br\/cbradar\/o-que-significa-sentir-a-cabeca-oca-mesmo-cheia-de-pensamentos\/","title":{"rendered":"O que significa sentir a cabe\u00e7a oca, mesmo cheia de pensamentos?"},"content":{"rendered":"\n<p><strong>A sensa\u00e7\u00e3o de cabe\u00e7a \u201coca\u201d, &#8220;pesada&#8221; ou \u201cflutuando\u201d ao mesmo tempo, em que a mente est\u00e1 cheia de pensamentos \u00e9 mais comum do que parece. <\/strong>Esse contraste, vazio f\u00edsico e excesso mental, costuma surgir quando o c\u00e9rebro est\u00e1 sobrecarregado, cansado ou em estado de alerta cont\u00ednuo. Entender por que isso acontece ajuda a identificar poss\u00edveis causas emocionais, f\u00edsicas e neurol\u00f3gicas.<\/p>\n\n\n\n<h2 class=\"wp-block-heading\">O que significa a sensa\u00e7\u00e3o de cabe\u00e7a &#8220;pesada&#8221;?<\/h2>\n\n\n\n<p><strong>Quando o c\u00e9rebro est\u00e1 lidando com estresse, ansiedade ou excesso de est\u00edmulos<\/strong>, o sistema nervoso pode interpretar isso como sinal de amea\u00e7a. Uma das respostas poss\u00edveis \u00e9 a sensa\u00e7\u00e3o de leveza, flutua\u00e7\u00e3o ou \u201cdistanciamento\u201d do pr\u00f3prio corpo.<\/p>\n\n\n\n<p>Esse efeito \u00e9 comum em momentos de cansa\u00e7o extremo, falta de sono, hipervigil\u00e2ncia ou ap\u00f3s longos per\u00edodos de tens\u00e3o. <strong>A mente tenta se proteger, reduzindo a percep\u00e7\u00e3o f\u00edsica enquanto os pensamentos continuam acelerados.<\/strong><\/p>\n\n\n<div class=\"wp-block-image\">\n<figure class=\"aligncenter size-large\"><img decoding=\"async\" width=\"1024\" height=\"576\" src=\"https:\/\/www.correiobraziliense.com.br\/cbradar\/wp-content\/uploads\/2025\/11\/G-27-1024x576.png\" alt=\"O que significa sentir a cabe\u00e7a oca, mesmo cheia de pensamentos?\" class=\"wp-image-143821\" srcset=\"https:\/\/www.correiobraziliense.com.br\/cbradar\/wp-content\/uploads\/2025\/11\/G-27-1024x576.png 1024w, https:\/\/www.correiobraziliense.com.br\/cbradar\/wp-content\/uploads\/2025\/11\/G-27-300x169.png 300w, https:\/\/www.correiobraziliense.com.br\/cbradar\/wp-content\/uploads\/2025\/11\/G-27-768x432.png 768w, https:\/\/www.correiobraziliense.com.br\/cbradar\/wp-content\/uploads\/2025\/11\/G-27-750x422.png 750w, https:\/\/www.correiobraziliense.com.br\/cbradar\/wp-content\/uploads\/2025\/11\/G-27-1140x641.png 1140w, https:\/\/www.correiobraziliense.com.br\/cbradar\/wp-content\/uploads\/2025\/11\/G-27.png 1280w\" sizes=\"(max-width: 1024px) 100vw, 1024px\" \/><figcaption class=\"wp-element-caption\">Quando a cabe\u00e7a fica leve e cansada, \u00e9 hora de desacelerar, descansar e se hidratar bem.<\/figcaption><\/figure><\/div>\n\n\n<h2 class=\"wp-block-heading\">Pensamentos acelerados criam desconex\u00e3o entre mente e corpo<\/h2>\n\n\n\n<p><strong>Enquanto a cabe\u00e7a parece vazia ou distante, os pensamentos continuam em alta velocidade.<\/strong> Esse contraste pode ser explicado pelo excesso de atividade cognitiva, que ocorre quando:<\/p>\n\n\n\n<ul class=\"wp-block-list\">\n<li>h\u00e1 preocupa\u00e7\u00e3o constante,<\/li>\n\n\n\n<li>a mente antecipa problemas,<\/li>\n\n\n\n<li>existe dificuldade de relaxar,<\/li>\n\n\n\n<li>o c\u00e9rebro est\u00e1 tentando resolver muitas coisas ao mesmo tempo.<\/li>\n<\/ul>\n\n\n\n<p>Essa \u201ccorrida de pensamentos\u201d d\u00e1 a sensa\u00e7\u00e3o de que a mente n\u00e3o para, criando uma esp\u00e9cie de ru\u00eddo mental que impede foco e clareza.<\/p>\n\n\n\n<h2 class=\"wp-block-heading\">Pode ser um sinal de ansiedade ou estresse acumulado<\/h2>\n\n\n\n<p>A combina\u00e7\u00e3o de leveza na cabe\u00e7a e mente acelerada \u00e9 bastante comum em quadros de ansiedade. O corpo entra em modo de alerta, mas sem um motivo espec\u00edfico e imediato. Isso causa sintomas como:<\/p>\n\n\n\n<ul class=\"wp-block-list\">\n<li>sensa\u00e7\u00e3o de flutua\u00e7\u00e3o,<\/li>\n\n\n\n<li>tontura leve,<\/li>\n\n\n\n<li>confus\u00e3o moment\u00e2nea,<\/li>\n\n\n\n<li>dificuldade de concentra\u00e7\u00e3o,<\/li>\n\n\n\n<li>pensamentos repetitivos ou intrusivos.<\/li>\n<\/ul>\n\n\n\n<p>O c\u00e9rebro tenta cuidar de tudo ao mesmo tempo \u2014 e acaba sem conseguir processar nada com profundidade.<\/p>\n\n\n\n<p>Confira abaixo o v\u00eddeo no TikTok do psicologo <strong>Dr. Paulo Antonio Almeida<\/strong> (<strong>@drpauloantonioalmeida<\/strong>), sobre sentir a cabe\u00e7a pesada, oca e com excesso de pensamentos.<\/p>\n\n\n\n<figure class=\"wp-block-embed is-type-video is-provider-tiktok wp-block-embed-tiktok\"><div class=\"wp-block-embed__wrapper\">\n<blockquote class=\"tiktok-embed\" cite=\"https:\/\/www.tiktok.com\/@drpauloantonioalmeida\/video\/7069687334526045445\" data-video-id=\"7069687334526045445\" data-embed-from=\"oembed\" style=\"max-width:605px; min-width:325px;\"> <section> <a target=\"_blank\" title=\"@drpauloantonioalmeida\" href=\"https:\/\/www.tiktok.com\/@drpauloantonioalmeida?refer=embed\">@drpauloantonioalmeida<\/a> <p><a title=\"ansiedade\" target=\"_blank\" href=\"https:\/\/www.tiktok.com\/tag\/ansiedade?refer=embed\">#ansiedade<\/a> <a title=\"cabecaoca\" target=\"_blank\" href=\"https:\/\/www.tiktok.com\/tag\/cabecaoca?refer=embed\">#cabecaoca<\/a><\/p> <a target=\"_blank\" title=\"\u266c Epic - Joystock\" href=\"https:\/\/www.tiktok.com\/music\/Epic-6856378543438301185?refer=embed\">\u266c Epic &#8211; Joystock<\/a> <\/section> <\/blockquote> <script async src=\"https:\/\/www.tiktok.com\/embed.js\"><\/script>\n<\/div><\/figure>\n\n\n\n<h2 class=\"wp-block-heading\">Exaust\u00e3o mental tamb\u00e9m provoca essa sensa\u00e7\u00e3o<\/h2>\n\n\n\n<p>Ap\u00f3s longos per\u00edodos de trabalho, estudo, est\u00edmulos digitais intensos ou falta de descanso, o c\u00e9rebro atinge um ponto de satura\u00e7\u00e3o. Mesmo com a cabe\u00e7a \u201cvazia\u201d fisicamente, a mente permanece cheia porque est\u00e1 sobrecarregada.<\/p>\n\n\n\n<p>Isso pode ocorrer em situa\u00e7\u00f5es como:<\/p>\n\n\n\n<ul class=\"wp-block-list\">\n<li>noites mal dormidas,<\/li>\n\n\n\n<li>tarefas repetitivas e cansativas,<\/li>\n\n\n\n<li>longos per\u00edodos de foco sem pausa,<\/li>\n\n\n\n<li>sobrecarga emocional.<\/li>\n<\/ul>\n\n\n\n<p>A sensa\u00e7\u00e3o de flutuar funciona como um aviso de que o corpo est\u00e1 pedindo descanso.<\/p>\n\n\n\n<p><strong>Leia tamb\u00e9m: <a href=\"https:\/\/www.correiobraziliense.com.br\/cbradar\/a-suica-brasileira-com-clima-europeu-e-arquitetura-encantadora-que-surpreende-turistas\/\" target=\"_blank\" rel=\"noreferrer noopener\">A Su\u00ed\u00e7a brasileira com clima europeu e arquitetura encantadora que surpreende turistas.<\/a><\/strong><\/p>\n\n\n\n<h2 class=\"wp-block-heading\">Quando essa sensa\u00e7\u00e3o merece aten\u00e7\u00e3o m\u00e9dica?<\/h2>\n\n\n\n<p>Embora geralmente esteja ligada a fatores emocionais ou ao cansa\u00e7o, essa sensa\u00e7\u00e3o merece cuidado quando aparece com:<\/p>\n\n\n\n<ul class=\"wp-block-list\">\n<li>desmaios,<\/li>\n\n\n\n<li>vis\u00e3o turva,<\/li>\n\n\n\n<li>dificuldade em falar,<\/li>\n\n\n\n<li>confus\u00e3o mental intensa,<\/li>\n\n\n\n<li>fraqueza repentina,<\/li>\n\n\n\n<li>dor de cabe\u00e7a incomum.<\/li>\n<\/ul>\n\n\n\n<p>Nesses casos, \u00e9 importante buscar atendimento m\u00e9dico para descartar causas f\u00edsicas.<\/p>\n","protected":false},"excerpt":{"rendered":"<p>A sensa\u00e7\u00e3o de cabe\u00e7a \u201coca\u201d, &#8220;pesada&#8221; ou \u201cflutuando\u201d ao mesmo tempo, em que a mente est\u00e1 cheia de pensamentos \u00e9 mais comum do que parece. Esse contraste, vazio f\u00edsico e excesso mental, costuma surgir quando o c\u00e9rebro est\u00e1 sobrecarregado, cansado ou em estado de alerta cont\u00ednuo. Entender por que isso acontece ajuda a identificar poss\u00edveis [&hellip;]<\/p>\n","protected":false},"author":8,"featured_media":143819,"comment_status":"open","ping_status":"open","sticky":false,"template":"","format":"standard","meta":{"_yoast_wpseo_focuskw":"cabe\u00e7a oca","_yoast_wpseo_title":"","_yoast_wpseo_metadesc":"Descubra o que significa sentir a cabe\u00e7a oca ou flutuando mesmo com muitos pensamentos e entenda o que isso revela sobre sua mente.","jnews-multi-image_gallery":[],"jnews_single_post":{"format":"standard"},"jnews_primary_category":[],"jnews_social_meta":[],"jnews_override_counter":[],"footnotes":""},"categories":[112],"tags":[11930,11931,404],"class_list":["post-143745","post","type-post","status-publish","format-standard","has-post-thumbnail","hentry","category-curiosidades","tag-cabeca-oca","tag-pesada","tag-psicologia"],"yoast_head":"<!-- This site is optimized with the Yoast SEO plugin v24.6 - https:\/\/yoast.com\/wordpress\/plugins\/seo\/ -->\n<title>O que significa sentir a cabe\u00e7a oca, mesmo cheia de pensamentos? - Correio Braziliense - Radar<\/title>\n<meta name=\"description\" content=\"Descubra o que significa sentir a cabe\u00e7a oca ou flutuando mesmo com muitos pensamentos e entenda o que isso revela sobre sua mente.\" \/>\n<meta name=\"robots\" content=\"index, follow, max-snippet:-1, max-image-preview:large, max-video-preview:-1\" \/>\n<link rel=\"canonical\" href=\"https:\/\/www.correiobraziliense.com.br\/cbradar\/o-que-significa-sentir-a-cabeca-oca-mesmo-cheia-de-pensamentos\/\" \/>\n<meta property=\"og:locale\" content=\"pt_BR\" \/>\n<meta property=\"og:type\" content=\"article\" \/>\n<meta property=\"og:title\" content=\"O que significa sentir a cabe\u00e7a oca, mesmo cheia de pensamentos? - Correio Braziliense - Radar\" \/>\n<meta property=\"og:description\" content=\"Descubra o que significa sentir a cabe\u00e7a oca ou flutuando mesmo com muitos pensamentos e entenda o que isso revela sobre sua mente.\" \/>\n<meta property=\"og:url\" content=\"https:\/\/www.correiobraziliense.com.br\/cbradar\/o-que-significa-sentir-a-cabeca-oca-mesmo-cheia-de-pensamentos\/\" \/>\n<meta property=\"og:site_name\" content=\"Correio Braziliense - Radar\" \/>\n<meta property=\"article:published_time\" content=\"2025-11-24T16:45:02+00:00\" \/>\n<meta property=\"og:image\" content=\"https:\/\/www.correiobraziliense.com.br\/cbradar\/wp-content\/uploads\/2025\/11\/G-26.png\" \/>\n\t<meta property=\"og:image:width\" content=\"1280\" \/>\n\t<meta property=\"og:image:height\" content=\"720\" \/>\n\t<meta property=\"og:image:type\" content=\"image\/png\" \/>\n<meta name=\"author\" content=\"Maura Pereira\" \/>\n<meta name=\"twitter:card\" content=\"summary_large_image\" \/>\n<meta name=\"twitter:label1\" content=\"Escrito por\" \/>\n\t<meta name=\"twitter:data1\" content=\"Maura Pereira\" \/>\n\t<meta name=\"twitter:label2\" content=\"Est. tempo de leitura\" \/>\n\t<meta name=\"twitter:data2\" content=\"3 minutos\" \/>\n<!-- \/ Yoast SEO plugin. -->","yoast_head_json":{"title":"O que significa sentir a cabe\u00e7a oca, mesmo cheia de pensamentos? - Correio Braziliense - Radar","description":"Descubra o que significa sentir a cabe\u00e7a oca ou flutuando mesmo com muitos pensamentos e entenda o que isso revela sobre sua mente.","robots":{"index":"index","follow":"follow","max-snippet":"max-snippet:-1","max-image-preview":"max-image-preview:large","max-video-preview":"max-video-preview:-1"},"canonical":"https:\/\/www.correiobraziliense.com.br\/cbradar\/o-que-significa-sentir-a-cabeca-oca-mesmo-cheia-de-pensamentos\/","og_locale":"pt_BR","og_type":"article","og_title":"O que significa sentir a cabe\u00e7a oca, mesmo cheia de pensamentos? - Correio Braziliense - Radar","og_description":"Descubra o que significa sentir a cabe\u00e7a oca ou flutuando mesmo com muitos pensamentos e entenda o que isso revela sobre sua mente.","og_url":"https:\/\/www.correiobraziliense.com.br\/cbradar\/o-que-significa-sentir-a-cabeca-oca-mesmo-cheia-de-pensamentos\/","og_site_name":"Correio Braziliense - Radar","article_published_time":"2025-11-24T16:45:02+00:00","og_image":[{"width":1280,"height":720,"url":"https:\/\/www.correiobraziliense.com.br\/cbradar\/wp-content\/uploads\/2025\/11\/G-26.png","type":"image\/png"}],"author":"Maura Pereira","twitter_card":"summary_large_image","twitter_misc":{"Escrito por":"Maura Pereira","Est. tempo de leitura":"3 minutos"},"schema":{"@context":"https:\/\/schema.org","@graph":[{"@type":"WebPage","@id":"https:\/\/www.correiobraziliense.com.br\/cbradar\/o-que-significa-sentir-a-cabeca-oca-mesmo-cheia-de-pensamentos\/","url":"https:\/\/www.correiobraziliense.com.br\/cbradar\/o-que-significa-sentir-a-cabeca-oca-mesmo-cheia-de-pensamentos\/","name":"O que significa sentir a cabe\u00e7a oca, mesmo cheia de pensamentos? - Correio Braziliense - Radar","isPartOf":{"@id":"https:\/\/www.correiobraziliense.com.br\/cbradar\/#website"},"primaryImageOfPage":{"@id":"https:\/\/www.correiobraziliense.com.br\/cbradar\/o-que-significa-sentir-a-cabeca-oca-mesmo-cheia-de-pensamentos\/#primaryimage"},"image":{"@id":"https:\/\/www.correiobraziliense.com.br\/cbradar\/o-que-significa-sentir-a-cabeca-oca-mesmo-cheia-de-pensamentos\/#primaryimage"},"thumbnailUrl":"https:\/\/www.correiobraziliense.com.br\/cbradar\/wp-content\/uploads\/2025\/11\/G-26.png","datePublished":"2025-11-24T16:45:02+00:00","author":{"@id":"https:\/\/www.correiobraziliense.com.br\/cbradar\/#\/schema\/person\/4053c651a9bfc785afc6f4cbc9032fd3"},"description":"Descubra o que significa sentir a cabe\u00e7a oca ou flutuando mesmo com muitos pensamentos e entenda o que isso revela sobre sua mente.","breadcrumb":{"@id":"https:\/\/www.correiobraziliense.com.br\/cbradar\/o-que-significa-sentir-a-cabeca-oca-mesmo-cheia-de-pensamentos\/#breadcrumb"},"inLanguage":"pt-BR","potentialAction":[{"@type":"ReadAction","target":["https:\/\/www.correiobraziliense.com.br\/cbradar\/o-que-significa-sentir-a-cabeca-oca-mesmo-cheia-de-pensamentos\/"]}]},{"@type":"ImageObject","inLanguage":"pt-BR","@id":"https:\/\/www.correiobraziliense.com.br\/cbradar\/o-que-significa-sentir-a-cabeca-oca-mesmo-cheia-de-pensamentos\/#primaryimage","url":"https:\/\/www.correiobraziliense.com.br\/cbradar\/wp-content\/uploads\/2025\/11\/G-26.png","contentUrl":"https:\/\/www.correiobraziliense.com.br\/cbradar\/wp-content\/uploads\/2025\/11\/G-26.png","width":1280,"height":720,"caption":"Cuidar da sa\u00fade mental e f\u00edsica \u00e9 essencial para evitar esse desconforto e recuperar a sensa\u00e7\u00e3o de bem-estar."},{"@type":"BreadcrumbList","@id":"https:\/\/www.correiobraziliense.com.br\/cbradar\/o-que-significa-sentir-a-cabeca-oca-mesmo-cheia-de-pensamentos\/#breadcrumb","itemListElement":[{"@type":"ListItem","position":1,"name":"In\u00edcio","item":"https:\/\/www.correiobraziliense.com.br\/cbradar\/"},{"@type":"ListItem","position":2,"name":"O que significa sentir a cabe\u00e7a oca, mesmo cheia de pensamentos?"}]},{"@type":"WebSite","@id":"https:\/\/www.correiobraziliense.com.br\/cbradar\/#website","url":"https:\/\/www.correiobraziliense.com.br\/cbradar\/","name":"Correio Braziliense - Radar","description":"Acompanhe as \u00faltimas not\u00edcias e fique bem informado sobre tudo o que acontece no Brasil e no mundo.","potentialAction":[{"@type":"SearchAction","target":{"@type":"EntryPoint","urlTemplate":"https:\/\/www.correiobraziliense.com.br\/cbradar\/?s={search_term_string}"},"query-input":{"@type":"PropertyValueSpecification","valueRequired":true,"valueName":"search_term_string"}}],"inLanguage":"pt-BR"},{"@type":"Person","@id":"https:\/\/www.correiobraziliense.com.br\/cbradar\/#\/schema\/person\/4053c651a9bfc785afc6f4cbc9032fd3","name":"Maura Pereira","image":{"@type":"ImageObject","inLanguage":"pt-BR","@id":"https:\/\/www.correiobraziliense.com.br\/cbradar\/#\/schema\/person\/image\/","url":"https:\/\/secure.gravatar.com\/avatar\/3effd6bdadfa447f15089c7f7144eaa6?s=96&d=mm&r=g","contentUrl":"https:\/\/secure.gravatar.com\/avatar\/3effd6bdadfa447f15089c7f7144eaa6?s=96&d=mm&r=g","caption":"Maura Pereira"},"sameAs":["https:\/\/www.correiobraziliense.com.br\/"],"url":"https:\/\/www.correiobraziliense.com.br\/cbradar\/author\/mauramyth\/"}]}},"_links":{"self":[{"href":"https:\/\/www.correiobraziliense.com.br\/cbradar\/wp-json\/wp\/v2\/posts\/143745","targetHints":{"allow":["GET"]}}],"collection":[{"href":"https:\/\/www.correiobraziliense.com.br\/cbradar\/wp-json\/wp\/v2\/posts"}],"about":[{"href":"https:\/\/www.correiobraziliense.com.br\/cbradar\/wp-json\/wp\/v2\/types\/post"}],"author":[{"embeddable":true,"href":"https:\/\/www.correiobraziliense.com.br\/cbradar\/wp-json\/wp\/v2\/users\/8"}],"replies":[{"embeddable":true,"href":"https:\/\/www.correiobraziliense.com.br\/cbradar\/wp-json\/wp\/v2\/comments?post=143745"}],"version-history":[{"count":20,"href":"https:\/\/www.correiobraziliense.com.br\/cbradar\/wp-json\/wp\/v2\/posts\/143745\/revisions"}],"predecessor-version":[{"id":143831,"href":"https:\/\/www.correiobraziliense.com.br\/cbradar\/wp-json\/wp\/v2\/posts\/143745\/revisions\/143831"}],"wp:featuredmedia":[{"embeddable":true,"href":"https:\/\/www.correiobraziliense.com.br\/cbradar\/wp-json\/wp\/v2\/media\/143819"}],"wp:attachment":[{"href":"https:\/\/www.correiobraziliense.com.br\/cbradar\/wp-json\/wp\/v2\/media?parent=143745"}],"wp:term":[{"taxonomy":"category","embeddable":true,"href":"https:\/\/www.correiobraziliense.com.br\/cbradar\/wp-json\/wp\/v2\/categories?post=143745"},{"taxonomy":"post_tag","embeddable":true,"href":"https:\/\/www.correiobraziliense.com.br\/cbradar\/wp-json\/wp\/v2\/tags?post=143745"}],"curies":[{"name":"wp","href":"https:\/\/api.w.org\/{rel}","templated":true}]}}