{"id":143746,"date":"2025-11-24T22:05:00","date_gmt":"2025-11-25T01:05:00","guid":{"rendered":"https:\/\/www.correiobraziliense.com.br\/cbradar\/?p=143746"},"modified":"2025-11-23T14:17:38","modified_gmt":"2025-11-23T17:17:38","slug":"o-que-realmente-significa-sentir-vontade-de-sumir-e-por-que-isso-acontece","status":"publish","type":"post","link":"https:\/\/www.correiobraziliense.com.br\/cbradar\/o-que-realmente-significa-sentir-vontade-de-sumir-e-por-que-isso-acontece\/","title":{"rendered":"O que realmente significa sentir vontade de sumir e por que isso acontece?"},"content":{"rendered":"\n<p><strong>A sensa\u00e7\u00e3o de \u201cvontade de sumir\u201d \u00e9 mais comum do que parece e pode surgir em momentos de sobrecarga emocional<\/strong>, estresse, exaust\u00e3o mental ou conflitos internos. Embora muitas pessoas tenham vergonha de admitir esse sentimento, ele \u00e9 um sinal importante de que algo em n\u00f3s est\u00e1 solicitando redu\u00e7\u00e3o de press\u00e3o, descanso ou mudan\u00e7a.<\/p>\n\n\n\n<h2 class=\"wp-block-heading\">Um pedido do corpo por descanso emocional<\/h2>\n\n\n\n<p>A vontade de sumir frequentemente aparece quando o c\u00e9rebro est\u00e1 lidando com est\u00edmulos demais ao mesmo tempo. Trabalho, responsabilidades, cobran\u00e7as internas e externas, conflitos familiares e falta de tempo para si podem levar a um estado de satura\u00e7\u00e3o.<\/p>\n\n\n\n<p>Quando isso acontece, o corpo envia mensagens de que precisa se afastar, respirar e se recompor. N\u00e3o se trata necessariamente de rejeitar as pessoas, mas de uma necessidade profunda de <strong>pausa mental<\/strong>.<\/p>\n\n\n<div class=\"wp-block-image\">\n<figure class=\"aligncenter size-large\"><img decoding=\"async\" width=\"1024\" height=\"576\" src=\"https:\/\/www.correiobraziliense.com.br\/cbradar\/wp-content\/uploads\/2025\/06\/v_1750635699516-1024x576.jpg\" alt=\"Voc\u00ea sente vontade de sumir do mapa por uns dias? Veja o que a ci\u00eancia diz\" class=\"wp-image-57660\" srcset=\"https:\/\/www.correiobraziliense.com.br\/cbradar\/wp-content\/uploads\/2025\/06\/v_1750635699516-1024x576.jpg 1024w, https:\/\/www.correiobraziliense.com.br\/cbradar\/wp-content\/uploads\/2025\/06\/v_1750635699516-300x169.jpg 300w, https:\/\/www.correiobraziliense.com.br\/cbradar\/wp-content\/uploads\/2025\/06\/v_1750635699516-768x432.jpg 768w, https:\/\/www.correiobraziliense.com.br\/cbradar\/wp-content\/uploads\/2025\/06\/v_1750635699516-750x422.jpg 750w, https:\/\/www.correiobraziliense.com.br\/cbradar\/wp-content\/uploads\/2025\/06\/v_1750635699516-1140x641.jpg 1140w, https:\/\/www.correiobraziliense.com.br\/cbradar\/wp-content\/uploads\/2025\/06\/v_1750635699516.jpg 1280w\" sizes=\"(max-width: 1024px) 100vw, 1024px\" \/><figcaption class=\"wp-element-caption\">Distanciar-se da fam\u00edlia \u00e0s vezes \u00e9 necess\u00e1rio para o crescimento pessoal e a sa\u00fade emocional!  \/\/ Cr\u00e9ditos: depositphotos.com \/ ArturVerkhovetskiy<\/figcaption><\/figure><\/div>\n\n\n<h2 class=\"wp-block-heading\">Exaust\u00e3o e sobrecarga do sistema nervoso<\/h2>\n\n\n\n<p><strong>Quando o sistema nervoso est\u00e1 hiperestimulado por longos per\u00edodos, ele entra em um modo de prote\u00e7\u00e3o. <\/strong>\u00c9 comum sentir:<\/p>\n\n\n\n<ul class=\"wp-block-list\">\n<li>cansa\u00e7o extremo;<\/li>\n\n\n\n<li>irritabilidade;<\/li>\n\n\n\n<li>dificuldade de concentra\u00e7\u00e3o;<\/li>\n\n\n\n<li>vontade de se isolar;<\/li>\n\n\n\n<li>sensa\u00e7\u00e3o de estar \u201cno limite\u201d.<\/li>\n<\/ul>\n\n\n\n<p>Nesse estado, sumir, mesmo que simbolicamente, parece a \u00fanica maneira de aliviar a press\u00e3o acumulada.<\/p>\n\n\n\n<h2 class=\"wp-block-heading\">A fuga como tentativa de evitar conflitos ou dor<\/h2>\n\n\n\n<p>Para algumas pessoas, a vontade de sumir aparece quando h\u00e1 conflitos dif\u00edceis de enfrentar ou emo\u00e7\u00f5es dolorosas que n\u00e3o foram elaboradas. A mente tenta se afastar da fonte de estresse, criando esse impulso de desaparecer temporariamente.<\/p>\n\n\n\n<p>\u00c9 um mecanismo natural de autopreserva\u00e7\u00e3o, n\u00e3o um defeito pessoal.<\/p>\n\n\n<div class=\"wp-block-image\">\n<figure class=\"aligncenter size-large\"><img decoding=\"async\" width=\"1024\" height=\"576\" src=\"https:\/\/www.correiobraziliense.com.br\/cbradar\/wp-content\/uploads\/2025\/10\/viajar-longe_1761531343787-1024x576.jpg\" alt=\"O corpo aguenta caminhar sem parar por quantos dias seguidos?\" class=\"wp-image-126339\" srcset=\"https:\/\/www.correiobraziliense.com.br\/cbradar\/wp-content\/uploads\/2025\/10\/viajar-longe_1761531343787-1024x576.jpg 1024w, https:\/\/www.correiobraziliense.com.br\/cbradar\/wp-content\/uploads\/2025\/10\/viajar-longe_1761531343787-300x169.jpg 300w, https:\/\/www.correiobraziliense.com.br\/cbradar\/wp-content\/uploads\/2025\/10\/viajar-longe_1761531343787-768x432.jpg 768w, https:\/\/www.correiobraziliense.com.br\/cbradar\/wp-content\/uploads\/2025\/10\/viajar-longe_1761531343787-750x422.jpg 750w, https:\/\/www.correiobraziliense.com.br\/cbradar\/wp-content\/uploads\/2025\/10\/viajar-longe_1761531343787-1140x641.jpg 1140w, https:\/\/www.correiobraziliense.com.br\/cbradar\/wp-content\/uploads\/2025\/10\/viajar-longe_1761531343787.jpg 1280w\" sizes=\"(max-width: 1024px) 100vw, 1024px\" \/><figcaption class=\"wp-element-caption\">Caminhar por muito tempo melhora a resist\u00eancia cardiovascular e auxilia no controle do peso corporal.<\/figcaption><\/figure><\/div>\n\n\n<h2 class=\"wp-block-heading\">Quando a vontade de sumir merece aten\u00e7\u00e3o?<\/h2>\n\n\n\n<p>Ter esse sentimento ocasionalmente \u00e9 normal, mas ele merece cuidado quando:<\/p>\n\n\n\n<ul class=\"wp-block-list\">\n<li>aparece com muita frequ\u00eancia;<\/li>\n\n\n\n<li>vira um pensamento di\u00e1rio;<\/li>\n\n\n\n<li>vem acompanhado de tristeza intensa;<\/li>\n\n\n\n<li>causa isolamento social exagerado;<\/li>\n\n\n\n<li>afeta o desempenho no trabalho ou nos estudos;<\/li>\n\n\n\n<li>vem junto de pensamentos autodepreciativos.<\/li>\n<\/ul>\n\n\n\n<p>Nesses casos, pode ser sinal de esgotamento emocional, ansiedade elevada ou in\u00edcio de burnout.<\/p>\n\n\n\n<p><strong>Leia tamb\u00e9m: <a href=\"https:\/\/www.correiobraziliense.com.br\/cbradar\/a-suica-brasileira-com-clima-europeu-e-arquitetura-encantadora-que-surpreende-turistas\/\" target=\"_blank\" rel=\"noreferrer noopener\">A Su\u00ed\u00e7a brasileira com clima europeu e arquitetura encantadora que surpreende turistas.<\/a><\/strong><\/p>\n\n\n\n<h2 class=\"wp-block-heading\">O que pode ajudar nesses momentos?<\/h2>\n\n\n\n<p>Algumas a\u00e7\u00f5es simples podem aliviar essa sensa\u00e7\u00e3o:<\/p>\n\n\n\n<ul class=\"wp-block-list\">\n<li>fazer pausas reais ao longo do dia;<\/li>\n\n\n\n<li>reduzir est\u00edmulos (telas, not\u00edcias, demandas);<\/li>\n\n\n\n<li>conversar com algu\u00e9m de confian\u00e7a;<\/li>\n\n\n\n<li>organizar prioridades para evitar sobrecarga;<\/li>\n\n\n\n<li>praticar respira\u00e7\u00e3o ou caminhadas leves;<\/li>\n\n\n\n<li>permitir-se descansar sem culpa.<\/li>\n<\/ul>\n\n\n\n<p>Se a sensa\u00e7\u00e3o persistir, buscar ajuda psicol\u00f3gica pode ser essencial para entender a raiz do problema e construir estrat\u00e9gias de cuidado emocional.<\/p>\n","protected":false},"excerpt":{"rendered":"<p>A sensa\u00e7\u00e3o de \u201cvontade de sumir\u201d \u00e9 mais comum do que parece e pode surgir em momentos de sobrecarga emocional, estresse, exaust\u00e3o mental ou conflitos internos. Embora muitas pessoas tenham vergonha de admitir esse sentimento, ele \u00e9 um sinal importante de que algo em n\u00f3s est\u00e1 solicitando redu\u00e7\u00e3o de press\u00e3o, descanso ou mudan\u00e7a. Um pedido [&hellip;]<\/p>\n","protected":false},"author":8,"featured_media":126337,"comment_status":"open","ping_status":"open","sticky":false,"template":"","format":"standard","meta":{"_yoast_wpseo_focuskw":"vontade de sumir","_yoast_wpseo_title":"","_yoast_wpseo_metadesc":"Descubra o que significa sentir vontade de sumir e veja o que esse sentimento revela sobre cansa\u00e7o emocional, limites e estresse.","jnews-multi-image_gallery":[],"jnews_single_post":{"format":"standard"},"jnews_primary_category":[],"jnews_social_meta":[],"jnews_override_counter":[],"footnotes":""},"categories":[112],"post_tag":[404,11932],"class_list":["post-143746","post","type-post","status-publish","format-standard","has-post-thumbnail","hentry","category-curiosidades","tag-psicologia","tag-sentir-vontade-sumir"],"yoast_head":"<!-- This site is optimized with the Yoast SEO plugin v24.6 - https:\/\/yoast.com\/wordpress\/plugins\/seo\/ -->\n<title>O que realmente significa sentir vontade de sumir e por que isso acontece? - Correio Braziliense - Radar<\/title>\n<meta name=\"description\" content=\"Descubra o que significa sentir vontade de sumir e veja o que esse sentimento revela sobre cansa\u00e7o emocional, limites e estresse.\" \/>\n<meta name=\"robots\" content=\"index, follow, max-snippet:-1, max-image-preview:large, max-video-preview:-1\" \/>\n<link rel=\"canonical\" href=\"https:\/\/www.correiobraziliense.com.br\/cbradar\/o-que-realmente-significa-sentir-vontade-de-sumir-e-por-que-isso-acontece\/\" \/>\n<meta property=\"og:locale\" content=\"pt_BR\" \/>\n<meta property=\"og:type\" content=\"article\" \/>\n<meta property=\"og:title\" content=\"O que realmente significa sentir vontade de sumir e por que isso acontece? - Correio Braziliense - Radar\" \/>\n<meta property=\"og:description\" content=\"Descubra o que significa sentir vontade de sumir e veja o que esse sentimento revela sobre cansa\u00e7o emocional, limites e estresse.\" \/>\n<meta property=\"og:url\" content=\"https:\/\/www.correiobraziliense.com.br\/cbradar\/o-que-realmente-significa-sentir-vontade-de-sumir-e-por-que-isso-acontece\/\" \/>\n<meta property=\"og:site_name\" content=\"Correio Braziliense - Radar\" \/>\n<meta property=\"article:published_time\" content=\"2025-11-25T01:05:00+00:00\" \/>\n<meta property=\"og:image\" content=\"https:\/\/www.correiobraziliense.com.br\/cbradar\/wp-content\/uploads\/2025\/10\/ir-embora_1761531267900.jpg\" \/>\n\t<meta property=\"og:image:width\" content=\"1280\" \/>\n\t<meta property=\"og:image:height\" content=\"720\" \/>\n\t<meta property=\"og:image:type\" content=\"image\/jpeg\" \/>\n<meta name=\"author\" content=\"Maura Pereira\" \/>\n<meta name=\"twitter:card\" content=\"summary_large_image\" \/>\n<meta name=\"twitter:label1\" content=\"Escrito por\" \/>\n\t<meta name=\"twitter:data1\" content=\"Maura Pereira\" \/>\n\t<meta name=\"twitter:label2\" content=\"Est. tempo de leitura\" \/>\n\t<meta name=\"twitter:data2\" content=\"3 minutos\" \/>\n<!-- \/ Yoast SEO plugin. -->","yoast_head_json":{"title":"O que realmente significa sentir vontade de sumir e por que isso acontece? - Correio Braziliense - Radar","description":"Descubra o que significa sentir vontade de sumir e veja o que esse sentimento revela sobre cansa\u00e7o emocional, limites e estresse.","robots":{"index":"index","follow":"follow","max-snippet":"max-snippet:-1","max-image-preview":"max-image-preview:large","max-video-preview":"max-video-preview:-1"},"canonical":"https:\/\/www.correiobraziliense.com.br\/cbradar\/o-que-realmente-significa-sentir-vontade-de-sumir-e-por-que-isso-acontece\/","og_locale":"pt_BR","og_type":"article","og_title":"O que realmente significa sentir vontade de sumir e por que isso acontece? - Correio Braziliense - Radar","og_description":"Descubra o que significa sentir vontade de sumir e veja o que esse sentimento revela sobre cansa\u00e7o emocional, limites e estresse.","og_url":"https:\/\/www.correiobraziliense.com.br\/cbradar\/o-que-realmente-significa-sentir-vontade-de-sumir-e-por-que-isso-acontece\/","og_site_name":"Correio Braziliense - Radar","article_published_time":"2025-11-25T01:05:00+00:00","og_image":[{"width":1280,"height":720,"url":"https:\/\/www.correiobraziliense.com.br\/cbradar\/wp-content\/uploads\/2025\/10\/ir-embora_1761531267900.jpg","type":"image\/jpeg"}],"author":"Maura Pereira","twitter_card":"summary_large_image","twitter_misc":{"Escrito por":"Maura Pereira","Est. tempo de leitura":"3 minutos"},"schema":{"@context":"https:\/\/schema.org","@graph":[{"@type":"WebPage","@id":"https:\/\/www.correiobraziliense.com.br\/cbradar\/o-que-realmente-significa-sentir-vontade-de-sumir-e-por-que-isso-acontece\/","url":"https:\/\/www.correiobraziliense.com.br\/cbradar\/o-que-realmente-significa-sentir-vontade-de-sumir-e-por-que-isso-acontece\/","name":"O que realmente significa sentir vontade de sumir e por que isso acontece? - Correio Braziliense - Radar","isPartOf":{"@id":"https:\/\/www.correiobraziliense.com.br\/cbradar\/#website"},"primaryImageOfPage":{"@id":"https:\/\/www.correiobraziliense.com.br\/cbradar\/o-que-realmente-significa-sentir-vontade-de-sumir-e-por-que-isso-acontece\/#primaryimage"},"image":{"@id":"https:\/\/www.correiobraziliense.com.br\/cbradar\/o-que-realmente-significa-sentir-vontade-de-sumir-e-por-que-isso-acontece\/#primaryimage"},"thumbnailUrl":"https:\/\/www.correiobraziliense.com.br\/cbradar\/wp-content\/uploads\/2025\/10\/ir-embora_1761531267900.jpg","datePublished":"2025-11-25T01:05:00+00:00","author":{"@id":"https:\/\/www.correiobraziliense.com.br\/cbradar\/#\/schema\/person\/4053c651a9bfc785afc6f4cbc9032fd3"},"description":"Descubra o que significa sentir vontade de sumir e veja o que esse sentimento revela sobre cansa\u00e7o emocional, limites e estresse.","breadcrumb":{"@id":"https:\/\/www.correiobraziliense.com.br\/cbradar\/o-que-realmente-significa-sentir-vontade-de-sumir-e-por-que-isso-acontece\/#breadcrumb"},"inLanguage":"pt-BR","potentialAction":[{"@type":"ReadAction","target":["https:\/\/www.correiobraziliense.com.br\/cbradar\/o-que-realmente-significa-sentir-vontade-de-sumir-e-por-que-isso-acontece\/"]}]},{"@type":"ImageObject","inLanguage":"pt-BR","@id":"https:\/\/www.correiobraziliense.com.br\/cbradar\/o-que-realmente-significa-sentir-vontade-de-sumir-e-por-que-isso-acontece\/#primaryimage","url":"https:\/\/www.correiobraziliense.com.br\/cbradar\/wp-content\/uploads\/2025\/10\/ir-embora_1761531267900.jpg","contentUrl":"https:\/\/www.correiobraziliense.com.br\/cbradar\/wp-content\/uploads\/2025\/10\/ir-embora_1761531267900.jpg","width":1280,"height":720,"caption":"Expressar a saudade conversando com amigos traz conforto e alivia o vazio no peito. \/\/ Cr\u00e9ditos: depositphotos.com \/ KatarinaGondova"},{"@type":"BreadcrumbList","@id":"https:\/\/www.correiobraziliense.com.br\/cbradar\/o-que-realmente-significa-sentir-vontade-de-sumir-e-por-que-isso-acontece\/#breadcrumb","itemListElement":[{"@type":"ListItem","position":1,"name":"In\u00edcio","item":"https:\/\/www.correiobraziliense.com.br\/cbradar\/"},{"@type":"ListItem","position":2,"name":"O que realmente significa sentir vontade de sumir e por que isso acontece?"}]},{"@type":"WebSite","@id":"https:\/\/www.correiobraziliense.com.br\/cbradar\/#website","url":"https:\/\/www.correiobraziliense.com.br\/cbradar\/","name":"Correio Braziliense - Radar","description":"Acompanhe as \u00faltimas not\u00edcias e fique bem informado sobre tudo o que acontece no Brasil e no mundo.","potentialAction":[{"@type":"SearchAction","target":{"@type":"EntryPoint","urlTemplate":"https:\/\/www.correiobraziliense.com.br\/cbradar\/?s={search_term_string}"},"query-input":{"@type":"PropertyValueSpecification","valueRequired":true,"valueName":"search_term_string"}}],"inLanguage":"pt-BR"},{"@type":"Person","@id":"https:\/\/www.correiobraziliense.com.br\/cbradar\/#\/schema\/person\/4053c651a9bfc785afc6f4cbc9032fd3","name":"Maura Pereira","image":{"@type":"ImageObject","inLanguage":"pt-BR","@id":"https:\/\/www.correiobraziliense.com.br\/cbradar\/#\/schema\/person\/image\/","url":"https:\/\/secure.gravatar.com\/avatar\/3effd6bdadfa447f15089c7f7144eaa6?s=96&d=mm&r=g","contentUrl":"https:\/\/secure.gravatar.com\/avatar\/3effd6bdadfa447f15089c7f7144eaa6?s=96&d=mm&r=g","caption":"Maura Pereira"},"sameAs":["https:\/\/www.correiobraziliense.com.br\/"],"url":"https:\/\/www.correiobraziliense.com.br\/cbradar\/author\/mauramyth\/"}]}},"_links":{"self":[{"href":"https:\/\/www.correiobraziliense.com.br\/cbradar\/wp-json\/wp\/v2\/posts\/143746","targetHints":{"allow":["GET"]}}],"collection":[{"href":"https:\/\/www.correiobraziliense.com.br\/cbradar\/wp-json\/wp\/v2\/posts"}],"about":[{"href":"https:\/\/www.correiobraziliense.com.br\/cbradar\/wp-json\/wp\/v2\/types\/post"}],"author":[{"embeddable":true,"href":"https:\/\/www.correiobraziliense.com.br\/cbradar\/wp-json\/wp\/v2\/users\/8"}],"replies":[{"embeddable":true,"href":"https:\/\/www.correiobraziliense.com.br\/cbradar\/wp-json\/wp\/v2\/comments?post=143746"}],"version-history":[{"count":10,"href":"https:\/\/www.correiobraziliense.com.br\/cbradar\/wp-json\/wp\/v2\/posts\/143746\/revisions"}],"predecessor-version":[{"id":143841,"href":"https:\/\/www.correiobraziliense.com.br\/cbradar\/wp-json\/wp\/v2\/posts\/143746\/revisions\/143841"}],"wp:featuredmedia":[{"embeddable":true,"href":"https:\/\/www.correiobraziliense.com.br\/cbradar\/wp-json\/wp\/v2\/media\/126337"}],"wp:attachment":[{"href":"https:\/\/www.correiobraziliense.com.br\/cbradar\/wp-json\/wp\/v2\/media?parent=143746"}],"wp:term":[{"taxonomy":"category","embeddable":true,"href":"https:\/\/www.correiobraziliense.com.br\/cbradar\/wp-json\/wp\/v2\/categories?post=143746"},{"taxonomy":"post_tag","embeddable":true,"href":"https:\/\/www.correiobraziliense.com.br\/cbradar\/wp-json\/wp\/v2\/post_tag?post=143746"}],"curies":[{"name":"wp","href":"https:\/\/api.w.org\/{rel}","templated":true}]}}