{"id":144086,"date":"2025-11-24T12:05:00","date_gmt":"2025-11-24T15:05:00","guid":{"rendered":"https:\/\/www.correiobraziliense.com.br\/cbradar\/?p=144086"},"modified":"2025-11-23T19:48:08","modified_gmt":"2025-11-23T22:48:08","slug":"5-erros-ao-estudar-que-atrapalham-sua-aprendizado-e-produtividade","status":"publish","type":"post","link":"https:\/\/www.correiobraziliense.com.br\/cbradar\/5-erros-ao-estudar-que-atrapalham-sua-aprendizado-e-produtividade\/","title":{"rendered":"5 Erros ao estudar que atrapalham sua aprendizado e produtividade"},"content":{"rendered":"\n<p>No mundo acad\u00eamico, muitos aspirantes enfrentam dificuldades ao tentar melhorar suas habilidades de <strong>Estudo<\/strong>. O uso ineficaz de m\u00e9todos de aprendizado pode resultar em frustra\u00e7\u00e3o e desmotiva\u00e7\u00e3o. Apesar das boas inten\u00e7\u00f5es, maus h\u00e1bitos de estudo frequentemente passam despercebidos, levando a um ciclo de estudo ineficaz e desanimador.<\/p>\n\n\n\n<p>Um dos problemas comuns enfrentados por estudantes \u00e9 a falta de pausas. Este h\u00e1bito provoca fadiga mental, atrapalhando a capacidade de absorver novas informa\u00e7\u00f5es e reduzindo a reten\u00e7\u00e3o. Uma solu\u00e7\u00e3o pr\u00e1tica para esse desafio \u00e9 a t\u00e9cnica Pomodoro, que recomenda estudar em intervalos de 25 minutos seguidos por pausas de cinco minutos. Desta forma, o c\u00e9rebro recebe os per\u00edodos de descanso necess\u00e1rios, mantendo a concentra\u00e7\u00e3o e refrescando a mem\u00f3ria.<\/p>\n\n\n\n<h2 class=\"wp-block-heading\">Como o excesso de destaques prejudica seus Estudos?<\/h2>\n\n\n\n<p>Desenvolver t\u00e9cnicas eficazes de estudo \u00e9 crucial para o sucesso acad\u00eamico, e saber o que destacar \u00e9 uma dessas habilidades importantes. No entanto, muitos estudantes cometem o erro de marcar o texto em excesso, o que pode ser contraproducente. Quando cada linha ou par\u00e1grafo de um material \u00e9 destacado, torna-se dif\u00edcil identificar o que realmente \u00e9 essencial. Destacar seletivamente apenas as ideias-chave, com uma cor coerente, ajuda a manter o foco na revis\u00e3o e a tornar o entendimento mais claro.<\/p>\n\n\n\n<h2 class=\"wp-block-heading\">O ambiente de estudo realmente importa?<\/h2>\n\n\n<div class=\"wp-block-image\">\n<figure class=\"aligncenter size-large\"><img decoding=\"async\" width=\"1024\" height=\"576\" src=\"https:\/\/www.correiobraziliense.com.br\/cbradar\/wp-content\/uploads\/2025\/11\/Estudo_1763938083142-1024x576.jpg\" alt=\"\" class=\"wp-image-144088\" srcset=\"https:\/\/www.correiobraziliense.com.br\/cbradar\/wp-content\/uploads\/2025\/11\/Estudo_1763938083142-1024x576.jpg 1024w, https:\/\/www.correiobraziliense.com.br\/cbradar\/wp-content\/uploads\/2025\/11\/Estudo_1763938083142-300x169.jpg 300w, https:\/\/www.correiobraziliense.com.br\/cbradar\/wp-content\/uploads\/2025\/11\/Estudo_1763938083142-768x432.jpg 768w, https:\/\/www.correiobraziliense.com.br\/cbradar\/wp-content\/uploads\/2025\/11\/Estudo_1763938083142-750x422.jpg 750w, https:\/\/www.correiobraziliense.com.br\/cbradar\/wp-content\/uploads\/2025\/11\/Estudo_1763938083142-1140x641.jpg 1140w, https:\/\/www.correiobraziliense.com.br\/cbradar\/wp-content\/uploads\/2025\/11\/Estudo_1763938083142.jpg 1280w\" sizes=\"(max-width: 1024px) 100vw, 1024px\" \/><figcaption class=\"wp-element-caption\">Estudo &#8211; Cr\u00e9ditos: depositphotos.com \/ ijeab<\/figcaption><\/figure><\/div>\n\n\n<p>A escolha do ambiente tamb\u00e9m desempenha um papel vital na efic\u00e1cia do estudo. Estudar em espa\u00e7os barulhentos pode ser altamente distrativo. Ru\u00eddos constantes, como o som da televis\u00e3o ou conversas pr\u00f3ximas, podem dispersar a aten\u00e7\u00e3o e aumentar o tempo de concentra\u00e7\u00e3o. Buscar um local tranquilo, talvez com uso de ru\u00eddo branco, pode ser uma estrat\u00e9gia para minimizar as distra\u00e7\u00f5es e maximizar o foco e a capacidade de aprendizado.<\/p>\n\n\n\n<h2 class=\"wp-block-heading\">Por que a multitarefa pode ser uma armadilha?<\/h2>\n\n\n\n<p>Outro equ\u00edvoco comum entre estudantes \u00e9 tentar realizar v\u00e1rias tarefas ao mesmo tempo. Multitarefas, enquanto estudam, podem gerar uma falsa impress\u00e3o de efici\u00eancia. No entanto, pesquisas mostram que dividir a aten\u00e7\u00e3o entre diferentes tarefas diminui a efic\u00e1cia cognitiva. Concentrar-se em uma \u00fanica tarefa, sem interrup\u00e7\u00f5es como o celular ou m\u00fasica com letra, permite que o c\u00e9rebro se dedique totalmente \u00e0 compreens\u00e3o e reten\u00e7\u00e3o do conte\u00fado.<\/p>\n\n\n\n<p>A revis\u00e3o de conte\u00fado \u00e9 uma pr\u00e1tica subestimada que muitos estudantes ignoram, levando a um esquecimento r\u00e1pido do material aprendido. Estudos sobre a curva do esquecimento indicam que, sem revis\u00f5es programadas, \u00e9 f\u00e1cil esquecer cerca de metade do que foi estudado em apenas um dia. Assim, implementar revis\u00f5es espa\u00e7adas, que refor\u00e7am o conhecimento de forma escalonada, pode ajudar a solidificar informa\u00e7\u00f5es na mem\u00f3ria de longo prazo.<\/p>\n\n\n\n<h2 class=\"wp-block-heading\">Qual a import\u00e2ncia de preparar anota\u00e7\u00f5es organizadas?<\/h2>\n\n\n\n<p>Anota\u00e7\u00f5es eficazes s\u00e3o outro componente essencial de um bom h\u00e1bito de estudo. A falta de organiza\u00e7\u00e3o nesse aspecto pode resultar em caos e dificuldade durante a revis\u00e3o. Utilizar ferramentas de t\u00f3pico e \u00edndice ajuda a categorizar informa\u00e7\u00f5es e encontrar rapidamente os pontos importantes durante o estudo. M\u00e9todos organizados economizam tempo precioso e aumentam a efici\u00eancia.<\/p>\n\n\n\n<h2 class=\"wp-block-heading\">\u00c9 poss\u00edvel estudar sem metas \u00e9 realmente eficiente?<\/h2>\n\n\n\n<p>A motiva\u00e7\u00e3o no estudo est\u00e1 frequentemente ligada ao estabelecimento de objetivos claros e definidos. Alunos sem metas espec\u00edficas tendem a sentir-se menos engajados, muitas vezes adiando tarefas ou se sentindo sobrecarregados. A cria\u00e7\u00e3o de metas tang\u00edveis e mensur\u00e1veis, como estudar um determinado n\u00famero de cap\u00edtulos por dia ou resolver quest\u00f5es, oferece um roteiro para o progresso e melhora o envolvimento e a efici\u00eancia do estudante.<\/p>\n\n\n\n<p>Uma abordagem que muitas vezes \u00e9 subjugada nos Estudos \u00e9 a compreens\u00e3o em vez da simples memoriza\u00e7\u00e3o. A interioriza\u00e7\u00e3o do conte\u00fado \u00e9 mais valiosa do que a repeti\u00e7\u00e3o mec\u00e2nica de fatos. Ensinar mat\u00e9rias a outras pessoas ou explicar conceitos em palavras pr\u00f3prias ajuda a consolidar a compreens\u00e3o e favorece a capacidade de aplicar o aprendizado em m\u00faltiplos contextos.<\/p>\n\n\n\n<p>Por \u00faltimo, mas n\u00e3o menos importante, o estudo eficaz n\u00e3o deve ignorar a sa\u00fade geral do corpo e da mente. Uma boa qualidade de sono, alimenta\u00e7\u00e3o equilibrada e atividade f\u00edsica s\u00e3o fundamentais para sustentar per\u00edodos intensos de estudo. Cuidar do bem-estar f\u00edsico contribui significativamente para a efici\u00eancia intelectual e para a resist\u00eancia mental, essenciais para enfrentamento das exig\u00eancias acad\u00eamicas.<\/p>\n\n\n<a href=\"https:\/\/www.instagram.com\/dra.annaluisabf\/\" target=\"_blank\" rel=\"noopener\" style=\"text-decoration: none; color: inherit;\">\n    <span style=\"display: inline-block; border: 1px solid #ccc; border-radius: 10px; padding: 15px; max-width: 550px; font-family: sans-serif; box-shadow: 0 2px 5px rgba(0,0,0,0.1); width: 100%;\">\n\n      <!-- T\u00edtulo -->\n      <span style=\"display: block; margin: 0 0 15px 0; font-weight: bold; color: #2c3e50; text-align: center;\">\n        Entre em contato:\n      <\/span>\n\n      <!-- Linha do perfil -->\n      <span style=\"display: flex; align-items: center; gap: 15px;\">\n        <img decoding=\"async\"\n          src=\"https:\/\/www.correiobraziliense.com.br\/cbradar\/wp-content\/uploads\/2025\/08\/dra_anna_luisa.jpeg\"\n          alt=\"Foto da Dra. Anna Lu\u00edsa\"\n          style=\"border-radius: 50%; width: 80px; height: 80px; object-fit: cover;\"\n        \/>\n        <span style=\"display: flex; flex-direction: column;\">\n          <span style=\"font-size: 18px; font-weight: 700; color: #2c3e50;\">Dra. Anna Lu\u00edsa Barbosa Fernandes<\/span>\n          <span style=\"color: #555;\">CRM-GO 33.271<\/span>\n        <\/span>\n      <\/span>\n\n      <!-- Redes -->\n      <span style=\"display: flex; align-items: center; gap: 10px; margin-top: 12px;\">\n        <img decoding=\"async\" src=\"https:\/\/cdn-icons-png.flaticon.com\/24\/1384\/1384063.png\" alt=\"Instagram\" width=\"24\" height=\"24\" \/>\n        <span style=\"text-decoration: underline; color: #2c3e50;\">@dra.annaluisabf<\/span>\n      <\/span>\n\n    <\/span>\n  <\/a>\n\n\n<p><\/p>\n","protected":false},"excerpt":{"rendered":"<p>No mundo acad\u00eamico, muitos aspirantes enfrentam dificuldades ao tentar melhorar suas habilidades de Estudo. O uso ineficaz de m\u00e9todos de aprendizado pode resultar em frustra\u00e7\u00e3o e desmotiva\u00e7\u00e3o. Apesar das boas inten\u00e7\u00f5es, maus h\u00e1bitos de estudo frequentemente passam despercebidos, levando a um ciclo de estudo ineficaz e desanimador. Um dos problemas comuns enfrentados por estudantes \u00e9 [&hellip;]<\/p>\n","protected":false},"author":14,"featured_media":144087,"comment_status":"open","ping_status":"open","sticky":false,"template":"","format":"standard","meta":{"_yoast_wpseo_focuskw":"Estudos","_yoast_wpseo_title":"","_yoast_wpseo_metadesc":"Multitarefas, ambiente inadequado e falta de revis\u00e3o prejudicam sua mem\u00f3ria. Descubra como estudar com efici\u00eancia.","jnews-multi-image_gallery":[],"jnews_single_post":{"format":"standard"},"jnews_primary_category":[],"jnews_social_meta":[],"jnews_override_counter":[],"footnotes":""},"categories":[4404],"post_tag":[281,120,1318],"class_list":["post-144086","post","type-post","status-publish","format-standard","has-post-thumbnail","hentry","category-saude","tag-alimentacao","tag-bem-estar","tag-saude-2"],"yoast_head":"<!-- This site is optimized with the Yoast SEO plugin v24.6 - https:\/\/yoast.com\/wordpress\/plugins\/seo\/ -->\n<title>5 Erros ao estudar que atrapalham sua aprendizado e produtividade - Correio Braziliense - Radar<\/title>\n<meta name=\"description\" content=\"Multitarefas, ambiente inadequado e falta de revis\u00e3o prejudicam sua mem\u00f3ria. Descubra como estudar com efici\u00eancia.\" \/>\n<meta name=\"robots\" content=\"index, follow, max-snippet:-1, max-image-preview:large, max-video-preview:-1\" \/>\n<link rel=\"canonical\" href=\"https:\/\/www.correiobraziliense.com.br\/cbradar\/5-erros-ao-estudar-que-atrapalham-sua-aprendizado-e-produtividade\/\" \/>\n<meta property=\"og:locale\" content=\"pt_BR\" \/>\n<meta property=\"og:type\" content=\"article\" \/>\n<meta property=\"og:title\" content=\"5 Erros ao estudar que atrapalham sua aprendizado e produtividade - Correio Braziliense - Radar\" \/>\n<meta property=\"og:description\" content=\"Multitarefas, ambiente inadequado e falta de revis\u00e3o prejudicam sua mem\u00f3ria. Descubra como estudar com efici\u00eancia.\" \/>\n<meta property=\"og:url\" content=\"https:\/\/www.correiobraziliense.com.br\/cbradar\/5-erros-ao-estudar-que-atrapalham-sua-aprendizado-e-produtividade\/\" \/>\n<meta property=\"og:site_name\" content=\"Correio Braziliense - Radar\" \/>\n<meta property=\"article:published_time\" content=\"2025-11-24T15:05:00+00:00\" \/>\n<meta property=\"og:image\" content=\"https:\/\/www.correiobraziliense.com.br\/cbradar\/wp-content\/uploads\/2025\/11\/Estudo_1763938063653.jpg\" \/>\n\t<meta property=\"og:image:width\" content=\"1280\" \/>\n\t<meta property=\"og:image:height\" content=\"720\" \/>\n\t<meta property=\"og:image:type\" content=\"image\/jpeg\" \/>\n<meta name=\"author\" content=\"guilherme_saude\" \/>\n<meta name=\"twitter:card\" content=\"summary_large_image\" \/>\n<meta name=\"twitter:label1\" content=\"Escrito por\" \/>\n\t<meta name=\"twitter:data1\" content=\"guilherme_saude\" \/>\n\t<meta name=\"twitter:label2\" content=\"Est. tempo de leitura\" \/>\n\t<meta name=\"twitter:data2\" content=\"5 minutos\" \/>\n<!-- \/ Yoast SEO plugin. -->","yoast_head_json":{"title":"5 Erros ao estudar que atrapalham sua aprendizado e produtividade - Correio Braziliense - Radar","description":"Multitarefas, ambiente inadequado e falta de revis\u00e3o prejudicam sua mem\u00f3ria. Descubra como estudar com efici\u00eancia.","robots":{"index":"index","follow":"follow","max-snippet":"max-snippet:-1","max-image-preview":"max-image-preview:large","max-video-preview":"max-video-preview:-1"},"canonical":"https:\/\/www.correiobraziliense.com.br\/cbradar\/5-erros-ao-estudar-que-atrapalham-sua-aprendizado-e-produtividade\/","og_locale":"pt_BR","og_type":"article","og_title":"5 Erros ao estudar que atrapalham sua aprendizado e produtividade - Correio Braziliense - Radar","og_description":"Multitarefas, ambiente inadequado e falta de revis\u00e3o prejudicam sua mem\u00f3ria. Descubra como estudar com efici\u00eancia.","og_url":"https:\/\/www.correiobraziliense.com.br\/cbradar\/5-erros-ao-estudar-que-atrapalham-sua-aprendizado-e-produtividade\/","og_site_name":"Correio Braziliense - Radar","article_published_time":"2025-11-24T15:05:00+00:00","og_image":[{"width":1280,"height":720,"url":"https:\/\/www.correiobraziliense.com.br\/cbradar\/wp-content\/uploads\/2025\/11\/Estudo_1763938063653.jpg","type":"image\/jpeg"}],"author":"guilherme_saude","twitter_card":"summary_large_image","twitter_misc":{"Escrito por":"guilherme_saude","Est. tempo de leitura":"5 minutos"},"schema":{"@context":"https:\/\/schema.org","@graph":[{"@type":"WebPage","@id":"https:\/\/www.correiobraziliense.com.br\/cbradar\/5-erros-ao-estudar-que-atrapalham-sua-aprendizado-e-produtividade\/","url":"https:\/\/www.correiobraziliense.com.br\/cbradar\/5-erros-ao-estudar-que-atrapalham-sua-aprendizado-e-produtividade\/","name":"5 Erros ao estudar que atrapalham sua aprendizado e produtividade - Correio Braziliense - Radar","isPartOf":{"@id":"https:\/\/www.correiobraziliense.com.br\/cbradar\/#website"},"primaryImageOfPage":{"@id":"https:\/\/www.correiobraziliense.com.br\/cbradar\/5-erros-ao-estudar-que-atrapalham-sua-aprendizado-e-produtividade\/#primaryimage"},"image":{"@id":"https:\/\/www.correiobraziliense.com.br\/cbradar\/5-erros-ao-estudar-que-atrapalham-sua-aprendizado-e-produtividade\/#primaryimage"},"thumbnailUrl":"https:\/\/www.correiobraziliense.com.br\/cbradar\/wp-content\/uploads\/2025\/11\/Estudo_1763938063653.jpg","datePublished":"2025-11-24T15:05:00+00:00","author":{"@id":"https:\/\/www.correiobraziliense.com.br\/cbradar\/#\/schema\/person\/5aa4bf3c8fa699c267933611de12978b"},"description":"Multitarefas, ambiente inadequado e falta de revis\u00e3o prejudicam sua mem\u00f3ria. Descubra como estudar com efici\u00eancia.","breadcrumb":{"@id":"https:\/\/www.correiobraziliense.com.br\/cbradar\/5-erros-ao-estudar-que-atrapalham-sua-aprendizado-e-produtividade\/#breadcrumb"},"inLanguage":"pt-BR","potentialAction":[{"@type":"ReadAction","target":["https:\/\/www.correiobraziliense.com.br\/cbradar\/5-erros-ao-estudar-que-atrapalham-sua-aprendizado-e-produtividade\/"]}]},{"@type":"ImageObject","inLanguage":"pt-BR","@id":"https:\/\/www.correiobraziliense.com.br\/cbradar\/5-erros-ao-estudar-que-atrapalham-sua-aprendizado-e-produtividade\/#primaryimage","url":"https:\/\/www.correiobraziliense.com.br\/cbradar\/wp-content\/uploads\/2025\/11\/Estudo_1763938063653.jpg","contentUrl":"https:\/\/www.correiobraziliense.com.br\/cbradar\/wp-content\/uploads\/2025\/11\/Estudo_1763938063653.jpg","width":1280,"height":720,"caption":"Estudo - Cr\u00e9ditos: depositphotos.com \/ Yulia_Markova"},{"@type":"BreadcrumbList","@id":"https:\/\/www.correiobraziliense.com.br\/cbradar\/5-erros-ao-estudar-que-atrapalham-sua-aprendizado-e-produtividade\/#breadcrumb","itemListElement":[{"@type":"ListItem","position":1,"name":"In\u00edcio","item":"https:\/\/www.correiobraziliense.com.br\/cbradar\/"},{"@type":"ListItem","position":2,"name":"5 Erros ao estudar que atrapalham sua aprendizado e produtividade"}]},{"@type":"WebSite","@id":"https:\/\/www.correiobraziliense.com.br\/cbradar\/#website","url":"https:\/\/www.correiobraziliense.com.br\/cbradar\/","name":"Correio Braziliense - Radar","description":"Acompanhe as \u00faltimas not\u00edcias e fique bem informado sobre tudo o que acontece no Brasil e no mundo.","potentialAction":[{"@type":"SearchAction","target":{"@type":"EntryPoint","urlTemplate":"https:\/\/www.correiobraziliense.com.br\/cbradar\/?s={search_term_string}"},"query-input":{"@type":"PropertyValueSpecification","valueRequired":true,"valueName":"search_term_string"}}],"inLanguage":"pt-BR"},{"@type":"Person","@id":"https:\/\/www.correiobraziliense.com.br\/cbradar\/#\/schema\/person\/5aa4bf3c8fa699c267933611de12978b","name":"guilherme_saude","image":{"@type":"ImageObject","inLanguage":"pt-BR","@id":"https:\/\/www.correiobraziliense.com.br\/cbradar\/#\/schema\/person\/image\/","url":"https:\/\/secure.gravatar.com\/avatar\/df9adfb835d344bc0af109d41756253f?s=96&d=mm&r=g","contentUrl":"https:\/\/secure.gravatar.com\/avatar\/df9adfb835d344bc0af109d41756253f?s=96&d=mm&r=g","caption":"guilherme_saude"},"url":"https:\/\/www.correiobraziliense.com.br\/cbradar\/author\/guilherme_saude\/"}]}},"_links":{"self":[{"href":"https:\/\/www.correiobraziliense.com.br\/cbradar\/wp-json\/wp\/v2\/posts\/144086","targetHints":{"allow":["GET"]}}],"collection":[{"href":"https:\/\/www.correiobraziliense.com.br\/cbradar\/wp-json\/wp\/v2\/posts"}],"about":[{"href":"https:\/\/www.correiobraziliense.com.br\/cbradar\/wp-json\/wp\/v2\/types\/post"}],"author":[{"embeddable":true,"href":"https:\/\/www.correiobraziliense.com.br\/cbradar\/wp-json\/wp\/v2\/users\/14"}],"replies":[{"embeddable":true,"href":"https:\/\/www.correiobraziliense.com.br\/cbradar\/wp-json\/wp\/v2\/comments?post=144086"}],"version-history":[{"count":1,"href":"https:\/\/www.correiobraziliense.com.br\/cbradar\/wp-json\/wp\/v2\/posts\/144086\/revisions"}],"predecessor-version":[{"id":144089,"href":"https:\/\/www.correiobraziliense.com.br\/cbradar\/wp-json\/wp\/v2\/posts\/144086\/revisions\/144089"}],"wp:featuredmedia":[{"embeddable":true,"href":"https:\/\/www.correiobraziliense.com.br\/cbradar\/wp-json\/wp\/v2\/media\/144087"}],"wp:attachment":[{"href":"https:\/\/www.correiobraziliense.com.br\/cbradar\/wp-json\/wp\/v2\/media?parent=144086"}],"wp:term":[{"taxonomy":"category","embeddable":true,"href":"https:\/\/www.correiobraziliense.com.br\/cbradar\/wp-json\/wp\/v2\/categories?post=144086"},{"taxonomy":"post_tag","embeddable":true,"href":"https:\/\/www.correiobraziliense.com.br\/cbradar\/wp-json\/wp\/v2\/post_tag?post=144086"}],"curies":[{"name":"wp","href":"https:\/\/api.w.org\/{rel}","templated":true}]}}