{"id":14409,"date":"2025-03-21T15:50:00","date_gmt":"2025-03-21T18:50:00","guid":{"rendered":"https:\/\/www.correiobraziliense.com.br\/cbradar\/?p=14409"},"modified":"2025-03-20T17:29:36","modified_gmt":"2025-03-20T20:29:36","slug":"essa-cidade-brasileira-corre-grandes-riscos-de-desaparecer","status":"publish","type":"post","link":"https:\/\/www.correiobraziliense.com.br\/cbradar\/essa-cidade-brasileira-corre-grandes-riscos-de-desaparecer\/","title":{"rendered":"Essa cidade brasileira corre grandes riscos de desaparecer"},"content":{"rendered":"\n<p><strong>Recife<\/strong>, a vibrante capital de <strong>Pernambuco<\/strong>, \u00e9 famosa por suas paisagens deslumbrantes e rica cultura. Conhecida como a &#8220;<strong>Veneza brasileira<\/strong>&#8220;, a cidade enfrenta s\u00e9rios desafios ambientais que amea\u00e7am sua continuidade. O aumento do n\u00edvel do mar, intensificado pelas mudan\u00e7as clim\u00e1ticas, coloca Recife em uma posi\u00e7\u00e3o de risco significativo.<\/p>\n\n\n\n<p>Localizada no nordeste do Brasil, Recife n\u00e3o \u00e9 apenas um polo tur\u00edstico, mas tamb\u00e9m um centro econ\u00f4mico vital. No entanto, sua localiza\u00e7\u00e3o costeira, que tanto contribui para sua beleza, tamb\u00e9m a torna vulner\u00e1vel a fen\u00f4menos naturais adversos. As proje\u00e7\u00f5es indicam que, sem a\u00e7\u00f5es eficazes, a cidade pode sofrer consequ\u00eancias devastadoras.<\/p>\n\n\n\n<h2 class=\"wp-block-heading\">Por que o n\u00edvel do mar est\u00e1 subindo em Recife?<\/h2>\n\n\n\n<p>O aumento do n\u00edvel do mar em Recife \u00e9 um reflexo das mudan\u00e7as clim\u00e1ticas globais. O aquecimento das \u00e1guas oce\u00e2nicas e o derretimento das geleiras polares contribuem para a eleva\u00e7\u00e3o do n\u00edvel do mar. Esse fen\u00f4meno \u00e9 particularmente preocupante para cidades costeiras, como Recife, que j\u00e1 experimentam inunda\u00e7\u00f5es frequentes.<\/p>\n\n\n\n<p>As mar\u00e9s mais altas e as tempestades intensificadas resultam em enchentes que afetam a infraestrutura e a vida cotidiana dos moradores. Sem medidas de adapta\u00e7\u00e3o, essas inunda\u00e7\u00f5es podem se tornar mais comuns e severas, amea\u00e7ando a habitabilidade de \u00e1reas inteiras da cidade.<\/p>\n\n\n\n<figure class=\"wp-block-image size-large\"><img decoding=\"async\" width=\"1024\" height=\"576\" src=\"https:\/\/www.correiobraziliense.com.br\/cbradar\/wp-content\/uploads\/2025\/03\/Recife_1742498585217-1024x576.jpg\" alt=\"Essa cidade brasileira corre grandes riscos de desaparecer\" class=\"wp-image-14413\" srcset=\"https:\/\/www.correiobraziliense.com.br\/cbradar\/wp-content\/uploads\/2025\/03\/Recife_1742498585217-1024x576.jpg 1024w, https:\/\/www.correiobraziliense.com.br\/cbradar\/wp-content\/uploads\/2025\/03\/Recife_1742498585217-300x169.jpg 300w, https:\/\/www.correiobraziliense.com.br\/cbradar\/wp-content\/uploads\/2025\/03\/Recife_1742498585217-768x432.jpg 768w, https:\/\/www.correiobraziliense.com.br\/cbradar\/wp-content\/uploads\/2025\/03\/Recife_1742498585217-750x422.jpg 750w, https:\/\/www.correiobraziliense.com.br\/cbradar\/wp-content\/uploads\/2025\/03\/Recife_1742498585217-1140x642.jpg 1140w, https:\/\/www.correiobraziliense.com.br\/cbradar\/wp-content\/uploads\/2025\/03\/Recife_1742498585217.jpg 1279w\" sizes=\"(max-width: 1024px) 100vw, 1024px\" \/><figcaption class=\"wp-element-caption\">Recife. Cr\u00e9ditos: depositphotos.com \/ gustavofrazao<\/figcaption><\/figure>\n\n\n\n<h2 class=\"wp-block-heading\">Como a explora\u00e7\u00e3o de aqu\u00edferos afeta Recife?<\/h2>\n\n\n\n<p>A explora\u00e7\u00e3o intensiva de \u00e1guas subterr\u00e2neas \u00e9 outro fator que agrava a situa\u00e7\u00e3o em Recife. A cidade depende de aqu\u00edferos para seu abastecimento de \u00e1gua, mas a retirada excessiva desses recursos est\u00e1 causando o afundamento do solo, um processo conhecido como subsid\u00eancia.<\/p>\n\n\n\n<p>Com o solo perdendo sustenta\u00e7\u00e3o, \u00e1reas da cidade est\u00e3o afundando gradualmente, aumentando o risco de inunda\u00e7\u00f5es. A proximidade com o mar torna essa situa\u00e7\u00e3o ainda mais cr\u00edtica, pois facilita a invas\u00e3o das \u00e1guas em regi\u00f5es mais baixas.<\/p>\n\n\n\n<h2 class=\"wp-block-heading\">Quais s\u00e3o as \u00e1reas mais afetadas pelas inunda\u00e7\u00f5es?<\/h2>\n\n\n\n<p>Estudos indicam que uma parte significativa do territ\u00f3rio de Recife est\u00e1 em risco elevado de inunda\u00e7\u00f5es. Essas \u00e1reas, especialmente vulner\u00e1veis ao aumento do n\u00edvel do mar e a eventos clim\u00e1ticos extremos, enfrentam enchentes regulares que afetam a vida dos moradores e a infraestrutura local.<\/p>\n\n\n\n<p>A urbaniza\u00e7\u00e3o desordenada e a falta de planejamento adequado para o manejo das \u00e1guas contribuem para agravar o problema. Sem interven\u00e7\u00f5es eficazes, as proje\u00e7\u00f5es sugerem que as inunda\u00e7\u00f5es se tornar\u00e3o mais frequentes e severas.<\/p>\n\n\n\n<h2 class=\"wp-block-heading\">Quais medidas podem ser adotadas para proteger Recife?<\/h2>\n\n\n\n<p>Para enfrentar esses desafios, Recife precisa investir em infraestrutura resiliente e adotar medidas de adapta\u00e7\u00e3o \u00e0s mudan\u00e7as clim\u00e1ticas. A constru\u00e7\u00e3o de barreiras de prote\u00e7\u00e3o contra inunda\u00e7\u00f5es e a recupera\u00e7\u00e3o de ecossistemas naturais, como manguezais e dunas, s\u00e3o estrat\u00e9gias essenciais.<\/p>\n\n\n\n<p>Al\u00e9m disso, \u00e9 crucial controlar a extra\u00e7\u00e3o de \u00e1guas subterr\u00e2neas e ajustar o planejamento urbano para evitar constru\u00e7\u00f5es em \u00e1reas de risco. Essas a\u00e7\u00f5es podem ajudar a mitigar os impactos do avan\u00e7o do mar e garantir um futuro mais seguro para a cidade.<\/p>\n\n\n\n<p>A situa\u00e7\u00e3o de Recife serve como um alerta para outras cidades costeiras ao redor do mundo, destacando a import\u00e2ncia de agir agora para proteger nossas metr\u00f3poles e garantir um futuro sustent\u00e1vel.<\/p>\n","protected":false},"excerpt":{"rendered":"<p>O avan\u00e7o do mar e suas consequ\u00eancias. Medidas de adapta\u00e7\u00e3o e prote\u00e7\u00e3o para uma cidade costeira em risco devido \u00e0s mudan\u00e7as clim\u00e1ticas.<\/p>\n","protected":false},"author":3,"featured_media":14412,"comment_status":"open","ping_status":"open","sticky":false,"template":"","format":"standard","meta":{"_yoast_wpseo_focuskw":"cidade brasileira desaparecer","_yoast_wpseo_title":"%%title%%","_yoast_wpseo_metadesc":"O avan\u00e7o do mar e suas consequ\u00eancias. Medidas de adapta\u00e7\u00e3o e prote\u00e7\u00e3o para uma cidade costeira em risco devido \u00e0s mudan\u00e7as clim\u00e1ticas.","jnews-multi-image_gallery":[],"jnews_single_post":{"format":"standard"},"jnews_primary_category":[],"jnews_social_meta":[],"jnews_override_counter":[],"footnotes":""},"categories":[108],"tags":[109],"class_list":["post-14409","post","type-post","status-publish","format-standard","has-post-thumbnail","hentry","category-cidades","tag-cidades"],"yoast_head":"<!-- This site is optimized with the Yoast SEO plugin v24.6 - https:\/\/yoast.com\/wordpress\/plugins\/seo\/ -->\n<title>Essa cidade brasileira corre grandes riscos de desaparecer<\/title>\n<meta name=\"description\" content=\"O avan\u00e7o do mar e suas consequ\u00eancias. Medidas de adapta\u00e7\u00e3o e prote\u00e7\u00e3o para uma cidade costeira em risco devido \u00e0s mudan\u00e7as clim\u00e1ticas.\" \/>\n<meta name=\"robots\" content=\"index, follow, max-snippet:-1, max-image-preview:large, max-video-preview:-1\" \/>\n<link rel=\"canonical\" href=\"https:\/\/www.correiobraziliense.com.br\/cbradar\/essa-cidade-brasileira-corre-grandes-riscos-de-desaparecer\/\" \/>\n<meta property=\"og:locale\" content=\"pt_BR\" \/>\n<meta property=\"og:type\" content=\"article\" \/>\n<meta property=\"og:title\" content=\"Essa cidade brasileira corre grandes riscos de desaparecer\" \/>\n<meta property=\"og:description\" content=\"O avan\u00e7o do mar e suas consequ\u00eancias. Medidas de adapta\u00e7\u00e3o e prote\u00e7\u00e3o para uma cidade costeira em risco devido \u00e0s mudan\u00e7as clim\u00e1ticas.\" \/>\n<meta property=\"og:url\" content=\"https:\/\/www.correiobraziliense.com.br\/cbradar\/essa-cidade-brasileira-corre-grandes-riscos-de-desaparecer\/\" \/>\n<meta property=\"og:site_name\" content=\"Correio Braziliense - Radar\" \/>\n<meta property=\"article:published_time\" content=\"2025-03-21T18:50:00+00:00\" \/>\n<meta property=\"og:image\" content=\"https:\/\/www.correiobraziliense.com.br\/cbradar\/wp-content\/uploads\/2025\/03\/Recife_1742498555786.jpg\" \/>\n\t<meta property=\"og:image:width\" content=\"1280\" \/>\n\t<meta property=\"og:image:height\" content=\"720\" \/>\n\t<meta property=\"og:image:type\" content=\"image\/jpeg\" \/>\n<meta name=\"author\" content=\"Larissa Carvalho\" \/>\n<meta name=\"twitter:card\" content=\"summary_large_image\" \/>\n<meta name=\"twitter:label1\" content=\"Escrito por\" \/>\n\t<meta name=\"twitter:data1\" content=\"Larissa Carvalho\" \/>\n\t<meta name=\"twitter:label2\" content=\"Est. tempo de leitura\" \/>\n\t<meta name=\"twitter:data2\" content=\"4 minutos\" \/>\n<!-- \/ Yoast SEO plugin. -->","yoast_head_json":{"title":"Essa cidade brasileira corre grandes riscos de desaparecer","description":"O avan\u00e7o do mar e suas consequ\u00eancias. Medidas de adapta\u00e7\u00e3o e prote\u00e7\u00e3o para uma cidade costeira em risco devido \u00e0s mudan\u00e7as clim\u00e1ticas.","robots":{"index":"index","follow":"follow","max-snippet":"max-snippet:-1","max-image-preview":"max-image-preview:large","max-video-preview":"max-video-preview:-1"},"canonical":"https:\/\/www.correiobraziliense.com.br\/cbradar\/essa-cidade-brasileira-corre-grandes-riscos-de-desaparecer\/","og_locale":"pt_BR","og_type":"article","og_title":"Essa cidade brasileira corre grandes riscos de desaparecer","og_description":"O avan\u00e7o do mar e suas consequ\u00eancias. Medidas de adapta\u00e7\u00e3o e prote\u00e7\u00e3o para uma cidade costeira em risco devido \u00e0s mudan\u00e7as clim\u00e1ticas.","og_url":"https:\/\/www.correiobraziliense.com.br\/cbradar\/essa-cidade-brasileira-corre-grandes-riscos-de-desaparecer\/","og_site_name":"Correio Braziliense - Radar","article_published_time":"2025-03-21T18:50:00+00:00","og_image":[{"width":1280,"height":720,"url":"https:\/\/www.correiobraziliense.com.br\/cbradar\/wp-content\/uploads\/2025\/03\/Recife_1742498555786.jpg","type":"image\/jpeg"}],"author":"Larissa Carvalho","twitter_card":"summary_large_image","twitter_misc":{"Escrito por":"Larissa Carvalho","Est. tempo de leitura":"4 minutos"},"schema":{"@context":"https:\/\/schema.org","@graph":[{"@type":"WebPage","@id":"https:\/\/www.correiobraziliense.com.br\/cbradar\/essa-cidade-brasileira-corre-grandes-riscos-de-desaparecer\/","url":"https:\/\/www.correiobraziliense.com.br\/cbradar\/essa-cidade-brasileira-corre-grandes-riscos-de-desaparecer\/","name":"Essa cidade brasileira corre grandes riscos de desaparecer","isPartOf":{"@id":"https:\/\/www.correiobraziliense.com.br\/cbradar\/#website"},"primaryImageOfPage":{"@id":"https:\/\/www.correiobraziliense.com.br\/cbradar\/essa-cidade-brasileira-corre-grandes-riscos-de-desaparecer\/#primaryimage"},"image":{"@id":"https:\/\/www.correiobraziliense.com.br\/cbradar\/essa-cidade-brasileira-corre-grandes-riscos-de-desaparecer\/#primaryimage"},"thumbnailUrl":"https:\/\/www.correiobraziliense.com.br\/cbradar\/wp-content\/uploads\/2025\/03\/Recife_1742498555786.jpg","datePublished":"2025-03-21T18:50:00+00:00","author":{"@id":"https:\/\/www.correiobraziliense.com.br\/cbradar\/#\/schema\/person\/58422787644df994b53a19d3e56c1513"},"description":"O avan\u00e7o do mar e suas consequ\u00eancias. Medidas de adapta\u00e7\u00e3o e prote\u00e7\u00e3o para uma cidade costeira em risco devido \u00e0s mudan\u00e7as clim\u00e1ticas.","breadcrumb":{"@id":"https:\/\/www.correiobraziliense.com.br\/cbradar\/essa-cidade-brasileira-corre-grandes-riscos-de-desaparecer\/#breadcrumb"},"inLanguage":"pt-BR","potentialAction":[{"@type":"ReadAction","target":["https:\/\/www.correiobraziliense.com.br\/cbradar\/essa-cidade-brasileira-corre-grandes-riscos-de-desaparecer\/"]}]},{"@type":"ImageObject","inLanguage":"pt-BR","@id":"https:\/\/www.correiobraziliense.com.br\/cbradar\/essa-cidade-brasileira-corre-grandes-riscos-de-desaparecer\/#primaryimage","url":"https:\/\/www.correiobraziliense.com.br\/cbradar\/wp-content\/uploads\/2025\/03\/Recife_1742498555786.jpg","contentUrl":"https:\/\/www.correiobraziliense.com.br\/cbradar\/wp-content\/uploads\/2025\/03\/Recife_1742498555786.jpg","width":1280,"height":720,"caption":"Recife. Cr\u00e9ditos: depositphotos.com \/ mbastos"},{"@type":"BreadcrumbList","@id":"https:\/\/www.correiobraziliense.com.br\/cbradar\/essa-cidade-brasileira-corre-grandes-riscos-de-desaparecer\/#breadcrumb","itemListElement":[{"@type":"ListItem","position":1,"name":"In\u00edcio","item":"https:\/\/www.correiobraziliense.com.br\/cbradar\/"},{"@type":"ListItem","position":2,"name":"Essa cidade brasileira corre grandes riscos de desaparecer"}]},{"@type":"WebSite","@id":"https:\/\/www.correiobraziliense.com.br\/cbradar\/#website","url":"https:\/\/www.correiobraziliense.com.br\/cbradar\/","name":"Correio Braziliense - Radar","description":"Acompanhe as \u00faltimas not\u00edcias e fique bem informado sobre tudo o que acontece no Brasil e no mundo.","potentialAction":[{"@type":"SearchAction","target":{"@type":"EntryPoint","urlTemplate":"https:\/\/www.correiobraziliense.com.br\/cbradar\/?s={search_term_string}"},"query-input":{"@type":"PropertyValueSpecification","valueRequired":true,"valueName":"search_term_string"}}],"inLanguage":"pt-BR"},{"@type":"Person","@id":"https:\/\/www.correiobraziliense.com.br\/cbradar\/#\/schema\/person\/58422787644df994b53a19d3e56c1513","name":"Larissa Carvalho","image":{"@type":"ImageObject","inLanguage":"pt-BR","@id":"https:\/\/www.correiobraziliense.com.br\/cbradar\/#\/schema\/person\/image\/","url":"https:\/\/secure.gravatar.com\/avatar\/fe4f91a0de32b52a838d0d612abdc1aa?s=96&d=mm&r=g","contentUrl":"https:\/\/secure.gravatar.com\/avatar\/fe4f91a0de32b52a838d0d612abdc1aa?s=96&d=mm&r=g","caption":"Larissa Carvalho"},"url":"https:\/\/www.correiobraziliense.com.br\/cbradar\/author\/larissamyth\/"}]}},"_links":{"self":[{"href":"https:\/\/www.correiobraziliense.com.br\/cbradar\/wp-json\/wp\/v2\/posts\/14409","targetHints":{"allow":["GET"]}}],"collection":[{"href":"https:\/\/www.correiobraziliense.com.br\/cbradar\/wp-json\/wp\/v2\/posts"}],"about":[{"href":"https:\/\/www.correiobraziliense.com.br\/cbradar\/wp-json\/wp\/v2\/types\/post"}],"author":[{"embeddable":true,"href":"https:\/\/www.correiobraziliense.com.br\/cbradar\/wp-json\/wp\/v2\/users\/3"}],"replies":[{"embeddable":true,"href":"https:\/\/www.correiobraziliense.com.br\/cbradar\/wp-json\/wp\/v2\/comments?post=14409"}],"version-history":[{"count":1,"href":"https:\/\/www.correiobraziliense.com.br\/cbradar\/wp-json\/wp\/v2\/posts\/14409\/revisions"}],"predecessor-version":[{"id":14414,"href":"https:\/\/www.correiobraziliense.com.br\/cbradar\/wp-json\/wp\/v2\/posts\/14409\/revisions\/14414"}],"wp:featuredmedia":[{"embeddable":true,"href":"https:\/\/www.correiobraziliense.com.br\/cbradar\/wp-json\/wp\/v2\/media\/14412"}],"wp:attachment":[{"href":"https:\/\/www.correiobraziliense.com.br\/cbradar\/wp-json\/wp\/v2\/media?parent=14409"}],"wp:term":[{"taxonomy":"category","embeddable":true,"href":"https:\/\/www.correiobraziliense.com.br\/cbradar\/wp-json\/wp\/v2\/categories?post=14409"},{"taxonomy":"post_tag","embeddable":true,"href":"https:\/\/www.correiobraziliense.com.br\/cbradar\/wp-json\/wp\/v2\/tags?post=14409"}],"curies":[{"name":"wp","href":"https:\/\/api.w.org\/{rel}","templated":true}]}}