{"id":144090,"date":"2025-11-24T13:15:00","date_gmt":"2025-11-24T16:15:00","guid":{"rendered":"https:\/\/www.correiobraziliense.com.br\/cbradar\/?p=144090"},"modified":"2025-11-23T19:52:11","modified_gmt":"2025-11-23T22:52:11","slug":"por-que-algumas-pessoas-dormem-de-meias","status":"publish","type":"post","link":"https:\/\/www.correiobraziliense.com.br\/cbradar\/por-que-algumas-pessoas-dormem-de-meias\/","title":{"rendered":"Por que algumas pessoas dormem de meias?"},"content":{"rendered":"\n<p>O costume de <strong>Dormir Com Meias <\/strong>\u00e9 algo que muitas pessoas praticam sem pensar duas vezes. No entanto, esse h\u00e1bito aparentemente simples pode oferecer uma vis\u00e3o fascinante do estado emocional e mental de um indiv\u00edduo. Enquanto alguns veem isso apenas como uma forma de manter os p\u00e9s quentes, especialistas sugerem que pode haver mais camadas a serem exploradas nessa pr\u00e1tica cotidiana.<\/p>\n\n\n\n<p>Especialistas em comportamento humano identificam que Dormir Com Meias pode estar relacionado a uma sensa\u00e7\u00e3o de seguran\u00e7a e conforto emocional. Assim como um cobertor macio ou um banho quente, as meias podem proporcionar um n\u00edvel extra de aconchego, sendo uma ferramenta sutil para aliviar tens\u00f5es acumuladas durante o dia. O uso de meias representa, para muitos, um ato de autocuidado que ajuda a criar um espa\u00e7o pessoal de tranquilidade.<\/p>\n\n\n\n<h2 class=\"wp-block-heading\">Como a psicologia interpreta o uso de meias na hora de dormir?<\/h2>\n\n\n\n<p>Segundo teorias psicol\u00f3gicas, o uso de meias ao dormir pode estar associado a personalidades que valorizam ordem e estrutura em suas vidas. Pessoas que incluem essa pr\u00e1tica em suas rotinas noturnas frequentemente procuram uma sensa\u00e7\u00e3o de controle sobre seu ambiente, o que lhes permite relaxar e ter uma noite de sono tranquila. A pr\u00e1tica de usar meias pode atuar como um pequeno ritual pessoal que sinaliza o in\u00edcio do descanso, ajudando a mente e o corpo a desconectarem das preocupa\u00e7\u00f5es di\u00e1rias.<\/p>\n\n\n\n<h2 class=\"wp-block-heading\">Quais perfis de pessoas preferem dormir de meias?<\/h2>\n\n\n\n<p>Dormir Com Meias tende a ser uma escolha comum para certos tipos de personalidade. Pessoas que s\u00e3o particularmente sens\u00edveis a mudan\u00e7as de temperatura geralmente adotam o h\u00e1bito para evitar desagrad\u00e1veis sensa\u00e7\u00f5es de frio que possam interromper o sono. Al\u00e9m disso, aqueles que s\u00e3o meticulosos e gostam de seguir uma rotina estabelecida podem incorporar o uso de meias como parte de seu preparo noturno para dormir.<\/p>\n\n\n<div class=\"wp-block-image\">\n<figure class=\"aligncenter size-large\"><img decoding=\"async\" width=\"1024\" height=\"576\" src=\"https:\/\/www.correiobraziliense.com.br\/cbradar\/wp-content\/uploads\/2025\/09\/Meias-dormir_1759090153972-1024x576.jpg\" alt=\"\" class=\"wp-image-111200\" srcset=\"https:\/\/www.correiobraziliense.com.br\/cbradar\/wp-content\/uploads\/2025\/09\/Meias-dormir_1759090153972-1024x576.jpg 1024w, https:\/\/www.correiobraziliense.com.br\/cbradar\/wp-content\/uploads\/2025\/09\/Meias-dormir_1759090153972-300x169.jpg 300w, https:\/\/www.correiobraziliense.com.br\/cbradar\/wp-content\/uploads\/2025\/09\/Meias-dormir_1759090153972-768x432.jpg 768w, https:\/\/www.correiobraziliense.com.br\/cbradar\/wp-content\/uploads\/2025\/09\/Meias-dormir_1759090153972-750x422.jpg 750w, https:\/\/www.correiobraziliense.com.br\/cbradar\/wp-content\/uploads\/2025\/09\/Meias-dormir_1759090153972-1140x641.jpg 1140w, https:\/\/www.correiobraziliense.com.br\/cbradar\/wp-content\/uploads\/2025\/09\/Meias-dormir_1759090153972.jpg 1280w\" sizes=\"(max-width: 1024px) 100vw, 1024px\" \/><figcaption class=\"wp-element-caption\">Meias &#8211; Cr\u00e9ditos: depositphotos.com \/ AllaSerebrina<\/figcaption><\/figure><\/div>\n\n\n<ul class=\"wp-block-list\">\n<li><strong>Perfis sens\u00edveis ao frio:<\/strong>\u00a0Valorizam a sensa\u00e7\u00e3o de aquecimento para um sono cont\u00ednuo.<\/li>\n\n\n\n<li><strong>Pessoas com rotinas estruturadas:<\/strong>\u00a0Encaixam o uso de meias em seus rituais di\u00e1rios para consist\u00eancia.<\/li>\n\n\n\n<li><strong>Indiv\u00edduos que buscam conforto:<\/strong>\u00a0Veem nas meias um meio de aumentar o acolhimento em seu espa\u00e7o pessoal.<\/li>\n<\/ul>\n\n\n\n<h2 class=\"wp-block-heading\">Qual \u00e9 a liga\u00e7\u00e3o entre meias para dormir e bem-estar emocional?<\/h2>\n\n\n\n<p>Al\u00e9m de sua fun\u00e7\u00e3o f\u00edsica, o uso de meias para dormir pode ser um reflexo de como um indiv\u00edduo gerencia seu bem-estar emocional. A pr\u00e1tica pode indicar uma predisposi\u00e7\u00e3o para cuidar bem de si mesmo, priorizando o conforto e reconhecendo a import\u00e2ncia de um bom descanso para a <a href=\"https:\/\/www.correiobraziliense.com.br\/cbradar\/diego-wildberger-psicoterapeuta-ser-bonzinho-demais-pode-estar-roubando-sua-vida\/\" target=\"_blank\" rel=\"noreferrer noopener\">sa\u00fade<\/a> mental. Psic\u00f3logos observam que este comportamento demonstra uma abordagem proativa ao autocuidado, promovendo uma rotina de sono mais saud\u00e1vel.<\/p>\n\n\n\n<h2 class=\"wp-block-heading\">Aspectos pr\u00e1ticos e simb\u00f3licos do uso de meias no sono<\/h2>\n\n\n\n<p>As meias oferecem mais do que apenas calor; elas podem ajudar a estabelecer um ritual calmante que prepara o corpo para dormir. Ao criar um ambiente seguro e confort\u00e1vel, o uso de meias pode reduzir a probabilidade de despertar devido a desconfortos t\u00e9rmicos. Na pr\u00e1tica, elas oferecem uma solu\u00e7\u00e3o simples para melhorar a qualidade do sono, garantindo que pequenos inc\u00f4modos n\u00e3o perturbem uma noite de descanso reparador.<\/p>\n\n\n\n<ol class=\"wp-block-list\">\n<li>Reduzir sensa\u00e7\u00f5es de frio durante a noite.<\/li>\n\n\n\n<li>Auxiliar na cria\u00e7\u00e3o de uma rotina relaxante pr\u00e9-sono.<\/li>\n\n\n\n<li>Prevenir interrup\u00e7\u00f5es causadas por mudan\u00e7as de temperatura.<\/li>\n\n\n\n<li>Promover um ambiente de sono mais seguro e acolhedor.<\/li>\n<\/ol>\n\n\n\n<p>De maneira geral, optar por Dormir Com Meias \u00e9 mais do que uma simples quest\u00e3o de conforto f\u00edsico. Este h\u00e1bito pode refletir nuances de personalidade e revelar estrat\u00e9gias informais que as pessoas usam para cuidar de sua sa\u00fade f\u00edsica e emocional. O que pode parecer uma escolha trivial oferece, em \u00faltima an\u00e1lise, um vislumbre das maneiras como as pessoas equilibram suas vidas cotidianas com suas necessidades pessoais de bem-estar.<\/p>\n\n\n<a href=\"https:\/\/www.instagram.com\/dra.annaluisabf\/\" target=\"_blank\" rel=\"noopener\" style=\"text-decoration: none; color: inherit;\">\n    <span style=\"display: inline-block; border: 1px solid #ccc; border-radius: 10px; padding: 15px; max-width: 550px; font-family: sans-serif; box-shadow: 0 2px 5px rgba(0,0,0,0.1); width: 100%;\">\n\n      <!-- T\u00edtulo -->\n      <span style=\"display: block; margin: 0 0 15px 0; font-weight: bold; color: #2c3e50; text-align: center;\">\n        Entre em contato:\n      <\/span>\n\n      <!-- Linha do perfil -->\n      <span style=\"display: flex; align-items: center; gap: 15px;\">\n        <img decoding=\"async\"\n          src=\"https:\/\/www.correiobraziliense.com.br\/cbradar\/wp-content\/uploads\/2025\/08\/dra_anna_luisa.jpeg\"\n          alt=\"Foto da Dra. Anna Lu\u00edsa\"\n          style=\"border-radius: 50%; width: 80px; height: 80px; object-fit: cover;\"\n        \/>\n        <span style=\"display: flex; flex-direction: column;\">\n          <span style=\"font-size: 18px; font-weight: 700; color: #2c3e50;\">Dra. Anna Lu\u00edsa Barbosa Fernandes<\/span>\n          <span style=\"color: #555;\">CRM-GO 33.271<\/span>\n        <\/span>\n      <\/span>\n\n      <!-- Redes -->\n      <span style=\"display: flex; align-items: center; gap: 10px; margin-top: 12px;\">\n        <img decoding=\"async\" src=\"https:\/\/cdn-icons-png.flaticon.com\/24\/1384\/1384063.png\" alt=\"Instagram\" width=\"24\" height=\"24\" \/>\n        <span style=\"text-decoration: underline; color: #2c3e50;\">@dra.annaluisabf<\/span>\n      <\/span>\n\n    <\/span>\n  <\/a>","protected":false},"excerpt":{"rendered":"<p>O costume de Dormir Com Meias \u00e9 algo que muitas pessoas praticam sem pensar duas vezes. No entanto, esse h\u00e1bito aparentemente simples pode oferecer uma vis\u00e3o fascinante do estado emocional e mental de um indiv\u00edduo. Enquanto alguns veem isso apenas como uma forma de manter os p\u00e9s quentes, especialistas sugerem que pode haver mais camadas [&hellip;]<\/p>\n","protected":false},"author":14,"featured_media":111199,"comment_status":"open","ping_status":"open","sticky":false,"template":"","format":"standard","meta":{"_yoast_wpseo_focuskw":"Dormir Com Meias","_yoast_wpseo_title":"","_yoast_wpseo_metadesc":"O uso de meias ao dormir vai al\u00e9m do conforto: psic\u00f3logos associam o h\u00e1bito a rotina, controle e bem-estar emocional.","jnews-multi-image_gallery":[],"jnews_single_post":{"format":"standard"},"jnews_primary_category":[],"jnews_social_meta":[],"jnews_override_counter":[],"footnotes":""},"categories":[4404],"post_tag":[281,120,247,1318],"class_list":["post-144090","post","type-post","status-publish","format-standard","has-post-thumbnail","hentry","category-saude","tag-alimentacao","tag-bem-estar","tag-qualidade-de-vida","tag-saude-2"],"yoast_head":"<!-- This site is optimized with the Yoast SEO plugin v24.6 - https:\/\/yoast.com\/wordpress\/plugins\/seo\/ -->\n<title>Por que algumas pessoas dormem de meias? - Correio Braziliense - Radar<\/title>\n<meta name=\"description\" content=\"O uso de meias ao dormir vai al\u00e9m do conforto: psic\u00f3logos associam o h\u00e1bito a rotina, controle e bem-estar emocional.\" \/>\n<meta name=\"robots\" content=\"index, follow, max-snippet:-1, max-image-preview:large, max-video-preview:-1\" \/>\n<link rel=\"canonical\" href=\"https:\/\/www.correiobraziliense.com.br\/cbradar\/por-que-algumas-pessoas-dormem-de-meias\/\" \/>\n<meta property=\"og:locale\" content=\"pt_BR\" \/>\n<meta property=\"og:type\" content=\"article\" \/>\n<meta property=\"og:title\" content=\"Por que algumas pessoas dormem de meias? - Correio Braziliense - Radar\" \/>\n<meta property=\"og:description\" content=\"O uso de meias ao dormir vai al\u00e9m do conforto: psic\u00f3logos associam o h\u00e1bito a rotina, controle e bem-estar emocional.\" \/>\n<meta property=\"og:url\" content=\"https:\/\/www.correiobraziliense.com.br\/cbradar\/por-que-algumas-pessoas-dormem-de-meias\/\" \/>\n<meta property=\"og:site_name\" content=\"Correio Braziliense - Radar\" \/>\n<meta property=\"article:published_time\" content=\"2025-11-24T16:15:00+00:00\" \/>\n<meta property=\"og:image\" content=\"https:\/\/www.correiobraziliense.com.br\/cbradar\/wp-content\/uploads\/2025\/09\/Meias-dormir_1759090088190.jpg\" \/>\n\t<meta property=\"og:image:width\" content=\"1280\" \/>\n\t<meta property=\"og:image:height\" content=\"720\" \/>\n\t<meta property=\"og:image:type\" content=\"image\/jpeg\" \/>\n<meta name=\"author\" content=\"guilherme_saude\" \/>\n<meta name=\"twitter:card\" content=\"summary_large_image\" \/>\n<meta name=\"twitter:label1\" content=\"Escrito por\" \/>\n\t<meta name=\"twitter:data1\" content=\"guilherme_saude\" \/>\n\t<meta name=\"twitter:label2\" content=\"Est. tempo de leitura\" \/>\n\t<meta name=\"twitter:data2\" content=\"5 minutos\" \/>\n<!-- \/ Yoast SEO plugin. -->","yoast_head_json":{"title":"Por que algumas pessoas dormem de meias? - Correio Braziliense - Radar","description":"O uso de meias ao dormir vai al\u00e9m do conforto: psic\u00f3logos associam o h\u00e1bito a rotina, controle e bem-estar emocional.","robots":{"index":"index","follow":"follow","max-snippet":"max-snippet:-1","max-image-preview":"max-image-preview:large","max-video-preview":"max-video-preview:-1"},"canonical":"https:\/\/www.correiobraziliense.com.br\/cbradar\/por-que-algumas-pessoas-dormem-de-meias\/","og_locale":"pt_BR","og_type":"article","og_title":"Por que algumas pessoas dormem de meias? - Correio Braziliense - Radar","og_description":"O uso de meias ao dormir vai al\u00e9m do conforto: psic\u00f3logos associam o h\u00e1bito a rotina, controle e bem-estar emocional.","og_url":"https:\/\/www.correiobraziliense.com.br\/cbradar\/por-que-algumas-pessoas-dormem-de-meias\/","og_site_name":"Correio Braziliense - Radar","article_published_time":"2025-11-24T16:15:00+00:00","og_image":[{"width":1280,"height":720,"url":"https:\/\/www.correiobraziliense.com.br\/cbradar\/wp-content\/uploads\/2025\/09\/Meias-dormir_1759090088190.jpg","type":"image\/jpeg"}],"author":"guilherme_saude","twitter_card":"summary_large_image","twitter_misc":{"Escrito por":"guilherme_saude","Est. tempo de leitura":"5 minutos"},"schema":{"@context":"https:\/\/schema.org","@graph":[{"@type":"WebPage","@id":"https:\/\/www.correiobraziliense.com.br\/cbradar\/por-que-algumas-pessoas-dormem-de-meias\/","url":"https:\/\/www.correiobraziliense.com.br\/cbradar\/por-que-algumas-pessoas-dormem-de-meias\/","name":"Por que algumas pessoas dormem de meias? - Correio Braziliense - Radar","isPartOf":{"@id":"https:\/\/www.correiobraziliense.com.br\/cbradar\/#website"},"primaryImageOfPage":{"@id":"https:\/\/www.correiobraziliense.com.br\/cbradar\/por-que-algumas-pessoas-dormem-de-meias\/#primaryimage"},"image":{"@id":"https:\/\/www.correiobraziliense.com.br\/cbradar\/por-que-algumas-pessoas-dormem-de-meias\/#primaryimage"},"thumbnailUrl":"https:\/\/www.correiobraziliense.com.br\/cbradar\/wp-content\/uploads\/2025\/09\/Meias-dormir_1759090088190.jpg","datePublished":"2025-11-24T16:15:00+00:00","author":{"@id":"https:\/\/www.correiobraziliense.com.br\/cbradar\/#\/schema\/person\/5aa4bf3c8fa699c267933611de12978b"},"description":"O uso de meias ao dormir vai al\u00e9m do conforto: psic\u00f3logos associam o h\u00e1bito a rotina, controle e bem-estar emocional.","breadcrumb":{"@id":"https:\/\/www.correiobraziliense.com.br\/cbradar\/por-que-algumas-pessoas-dormem-de-meias\/#breadcrumb"},"inLanguage":"pt-BR","potentialAction":[{"@type":"ReadAction","target":["https:\/\/www.correiobraziliense.com.br\/cbradar\/por-que-algumas-pessoas-dormem-de-meias\/"]}]},{"@type":"ImageObject","inLanguage":"pt-BR","@id":"https:\/\/www.correiobraziliense.com.br\/cbradar\/por-que-algumas-pessoas-dormem-de-meias\/#primaryimage","url":"https:\/\/www.correiobraziliense.com.br\/cbradar\/wp-content\/uploads\/2025\/09\/Meias-dormir_1759090088190.jpg","contentUrl":"https:\/\/www.correiobraziliense.com.br\/cbradar\/wp-content\/uploads\/2025\/09\/Meias-dormir_1759090088190.jpg","width":1280,"height":720,"caption":"Meias - Cr\u00e9ditos: depositphotos.com \/ AllaSerebrina"},{"@type":"BreadcrumbList","@id":"https:\/\/www.correiobraziliense.com.br\/cbradar\/por-que-algumas-pessoas-dormem-de-meias\/#breadcrumb","itemListElement":[{"@type":"ListItem","position":1,"name":"In\u00edcio","item":"https:\/\/www.correiobraziliense.com.br\/cbradar\/"},{"@type":"ListItem","position":2,"name":"Por que algumas pessoas dormem de meias?"}]},{"@type":"WebSite","@id":"https:\/\/www.correiobraziliense.com.br\/cbradar\/#website","url":"https:\/\/www.correiobraziliense.com.br\/cbradar\/","name":"Correio Braziliense - Radar","description":"Acompanhe as \u00faltimas not\u00edcias e fique bem informado sobre tudo o que acontece no Brasil e no mundo.","potentialAction":[{"@type":"SearchAction","target":{"@type":"EntryPoint","urlTemplate":"https:\/\/www.correiobraziliense.com.br\/cbradar\/?s={search_term_string}"},"query-input":{"@type":"PropertyValueSpecification","valueRequired":true,"valueName":"search_term_string"}}],"inLanguage":"pt-BR"},{"@type":"Person","@id":"https:\/\/www.correiobraziliense.com.br\/cbradar\/#\/schema\/person\/5aa4bf3c8fa699c267933611de12978b","name":"guilherme_saude","image":{"@type":"ImageObject","inLanguage":"pt-BR","@id":"https:\/\/www.correiobraziliense.com.br\/cbradar\/#\/schema\/person\/image\/","url":"https:\/\/secure.gravatar.com\/avatar\/df9adfb835d344bc0af109d41756253f?s=96&d=mm&r=g","contentUrl":"https:\/\/secure.gravatar.com\/avatar\/df9adfb835d344bc0af109d41756253f?s=96&d=mm&r=g","caption":"guilherme_saude"},"url":"https:\/\/www.correiobraziliense.com.br\/cbradar\/author\/guilherme_saude\/"}]}},"_links":{"self":[{"href":"https:\/\/www.correiobraziliense.com.br\/cbradar\/wp-json\/wp\/v2\/posts\/144090","targetHints":{"allow":["GET"]}}],"collection":[{"href":"https:\/\/www.correiobraziliense.com.br\/cbradar\/wp-json\/wp\/v2\/posts"}],"about":[{"href":"https:\/\/www.correiobraziliense.com.br\/cbradar\/wp-json\/wp\/v2\/types\/post"}],"author":[{"embeddable":true,"href":"https:\/\/www.correiobraziliense.com.br\/cbradar\/wp-json\/wp\/v2\/users\/14"}],"replies":[{"embeddable":true,"href":"https:\/\/www.correiobraziliense.com.br\/cbradar\/wp-json\/wp\/v2\/comments?post=144090"}],"version-history":[{"count":1,"href":"https:\/\/www.correiobraziliense.com.br\/cbradar\/wp-json\/wp\/v2\/posts\/144090\/revisions"}],"predecessor-version":[{"id":144091,"href":"https:\/\/www.correiobraziliense.com.br\/cbradar\/wp-json\/wp\/v2\/posts\/144090\/revisions\/144091"}],"wp:featuredmedia":[{"embeddable":true,"href":"https:\/\/www.correiobraziliense.com.br\/cbradar\/wp-json\/wp\/v2\/media\/111199"}],"wp:attachment":[{"href":"https:\/\/www.correiobraziliense.com.br\/cbradar\/wp-json\/wp\/v2\/media?parent=144090"}],"wp:term":[{"taxonomy":"category","embeddable":true,"href":"https:\/\/www.correiobraziliense.com.br\/cbradar\/wp-json\/wp\/v2\/categories?post=144090"},{"taxonomy":"post_tag","embeddable":true,"href":"https:\/\/www.correiobraziliense.com.br\/cbradar\/wp-json\/wp\/v2\/post_tag?post=144090"}],"curies":[{"name":"wp","href":"https:\/\/api.w.org\/{rel}","templated":true}]}}