{"id":144092,"date":"2025-11-24T15:55:00","date_gmt":"2025-11-24T18:55:00","guid":{"rendered":"https:\/\/www.correiobraziliense.com.br\/cbradar\/?p=144092"},"modified":"2025-11-23T19:54:57","modified_gmt":"2025-11-23T22:54:57","slug":"a-erva-que-melhora-a-memoria-e-ainda-tempera-seus-pratos","status":"publish","type":"post","link":"https:\/\/www.correiobraziliense.com.br\/cbradar\/a-erva-que-melhora-a-memoria-e-ainda-tempera-seus-pratos\/","title":{"rendered":"A erva que melhora a mem\u00f3ria e ainda tempera seus pratos"},"content":{"rendered":"\n<p>O <strong>Alecrim<\/strong>, uma erva arom\u00e1tica venerada por suas m\u00faltiplas utilidades, conquista apreciadores tanto na cozinha quanto no campo da sa\u00fade. Conhecido por seu aroma encantador, o Alecrim \u00e9 frequentemente usado para real\u00e7ar pratos assados e marinadas, al\u00e9m de servir como base para temperos diversos. Al\u00e9m de seu valor gastron\u00f4mico, essa planta destaca-se por suas propriedades medicinais, que incluem a presen\u00e7a de antioxidantes e compostos anti-inflamat\u00f3rios. Cultivar Alecrim em hortas caseiras ou vasos dentro de casa apresenta-se como uma atividade recompensadora, especialmente devido \u00e0 sua resist\u00eancia e facilidade de cuidado.<\/p>\n\n\n\n<p>Adaptar-se ao cultivo de Alecrim n\u00e3o \u00e9 tarefa \u00e1rdua, principalmente quando as condi\u00e7\u00f5es certas de clima e solo s\u00e3o fornecidas. Origin\u00e1rio da regi\u00e3o do Mediterr\u00e2neo, o alecrim prefere ambientes quentes e secos, com bastante luz solar e ventila\u00e7\u00e3o adequada. As temperaturas ideais para seu crescimento variam entre 18\u00b0C e 30\u00b0C, sendo que solos encharcados ou \u00famidos demais devem ser evitados. O solo ideal para o Alecrim deve ser leve, bem drenado e ligeiramente alcalino, com pH entre 6,5 e 7,5. A adi\u00e7\u00e3o de areia e mat\u00e9ria org\u00e2nica pode melhorar a estrutura do solo, favorecendo o crescimento saud\u00e1vel da planta.<\/p>\n\n\n\n<h2 class=\"wp-block-heading\">Quais s\u00e3o os m\u00e9todos eficientes de plantio do Alecrim?<\/h2>\n\n\n\n<p>O cultivo de Alecrim pode ser realizado atrav\u00e9s de sementes ou pela propaga\u00e7\u00e3o por estacas, sendo este \u00faltimo m\u00e9todo o mais popular e eficiente. O plantio por sementes tende a ser um processo mais demorado e com menor taxa de sucesso, enquanto as estacas garantem plantas com caracter\u00edsticas id\u00eanticas \u00e0 planta-m\u00e3e. Para iniciar o processo por estaquia, deve-se cortar um ramo saud\u00e1vel, de cerca de 15 cm, remover as folhas da parte inferior e plantar em um substrato adequado, mantendo a umidade at\u00e9 que a brota\u00e7\u00e3o ocorra, geralmente ap\u00f3s duas a tr\u00eas semanas.<\/p>\n\n\n<div class=\"wp-block-image\">\n<figure class=\"aligncenter size-large\"><img decoding=\"async\" width=\"1024\" height=\"576\" src=\"https:\/\/www.correiobraziliense.com.br\/cbradar\/wp-content\/uploads\/2025\/05\/alecrim_1748710840061-1024x576.jpg\" alt=\"\" class=\"wp-image-45730\" srcset=\"https:\/\/www.correiobraziliense.com.br\/cbradar\/wp-content\/uploads\/2025\/05\/alecrim_1748710840061-1024x576.jpg 1024w, https:\/\/www.correiobraziliense.com.br\/cbradar\/wp-content\/uploads\/2025\/05\/alecrim_1748710840061-300x169.jpg 300w, https:\/\/www.correiobraziliense.com.br\/cbradar\/wp-content\/uploads\/2025\/05\/alecrim_1748710840061-768x432.jpg 768w, https:\/\/www.correiobraziliense.com.br\/cbradar\/wp-content\/uploads\/2025\/05\/alecrim_1748710840061-750x422.jpg 750w, https:\/\/www.correiobraziliense.com.br\/cbradar\/wp-content\/uploads\/2025\/05\/alecrim_1748710840061-1140x641.jpg 1140w, https:\/\/www.correiobraziliense.com.br\/cbradar\/wp-content\/uploads\/2025\/05\/alecrim_1748710840061.jpg 1280w\" sizes=\"(max-width: 1024px) 100vw, 1024px\" \/><figcaption class=\"wp-element-caption\">Alecrim &#8211; Cr\u00e9ditos: depositphotos.com \/ Dream79<\/figcaption><\/figure><\/div>\n\n\n<h2 class=\"wp-block-heading\">Quando \u00e9 o momento ideal para plantar e cuidar do Alecrim?<\/h2>\n\n\n\n<p>A adaptabilidade do Alecrim permite que ele seja plantado durante todo o ano, especialmente em regi\u00f5es mais quentes. No entanto, a primavera e o in\u00edcio do ver\u00e3o s\u00e3o as melhores esta\u00e7\u00f5es para o plantio, devido ao clima favor\u00e1vel que proporciona um enraizamento eficaz. Evitar plantio em per\u00edodos de chuvas intensas ou frio rigoroso \u00e9 essencial para preservar a <a href=\"https:\/\/www.correiobraziliense.com.br\/cbradar\/diego-wildberger-psicoterapeuta-ser-bonzinho-demais-pode-estar-roubando-sua-vida\/\" target=\"_blank\" rel=\"noreferrer noopener\">sa\u00fade<\/a> da planta. Ap\u00f3s o plantio, a manuten\u00e7\u00e3o do Alecrim  \u00e9 relativamente simples; ele n\u00e3o demanda muita \u00e1gua, e a irriga\u00e7\u00e3o deve ser feita apenas quando o solo apresentar sinais de secura. O excesso de \u00e1gua pode levar a problemas como apodrecimento de ra\u00edzes e surgimento de fungos.<\/p>\n\n\n\n<h2 class=\"wp-block-heading\">Qual a import\u00e2ncia dos cuidados na manuten\u00e7\u00e3o do Alecrim?<\/h2>\n\n\n\n<p>Para quem cultiva alecrim, a manuten\u00e7\u00e3o \u00e9 um aspecto vital para garantir a longevidade e a produtividade da planta. Alimentar o Alecrim com adubos compostos por f\u00f3sforo e pot\u00e1ssio a cada 60 dias pode ser ben\u00e9fico, mas \u00e9 importante evitar excessos para que a planta n\u00e3o sofra com nutrientes em demasia. A poda regular \u00e9 aconselhada para estimular um crescimento lateral saud\u00e1vel e manter a planta compacta, promovendo a renova\u00e7\u00e3o da folhagem e o surgimento de novos brotos.<\/p>\n\n\n\n<h2 class=\"wp-block-heading\">\u00c9 vantajoso plantar Alecrim em vasos?<\/h2>\n\n\n\n<p>Sim, plantar Alecrim em vasos \u00e9 uma op\u00e7\u00e3o pr\u00e1tica e vantajosa, principalmente para quem possui espa\u00e7os limitados ou deseja manter ervas frescas \u00e0 m\u00e3o. Os vasos devem ser suficientemente profundos, com pelo menos 30 cm, e possuir boa drenagem para evitar o ac\u00famulo de \u00e1gua. Uma mistura de terra vegetal, areia e composto org\u00e2nico cria o substrato ideal para o crescimento do Alecrim. Posicionar o vaso em locais bem iluminados, que recebam sol direto por pelo menos 4 a 6 horas di\u00e1rias, garante o desenvolvimento saud\u00e1vel da planta, proporcionando um fornecimento cont\u00ednuo de suas folhas arom\u00e1ticas para diversas utiliza\u00e7\u00f5es culin\u00e1rias e terap\u00eauticas.<\/p>\n\n\n<a href=\"https:\/\/www.instagram.com\/dra.annaluisabf\/\" target=\"_blank\" rel=\"noopener\" style=\"text-decoration: none; color: inherit;\">\n    <span style=\"display: inline-block; border: 1px solid #ccc; border-radius: 10px; padding: 15px; max-width: 550px; font-family: sans-serif; box-shadow: 0 2px 5px rgba(0,0,0,0.1); width: 100%;\">\n\n      <!-- T\u00edtulo -->\n      <span style=\"display: block; margin: 0 0 15px 0; font-weight: bold; color: #2c3e50; text-align: center;\">\n        Entre em contato:\n      <\/span>\n\n      <!-- Linha do perfil -->\n      <span style=\"display: flex; align-items: center; gap: 15px;\">\n        <img decoding=\"async\"\n          src=\"https:\/\/www.correiobraziliense.com.br\/cbradar\/wp-content\/uploads\/2025\/08\/dra_anna_luisa.jpeg\"\n          alt=\"Foto da Dra. Anna Lu\u00edsa\"\n          style=\"border-radius: 50%; width: 80px; height: 80px; object-fit: cover;\"\n        \/>\n        <span style=\"display: flex; flex-direction: column;\">\n          <span style=\"font-size: 18px; font-weight: 700; color: #2c3e50;\">Dra. Anna Lu\u00edsa Barbosa Fernandes<\/span>\n          <span style=\"color: #555;\">CRM-GO 33.271<\/span>\n        <\/span>\n      <\/span>\n\n      <!-- Redes -->\n      <span style=\"display: flex; align-items: center; gap: 10px; margin-top: 12px;\">\n        <img decoding=\"async\" src=\"https:\/\/cdn-icons-png.flaticon.com\/24\/1384\/1384063.png\" alt=\"Instagram\" width=\"24\" height=\"24\" \/>\n        <span style=\"text-decoration: underline; color: #2c3e50;\">@dra.annaluisabf<\/span>\n      <\/span>\n\n    <\/span>\n  <\/a>\n\n\n<p><\/p>\n","protected":false},"excerpt":{"rendered":"<p>O Alecrim, uma erva arom\u00e1tica venerada por suas m\u00faltiplas utilidades, conquista apreciadores tanto na cozinha quanto no campo da sa\u00fade. Conhecido por seu aroma encantador, o Alecrim \u00e9 frequentemente usado para real\u00e7ar pratos assados e marinadas, al\u00e9m de servir como base para temperos diversos. Al\u00e9m de seu valor gastron\u00f4mico, essa planta destaca-se por suas propriedades [&hellip;]<\/p>\n","protected":false},"author":14,"featured_media":45729,"comment_status":"open","ping_status":"open","sticky":false,"template":"","format":"standard","meta":{"_yoast_wpseo_focuskw":"Alecrim","_yoast_wpseo_title":"","_yoast_wpseo_metadesc":"Guia pr\u00e1tico do alecrim: benef\u00edcios, clima ideal, como plantar e manter a erva arom\u00e1tica sempre bonita e produtiva.","jnews-multi-image_gallery":[],"jnews_single_post":{"format":"standard"},"jnews_primary_category":[],"jnews_social_meta":[],"jnews_override_counter":[],"footnotes":""},"categories":[4404],"post_tag":[281,120,1318],"class_list":["post-144092","post","type-post","status-publish","format-standard","has-post-thumbnail","hentry","category-saude","tag-alimentacao","tag-bem-estar","tag-saude-2"],"yoast_head":"<!-- This site is optimized with the Yoast SEO plugin v24.6 - https:\/\/yoast.com\/wordpress\/plugins\/seo\/ -->\n<title>A erva que melhora a mem\u00f3ria e ainda tempera seus pratos - Correio Braziliense - Radar<\/title>\n<meta name=\"description\" content=\"Guia pr\u00e1tico do alecrim: benef\u00edcios, clima ideal, como plantar e manter a erva arom\u00e1tica sempre bonita e produtiva.\" \/>\n<meta name=\"robots\" content=\"index, follow, max-snippet:-1, max-image-preview:large, max-video-preview:-1\" \/>\n<link rel=\"canonical\" href=\"https:\/\/www.correiobraziliense.com.br\/cbradar\/a-erva-que-melhora-a-memoria-e-ainda-tempera-seus-pratos\/\" \/>\n<meta property=\"og:locale\" content=\"pt_BR\" \/>\n<meta property=\"og:type\" content=\"article\" \/>\n<meta property=\"og:title\" content=\"A erva que melhora a mem\u00f3ria e ainda tempera seus pratos - Correio Braziliense - Radar\" \/>\n<meta property=\"og:description\" content=\"Guia pr\u00e1tico do alecrim: benef\u00edcios, clima ideal, como plantar e manter a erva arom\u00e1tica sempre bonita e produtiva.\" \/>\n<meta property=\"og:url\" content=\"https:\/\/www.correiobraziliense.com.br\/cbradar\/a-erva-que-melhora-a-memoria-e-ainda-tempera-seus-pratos\/\" \/>\n<meta property=\"og:site_name\" content=\"Correio Braziliense - Radar\" \/>\n<meta property=\"article:published_time\" content=\"2025-11-24T18:55:00+00:00\" \/>\n<meta property=\"og:image\" content=\"https:\/\/www.correiobraziliense.com.br\/cbradar\/wp-content\/uploads\/2025\/05\/alecrim_1748710816991.jpg\" \/>\n\t<meta property=\"og:image:width\" content=\"1280\" \/>\n\t<meta property=\"og:image:height\" content=\"720\" \/>\n\t<meta property=\"og:image:type\" content=\"image\/jpeg\" \/>\n<meta name=\"author\" content=\"guilherme_saude\" \/>\n<meta name=\"twitter:card\" content=\"summary_large_image\" \/>\n<meta name=\"twitter:label1\" content=\"Escrito por\" \/>\n\t<meta name=\"twitter:data1\" content=\"guilherme_saude\" \/>\n\t<meta name=\"twitter:label2\" content=\"Est. tempo de leitura\" \/>\n\t<meta name=\"twitter:data2\" content=\"5 minutos\" \/>\n<!-- \/ Yoast SEO plugin. -->","yoast_head_json":{"title":"A erva que melhora a mem\u00f3ria e ainda tempera seus pratos - Correio Braziliense - Radar","description":"Guia pr\u00e1tico do alecrim: benef\u00edcios, clima ideal, como plantar e manter a erva arom\u00e1tica sempre bonita e produtiva.","robots":{"index":"index","follow":"follow","max-snippet":"max-snippet:-1","max-image-preview":"max-image-preview:large","max-video-preview":"max-video-preview:-1"},"canonical":"https:\/\/www.correiobraziliense.com.br\/cbradar\/a-erva-que-melhora-a-memoria-e-ainda-tempera-seus-pratos\/","og_locale":"pt_BR","og_type":"article","og_title":"A erva que melhora a mem\u00f3ria e ainda tempera seus pratos - Correio Braziliense - Radar","og_description":"Guia pr\u00e1tico do alecrim: benef\u00edcios, clima ideal, como plantar e manter a erva arom\u00e1tica sempre bonita e produtiva.","og_url":"https:\/\/www.correiobraziliense.com.br\/cbradar\/a-erva-que-melhora-a-memoria-e-ainda-tempera-seus-pratos\/","og_site_name":"Correio Braziliense - Radar","article_published_time":"2025-11-24T18:55:00+00:00","og_image":[{"width":1280,"height":720,"url":"https:\/\/www.correiobraziliense.com.br\/cbradar\/wp-content\/uploads\/2025\/05\/alecrim_1748710816991.jpg","type":"image\/jpeg"}],"author":"guilherme_saude","twitter_card":"summary_large_image","twitter_misc":{"Escrito por":"guilherme_saude","Est. tempo de leitura":"5 minutos"},"schema":{"@context":"https:\/\/schema.org","@graph":[{"@type":"WebPage","@id":"https:\/\/www.correiobraziliense.com.br\/cbradar\/a-erva-que-melhora-a-memoria-e-ainda-tempera-seus-pratos\/","url":"https:\/\/www.correiobraziliense.com.br\/cbradar\/a-erva-que-melhora-a-memoria-e-ainda-tempera-seus-pratos\/","name":"A erva que melhora a mem\u00f3ria e ainda tempera seus pratos - Correio Braziliense - Radar","isPartOf":{"@id":"https:\/\/www.correiobraziliense.com.br\/cbradar\/#website"},"primaryImageOfPage":{"@id":"https:\/\/www.correiobraziliense.com.br\/cbradar\/a-erva-que-melhora-a-memoria-e-ainda-tempera-seus-pratos\/#primaryimage"},"image":{"@id":"https:\/\/www.correiobraziliense.com.br\/cbradar\/a-erva-que-melhora-a-memoria-e-ainda-tempera-seus-pratos\/#primaryimage"},"thumbnailUrl":"https:\/\/www.correiobraziliense.com.br\/cbradar\/wp-content\/uploads\/2025\/05\/alecrim_1748710816991.jpg","datePublished":"2025-11-24T18:55:00+00:00","author":{"@id":"https:\/\/www.correiobraziliense.com.br\/cbradar\/#\/schema\/person\/5aa4bf3c8fa699c267933611de12978b"},"description":"Guia pr\u00e1tico do alecrim: benef\u00edcios, clima ideal, como plantar e manter a erva arom\u00e1tica sempre bonita e produtiva.","breadcrumb":{"@id":"https:\/\/www.correiobraziliense.com.br\/cbradar\/a-erva-que-melhora-a-memoria-e-ainda-tempera-seus-pratos\/#breadcrumb"},"inLanguage":"pt-BR","potentialAction":[{"@type":"ReadAction","target":["https:\/\/www.correiobraziliense.com.br\/cbradar\/a-erva-que-melhora-a-memoria-e-ainda-tempera-seus-pratos\/"]}]},{"@type":"ImageObject","inLanguage":"pt-BR","@id":"https:\/\/www.correiobraziliense.com.br\/cbradar\/a-erva-que-melhora-a-memoria-e-ainda-tempera-seus-pratos\/#primaryimage","url":"https:\/\/www.correiobraziliense.com.br\/cbradar\/wp-content\/uploads\/2025\/05\/alecrim_1748710816991.jpg","contentUrl":"https:\/\/www.correiobraziliense.com.br\/cbradar\/wp-content\/uploads\/2025\/05\/alecrim_1748710816991.jpg","width":1280,"height":720,"caption":"Alecrim - Cr\u00e9ditos: depositphotos.com \/ MarusiaBO"},{"@type":"BreadcrumbList","@id":"https:\/\/www.correiobraziliense.com.br\/cbradar\/a-erva-que-melhora-a-memoria-e-ainda-tempera-seus-pratos\/#breadcrumb","itemListElement":[{"@type":"ListItem","position":1,"name":"In\u00edcio","item":"https:\/\/www.correiobraziliense.com.br\/cbradar\/"},{"@type":"ListItem","position":2,"name":"A erva que melhora a mem\u00f3ria e ainda tempera seus pratos"}]},{"@type":"WebSite","@id":"https:\/\/www.correiobraziliense.com.br\/cbradar\/#website","url":"https:\/\/www.correiobraziliense.com.br\/cbradar\/","name":"Correio Braziliense - Radar","description":"Acompanhe as \u00faltimas not\u00edcias e fique bem informado sobre tudo o que acontece no Brasil e no mundo.","potentialAction":[{"@type":"SearchAction","target":{"@type":"EntryPoint","urlTemplate":"https:\/\/www.correiobraziliense.com.br\/cbradar\/?s={search_term_string}"},"query-input":{"@type":"PropertyValueSpecification","valueRequired":true,"valueName":"search_term_string"}}],"inLanguage":"pt-BR"},{"@type":"Person","@id":"https:\/\/www.correiobraziliense.com.br\/cbradar\/#\/schema\/person\/5aa4bf3c8fa699c267933611de12978b","name":"guilherme_saude","image":{"@type":"ImageObject","inLanguage":"pt-BR","@id":"https:\/\/www.correiobraziliense.com.br\/cbradar\/#\/schema\/person\/image\/","url":"https:\/\/secure.gravatar.com\/avatar\/df9adfb835d344bc0af109d41756253f?s=96&d=mm&r=g","contentUrl":"https:\/\/secure.gravatar.com\/avatar\/df9adfb835d344bc0af109d41756253f?s=96&d=mm&r=g","caption":"guilherme_saude"},"url":"https:\/\/www.correiobraziliense.com.br\/cbradar\/author\/guilherme_saude\/"}]}},"_links":{"self":[{"href":"https:\/\/www.correiobraziliense.com.br\/cbradar\/wp-json\/wp\/v2\/posts\/144092","targetHints":{"allow":["GET"]}}],"collection":[{"href":"https:\/\/www.correiobraziliense.com.br\/cbradar\/wp-json\/wp\/v2\/posts"}],"about":[{"href":"https:\/\/www.correiobraziliense.com.br\/cbradar\/wp-json\/wp\/v2\/types\/post"}],"author":[{"embeddable":true,"href":"https:\/\/www.correiobraziliense.com.br\/cbradar\/wp-json\/wp\/v2\/users\/14"}],"replies":[{"embeddable":true,"href":"https:\/\/www.correiobraziliense.com.br\/cbradar\/wp-json\/wp\/v2\/comments?post=144092"}],"version-history":[{"count":1,"href":"https:\/\/www.correiobraziliense.com.br\/cbradar\/wp-json\/wp\/v2\/posts\/144092\/revisions"}],"predecessor-version":[{"id":144093,"href":"https:\/\/www.correiobraziliense.com.br\/cbradar\/wp-json\/wp\/v2\/posts\/144092\/revisions\/144093"}],"wp:featuredmedia":[{"embeddable":true,"href":"https:\/\/www.correiobraziliense.com.br\/cbradar\/wp-json\/wp\/v2\/media\/45729"}],"wp:attachment":[{"href":"https:\/\/www.correiobraziliense.com.br\/cbradar\/wp-json\/wp\/v2\/media?parent=144092"}],"wp:term":[{"taxonomy":"category","embeddable":true,"href":"https:\/\/www.correiobraziliense.com.br\/cbradar\/wp-json\/wp\/v2\/categories?post=144092"},{"taxonomy":"post_tag","embeddable":true,"href":"https:\/\/www.correiobraziliense.com.br\/cbradar\/wp-json\/wp\/v2\/post_tag?post=144092"}],"curies":[{"name":"wp","href":"https:\/\/api.w.org\/{rel}","templated":true}]}}