{"id":144096,"date":"2025-11-24T18:25:00","date_gmt":"2025-11-24T21:25:00","guid":{"rendered":"https:\/\/www.correiobraziliense.com.br\/cbradar\/?p=144096"},"modified":"2025-11-23T19:59:19","modified_gmt":"2025-11-23T22:59:19","slug":"dormir-com-seu-pet-faz-mal-medica-explica","status":"publish","type":"post","link":"https:\/\/www.correiobraziliense.com.br\/cbradar\/dormir-com-seu-pet-faz-mal-medica-explica\/","title":{"rendered":"Dormir com seu pet faz mal? M\u00e9dica explica"},"content":{"rendered":"\n<p>Deixar um animal de estima\u00e7\u00e3o compartilhar a cama n\u00e3o se resume a um mero costume. Estudos recentes revelam que essa pr\u00e1tica pode refletir caracter\u00edsticas psicol\u00f3gicas espec\u00edficas. Quando algu\u00e9m opta por <strong>Dormir Com Seu Pet<\/strong>, h\u00e1 mais do que a busca por conforto f\u00edsico; trata-se de estabelecer um v\u00ednculo emocional que transcende as barreiras tradicionais entre as esp\u00e9cies. Essa atitude n\u00e3o apenas demonstra uma profunda empatia, mas tamb\u00e9m pode ser um indicador da forma como os indiv\u00edduos se relacionam com o mundo ao seu redor.<\/p>\n\n\n\n<p>Pesquisas conduzidas pela psic\u00f3loga Claudia Fugazza, da Universidade de Budapeste, sugerem que quem permite que um animal durma em sua cama apresenta maiores n\u00edveis de sensibilidade \u00e0s necessidades dos outros, sejam eles humanos ou animais. Isso se traduz em uma constru\u00e7\u00e3o de rela\u00e7\u00f5es emp\u00e1ticas e compreens\u00e3o, elementos essenciais para intera\u00e7\u00f5es saud\u00e1veis e recompensadoras em v\u00e1rias esferas da vida.<\/p>\n\n\n\n<h2 class=\"wp-block-heading\">Como dormir com pets aprimora a comunica\u00e7\u00e3o n\u00e3o verbal?<\/h2>\n\n\n\n<p>A proximidade com animais de estima\u00e7\u00e3o na hora de dormir frequentemente implica uma comunica\u00e7\u00e3o que vai al\u00e9m do toque f\u00edsico. Indiv\u00edduos que adotam essa pr\u00e1tica demonstram uma maior habilidade para interpretar a linguagem corporal, n\u00e3o apenas dos pets, mas tamb\u00e9m em suas intera\u00e7\u00f5es humanas. Essa capacidade de entender sinais n\u00e3o verbais \u00e9 destacada no&nbsp;<em>Journal of Comparative Psychology<\/em>, que ressalta como essa sensibilidade pode conferir uma vantagem significativa em v\u00e1rias situa\u00e7\u00f5es sociais.<\/p>\n\n\n\n<p>Quando se permite que um animal fa\u00e7a parte do espa\u00e7o mais \u00edntimo, como a cama, h\u00e1 um desenvolvimento inevit\u00e1vel de uma perce\u00e7\u00e3o refinada, que \u00e9 frequentemente transferida para o dia a dia. Isso n\u00e3o apenas melhora a intera\u00e7\u00e3o com outros seres humanos, mas tamb\u00e9m fortalece o entendimento e carinho m\u00fatuo com os pets.<\/p>\n\n\n\n<h2 class=\"wp-block-heading\">Quais s\u00e3o os benef\u00edcios de dividir a cama com animais de estima\u00e7\u00e3o?<\/h2>\n\n\n\n<p>A escolha de dormir com animais de estima\u00e7\u00e3o n\u00e3o \u00e9 pautada apenas pelo afeto. Estudos da Universidade de Bonn demonstram benef\u00edcios palp\u00e1veis relacionados ao bem-estar f\u00edsico e emocional. Presen\u00e7as animais podem atuar na redu\u00e7\u00e3o do estresse e normaliza\u00e7\u00e3o do ritmo card\u00edaco, al\u00e9m de contribuir para um sono mais tranquilo. Em situa\u00e7\u00f5es imprevistas, como patas em disputa por espa\u00e7o ou despertadores naturais e matutinos, essa conviv\u00eancia promove a flexibilidade, muitas vezes essencial para manter o equil\u00edbrio pessoal e uma vis\u00e3o de vida mais aberta.<\/p>\n\n\n\n<figure class=\"wp-block-image size-large\"><img decoding=\"async\" width=\"1024\" height=\"576\" src=\"https:\/\/www.correiobraziliense.com.br\/cbradar\/wp-content\/uploads\/2025\/07\/pet-na-cama_1752174268175-1024x576.jpg\" alt=\"\" class=\"wp-image-67493\" srcset=\"https:\/\/www.correiobraziliense.com.br\/cbradar\/wp-content\/uploads\/2025\/07\/pet-na-cama_1752174268175-1024x576.jpg 1024w, https:\/\/www.correiobraziliense.com.br\/cbradar\/wp-content\/uploads\/2025\/07\/pet-na-cama_1752174268175-300x169.jpg 300w, https:\/\/www.correiobraziliense.com.br\/cbradar\/wp-content\/uploads\/2025\/07\/pet-na-cama_1752174268175-768x432.jpg 768w, https:\/\/www.correiobraziliense.com.br\/cbradar\/wp-content\/uploads\/2025\/07\/pet-na-cama_1752174268175-750x422.jpg 750w, https:\/\/www.correiobraziliense.com.br\/cbradar\/wp-content\/uploads\/2025\/07\/pet-na-cama_1752174268175-1140x641.jpg 1140w, https:\/\/www.correiobraziliense.com.br\/cbradar\/wp-content\/uploads\/2025\/07\/pet-na-cama_1752174268175.jpg 1280w\" sizes=\"(max-width: 1024px) 100vw, 1024px\" \/><figcaption class=\"wp-element-caption\">Dormir com pet &#8211; Cr\u00e9ditos: depositphotos.com \/ AllaSerebrina<\/figcaption><\/figure>\n\n\n\n<p>Esses momentos s\u00e3o vistos como oportunidades para exercitar a adaptabilidade e aceitar as imperfei\u00e7\u00f5es da vida cotidiana, promovendo uma coexist\u00eancia que favorece a <a href=\"https:\/\/www.correiobraziliense.com.br\/cbradar\/diego-wildberger-psicoterapeuta-ser-bonzinho-demais-pode-estar-roubando-sua-vida\/\" target=\"_blank\" rel=\"noreferrer noopener\">sa\u00fade <\/a>emocional e mental dos que dividem a cama com seus pets.<\/p>\n\n\n\n<h2 class=\"wp-block-heading\">Como o ato de dormir com pets fortalece la\u00e7os emocionais?<\/h2>\n\n\n\n<p>Compartilhando um espa\u00e7o t\u00e3o \u00edntimo com um animal, os seres humanos frequentemente mostram uma habilidade inata para cultivar rela\u00e7\u00f5es significativas. De acordo com pesquisadores da Monash University, tal comportamento reflete um compromisso profundo com as rela\u00e7\u00f5es interpessoais e interesp\u00e9cies, mostrando o valor duradouro de cada conex\u00e3o emocional estabelecida.<\/p>\n\n\n\n<p>Marc Bekoff, et\u00f3logo renomado, sugere que dividir a cama com um pet simboliza um apre\u00e7o m\u00fatuo que transcende as diferen\u00e7as de esp\u00e9cie, promovendo redes sociais aut\u00eanticas e significativas. Esta pr\u00e1tica revela uma perspectiva de mundo onde os la\u00e7os s\u00e3o nutridos e valorizados, quer sejam eles entre humanos ou outros animais.<\/p>\n\n\n\n<h2 class=\"wp-block-heading\">Por que dormir com um pet \u00e9 mais do que um simples h\u00e1bito?<\/h2>\n\n\n\n<p>Analisando o h\u00e1bito de compartilhar a cama com um pet, percebemos que ele representa mais do que um conforto personalizado. \u00c9 um testemunho de uma mentalidade aberta e adapt\u00e1vel e uma profundeza de compreens\u00e3o dos v\u00ednculos emocionais que mantemos. O conv\u00edvio com um animal no espa\u00e7o \u00edntimo \u00e9, portanto, n\u00e3o apenas um gesto de carinho, mas uma demonstra\u00e7\u00e3o de como as experi\u00eancias e as rela\u00e7\u00f5es s\u00e3o encaradas em um n\u00edvel mais profundo e significativo.<\/p>\n\n\n<a href=\"https:\/\/www.instagram.com\/dra.annaluisabf\/\" target=\"_blank\" rel=\"noopener\" style=\"text-decoration: none; color: inherit;\">\n    <span style=\"display: inline-block; border: 1px solid #ccc; border-radius: 10px; padding: 15px; max-width: 550px; font-family: sans-serif; box-shadow: 0 2px 5px rgba(0,0,0,0.1); width: 100%;\">\n\n      <!-- T\u00edtulo -->\n      <span style=\"display: block; margin: 0 0 15px 0; font-weight: bold; color: #2c3e50; text-align: center;\">\n        Entre em contato:\n      <\/span>\n\n      <!-- Linha do perfil -->\n      <span style=\"display: flex; align-items: center; gap: 15px;\">\n        <img decoding=\"async\"\n          src=\"https:\/\/www.correiobraziliense.com.br\/cbradar\/wp-content\/uploads\/2025\/08\/dra_anna_luisa.jpeg\"\n          alt=\"Foto da Dra. Anna Lu\u00edsa\"\n          style=\"border-radius: 50%; width: 80px; height: 80px; object-fit: cover;\"\n        \/>\n        <span style=\"display: flex; flex-direction: column;\">\n          <span style=\"font-size: 18px; font-weight: 700; color: #2c3e50;\">Dra. Anna Lu\u00edsa Barbosa Fernandes<\/span>\n          <span style=\"color: #555;\">CRM-GO 33.271<\/span>\n        <\/span>\n      <\/span>\n\n      <!-- Redes -->\n      <span style=\"display: flex; align-items: center; gap: 10px; margin-top: 12px;\">\n        <img decoding=\"async\" src=\"https:\/\/cdn-icons-png.flaticon.com\/24\/1384\/1384063.png\" alt=\"Instagram\" width=\"24\" height=\"24\" \/>\n        <span style=\"text-decoration: underline; color: #2c3e50;\">@dra.annaluisabf<\/span>\n      <\/span>\n\n    <\/span>\n  <\/a>","protected":false},"excerpt":{"rendered":"<p>Deixar um animal de estima\u00e7\u00e3o compartilhar a cama n\u00e3o se resume a um mero costume. Estudos recentes revelam que essa pr\u00e1tica pode refletir caracter\u00edsticas psicol\u00f3gicas espec\u00edficas. Quando algu\u00e9m opta por Dormir Com Seu Pet, h\u00e1 mais do que a busca por conforto f\u00edsico; trata-se de estabelecer um v\u00ednculo emocional que transcende as barreiras tradicionais entre [&hellip;]<\/p>\n","protected":false},"author":14,"featured_media":67495,"comment_status":"open","ping_status":"open","sticky":false,"template":"","format":"standard","meta":{"_yoast_wpseo_focuskw":"Dormir Com Seu Pet","_yoast_wpseo_title":"","_yoast_wpseo_metadesc":"Dormir com pets pode indicar sensibilidade emocional, empatia e melhor leitura de sinais n\u00e3o verbais. Veja o que a ci\u00eancia diz.","jnews-multi-image_gallery":[],"jnews_single_post":{"format":"standard"},"jnews_primary_category":[],"jnews_social_meta":[],"jnews_override_counter":[],"footnotes":""},"categories":[4404],"post_tag":[120,247,1318],"class_list":["post-144096","post","type-post","status-publish","format-standard","has-post-thumbnail","hentry","category-saude","tag-bem-estar","tag-qualidade-de-vida","tag-saude-2"],"yoast_head":"<!-- This site is optimized with the Yoast SEO plugin v24.6 - https:\/\/yoast.com\/wordpress\/plugins\/seo\/ -->\n<title>Dormir com seu pet faz mal? M\u00e9dica explica - Correio Braziliense - Radar<\/title>\n<meta name=\"description\" content=\"Dormir com pets pode indicar sensibilidade emocional, empatia e melhor leitura de sinais n\u00e3o verbais. Veja o que a ci\u00eancia diz.\" \/>\n<meta name=\"robots\" content=\"index, follow, max-snippet:-1, max-image-preview:large, max-video-preview:-1\" \/>\n<link rel=\"canonical\" href=\"https:\/\/www.correiobraziliense.com.br\/cbradar\/dormir-com-seu-pet-faz-mal-medica-explica\/\" \/>\n<meta property=\"og:locale\" content=\"pt_BR\" \/>\n<meta property=\"og:type\" content=\"article\" \/>\n<meta property=\"og:title\" content=\"Dormir com seu pet faz mal? M\u00e9dica explica - Correio Braziliense - Radar\" \/>\n<meta property=\"og:description\" content=\"Dormir com pets pode indicar sensibilidade emocional, empatia e melhor leitura de sinais n\u00e3o verbais. Veja o que a ci\u00eancia diz.\" \/>\n<meta property=\"og:url\" content=\"https:\/\/www.correiobraziliense.com.br\/cbradar\/dormir-com-seu-pet-faz-mal-medica-explica\/\" \/>\n<meta property=\"og:site_name\" content=\"Correio Braziliense - Radar\" \/>\n<meta property=\"article:published_time\" content=\"2025-11-24T21:25:00+00:00\" \/>\n<meta property=\"og:image\" content=\"https:\/\/www.correiobraziliense.com.br\/cbradar\/wp-content\/uploads\/2025\/07\/pet-na-cama_1752174300222.jpg\" \/>\n\t<meta property=\"og:image:width\" content=\"1280\" \/>\n\t<meta property=\"og:image:height\" content=\"720\" \/>\n\t<meta property=\"og:image:type\" content=\"image\/jpeg\" \/>\n<meta name=\"author\" content=\"guilherme_saude\" \/>\n<meta name=\"twitter:card\" content=\"summary_large_image\" \/>\n<meta name=\"twitter:label1\" content=\"Escrito por\" \/>\n\t<meta name=\"twitter:data1\" content=\"guilherme_saude\" \/>\n\t<meta name=\"twitter:label2\" content=\"Est. tempo de leitura\" \/>\n\t<meta name=\"twitter:data2\" content=\"5 minutos\" \/>\n<!-- \/ Yoast SEO plugin. -->","yoast_head_json":{"title":"Dormir com seu pet faz mal? M\u00e9dica explica - Correio Braziliense - Radar","description":"Dormir com pets pode indicar sensibilidade emocional, empatia e melhor leitura de sinais n\u00e3o verbais. Veja o que a ci\u00eancia diz.","robots":{"index":"index","follow":"follow","max-snippet":"max-snippet:-1","max-image-preview":"max-image-preview:large","max-video-preview":"max-video-preview:-1"},"canonical":"https:\/\/www.correiobraziliense.com.br\/cbradar\/dormir-com-seu-pet-faz-mal-medica-explica\/","og_locale":"pt_BR","og_type":"article","og_title":"Dormir com seu pet faz mal? M\u00e9dica explica - Correio Braziliense - Radar","og_description":"Dormir com pets pode indicar sensibilidade emocional, empatia e melhor leitura de sinais n\u00e3o verbais. Veja o que a ci\u00eancia diz.","og_url":"https:\/\/www.correiobraziliense.com.br\/cbradar\/dormir-com-seu-pet-faz-mal-medica-explica\/","og_site_name":"Correio Braziliense - Radar","article_published_time":"2025-11-24T21:25:00+00:00","og_image":[{"width":1280,"height":720,"url":"https:\/\/www.correiobraziliense.com.br\/cbradar\/wp-content\/uploads\/2025\/07\/pet-na-cama_1752174300222.jpg","type":"image\/jpeg"}],"author":"guilherme_saude","twitter_card":"summary_large_image","twitter_misc":{"Escrito por":"guilherme_saude","Est. tempo de leitura":"5 minutos"},"schema":{"@context":"https:\/\/schema.org","@graph":[{"@type":"WebPage","@id":"https:\/\/www.correiobraziliense.com.br\/cbradar\/dormir-com-seu-pet-faz-mal-medica-explica\/","url":"https:\/\/www.correiobraziliense.com.br\/cbradar\/dormir-com-seu-pet-faz-mal-medica-explica\/","name":"Dormir com seu pet faz mal? M\u00e9dica explica - Correio Braziliense - Radar","isPartOf":{"@id":"https:\/\/www.correiobraziliense.com.br\/cbradar\/#website"},"primaryImageOfPage":{"@id":"https:\/\/www.correiobraziliense.com.br\/cbradar\/dormir-com-seu-pet-faz-mal-medica-explica\/#primaryimage"},"image":{"@id":"https:\/\/www.correiobraziliense.com.br\/cbradar\/dormir-com-seu-pet-faz-mal-medica-explica\/#primaryimage"},"thumbnailUrl":"https:\/\/www.correiobraziliense.com.br\/cbradar\/wp-content\/uploads\/2025\/07\/pet-na-cama_1752174300222.jpg","datePublished":"2025-11-24T21:25:00+00:00","author":{"@id":"https:\/\/www.correiobraziliense.com.br\/cbradar\/#\/schema\/person\/5aa4bf3c8fa699c267933611de12978b"},"description":"Dormir com pets pode indicar sensibilidade emocional, empatia e melhor leitura de sinais n\u00e3o verbais. Veja o que a ci\u00eancia diz.","breadcrumb":{"@id":"https:\/\/www.correiobraziliense.com.br\/cbradar\/dormir-com-seu-pet-faz-mal-medica-explica\/#breadcrumb"},"inLanguage":"pt-BR","potentialAction":[{"@type":"ReadAction","target":["https:\/\/www.correiobraziliense.com.br\/cbradar\/dormir-com-seu-pet-faz-mal-medica-explica\/"]}]},{"@type":"ImageObject","inLanguage":"pt-BR","@id":"https:\/\/www.correiobraziliense.com.br\/cbradar\/dormir-com-seu-pet-faz-mal-medica-explica\/#primaryimage","url":"https:\/\/www.correiobraziliense.com.br\/cbradar\/wp-content\/uploads\/2025\/07\/pet-na-cama_1752174300222.jpg","contentUrl":"https:\/\/www.correiobraziliense.com.br\/cbradar\/wp-content\/uploads\/2025\/07\/pet-na-cama_1752174300222.jpg","width":1280,"height":720,"caption":"Dormir com pet - Cr\u00e9ditos: depositphotos.com \/ AntonLozovoy"},{"@type":"BreadcrumbList","@id":"https:\/\/www.correiobraziliense.com.br\/cbradar\/dormir-com-seu-pet-faz-mal-medica-explica\/#breadcrumb","itemListElement":[{"@type":"ListItem","position":1,"name":"In\u00edcio","item":"https:\/\/www.correiobraziliense.com.br\/cbradar\/"},{"@type":"ListItem","position":2,"name":"Dormir com seu pet faz mal? M\u00e9dica explica"}]},{"@type":"WebSite","@id":"https:\/\/www.correiobraziliense.com.br\/cbradar\/#website","url":"https:\/\/www.correiobraziliense.com.br\/cbradar\/","name":"Correio Braziliense - Radar","description":"Acompanhe as \u00faltimas not\u00edcias e fique bem informado sobre tudo o que acontece no Brasil e no mundo.","potentialAction":[{"@type":"SearchAction","target":{"@type":"EntryPoint","urlTemplate":"https:\/\/www.correiobraziliense.com.br\/cbradar\/?s={search_term_string}"},"query-input":{"@type":"PropertyValueSpecification","valueRequired":true,"valueName":"search_term_string"}}],"inLanguage":"pt-BR"},{"@type":"Person","@id":"https:\/\/www.correiobraziliense.com.br\/cbradar\/#\/schema\/person\/5aa4bf3c8fa699c267933611de12978b","name":"guilherme_saude","image":{"@type":"ImageObject","inLanguage":"pt-BR","@id":"https:\/\/www.correiobraziliense.com.br\/cbradar\/#\/schema\/person\/image\/","url":"https:\/\/secure.gravatar.com\/avatar\/df9adfb835d344bc0af109d41756253f?s=96&d=mm&r=g","contentUrl":"https:\/\/secure.gravatar.com\/avatar\/df9adfb835d344bc0af109d41756253f?s=96&d=mm&r=g","caption":"guilherme_saude"},"url":"https:\/\/www.correiobraziliense.com.br\/cbradar\/author\/guilherme_saude\/"}]}},"_links":{"self":[{"href":"https:\/\/www.correiobraziliense.com.br\/cbradar\/wp-json\/wp\/v2\/posts\/144096","targetHints":{"allow":["GET"]}}],"collection":[{"href":"https:\/\/www.correiobraziliense.com.br\/cbradar\/wp-json\/wp\/v2\/posts"}],"about":[{"href":"https:\/\/www.correiobraziliense.com.br\/cbradar\/wp-json\/wp\/v2\/types\/post"}],"author":[{"embeddable":true,"href":"https:\/\/www.correiobraziliense.com.br\/cbradar\/wp-json\/wp\/v2\/users\/14"}],"replies":[{"embeddable":true,"href":"https:\/\/www.correiobraziliense.com.br\/cbradar\/wp-json\/wp\/v2\/comments?post=144096"}],"version-history":[{"count":1,"href":"https:\/\/www.correiobraziliense.com.br\/cbradar\/wp-json\/wp\/v2\/posts\/144096\/revisions"}],"predecessor-version":[{"id":144098,"href":"https:\/\/www.correiobraziliense.com.br\/cbradar\/wp-json\/wp\/v2\/posts\/144096\/revisions\/144098"}],"wp:featuredmedia":[{"embeddable":true,"href":"https:\/\/www.correiobraziliense.com.br\/cbradar\/wp-json\/wp\/v2\/media\/67495"}],"wp:attachment":[{"href":"https:\/\/www.correiobraziliense.com.br\/cbradar\/wp-json\/wp\/v2\/media?parent=144096"}],"wp:term":[{"taxonomy":"category","embeddable":true,"href":"https:\/\/www.correiobraziliense.com.br\/cbradar\/wp-json\/wp\/v2\/categories?post=144096"},{"taxonomy":"post_tag","embeddable":true,"href":"https:\/\/www.correiobraziliense.com.br\/cbradar\/wp-json\/wp\/v2\/post_tag?post=144096"}],"curies":[{"name":"wp","href":"https:\/\/api.w.org\/{rel}","templated":true}]}}