{"id":144101,"date":"2025-11-24T20:25:00","date_gmt":"2025-11-24T23:25:00","guid":{"rendered":"https:\/\/www.correiobraziliense.com.br\/cbradar\/?p=144101"},"modified":"2025-11-23T20:02:37","modified_gmt":"2025-11-23T23:02:37","slug":"conheca-a-planta-que-vai-te-dar-noites-perfeitas-e-bom-humor","status":"publish","type":"post","link":"https:\/\/www.correiobraziliense.com.br\/cbradar\/conheca-a-planta-que-vai-te-dar-noites-perfeitas-e-bom-humor\/","title":{"rendered":"Conhe\u00e7a a planta que vai te dar noites perfeitas e bom humor!"},"content":{"rendered":"\n<p>A <strong>Erva-Cidreira<\/strong>, conhecida tamb\u00e9m como melissa, tem se destacado por suas\u00a0<strong>propriedades relaxantes e calmantes<\/strong>. Com um aroma envolvente que lembra o lim\u00e3o, esta planta \u00e9 amplamente utilizada para redu\u00e7\u00e3o de ansiedade, melhora do sono e diminui\u00e7\u00e3o do estresse. Al\u00e9m de ser popularmente usada em ch\u00e1s, a Erva-Cidreira tamb\u00e9m encontra espa\u00e7o em \u00f3leos essenciais e na culin\u00e1ria. Este artigo explora dicas valiosas sobre como cultivar Erva-Cidreira em casa, destacando os cuidados essenciais para aproveitar plenamente seus <a href=\"https:\/\/www.correiobraziliense.com.br\/cbradar\/diego-wildberger-psicoterapeuta-ser-bonzinho-demais-pode-estar-roubando-sua-vida\/\" target=\"_blank\" rel=\"noreferrer noopener\">benef\u00edcios <\/a>para a sa\u00fade e o bem-estar.<\/p>\n\n\n\n<p>Para cultivar com sucesso a <strong>Erva-Cidreira <\/strong>em casa, \u00e9 fundamental considerar suas necessidades clim\u00e1ticas e de solo. Ela prospera em climas amenos e quentes, preferindo temperaturas entre 18\u00b0C e 30\u00b0C. Enquanto suporta climas mais frios, a resist\u00eancia a geadas severas \u00e9 limitada. As condi\u00e7\u00f5es ideais de solo incluem uma textura leve com\u00a0<em>boa drenagem<\/em>\u00a0e um equil\u00edbrio saud\u00e1vel de mat\u00e9ria org\u00e2nica, apresentando um pH entre 6,0 e 7,5. \u00c9 crucial evitar o encharcamento, possibilitando uma drenagem eficaz, especialmente em regi\u00f5es com chuvas frequentes, para prevenir o apodrecimento das ra\u00edzes.<\/p>\n\n\n\n<h2 class=\"wp-block-heading\">Como plantar Erva-Cidreira?<\/h2>\n\n\n\n<p>Para o cultivo de Erva-Cidreira, existem tr\u00eas m\u00e9todos principais: por sementes, mudas ou estacas. Cada t\u00e9cnica possui suas caracter\u00edsticas e contribui\u00e7\u00f5es espec\u00edficas para o crescimento da planta.<\/p>\n\n\n<div class=\"wp-block-image\">\n<figure class=\"aligncenter size-large\"><img decoding=\"async\" width=\"1024\" height=\"576\" src=\"https:\/\/www.correiobraziliense.com.br\/cbradar\/wp-content\/uploads\/2025\/06\/erva-cidreira_1748965294021-1024x576.jpg\" alt=\"\" class=\"wp-image-47506\" srcset=\"https:\/\/www.correiobraziliense.com.br\/cbradar\/wp-content\/uploads\/2025\/06\/erva-cidreira_1748965294021-1024x576.jpg 1024w, https:\/\/www.correiobraziliense.com.br\/cbradar\/wp-content\/uploads\/2025\/06\/erva-cidreira_1748965294021-300x169.jpg 300w, https:\/\/www.correiobraziliense.com.br\/cbradar\/wp-content\/uploads\/2025\/06\/erva-cidreira_1748965294021-768x432.jpg 768w, https:\/\/www.correiobraziliense.com.br\/cbradar\/wp-content\/uploads\/2025\/06\/erva-cidreira_1748965294021-750x422.jpg 750w, https:\/\/www.correiobraziliense.com.br\/cbradar\/wp-content\/uploads\/2025\/06\/erva-cidreira_1748965294021-1140x641.jpg 1140w, https:\/\/www.correiobraziliense.com.br\/cbradar\/wp-content\/uploads\/2025\/06\/erva-cidreira_1748965294021.jpg 1280w\" sizes=\"(max-width: 1024px) 100vw, 1024px\" \/><figcaption class=\"wp-element-caption\">Erva-cidreira &#8211; Cr\u00e9ditos: depositphotos.com \/ duskbabe<\/figcaption><\/figure><\/div>\n\n\n<ul class=\"wp-block-list\">\n<li><strong>Sementes:<\/strong>\u00a0Embora mais demorado, o plantio por sementes \u00e9 recompensador. As sementes devem ser semeadas em um substrato leve, cobertas de forma t\u00eanue e mantidas \u00famidas. A germina\u00e7\u00e3o ocorre em aproximadamente 7 a 15 dias, com as mudas prontas para o transplante ao alcan\u00e7arem cerca de 10 cm.<\/li>\n\n\n\n<li><strong>Mudas:<\/strong>\u00a0Este m\u00e9todo \u00e9 mais r\u00e1pido e eficaz. Mudas podem ser adquiridas em viveiros ou desenvolvidas a partir de uma planta existente, necessitando de espa\u00e7amento adequado para permitir um crescimento saud\u00e1vel.<\/li>\n\n\n\n<li><strong>Estacas:<\/strong>\u00a0Consiste em cortar ramos de 10 a 15 cm, remover as folhas inferiores e plantar em solo \u00famido ou \u00e1gua at\u00e9 que enra\u00edzem. Ap\u00f3s o enraizamento, as estacas podem ser transferidas para o local permanente.<\/li>\n<\/ul>\n\n\n\n<h2 class=\"wp-block-heading\">Cultivar Erva-Cidreira em vasos \u00e9 poss\u00edvel?<\/h2>\n\n\n\n<p>Sim, cultivar Erva-Cidreira em vasos \u00e9 uma excelente op\u00e7\u00e3o, especialmente para ambientes pequenos como apartamentos e varandas. Para garantir o sucesso no cultivo, algumas dicas incluem:<\/p>\n\n\n\n<ol class=\"wp-block-list\">\n<li>Escolher vasos com pelo menos 25 cm de profundidade e boa drenagem.<\/li>\n\n\n\n<li>Utilizar um substrato leve, composto por terra, areia e mat\u00e9ria org\u00e2nica.<\/li>\n\n\n\n<li>Garantir que a planta receba 4 a 6 horas di\u00e1rias de sol.<\/li>\n\n\n\n<li>Regar regularmente, mas evitar o excesso de \u00e1gua.<\/li>\n<\/ol>\n\n\n\n<p>O cultivo em vasos oferece um controle mais preciso sobre o desenvolvimento da planta, que pode se espalhar significativamente em canteiros.<\/p>\n\n\n\n<h2 class=\"wp-block-heading\">Quais cuidados garantem uma Erva-Cidreira saud\u00e1vel?<\/h2>\n\n\n\n<p>Manter a Erva-Cidreira saud\u00e1vel requer aten\u00e7\u00e3o a alguns cuidados essenciais:<\/p>\n\n\n\n<ul class=\"wp-block-list\">\n<li><strong>Irriga\u00e7\u00e3o:<\/strong>\u00a0Regar de 2 a 3 vezes por semana, ajustando conforme o clima. O solo deve permanecer \u00famido, sem encharcamento.<\/li>\n\n\n\n<li><strong>Luz Solar:<\/strong>\u00a0A planta prospera com luz solar direta por pelo menos 4 horas di\u00e1rias, uma exposi\u00e7\u00e3o insuficiente pode comprometer seu crescimento e aroma.<\/li>\n\n\n\n<li><strong>Poda:<\/strong>\u00a0Realiza\u00e7\u00e3o de podas regulares estimula novas brota\u00e7\u00f5es e evita que a planta fique lenhosa.<\/li>\n\n\n\n<li><strong>Aduba\u00e7\u00e3o:<\/strong>\u00a0Aplica\u00e7\u00e3o mensal de adubo org\u00e2nico, cuidando para n\u00e3o exagerar no nitrog\u00eanio.<\/li>\n<\/ul>\n\n\n\n<h2 class=\"wp-block-heading\">Quais os benef\u00edcios da Erva-Cidreira?<\/h2>\n\n\n\n<p>Entre os principais&nbsp;<strong>benef\u00edcios da Erva-Cidreira<\/strong>&nbsp;est\u00e3o a redu\u00e7\u00e3o da ansiedade, melhora do sono, al\u00edvio de dores de cabe\u00e7a tensionais e aux\u00edlio na digest\u00e3o. O ch\u00e1 de Erva-Cidreira \u00e9 uma maneira popular de consumo: ferver \u00e1gua, adicionar folhas frescas ou secas, abafar e consumir.<\/p>\n\n\n\n<p>A colheita das folhas pode iniciar aproximadamente 60 dias ap\u00f3s o plantio. Recomenda-se utilizar uma tesoura para cortar os ramos, geralmente pela manh\u00e3 quando o aroma \u00e9 mais acentuado, evitando colher mais de um ter\u00e7o da planta de uma s\u00f3 vez. As folhas podem ser usadas frescas ou secas para armazenamento.<\/p>\n\n\n<a href=\"https:\/\/www.instagram.com\/dra.annaluisabf\/\" target=\"_blank\" rel=\"noopener\" style=\"text-decoration: none; color: inherit;\">\n    <span style=\"display: inline-block; border: 1px solid #ccc; border-radius: 10px; padding: 15px; max-width: 550px; font-family: sans-serif; box-shadow: 0 2px 5px rgba(0,0,0,0.1); width: 100%;\">\n\n      <!-- T\u00edtulo -->\n      <span style=\"display: block; margin: 0 0 15px 0; font-weight: bold; color: #2c3e50; text-align: center;\">\n        Entre em contato:\n      <\/span>\n\n      <!-- Linha do perfil -->\n      <span style=\"display: flex; align-items: center; gap: 15px;\">\n        <img decoding=\"async\"\n          src=\"https:\/\/www.correiobraziliense.com.br\/cbradar\/wp-content\/uploads\/2025\/08\/dra_anna_luisa.jpeg\"\n          alt=\"Foto da Dra. Anna Lu\u00edsa\"\n          style=\"border-radius: 50%; width: 80px; height: 80px; object-fit: cover;\"\n        \/>\n        <span style=\"display: flex; flex-direction: column;\">\n          <span style=\"font-size: 18px; font-weight: 700; color: #2c3e50;\">Dra. Anna Lu\u00edsa Barbosa Fernandes<\/span>\n          <span style=\"color: #555;\">CRM-GO 33.271<\/span>\n        <\/span>\n      <\/span>\n\n      <!-- Redes -->\n      <span style=\"display: flex; align-items: center; gap: 10px; margin-top: 12px;\">\n        <img decoding=\"async\" src=\"https:\/\/cdn-icons-png.flaticon.com\/24\/1384\/1384063.png\" alt=\"Instagram\" width=\"24\" height=\"24\" \/>\n        <span style=\"text-decoration: underline; color: #2c3e50;\">@dra.annaluisabf<\/span>\n      <\/span>\n\n    <\/span>\n  <\/a>\n\n\n<p><\/p>\n","protected":false},"excerpt":{"rendered":"<p>A Erva-Cidreira, conhecida tamb\u00e9m como melissa, tem se destacado por suas\u00a0propriedades relaxantes e calmantes. Com um aroma envolvente que lembra o lim\u00e3o, esta planta \u00e9 amplamente utilizada para redu\u00e7\u00e3o de ansiedade, melhora do sono e diminui\u00e7\u00e3o do estresse. Al\u00e9m de ser popularmente usada em ch\u00e1s, a Erva-Cidreira tamb\u00e9m encontra espa\u00e7o em \u00f3leos essenciais e na [&hellip;]<\/p>\n","protected":false},"author":14,"featured_media":47505,"comment_status":"open","ping_status":"open","sticky":false,"template":"","format":"standard","meta":{"_yoast_wpseo_focuskw":"Erva-Cidreira","_yoast_wpseo_title":"","_yoast_wpseo_metadesc":"Aprenda a cuidar da Erva-Cidreira e aproveitar seus benef\u00edcios para ansiedade, sono e digest\u00e3o com cultivo simples em casa.","jnews-multi-image_gallery":[],"jnews_single_post":{"format":"standard"},"jnews_primary_category":[],"jnews_social_meta":[],"jnews_override_counter":[],"footnotes":""},"categories":[4404],"post_tag":[281,120,1318],"class_list":["post-144101","post","type-post","status-publish","format-standard","has-post-thumbnail","hentry","category-saude","tag-alimentacao","tag-bem-estar","tag-saude-2"],"yoast_head":"<!-- This site is optimized with the Yoast SEO plugin v24.6 - https:\/\/yoast.com\/wordpress\/plugins\/seo\/ -->\n<title>Conhe\u00e7a a planta que vai te dar noites perfeitas e bom humor! - Correio Braziliense - Radar<\/title>\n<meta name=\"description\" content=\"Aprenda a cuidar da Erva-Cidreira e aproveitar seus benef\u00edcios para ansiedade, sono e digest\u00e3o com cultivo simples em casa.\" \/>\n<meta name=\"robots\" content=\"index, follow, max-snippet:-1, max-image-preview:large, max-video-preview:-1\" \/>\n<link rel=\"canonical\" href=\"https:\/\/www.correiobraziliense.com.br\/cbradar\/conheca-a-planta-que-vai-te-dar-noites-perfeitas-e-bom-humor\/\" \/>\n<meta property=\"og:locale\" content=\"pt_BR\" \/>\n<meta property=\"og:type\" content=\"article\" \/>\n<meta property=\"og:title\" content=\"Conhe\u00e7a a planta que vai te dar noites perfeitas e bom humor! - Correio Braziliense - Radar\" \/>\n<meta property=\"og:description\" content=\"Aprenda a cuidar da Erva-Cidreira e aproveitar seus benef\u00edcios para ansiedade, sono e digest\u00e3o com cultivo simples em casa.\" \/>\n<meta property=\"og:url\" content=\"https:\/\/www.correiobraziliense.com.br\/cbradar\/conheca-a-planta-que-vai-te-dar-noites-perfeitas-e-bom-humor\/\" \/>\n<meta property=\"og:site_name\" content=\"Correio Braziliense - Radar\" \/>\n<meta property=\"article:published_time\" content=\"2025-11-24T23:25:00+00:00\" \/>\n<meta property=\"og:image\" content=\"https:\/\/www.correiobraziliense.com.br\/cbradar\/wp-content\/uploads\/2025\/06\/erva-cidreira_1748965221355.jpg\" \/>\n\t<meta property=\"og:image:width\" content=\"1280\" \/>\n\t<meta property=\"og:image:height\" content=\"720\" \/>\n\t<meta property=\"og:image:type\" content=\"image\/jpeg\" \/>\n<meta name=\"author\" content=\"guilherme_saude\" \/>\n<meta name=\"twitter:card\" content=\"summary_large_image\" \/>\n<meta name=\"twitter:label1\" content=\"Escrito por\" \/>\n\t<meta name=\"twitter:data1\" content=\"guilherme_saude\" \/>\n\t<meta name=\"twitter:label2\" content=\"Est. tempo de leitura\" \/>\n\t<meta name=\"twitter:data2\" content=\"5 minutos\" \/>\n<!-- \/ Yoast SEO plugin. -->","yoast_head_json":{"title":"Conhe\u00e7a a planta que vai te dar noites perfeitas e bom humor! - Correio Braziliense - Radar","description":"Aprenda a cuidar da Erva-Cidreira e aproveitar seus benef\u00edcios para ansiedade, sono e digest\u00e3o com cultivo simples em casa.","robots":{"index":"index","follow":"follow","max-snippet":"max-snippet:-1","max-image-preview":"max-image-preview:large","max-video-preview":"max-video-preview:-1"},"canonical":"https:\/\/www.correiobraziliense.com.br\/cbradar\/conheca-a-planta-que-vai-te-dar-noites-perfeitas-e-bom-humor\/","og_locale":"pt_BR","og_type":"article","og_title":"Conhe\u00e7a a planta que vai te dar noites perfeitas e bom humor! - Correio Braziliense - Radar","og_description":"Aprenda a cuidar da Erva-Cidreira e aproveitar seus benef\u00edcios para ansiedade, sono e digest\u00e3o com cultivo simples em casa.","og_url":"https:\/\/www.correiobraziliense.com.br\/cbradar\/conheca-a-planta-que-vai-te-dar-noites-perfeitas-e-bom-humor\/","og_site_name":"Correio Braziliense - Radar","article_published_time":"2025-11-24T23:25:00+00:00","og_image":[{"width":1280,"height":720,"url":"https:\/\/www.correiobraziliense.com.br\/cbradar\/wp-content\/uploads\/2025\/06\/erva-cidreira_1748965221355.jpg","type":"image\/jpeg"}],"author":"guilherme_saude","twitter_card":"summary_large_image","twitter_misc":{"Escrito por":"guilherme_saude","Est. tempo de leitura":"5 minutos"},"schema":{"@context":"https:\/\/schema.org","@graph":[{"@type":"WebPage","@id":"https:\/\/www.correiobraziliense.com.br\/cbradar\/conheca-a-planta-que-vai-te-dar-noites-perfeitas-e-bom-humor\/","url":"https:\/\/www.correiobraziliense.com.br\/cbradar\/conheca-a-planta-que-vai-te-dar-noites-perfeitas-e-bom-humor\/","name":"Conhe\u00e7a a planta que vai te dar noites perfeitas e bom humor! - Correio Braziliense - Radar","isPartOf":{"@id":"https:\/\/www.correiobraziliense.com.br\/cbradar\/#website"},"primaryImageOfPage":{"@id":"https:\/\/www.correiobraziliense.com.br\/cbradar\/conheca-a-planta-que-vai-te-dar-noites-perfeitas-e-bom-humor\/#primaryimage"},"image":{"@id":"https:\/\/www.correiobraziliense.com.br\/cbradar\/conheca-a-planta-que-vai-te-dar-noites-perfeitas-e-bom-humor\/#primaryimage"},"thumbnailUrl":"https:\/\/www.correiobraziliense.com.br\/cbradar\/wp-content\/uploads\/2025\/06\/erva-cidreira_1748965221355.jpg","datePublished":"2025-11-24T23:25:00+00:00","author":{"@id":"https:\/\/www.correiobraziliense.com.br\/cbradar\/#\/schema\/person\/5aa4bf3c8fa699c267933611de12978b"},"description":"Aprenda a cuidar da Erva-Cidreira e aproveitar seus benef\u00edcios para ansiedade, sono e digest\u00e3o com cultivo simples em casa.","breadcrumb":{"@id":"https:\/\/www.correiobraziliense.com.br\/cbradar\/conheca-a-planta-que-vai-te-dar-noites-perfeitas-e-bom-humor\/#breadcrumb"},"inLanguage":"pt-BR","potentialAction":[{"@type":"ReadAction","target":["https:\/\/www.correiobraziliense.com.br\/cbradar\/conheca-a-planta-que-vai-te-dar-noites-perfeitas-e-bom-humor\/"]}]},{"@type":"ImageObject","inLanguage":"pt-BR","@id":"https:\/\/www.correiobraziliense.com.br\/cbradar\/conheca-a-planta-que-vai-te-dar-noites-perfeitas-e-bom-humor\/#primaryimage","url":"https:\/\/www.correiobraziliense.com.br\/cbradar\/wp-content\/uploads\/2025\/06\/erva-cidreira_1748965221355.jpg","contentUrl":"https:\/\/www.correiobraziliense.com.br\/cbradar\/wp-content\/uploads\/2025\/06\/erva-cidreira_1748965221355.jpg","width":1280,"height":720,"caption":"Erva-cidreira - Cr\u00e9ditos: depositphotos.com \/ Nikolay_Donetsk"},{"@type":"BreadcrumbList","@id":"https:\/\/www.correiobraziliense.com.br\/cbradar\/conheca-a-planta-que-vai-te-dar-noites-perfeitas-e-bom-humor\/#breadcrumb","itemListElement":[{"@type":"ListItem","position":1,"name":"In\u00edcio","item":"https:\/\/www.correiobraziliense.com.br\/cbradar\/"},{"@type":"ListItem","position":2,"name":"Conhe\u00e7a a planta que vai te dar noites perfeitas e bom humor!"}]},{"@type":"WebSite","@id":"https:\/\/www.correiobraziliense.com.br\/cbradar\/#website","url":"https:\/\/www.correiobraziliense.com.br\/cbradar\/","name":"Correio Braziliense - Radar","description":"Acompanhe as \u00faltimas not\u00edcias e fique bem informado sobre tudo o que acontece no Brasil e no mundo.","potentialAction":[{"@type":"SearchAction","target":{"@type":"EntryPoint","urlTemplate":"https:\/\/www.correiobraziliense.com.br\/cbradar\/?s={search_term_string}"},"query-input":{"@type":"PropertyValueSpecification","valueRequired":true,"valueName":"search_term_string"}}],"inLanguage":"pt-BR"},{"@type":"Person","@id":"https:\/\/www.correiobraziliense.com.br\/cbradar\/#\/schema\/person\/5aa4bf3c8fa699c267933611de12978b","name":"guilherme_saude","image":{"@type":"ImageObject","inLanguage":"pt-BR","@id":"https:\/\/www.correiobraziliense.com.br\/cbradar\/#\/schema\/person\/image\/","url":"https:\/\/secure.gravatar.com\/avatar\/df9adfb835d344bc0af109d41756253f?s=96&d=mm&r=g","contentUrl":"https:\/\/secure.gravatar.com\/avatar\/df9adfb835d344bc0af109d41756253f?s=96&d=mm&r=g","caption":"guilherme_saude"},"url":"https:\/\/www.correiobraziliense.com.br\/cbradar\/author\/guilherme_saude\/"}]}},"_links":{"self":[{"href":"https:\/\/www.correiobraziliense.com.br\/cbradar\/wp-json\/wp\/v2\/posts\/144101","targetHints":{"allow":["GET"]}}],"collection":[{"href":"https:\/\/www.correiobraziliense.com.br\/cbradar\/wp-json\/wp\/v2\/posts"}],"about":[{"href":"https:\/\/www.correiobraziliense.com.br\/cbradar\/wp-json\/wp\/v2\/types\/post"}],"author":[{"embeddable":true,"href":"https:\/\/www.correiobraziliense.com.br\/cbradar\/wp-json\/wp\/v2\/users\/14"}],"replies":[{"embeddable":true,"href":"https:\/\/www.correiobraziliense.com.br\/cbradar\/wp-json\/wp\/v2\/comments?post=144101"}],"version-history":[{"count":1,"href":"https:\/\/www.correiobraziliense.com.br\/cbradar\/wp-json\/wp\/v2\/posts\/144101\/revisions"}],"predecessor-version":[{"id":144102,"href":"https:\/\/www.correiobraziliense.com.br\/cbradar\/wp-json\/wp\/v2\/posts\/144101\/revisions\/144102"}],"wp:featuredmedia":[{"embeddable":true,"href":"https:\/\/www.correiobraziliense.com.br\/cbradar\/wp-json\/wp\/v2\/media\/47505"}],"wp:attachment":[{"href":"https:\/\/www.correiobraziliense.com.br\/cbradar\/wp-json\/wp\/v2\/media?parent=144101"}],"wp:term":[{"taxonomy":"category","embeddable":true,"href":"https:\/\/www.correiobraziliense.com.br\/cbradar\/wp-json\/wp\/v2\/categories?post=144101"},{"taxonomy":"post_tag","embeddable":true,"href":"https:\/\/www.correiobraziliense.com.br\/cbradar\/wp-json\/wp\/v2\/post_tag?post=144101"}],"curies":[{"name":"wp","href":"https:\/\/api.w.org\/{rel}","templated":true}]}}