{"id":144103,"date":"2025-11-24T21:35:00","date_gmt":"2025-11-25T00:35:00","guid":{"rendered":"https:\/\/www.correiobraziliense.com.br\/cbradar\/?p=144103"},"modified":"2025-11-23T20:04:41","modified_gmt":"2025-11-23T23:04:41","slug":"pressao-12-por-8-agora-e-alta-entenda-as-novas-regras","status":"publish","type":"post","link":"https:\/\/www.correiobraziliense.com.br\/cbradar\/pressao-12-por-8-agora-e-alta-entenda-as-novas-regras\/","title":{"rendered":"Press\u00e3o 12 por 8 agora \u00e9 alta? Entenda as novas regras"},"content":{"rendered":"\n<p>As diretrizes revisadas introduziram uma classifica\u00e7\u00e3o aprimorada dos n\u00edveis de <strong>Press\u00e3o Arterial<\/strong>, que busca facilitar diagn\u00f3sticos e interven\u00e7\u00f5es precoces. Os n\u00edveis agora s\u00e3o definidos em tr\u00eas categorias principais:<\/p>\n\n\n\n<ul class=\"wp-block-list\">\n<li><strong>Press\u00e3o Arterial<\/strong> <strong>normal:<\/strong>\u00a0Valores abaixo de 120 por 70 mmHg.<\/li>\n\n\n\n<li><strong>Press\u00e3o Arterial moderadamente elevada:<\/strong>\u00a0Valores entre 120 por 70 mmHg e 139 por 89 mmHg.<\/li>\n\n\n\n<li><strong>Hipertens\u00e3o:<\/strong>\u00a0Valores acima de 140 por 90 mmHg.<\/li>\n<\/ul>\n\n\n\n<p>Essas altera\u00e7\u00f5es reconhecem a necessidade de interven\u00e7\u00e3o antes que os n\u00edveis se tornem perigosamente altos, aumentando a efic\u00e1cia do tratamento preventivo.<\/p>\n\n\n\n<h2 class=\"wp-block-heading\">Por que a hipertens\u00e3o n\u00e3o tratada \u00e9 preocupante?<\/h2>\n\n\n\n<p>Quando n\u00e3o tratada, a Press\u00e3o Arterial elevada pode desencadear uma s\u00e9rie de complica\u00e7\u00f5es graves para a <a href=\"https:\/\/www.correiobraziliense.com.br\/cbradar\/diego-wildberger-psicoterapeuta-ser-bonzinho-demais-pode-estar-roubando-sua-vida\/\" target=\"_blank\" rel=\"noreferrer noopener\">sa\u00fade<\/a>, incluindo problemas card\u00edacos como infartos e AVCs. Al\u00e9m disso, o impacto da press\u00e3o alta pode se estender a outros sistemas do corpo, como os rins, possibilitando o desenvolvimento de doen\u00e7as renais.<\/p>\n\n\n\n<p>As diretrizes ressaltam o papel cr\u00edtico de mudan\u00e7as no estilo de vida, como alimenta\u00e7\u00e3o equilibrada e atividade f\u00edsica, na redu\u00e7\u00e3o e controle dos n\u00edveis de Press\u00e3o Arterial.<\/p>\n\n\n\n<h2 class=\"wp-block-heading\">Como o tratamento da hipertens\u00e3o foi atualizado?<\/h2>\n\n\n\n<p>A abordagem contempor\u00e2nea para o tratamento da hipertens\u00e3o agora foca em estrat\u00e9gias personalizadas, considerando tanto os n\u00edveis de press\u00e3o quanto o risco individual de doen\u00e7as cardiovasculares. Pacientes s\u00e3o encorajados a adotar mudan\u00e7as no estilo de vida e considerar o uso de medica\u00e7\u00f5es conforme a gravidade do quadro.<\/p>\n\n\n<div class=\"wp-block-image\">\n<figure class=\"aligncenter size-large\"><img decoding=\"async\" width=\"1024\" height=\"576\" src=\"https:\/\/www.correiobraziliense.com.br\/cbradar\/wp-content\/uploads\/2025\/08\/check-up-medico_1755810373038-1024x576.jpg\" alt=\"\" class=\"wp-image-90595\" srcset=\"https:\/\/www.correiobraziliense.com.br\/cbradar\/wp-content\/uploads\/2025\/08\/check-up-medico_1755810373038-1024x576.jpg 1024w, https:\/\/www.correiobraziliense.com.br\/cbradar\/wp-content\/uploads\/2025\/08\/check-up-medico_1755810373038-300x169.jpg 300w, https:\/\/www.correiobraziliense.com.br\/cbradar\/wp-content\/uploads\/2025\/08\/check-up-medico_1755810373038-768x432.jpg 768w, https:\/\/www.correiobraziliense.com.br\/cbradar\/wp-content\/uploads\/2025\/08\/check-up-medico_1755810373038-750x422.jpg 750w, https:\/\/www.correiobraziliense.com.br\/cbradar\/wp-content\/uploads\/2025\/08\/check-up-medico_1755810373038-1140x641.jpg 1140w, https:\/\/www.correiobraziliense.com.br\/cbradar\/wp-content\/uploads\/2025\/08\/check-up-medico_1755810373038.jpg 1280w\" sizes=\"(max-width: 1024px) 100vw, 1024px\" \/><figcaption class=\"wp-element-caption\">check up &#8211; Cr\u00e9ditos: depositphotos.com \/ pressmaster<\/figcaption><\/figure><\/div>\n\n\n<ol class=\"wp-block-list\">\n<li><strong>Pessoas com baixo risco:<\/strong>\u00a0Inicialmente, recomenda-se a ado\u00e7\u00e3o de um estilo de vida saud\u00e1vel por at\u00e9 um ano, antes de se considerar o uso de medicamentos.<\/li>\n\n\n\n<li><strong>Pacientes com maior risco:<\/strong>\u00a0S\u00e3o orientados a implementar mudan\u00e7as no estilo de vida por tr\u00eas meses, seguidos pela introdu\u00e7\u00e3o de medicamentos, se necess\u00e1rio.<\/li>\n<\/ol>\n\n\n\n<p>Essas diretrizes buscam maximizar a efic\u00e1cia do tratamento, adaptando-o \u00e0s necessidades espec\u00edficas dos pacientes.<\/p>\n\n\n\n<h2 class=\"wp-block-heading\">Qual \u00e9 a maneira correta de medir a Press\u00e3o Arterial?<\/h2>\n\n\n\n<p>A precis\u00e3o na medi\u00e7\u00e3o da Press\u00e3o Arterial \u00e9 crucial para um tratamento bem-sucedido. As diretrizes oferecem instru\u00e7\u00f5es detalhadas tanto para medi\u00e7\u00f5es domiciliares quanto em ambientes cl\u00ednicos.<\/p>\n\n\n\n<ul class=\"wp-block-list\">\n<li><strong>Em casa:<\/strong>\u00a0Medi\u00e7\u00f5es devem ser feitas duas vezes com intervalos de 1 a 2 minutos, duas vezes por dia, por uma semana. \u00c9 importante utilizar aparelhos validados e realizar as medi\u00e7\u00f5es em um ambiente calmo ap\u00f3s pelo menos cinco minutos de descanso.<\/li>\n\n\n\n<li><strong>No consult\u00f3rio:<\/strong>\u00a0Ap\u00f3s cinco minutos de repouso, o paciente deve ser medido enquanto senta confortavelmente. Devem ser realizadas tr\u00eas medi\u00e7\u00f5es com intervalos curtos, verificando ambos os bra\u00e7os.<\/li>\n<\/ul>\n\n\n\n<p>Seguir essas orienta\u00e7\u00f5es ajuda a garantir diagn\u00f3sticos precisos, essenciais para o tratamento eficaz da hipertens\u00e3o.<\/p>\n\n\n\n<p>Embora as novas diretrizes ofere\u00e7am um guia claro, \u00e9 imprescind\u00edvel que o manejo e o tratamento da hipertens\u00e3o sejam personalizados por profissionais de sa\u00fade capacitados. Consultas regulares com m\u00e9dicos permitem ajustes no tratamento, garantindo que ele se ajuste \u00e0s necessidades individuais de cada paciente.<\/p>\n\n\n<a href=\"https:\/\/www.instagram.com\/dra.annaluisabf\/\" target=\"_blank\" rel=\"noopener\" style=\"text-decoration: none; color: inherit;\">\n    <span style=\"display: inline-block; border: 1px solid #ccc; border-radius: 10px; padding: 15px; max-width: 550px; font-family: sans-serif; box-shadow: 0 2px 5px rgba(0,0,0,0.1); width: 100%;\">\n\n      <!-- T\u00edtulo -->\n      <span style=\"display: block; margin: 0 0 15px 0; font-weight: bold; color: #2c3e50; text-align: center;\">\n        Entre em contato:\n      <\/span>\n\n      <!-- Linha do perfil -->\n      <span style=\"display: flex; align-items: center; gap: 15px;\">\n        <img decoding=\"async\"\n          src=\"https:\/\/www.correiobraziliense.com.br\/cbradar\/wp-content\/uploads\/2025\/08\/dra_anna_luisa.jpeg\"\n          alt=\"Foto da Dra. Anna Lu\u00edsa\"\n          style=\"border-radius: 50%; width: 80px; height: 80px; object-fit: cover;\"\n        \/>\n        <span style=\"display: flex; flex-direction: column;\">\n          <span style=\"font-size: 18px; font-weight: 700; color: #2c3e50;\">Dra. Anna Lu\u00edsa Barbosa Fernandes<\/span>\n          <span style=\"color: #555;\">CRM-GO 33.271<\/span>\n        <\/span>\n      <\/span>\n\n      <!-- Redes -->\n      <span style=\"display: flex; align-items: center; gap: 10px; margin-top: 12px;\">\n        <img decoding=\"async\" src=\"https:\/\/cdn-icons-png.flaticon.com\/24\/1384\/1384063.png\" alt=\"Instagram\" width=\"24\" height=\"24\" \/>\n        <span style=\"text-decoration: underline; color: #2c3e50;\">@dra.annaluisabf<\/span>\n      <\/span>\n\n    <\/span>\n  <\/a>","protected":false},"excerpt":{"rendered":"<p>As diretrizes revisadas introduziram uma classifica\u00e7\u00e3o aprimorada dos n\u00edveis de Press\u00e3o Arterial, que busca facilitar diagn\u00f3sticos e interven\u00e7\u00f5es precoces. Os n\u00edveis agora s\u00e3o definidos em tr\u00eas categorias principais: Essas altera\u00e7\u00f5es reconhecem a necessidade de interven\u00e7\u00e3o antes que os n\u00edveis se tornem perigosamente altos, aumentando a efic\u00e1cia do tratamento preventivo. Por que a hipertens\u00e3o n\u00e3o tratada [&hellip;]<\/p>\n","protected":false},"author":14,"featured_media":81983,"comment_status":"open","ping_status":"open","sticky":false,"template":"","format":"standard","meta":{"_yoast_wpseo_focuskw":"Press\u00e3o Arterial","_yoast_wpseo_title":"","_yoast_wpseo_metadesc":"Veja as novas diretrizes de press\u00e3o arterial, os valores atualizados e como medir corretamente para prevenir hipertens\u00e3o e complica\u00e7\u00f5es.","jnews-multi-image_gallery":[],"jnews_single_post":{"format":"standard"},"jnews_primary_category":[],"jnews_social_meta":[],"jnews_override_counter":[],"footnotes":""},"categories":[4404],"post_tag":[281,120,1318],"class_list":["post-144103","post","type-post","status-publish","format-standard","has-post-thumbnail","hentry","category-saude","tag-alimentacao","tag-bem-estar","tag-saude-2"],"yoast_head":"<!-- This site is optimized with the Yoast SEO plugin v24.6 - https:\/\/yoast.com\/wordpress\/plugins\/seo\/ -->\n<title>Press\u00e3o 12 por 8 agora \u00e9 alta? Entenda as novas regras - Correio Braziliense - Radar<\/title>\n<meta name=\"description\" content=\"Veja as novas diretrizes de press\u00e3o arterial, os valores atualizados e como medir corretamente para prevenir hipertens\u00e3o e complica\u00e7\u00f5es.\" \/>\n<meta name=\"robots\" content=\"index, follow, max-snippet:-1, max-image-preview:large, max-video-preview:-1\" \/>\n<link rel=\"canonical\" href=\"https:\/\/www.correiobraziliense.com.br\/cbradar\/pressao-12-por-8-agora-e-alta-entenda-as-novas-regras\/\" \/>\n<meta property=\"og:locale\" content=\"pt_BR\" \/>\n<meta property=\"og:type\" content=\"article\" \/>\n<meta property=\"og:title\" content=\"Press\u00e3o 12 por 8 agora \u00e9 alta? Entenda as novas regras - Correio Braziliense - Radar\" \/>\n<meta property=\"og:description\" content=\"Veja as novas diretrizes de press\u00e3o arterial, os valores atualizados e como medir corretamente para prevenir hipertens\u00e3o e complica\u00e7\u00f5es.\" \/>\n<meta property=\"og:url\" content=\"https:\/\/www.correiobraziliense.com.br\/cbradar\/pressao-12-por-8-agora-e-alta-entenda-as-novas-regras\/\" \/>\n<meta property=\"og:site_name\" content=\"Correio Braziliense - Radar\" \/>\n<meta property=\"article:published_time\" content=\"2025-11-25T00:35:00+00:00\" \/>\n<meta property=\"og:image\" content=\"https:\/\/www.correiobraziliense.com.br\/cbradar\/wp-content\/uploads\/2025\/08\/Pressao-arterial_1754503683751.jpg\" \/>\n\t<meta property=\"og:image:width\" content=\"1280\" \/>\n\t<meta property=\"og:image:height\" content=\"720\" \/>\n\t<meta property=\"og:image:type\" content=\"image\/jpeg\" \/>\n<meta name=\"author\" content=\"guilherme_saude\" \/>\n<meta name=\"twitter:card\" content=\"summary_large_image\" \/>\n<meta name=\"twitter:label1\" content=\"Escrito por\" \/>\n\t<meta name=\"twitter:data1\" content=\"guilherme_saude\" \/>\n\t<meta name=\"twitter:label2\" content=\"Est. tempo de leitura\" \/>\n\t<meta name=\"twitter:data2\" content=\"4 minutos\" \/>\n<!-- \/ Yoast SEO plugin. -->","yoast_head_json":{"title":"Press\u00e3o 12 por 8 agora \u00e9 alta? Entenda as novas regras - Correio Braziliense - Radar","description":"Veja as novas diretrizes de press\u00e3o arterial, os valores atualizados e como medir corretamente para prevenir hipertens\u00e3o e complica\u00e7\u00f5es.","robots":{"index":"index","follow":"follow","max-snippet":"max-snippet:-1","max-image-preview":"max-image-preview:large","max-video-preview":"max-video-preview:-1"},"canonical":"https:\/\/www.correiobraziliense.com.br\/cbradar\/pressao-12-por-8-agora-e-alta-entenda-as-novas-regras\/","og_locale":"pt_BR","og_type":"article","og_title":"Press\u00e3o 12 por 8 agora \u00e9 alta? Entenda as novas regras - Correio Braziliense - Radar","og_description":"Veja as novas diretrizes de press\u00e3o arterial, os valores atualizados e como medir corretamente para prevenir hipertens\u00e3o e complica\u00e7\u00f5es.","og_url":"https:\/\/www.correiobraziliense.com.br\/cbradar\/pressao-12-por-8-agora-e-alta-entenda-as-novas-regras\/","og_site_name":"Correio Braziliense - Radar","article_published_time":"2025-11-25T00:35:00+00:00","og_image":[{"width":1280,"height":720,"url":"https:\/\/www.correiobraziliense.com.br\/cbradar\/wp-content\/uploads\/2025\/08\/Pressao-arterial_1754503683751.jpg","type":"image\/jpeg"}],"author":"guilherme_saude","twitter_card":"summary_large_image","twitter_misc":{"Escrito por":"guilherme_saude","Est. tempo de leitura":"4 minutos"},"schema":{"@context":"https:\/\/schema.org","@graph":[{"@type":"WebPage","@id":"https:\/\/www.correiobraziliense.com.br\/cbradar\/pressao-12-por-8-agora-e-alta-entenda-as-novas-regras\/","url":"https:\/\/www.correiobraziliense.com.br\/cbradar\/pressao-12-por-8-agora-e-alta-entenda-as-novas-regras\/","name":"Press\u00e3o 12 por 8 agora \u00e9 alta? Entenda as novas regras - Correio Braziliense - Radar","isPartOf":{"@id":"https:\/\/www.correiobraziliense.com.br\/cbradar\/#website"},"primaryImageOfPage":{"@id":"https:\/\/www.correiobraziliense.com.br\/cbradar\/pressao-12-por-8-agora-e-alta-entenda-as-novas-regras\/#primaryimage"},"image":{"@id":"https:\/\/www.correiobraziliense.com.br\/cbradar\/pressao-12-por-8-agora-e-alta-entenda-as-novas-regras\/#primaryimage"},"thumbnailUrl":"https:\/\/www.correiobraziliense.com.br\/cbradar\/wp-content\/uploads\/2025\/08\/Pressao-arterial_1754503683751.jpg","datePublished":"2025-11-25T00:35:00+00:00","author":{"@id":"https:\/\/www.correiobraziliense.com.br\/cbradar\/#\/schema\/person\/5aa4bf3c8fa699c267933611de12978b"},"description":"Veja as novas diretrizes de press\u00e3o arterial, os valores atualizados e como medir corretamente para prevenir hipertens\u00e3o e complica\u00e7\u00f5es.","breadcrumb":{"@id":"https:\/\/www.correiobraziliense.com.br\/cbradar\/pressao-12-por-8-agora-e-alta-entenda-as-novas-regras\/#breadcrumb"},"inLanguage":"pt-BR","potentialAction":[{"@type":"ReadAction","target":["https:\/\/www.correiobraziliense.com.br\/cbradar\/pressao-12-por-8-agora-e-alta-entenda-as-novas-regras\/"]}]},{"@type":"ImageObject","inLanguage":"pt-BR","@id":"https:\/\/www.correiobraziliense.com.br\/cbradar\/pressao-12-por-8-agora-e-alta-entenda-as-novas-regras\/#primaryimage","url":"https:\/\/www.correiobraziliense.com.br\/cbradar\/wp-content\/uploads\/2025\/08\/Pressao-arterial_1754503683751.jpg","contentUrl":"https:\/\/www.correiobraziliense.com.br\/cbradar\/wp-content\/uploads\/2025\/08\/Pressao-arterial_1754503683751.jpg","width":1280,"height":720,"caption":"Press\u00e3o arterial - Cr\u00e9ditos: depositphotos.com \/ VitalikRadko"},{"@type":"BreadcrumbList","@id":"https:\/\/www.correiobraziliense.com.br\/cbradar\/pressao-12-por-8-agora-e-alta-entenda-as-novas-regras\/#breadcrumb","itemListElement":[{"@type":"ListItem","position":1,"name":"In\u00edcio","item":"https:\/\/www.correiobraziliense.com.br\/cbradar\/"},{"@type":"ListItem","position":2,"name":"Press\u00e3o 12 por 8 agora \u00e9 alta? Entenda as novas regras"}]},{"@type":"WebSite","@id":"https:\/\/www.correiobraziliense.com.br\/cbradar\/#website","url":"https:\/\/www.correiobraziliense.com.br\/cbradar\/","name":"Correio Braziliense - Radar","description":"Acompanhe as \u00faltimas not\u00edcias e fique bem informado sobre tudo o que acontece no Brasil e no mundo.","potentialAction":[{"@type":"SearchAction","target":{"@type":"EntryPoint","urlTemplate":"https:\/\/www.correiobraziliense.com.br\/cbradar\/?s={search_term_string}"},"query-input":{"@type":"PropertyValueSpecification","valueRequired":true,"valueName":"search_term_string"}}],"inLanguage":"pt-BR"},{"@type":"Person","@id":"https:\/\/www.correiobraziliense.com.br\/cbradar\/#\/schema\/person\/5aa4bf3c8fa699c267933611de12978b","name":"guilherme_saude","image":{"@type":"ImageObject","inLanguage":"pt-BR","@id":"https:\/\/www.correiobraziliense.com.br\/cbradar\/#\/schema\/person\/image\/","url":"https:\/\/secure.gravatar.com\/avatar\/df9adfb835d344bc0af109d41756253f?s=96&d=mm&r=g","contentUrl":"https:\/\/secure.gravatar.com\/avatar\/df9adfb835d344bc0af109d41756253f?s=96&d=mm&r=g","caption":"guilherme_saude"},"url":"https:\/\/www.correiobraziliense.com.br\/cbradar\/author\/guilherme_saude\/"}]}},"_links":{"self":[{"href":"https:\/\/www.correiobraziliense.com.br\/cbradar\/wp-json\/wp\/v2\/posts\/144103","targetHints":{"allow":["GET"]}}],"collection":[{"href":"https:\/\/www.correiobraziliense.com.br\/cbradar\/wp-json\/wp\/v2\/posts"}],"about":[{"href":"https:\/\/www.correiobraziliense.com.br\/cbradar\/wp-json\/wp\/v2\/types\/post"}],"author":[{"embeddable":true,"href":"https:\/\/www.correiobraziliense.com.br\/cbradar\/wp-json\/wp\/v2\/users\/14"}],"replies":[{"embeddable":true,"href":"https:\/\/www.correiobraziliense.com.br\/cbradar\/wp-json\/wp\/v2\/comments?post=144103"}],"version-history":[{"count":1,"href":"https:\/\/www.correiobraziliense.com.br\/cbradar\/wp-json\/wp\/v2\/posts\/144103\/revisions"}],"predecessor-version":[{"id":144104,"href":"https:\/\/www.correiobraziliense.com.br\/cbradar\/wp-json\/wp\/v2\/posts\/144103\/revisions\/144104"}],"wp:featuredmedia":[{"embeddable":true,"href":"https:\/\/www.correiobraziliense.com.br\/cbradar\/wp-json\/wp\/v2\/media\/81983"}],"wp:attachment":[{"href":"https:\/\/www.correiobraziliense.com.br\/cbradar\/wp-json\/wp\/v2\/media?parent=144103"}],"wp:term":[{"taxonomy":"category","embeddable":true,"href":"https:\/\/www.correiobraziliense.com.br\/cbradar\/wp-json\/wp\/v2\/categories?post=144103"},{"taxonomy":"post_tag","embeddable":true,"href":"https:\/\/www.correiobraziliense.com.br\/cbradar\/wp-json\/wp\/v2\/post_tag?post=144103"}],"curies":[{"name":"wp","href":"https:\/\/api.w.org\/{rel}","templated":true}]}}