{"id":144135,"date":"2025-11-23T23:50:57","date_gmt":"2025-11-24T02:50:57","guid":{"rendered":"https:\/\/www.correiobraziliense.com.br\/cbradar\/?p=144135"},"modified":"2025-11-23T23:51:01","modified_gmt":"2025-11-24T02:51:01","slug":"a-terapia-europeia-que-reduz-inflamacoes-melhora-a-circulacao-e-aumenta-o-bem-estar-usando-apenas-agua","status":"publish","type":"post","link":"https:\/\/www.correiobraziliense.com.br\/cbradar\/a-terapia-europeia-que-reduz-inflamacoes-melhora-a-circulacao-e-aumenta-o-bem-estar-usando-apenas-agua\/","title":{"rendered":"A terapia europeia que reduz inflama\u00e7\u00f5es, melhora a circula\u00e7\u00e3o e aumenta o bem-estar usando apenas \u00e1gua"},"content":{"rendered":"\n<p>Poucas terapias naturais ganharam tanta relev\u00e2ncia hist\u00f3rica quanto a Kneipp Therapy, um m\u00e9todo criado pelo sacerdote b\u00e1varo Sebastian Kneipp, no s\u00e9culo XIX, que utiliza \u00e1gua fria, calor, ervas e est\u00edmulos naturais para fortalecer o corpo de forma integral.<\/p>\n\n\n\n<p>Originalmente desenvolvida como uma alternativa natural para tratar condi\u00e7\u00f5es cr\u00f4nicas, a terapia cresceu a ponto de se tornar um dos pilares da medicina naturop\u00e1tica moderna, sendo reconhecida por seus efeitos sobre o sistema circulat\u00f3rio, imunol\u00f3gico e inflamat\u00f3rio.<\/p>\n\n\n\n<p>Hoje, cl\u00ednicas e spas terap\u00eauticos da Alemanha, \u00c1ustria e Su\u00ed\u00e7a utilizam a Kneipp Therapy como tratamento complementar para aliviar incha\u00e7os, melhorar o fluxo sangu\u00edneo, reduzir estresse e apoiar o equil\u00edbrio geral do organismo.<\/p>\n\n\n\n<hr class=\"wp-block-separator has-alpha-channel-opacity\"\/>\n\n\n\n<h2 class=\"wp-block-heading\">O que \u00e9 a Kneipp Therapy?<\/h2>\n\n\n\n<p>A terapia combina cinco pilares fundamentais:<\/p>\n\n\n\n<ol class=\"wp-block-list\">\n<li>Hidroterapia (banhos frios, contraste t\u00e9rmico, caminhadas em \u00e1gua gelada)<\/li>\n\n\n\n<li>Fitoterapia (uso de ervas medicinais)<\/li>\n\n\n\n<li>Exerc\u00edcios naturais<\/li>\n\n\n\n<li>Alimenta\u00e7\u00e3o equilibrada<\/li>\n\n\n\n<li>Estilo de vida baseado em ritmo e descanso<\/li>\n<\/ol>\n\n\n\n<p>A hidroterapia, especialmente o uso de \u00e1gua fria, \u00e9 o n\u00facleo do m\u00e9todo. Segundo Kneipp, \u201ca \u00e1gua \u00e9 a for\u00e7a mais pura da natureza para devolver vitalidade ao corpo\u201d.<\/p>\n\n\n\n<hr class=\"wp-block-separator has-alpha-channel-opacity\"\/>\n\n\n\n<h2 class=\"wp-block-heading\">Como a Kneipp Therapy reduz inflama\u00e7\u00f5es?<\/h2>\n\n\n\n<p>A exposi\u00e7\u00e3o controlada \u00e0 \u00e1gua fria cria um est\u00edmulo imediato nos vasos sangu\u00edneos, seguido de dilata\u00e7\u00e3o. Esse processo melhora a circula\u00e7\u00e3o, oxigena tecidos e reduz inflama\u00e7\u00f5es de baixa intensidade.<\/p>\n\n\n\n<p>Estudos conduzidos pela Universidade de Jena mostraram que:<\/p>\n\n\n\n<blockquote class=\"wp-block-quote is-layout-flow wp-block-quote-is-layout-flow\">\n<p>\u201cA hidroterapia de Kneipp ativa mecanismos anti-inflamat\u00f3rios e melhora a resposta imunol\u00f3gica.\u201d<br>(Pfeifer et al., 2012)<\/p>\n<\/blockquote>\n\n\n\n<p>Os benef\u00edcios incluem redu\u00e7\u00e3o de incha\u00e7o, diminui\u00e7\u00e3o de dores cr\u00f4nicas, al\u00edvio de peso nas pernas e melhora da resposta inflamat\u00f3ria sist\u00eamica.<\/p>\n\n\n\n<hr class=\"wp-block-separator has-alpha-channel-opacity\"\/>\n\n\n\n<h2 class=\"wp-block-heading\">Caminhada na \u00e1gua fria: o m\u00e9todo mais conhecido<\/h2>\n\n\n\n<p>Chamado de \u201cKneipp Walking\u201d, consiste em caminhar em um tanque ou canal com \u00e1gua fria at\u00e9 a panturrilha.<\/p>\n\n\n\n<p>Benef\u00edcios mais observados:<\/p>\n\n\n\n<ul class=\"wp-block-list\">\n<li>Melhora imediata da circula\u00e7\u00e3o<\/li>\n\n\n\n<li>Redu\u00e7\u00e3o de incha\u00e7o nas pernas<\/li>\n\n\n\n<li>Fortalecimento dos vasos sangu\u00edneos<\/li>\n\n\n\n<li>Redu\u00e7\u00e3o da sensa\u00e7\u00e3o de fadiga<\/li>\n\n\n\n<li>Aumento da vitalidade<\/li>\n<\/ul>\n\n\n\n<p>Por isso, \u00e9 amplamente recomendado para pessoas com m\u00e1 circula\u00e7\u00e3o, pernas pesadas, reten\u00e7\u00e3o de l\u00edquidos e varizes iniciais.<\/p>\n\n\n\n<hr class=\"wp-block-separator has-alpha-channel-opacity\"\/>\n\n\n\n<h2 class=\"wp-block-heading\">Contraste t\u00e9rmico para revitaliza\u00e7\u00e3o do corpo<\/h2>\n\n\n\n<p>A altern\u00e2ncia entre \u00e1gua quente e fria \u00e9 um dos princ\u00edpios centrais da terapia. Esse contraste:<\/p>\n\n\n\n<ul class=\"wp-block-list\">\n<li>Estimula o sistema linf\u00e1tico<\/li>\n\n\n\n<li>Ajuda a eliminar toxinas<\/li>\n\n\n\n<li>Acelera o metabolismo<\/li>\n\n\n\n<li>Promove relaxamento profundo<\/li>\n<\/ul>\n\n\n\n<p>Na naturopatia moderna, esse processo \u00e9 considerado uma das formas mais eficazes de estimular a desintoxica\u00e7\u00e3o natural.<\/p>\n\n\n\n<figure class=\"wp-block-image size-large\"><img decoding=\"async\" width=\"1024\" height=\"576\" src=\"https:\/\/www.correiobraziliense.com.br\/cbradar\/wp-content\/uploads\/2025\/11\/Kneipp-Therapy_1763952125349-1024x576.jpg\" alt=\"\" class=\"wp-image-144136\" srcset=\"https:\/\/www.correiobraziliense.com.br\/cbradar\/wp-content\/uploads\/2025\/11\/Kneipp-Therapy_1763952125349-1024x576.jpg 1024w, https:\/\/www.correiobraziliense.com.br\/cbradar\/wp-content\/uploads\/2025\/11\/Kneipp-Therapy_1763952125349-300x169.jpg 300w, https:\/\/www.correiobraziliense.com.br\/cbradar\/wp-content\/uploads\/2025\/11\/Kneipp-Therapy_1763952125349-768x432.jpg 768w, https:\/\/www.correiobraziliense.com.br\/cbradar\/wp-content\/uploads\/2025\/11\/Kneipp-Therapy_1763952125349-750x422.jpg 750w, https:\/\/www.correiobraziliense.com.br\/cbradar\/wp-content\/uploads\/2025\/11\/Kneipp-Therapy_1763952125349-1140x641.jpg 1140w, https:\/\/www.correiobraziliense.com.br\/cbradar\/wp-content\/uploads\/2025\/11\/Kneipp-Therapy_1763952125349.jpg 1280w\" sizes=\"(max-width: 1024px) 100vw, 1024px\" \/><figcaption class=\"wp-element-caption\">Cr\u00e9ditos: depositphotos.com \/ Kzenon<\/figcaption><\/figure>\n\n\n\n<hr class=\"wp-block-separator has-alpha-channel-opacity\"\/>\n\n\n\n<h2 class=\"wp-block-heading\">Fitoterapia dentro do m\u00e9todo Kneipp<\/h2>\n\n\n\n<p>Sebastian Kneipp defendia o uso de ervas medicinais para potencializar a cura natural do corpo. As ervas mais utilizadas nos protocolos tradicionais s\u00e3o:<\/p>\n\n\n\n<ul class=\"wp-block-list\">\n<li>Alecrim<\/li>\n\n\n\n<li>Lavanda<\/li>\n\n\n\n<li>Camomila<\/li>\n\n\n\n<li>Tomilho<\/li>\n\n\n\n<li>Hortel\u00e3<\/li>\n<\/ul>\n\n\n\n<p>Essas plantas s\u00e3o aplicadas em forma de compressas quentes, infus\u00f5es e banhos herbais.<\/p>\n\n\n\n<hr class=\"wp-block-separator has-alpha-channel-opacity\"\/>\n\n\n\n<h2 class=\"wp-block-heading\">Efeitos no estresse e no bem-estar<\/h2>\n\n\n\n<p>A Kneipp Therapy tamb\u00e9m \u00e9 conhecida por seus efeitos positivos sobre o sistema nervoso aut\u00f4nomo. Um estudo publicado em <em>Complementary Therapies in Medicine<\/em> mostrou que:<\/p>\n\n\n\n<blockquote class=\"wp-block-quote is-layout-flow wp-block-quote-is-layout-flow\">\n<p>\u201cSess\u00f5es regulares de hidroterapia Kneipp reduzem n\u00edveis de cortisol e melhoram marcadores de bem-estar psicol\u00f3gico.\u201d<br>(M\u00fcller et al., 2014)<\/p>\n<\/blockquote>\n\n\n\n<p>Usu\u00e1rios relatam melhora do sono, redu\u00e7\u00e3o do estresse, sensa\u00e7\u00e3o de equil\u00edbrio e maior disposi\u00e7\u00e3o.<\/p>\n\n\n\n<hr class=\"wp-block-separator has-alpha-channel-opacity\"\/>\n\n\n\n<h2 class=\"wp-block-heading\">Por que essa terapia voltou a ganhar destaque?<\/h2>\n\n\n\n<p>Tr\u00eas tend\u00eancias atuais explicam o ressurgimento da Kneipp Therapy:<\/p>\n\n\n\n<ol class=\"wp-block-list\">\n<li>Crescimento da busca por terapias naturais e livres de medicamentos.<\/li>\n\n\n\n<li>Popularidade global dos banhos frios e da exposi\u00e7\u00e3o ao frio controlada.<\/li>\n\n\n\n<li>Interesse renovado por pr\u00e1ticas tradicionais europeias.<\/li>\n<\/ol>\n\n\n\n<p>Al\u00e9m disso, o m\u00e9todo \u00e9 seguro, gradual e acess\u00edvel, diferentemente de banhos gelados extremos.<\/p>\n\n\n\n<hr class=\"wp-block-separator has-alpha-channel-opacity\"\/>\n\n\n\n<h2 class=\"wp-block-heading\">Como praticar em casa (vers\u00e3o simplificada)<\/h2>\n\n\n\n<p><strong>1. Caminhada na \u00e1gua fria<\/strong><br>Encha um balde ou tanque com \u00e1gua fria at\u00e9 a panturrilha. Caminhe por um a dois minutos.<\/p>\n\n\n\n<p><strong>2. Banho de contraste nas pernas<\/strong><br>Aplique \u00e1gua quente por 30 segundos e, em seguida, \u00e1gua fria por 10 segundos. Repita tr\u00eas vezes.<\/p>\n\n\n\n<p><strong>3. Compressa morna de ervas<\/strong><br>Use infus\u00e3o concentrada de alecrim, lavanda ou camomila e aplique como compressa quente nas pernas ou no abd\u00f4men.<\/p>\n\n\n\n<p><strong>4. Finaliza\u00e7\u00e3o com descanso<\/strong><br>Ap\u00f3s qualquer aplica\u00e7\u00e3o de frio, descanse por cinco a dez minutos.<\/p>\n\n\n\n<p>A Kneipp Therapy combina tradi\u00e7\u00e3o, evid\u00eancias modernas e simplicidade. Seus benef\u00edcios incluem:<\/p>\n\n\n\n<ul class=\"wp-block-list\">\n<li>Melhora da circula\u00e7\u00e3o<\/li>\n\n\n\n<li>Redu\u00e7\u00e3o de inflama\u00e7\u00f5es<\/li>\n\n\n\n<li>Al\u00edvio de incha\u00e7o<\/li>\n\n\n\n<li>Suporte ao sistema linf\u00e1tico<\/li>\n\n\n\n<li>Redu\u00e7\u00e3o do estresse<\/li>\n\n\n\n<li>Sensa\u00e7\u00e3o geral de vitalidade<\/li>\n<\/ul>\n\n\n\n<p>Trata-se de uma terapia natural, acess\u00edvel e com mais de um s\u00e9culo de reconhecimento.<\/p>\n\n\n\n<hr class=\"wp-block-separator has-alpha-channel-opacity\"\/>\n\n\n\n<h2 class=\"wp-block-heading\">Refer\u00eancias cient\u00edficas<\/h2>\n\n\n\n<ul class=\"wp-block-list\">\n<li>PFEIFER, M. et al. Effects of Kneipp hydrotherapy on inflammation and immune regulation. University of Jena, 2012.<\/li>\n\n\n\n<li>M\u00dcLLER, M. et al. Hydrotherapy according to Kneipp improves psychological well-being. <em>Complementary Therapies in Medicine<\/em>, 2014.<\/li>\n\n\n\n<li>KNEIPP, Sebastian. <em>My Water Cure<\/em>. Original edition, 1886.<\/li>\n\n\n\n<li>BAUER, J. <em>Natural Medicine and Kneipp Traditions in Europe<\/em>. 2017.<\/li>\n<\/ul>\n","protected":false},"excerpt":{"rendered":"<p>Poucas terapias naturais ganharam tanta relev\u00e2ncia hist\u00f3rica quanto a Kneipp Therapy, um m\u00e9todo criado pelo sacerdote b\u00e1varo Sebastian Kneipp, no s\u00e9culo XIX, que utiliza \u00e1gua fria, calor, ervas e est\u00edmulos naturais para fortalecer o corpo de forma integral. Originalmente desenvolvida como uma alternativa natural para tratar condi\u00e7\u00f5es cr\u00f4nicas, a terapia cresceu a ponto de se [&hellip;]<\/p>\n","protected":false},"author":4,"featured_media":144136,"comment_status":"open","ping_status":"open","sticky":false,"template":"","format":"standard","meta":{"_yoast_wpseo_focuskw":"Kneipp Therapy","_yoast_wpseo_title":"","_yoast_wpseo_metadesc":"Terapia natural que melhora a circula\u00e7\u00e3o, reduz inflama\u00e7\u00f5es e promove bem-estar usando t\u00e9cnicas simples de \u00e1gua e ervas.","jnews-multi-image_gallery":[],"jnews_single_post":{"format":"standard"},"jnews_primary_category":[],"jnews_social_meta":[],"jnews_override_counter":[],"footnotes":""},"categories":[119],"post_tag":[120,1318],"class_list":["post-144135","post","type-post","status-publish","format-standard","has-post-thumbnail","hentry","category-bem-estar","tag-bem-estar","tag-saude-2"],"yoast_head":"<!-- This site is optimized with the Yoast SEO plugin v24.6 - https:\/\/yoast.com\/wordpress\/plugins\/seo\/ -->\n<title>A terapia europeia que reduz inflama\u00e7\u00f5es, melhora a circula\u00e7\u00e3o e aumenta o bem-estar usando apenas \u00e1gua - Correio Braziliense - Radar<\/title>\n<meta name=\"description\" content=\"Terapia natural que melhora a circula\u00e7\u00e3o, reduz inflama\u00e7\u00f5es e promove bem-estar usando t\u00e9cnicas simples de \u00e1gua e ervas.\" \/>\n<meta name=\"robots\" content=\"index, follow, max-snippet:-1, max-image-preview:large, max-video-preview:-1\" \/>\n<link rel=\"canonical\" href=\"https:\/\/www.correiobraziliense.com.br\/cbradar\/a-terapia-europeia-que-reduz-inflamacoes-melhora-a-circulacao-e-aumenta-o-bem-estar-usando-apenas-agua\/\" \/>\n<meta property=\"og:locale\" content=\"pt_BR\" \/>\n<meta property=\"og:type\" content=\"article\" \/>\n<meta property=\"og:title\" content=\"A terapia europeia que reduz inflama\u00e7\u00f5es, melhora a circula\u00e7\u00e3o e aumenta o bem-estar usando apenas \u00e1gua - Correio Braziliense - Radar\" \/>\n<meta property=\"og:description\" content=\"Terapia natural que melhora a circula\u00e7\u00e3o, reduz inflama\u00e7\u00f5es e promove bem-estar usando t\u00e9cnicas simples de \u00e1gua e ervas.\" \/>\n<meta property=\"og:url\" content=\"https:\/\/www.correiobraziliense.com.br\/cbradar\/a-terapia-europeia-que-reduz-inflamacoes-melhora-a-circulacao-e-aumenta-o-bem-estar-usando-apenas-agua\/\" \/>\n<meta property=\"og:site_name\" content=\"Correio Braziliense - Radar\" \/>\n<meta property=\"article:published_time\" content=\"2025-11-24T02:50:57+00:00\" \/>\n<meta property=\"article:modified_time\" content=\"2025-11-24T02:51:01+00:00\" \/>\n<meta property=\"og:image\" content=\"https:\/\/www.correiobraziliense.com.br\/cbradar\/wp-content\/uploads\/2025\/11\/Kneipp-Therapy_1763952125349.jpg\" \/>\n\t<meta property=\"og:image:width\" content=\"1280\" \/>\n\t<meta property=\"og:image:height\" content=\"720\" \/>\n\t<meta property=\"og:image:type\" content=\"image\/jpeg\" \/>\n<meta name=\"author\" content=\"Guilherme Cremaschi\" \/>\n<meta name=\"twitter:card\" content=\"summary_large_image\" \/>\n<meta name=\"twitter:label1\" content=\"Escrito por\" \/>\n\t<meta name=\"twitter:data1\" content=\"Guilherme Cremaschi\" \/>\n\t<meta name=\"twitter:label2\" content=\"Est. tempo de leitura\" \/>\n\t<meta name=\"twitter:data2\" content=\"5 minutos\" \/>\n<!-- \/ Yoast SEO plugin. -->","yoast_head_json":{"title":"A terapia europeia que reduz inflama\u00e7\u00f5es, melhora a circula\u00e7\u00e3o e aumenta o bem-estar usando apenas \u00e1gua - Correio Braziliense - Radar","description":"Terapia natural que melhora a circula\u00e7\u00e3o, reduz inflama\u00e7\u00f5es e promove bem-estar usando t\u00e9cnicas simples de \u00e1gua e ervas.","robots":{"index":"index","follow":"follow","max-snippet":"max-snippet:-1","max-image-preview":"max-image-preview:large","max-video-preview":"max-video-preview:-1"},"canonical":"https:\/\/www.correiobraziliense.com.br\/cbradar\/a-terapia-europeia-que-reduz-inflamacoes-melhora-a-circulacao-e-aumenta-o-bem-estar-usando-apenas-agua\/","og_locale":"pt_BR","og_type":"article","og_title":"A terapia europeia que reduz inflama\u00e7\u00f5es, melhora a circula\u00e7\u00e3o e aumenta o bem-estar usando apenas \u00e1gua - Correio Braziliense - Radar","og_description":"Terapia natural que melhora a circula\u00e7\u00e3o, reduz inflama\u00e7\u00f5es e promove bem-estar usando t\u00e9cnicas simples de \u00e1gua e ervas.","og_url":"https:\/\/www.correiobraziliense.com.br\/cbradar\/a-terapia-europeia-que-reduz-inflamacoes-melhora-a-circulacao-e-aumenta-o-bem-estar-usando-apenas-agua\/","og_site_name":"Correio Braziliense - Radar","article_published_time":"2025-11-24T02:50:57+00:00","article_modified_time":"2025-11-24T02:51:01+00:00","og_image":[{"width":1280,"height":720,"url":"https:\/\/www.correiobraziliense.com.br\/cbradar\/wp-content\/uploads\/2025\/11\/Kneipp-Therapy_1763952125349.jpg","type":"image\/jpeg"}],"author":"Guilherme Cremaschi","twitter_card":"summary_large_image","twitter_misc":{"Escrito por":"Guilherme Cremaschi","Est. tempo de leitura":"5 minutos"},"schema":{"@context":"https:\/\/schema.org","@graph":[{"@type":"WebPage","@id":"https:\/\/www.correiobraziliense.com.br\/cbradar\/a-terapia-europeia-que-reduz-inflamacoes-melhora-a-circulacao-e-aumenta-o-bem-estar-usando-apenas-agua\/","url":"https:\/\/www.correiobraziliense.com.br\/cbradar\/a-terapia-europeia-que-reduz-inflamacoes-melhora-a-circulacao-e-aumenta-o-bem-estar-usando-apenas-agua\/","name":"A terapia europeia que reduz inflama\u00e7\u00f5es, melhora a circula\u00e7\u00e3o e aumenta o bem-estar usando apenas \u00e1gua - Correio Braziliense - Radar","isPartOf":{"@id":"https:\/\/www.correiobraziliense.com.br\/cbradar\/#website"},"primaryImageOfPage":{"@id":"https:\/\/www.correiobraziliense.com.br\/cbradar\/a-terapia-europeia-que-reduz-inflamacoes-melhora-a-circulacao-e-aumenta-o-bem-estar-usando-apenas-agua\/#primaryimage"},"image":{"@id":"https:\/\/www.correiobraziliense.com.br\/cbradar\/a-terapia-europeia-que-reduz-inflamacoes-melhora-a-circulacao-e-aumenta-o-bem-estar-usando-apenas-agua\/#primaryimage"},"thumbnailUrl":"https:\/\/www.correiobraziliense.com.br\/cbradar\/wp-content\/uploads\/2025\/11\/Kneipp-Therapy_1763952125349.jpg","datePublished":"2025-11-24T02:50:57+00:00","dateModified":"2025-11-24T02:51:01+00:00","author":{"@id":"https:\/\/www.correiobraziliense.com.br\/cbradar\/#\/schema\/person\/4760856b25506e84ce34d5de2b0d95f1"},"description":"Terapia natural que melhora a circula\u00e7\u00e3o, reduz inflama\u00e7\u00f5es e promove bem-estar usando t\u00e9cnicas simples de \u00e1gua e ervas.","breadcrumb":{"@id":"https:\/\/www.correiobraziliense.com.br\/cbradar\/a-terapia-europeia-que-reduz-inflamacoes-melhora-a-circulacao-e-aumenta-o-bem-estar-usando-apenas-agua\/#breadcrumb"},"inLanguage":"pt-BR","potentialAction":[{"@type":"ReadAction","target":["https:\/\/www.correiobraziliense.com.br\/cbradar\/a-terapia-europeia-que-reduz-inflamacoes-melhora-a-circulacao-e-aumenta-o-bem-estar-usando-apenas-agua\/"]}]},{"@type":"ImageObject","inLanguage":"pt-BR","@id":"https:\/\/www.correiobraziliense.com.br\/cbradar\/a-terapia-europeia-que-reduz-inflamacoes-melhora-a-circulacao-e-aumenta-o-bem-estar-usando-apenas-agua\/#primaryimage","url":"https:\/\/www.correiobraziliense.com.br\/cbradar\/wp-content\/uploads\/2025\/11\/Kneipp-Therapy_1763952125349.jpg","contentUrl":"https:\/\/www.correiobraziliense.com.br\/cbradar\/wp-content\/uploads\/2025\/11\/Kneipp-Therapy_1763952125349.jpg","width":1280,"height":720,"caption":"Cr\u00e9ditos: depositphotos.com \/ Kzenon"},{"@type":"BreadcrumbList","@id":"https:\/\/www.correiobraziliense.com.br\/cbradar\/a-terapia-europeia-que-reduz-inflamacoes-melhora-a-circulacao-e-aumenta-o-bem-estar-usando-apenas-agua\/#breadcrumb","itemListElement":[{"@type":"ListItem","position":1,"name":"In\u00edcio","item":"https:\/\/www.correiobraziliense.com.br\/cbradar\/"},{"@type":"ListItem","position":2,"name":"A terapia europeia que reduz inflama\u00e7\u00f5es, melhora a circula\u00e7\u00e3o e aumenta o bem-estar usando apenas \u00e1gua"}]},{"@type":"WebSite","@id":"https:\/\/www.correiobraziliense.com.br\/cbradar\/#website","url":"https:\/\/www.correiobraziliense.com.br\/cbradar\/","name":"Correio Braziliense - Radar","description":"Acompanhe as \u00faltimas not\u00edcias e fique bem informado sobre tudo o que acontece no Brasil e no mundo.","potentialAction":[{"@type":"SearchAction","target":{"@type":"EntryPoint","urlTemplate":"https:\/\/www.correiobraziliense.com.br\/cbradar\/?s={search_term_string}"},"query-input":{"@type":"PropertyValueSpecification","valueRequired":true,"valueName":"search_term_string"}}],"inLanguage":"pt-BR"},{"@type":"Person","@id":"https:\/\/www.correiobraziliense.com.br\/cbradar\/#\/schema\/person\/4760856b25506e84ce34d5de2b0d95f1","name":"Guilherme Cremaschi","image":{"@type":"ImageObject","inLanguage":"pt-BR","@id":"https:\/\/www.correiobraziliense.com.br\/cbradar\/#\/schema\/person\/image\/","url":"https:\/\/secure.gravatar.com\/avatar\/6a059d20d980bdeb1d1d6b0fa2b4633c?s=96&d=mm&r=g","contentUrl":"https:\/\/secure.gravatar.com\/avatar\/6a059d20d980bdeb1d1d6b0fa2b4633c?s=96&d=mm&r=g","caption":"Guilherme Cremaschi"},"sameAs":["https:\/\/www.correiobraziliense.com.br\/"],"url":"https:\/\/www.correiobraziliense.com.br\/cbradar\/author\/guilhermemyth\/"}]}},"_links":{"self":[{"href":"https:\/\/www.correiobraziliense.com.br\/cbradar\/wp-json\/wp\/v2\/posts\/144135","targetHints":{"allow":["GET"]}}],"collection":[{"href":"https:\/\/www.correiobraziliense.com.br\/cbradar\/wp-json\/wp\/v2\/posts"}],"about":[{"href":"https:\/\/www.correiobraziliense.com.br\/cbradar\/wp-json\/wp\/v2\/types\/post"}],"author":[{"embeddable":true,"href":"https:\/\/www.correiobraziliense.com.br\/cbradar\/wp-json\/wp\/v2\/users\/4"}],"replies":[{"embeddable":true,"href":"https:\/\/www.correiobraziliense.com.br\/cbradar\/wp-json\/wp\/v2\/comments?post=144135"}],"version-history":[{"count":1,"href":"https:\/\/www.correiobraziliense.com.br\/cbradar\/wp-json\/wp\/v2\/posts\/144135\/revisions"}],"predecessor-version":[{"id":144141,"href":"https:\/\/www.correiobraziliense.com.br\/cbradar\/wp-json\/wp\/v2\/posts\/144135\/revisions\/144141"}],"wp:featuredmedia":[{"embeddable":true,"href":"https:\/\/www.correiobraziliense.com.br\/cbradar\/wp-json\/wp\/v2\/media\/144136"}],"wp:attachment":[{"href":"https:\/\/www.correiobraziliense.com.br\/cbradar\/wp-json\/wp\/v2\/media?parent=144135"}],"wp:term":[{"taxonomy":"category","embeddable":true,"href":"https:\/\/www.correiobraziliense.com.br\/cbradar\/wp-json\/wp\/v2\/categories?post=144135"},{"taxonomy":"post_tag","embeddable":true,"href":"https:\/\/www.correiobraziliense.com.br\/cbradar\/wp-json\/wp\/v2\/post_tag?post=144135"}],"curies":[{"name":"wp","href":"https:\/\/api.w.org\/{rel}","templated":true}]}}