{"id":144156,"date":"2025-11-26T12:25:00","date_gmt":"2025-11-26T15:25:00","guid":{"rendered":"https:\/\/www.correiobraziliense.com.br\/cbradar\/?p=144156"},"modified":"2025-11-25T11:25:11","modified_gmt":"2025-11-25T14:25:11","slug":"habito-noturno-poderoso-que-melhora-a-qualidade-do-sono-profundo","status":"publish","type":"post","link":"https:\/\/www.correiobraziliense.com.br\/cbradar\/habito-noturno-poderoso-que-melhora-a-qualidade-do-sono-profundo\/","title":{"rendered":"H\u00e1bito noturno poderoso que melhora a qualidade do sono profundo"},"content":{"rendered":"\n<p>O sono profundo <strong>(NREM Fase 3)<\/strong> \u00e9 o est\u00e1gio mais vital para o reparo f\u00edsico, hormonal e cognitivo do c\u00e9rebro. Para induzi-lo, o corpo precisa de um sinal claro de relaxamento e resfriamento, que pode ser ativado por um ritual intencional de 90 minutos antes de deitar.<\/p>\n\n\n\n<h2 class=\"wp-block-heading\">Por que a temperatura do corpo afeta o sono profundo?<\/h2>\n\n\n\n<p>O in\u00edcio do sono profundo est\u00e1 ligado a uma queda na <strong>temperatura corporal central<\/strong>. O corpo precisa dissipar calor para sinalizar ao c\u00e9rebro que o descanso pode come\u00e7ar.<\/p>\n\n\n\n<p>Se o ambiente estiver muito quente ou se voc\u00ea praticar exerc\u00edcios intensos ou tomar um banho quente demais perto da hora de dormir, voc\u00ea impede esse resfriamento.<\/p>\n\n\n\n<p>No v\u00eddeo a seguir, o canal do <strong><em>Julio Pereira &#8211; Neurocirurgi\u00e3o<\/em><\/strong> fala um pouco mais sobre isso:<\/p>\n\n\n\n<iframe loading=\"lazy\" width=\"342\" height=\"608\" src=\"https:\/\/www.youtube.com\/embed\/atwilKE-Mww\" title=\"CALOR AGRAVA PROBLEMAS DO SONO\" frameborder=\"0\" allow=\"accelerometer; autoplay; clipboard-write; encrypted-media; gyroscope; picture-in-picture; web-share\" referrerpolicy=\"strict-origin-when-cross-origin\" allowfullscreen><\/iframe>\n\n\n\n<h2 class=\"wp-block-heading\">O que \u00e9 a Regra dos 90 Minutos antes de deitar?<\/h2>\n\n\n\n<p>Esta regra estabelece que a \u00faltima hora e meia antes de dormir deve ser dedicada \u00e0 <strong>desacelera\u00e7\u00e3o<\/strong> e ao resfriamento ativo do sistema nervoso e do corpo.<\/p>\n\n\n\n<p>Isso significa desligar telas (luz azul) e usar estrat\u00e9gias que auxiliem a dissipa\u00e7\u00e3o do calor, como um banho morno (que resfria o corpo logo depois, por evapora\u00e7\u00e3o) ou manter o quarto frio.<\/p>\n\n\n\n<p>Leia tamb\u00e9m: <a href=\"https:\/\/www.correiobraziliense.com.br\/cbradar\/o-mineral-essencial-para-manter-ossos-fortes-apos-os-40-anos\" target=\"_blank\" rel=\"noreferrer noopener\">O mineral essencial para manter ossos fortes ap\u00f3s os 40 anos<\/a><\/p>\n\n\n\n<h2 class=\"wp-block-heading\">Como a respira\u00e7\u00e3o lenta potencializa este descanso?<\/h2>\n\n\n\n<p>A ansiedade e a rumina\u00e7\u00e3o ativam o <strong>sistema nervoso simp\u00e1tico<\/strong> (&#8220;luta ou fuga&#8221;). A respira\u00e7\u00e3o diafragm\u00e1tica (lenta) \u00e9 o interruptor do <strong>sistema parassimp\u00e1tico<\/strong> (&#8220;descansar e digerir&#8221;).<\/p>\n\n\n\n<p>Focar na <strong>expira\u00e7\u00e3o longa<\/strong> (como na t\u00e9cnica 4-7-8) estimula o nervo vago. <a href=\"https:\/\/www.health.harvard.edu\/mind-and-mood\/relaxation-techniques-breath-control-helps-quell-errant-stress-response\" target=\"_blank\" rel=\"noreferrer noopener\"><strong>Harvard Health <\/strong>confirma<\/a> que essa a\u00e7\u00e3o reduz a frequ\u00eancia card\u00edaca, acalmando o corpo para o sono.<\/p>\n\n\n<div class=\"wp-block-image\">\n<figure class=\"aligncenter size-large\"><img decoding=\"async\" width=\"1024\" height=\"576\" src=\"https:\/\/www.correiobraziliense.com.br\/cbradar\/wp-content\/uploads\/2025\/03\/dormir_1741613309015-1024x576.jpg\" alt=\"Como o magn\u00e9sio pode melhorar a qualidade do sono profundo?\" class=\"wp-image-11111\" srcset=\"https:\/\/www.correiobraziliense.com.br\/cbradar\/wp-content\/uploads\/2025\/03\/dormir_1741613309015-1024x576.jpg 1024w, https:\/\/www.correiobraziliense.com.br\/cbradar\/wp-content\/uploads\/2025\/03\/dormir_1741613309015-300x169.jpg 300w, https:\/\/www.correiobraziliense.com.br\/cbradar\/wp-content\/uploads\/2025\/03\/dormir_1741613309015-768x432.jpg 768w, https:\/\/www.correiobraziliense.com.br\/cbradar\/wp-content\/uploads\/2025\/03\/dormir_1741613309015-750x422.jpg 750w, https:\/\/www.correiobraziliense.com.br\/cbradar\/wp-content\/uploads\/2025\/03\/dormir_1741613309015-1140x641.jpg 1140w, https:\/\/www.correiobraziliense.com.br\/cbradar\/wp-content\/uploads\/2025\/03\/dormir_1741613309015.jpg 1280w\" sizes=\"(max-width: 1024px) 100vw, 1024px\" \/><figcaption class=\"wp-element-caption\">Pr\u00e1tica noturna associada \u00e0 melhora da qualidade e profundidade do sono &#8211; Cr\u00e9ditos: depositphotos.com \/ Milkos<\/figcaption><\/figure><\/div>\n\n\n<h2 class=\"wp-block-heading\">O que a ci\u00eancia diz sobre a higiene do sono?<\/h2>\n\n\n\n<p>A higiene do sono \u00e9 a base para otimizar o descanso. E sua import\u00e2ncia da rotina e do ambiente (escurid\u00e3o total) para um descanso reparador e para a sa\u00fade mental \u00e9 ineg\u00e1vel.<\/p>\n\n\n\n<p>Isso inclui evitar estimulantes e grandes refei\u00e7\u00f5es \u00e0 noite. O \u00e1lcool e a cafe\u00edna podem fazer voc\u00ea &#8220;apagar&#8221;, mas fragmentam o sono, impedindo que o sono profundo e o REM ocorram de forma eficiente.<\/p>\n\n\n\n<p>Leia tamb\u00e9m: <a href=\"https:\/\/www.correiobraziliense.com.br\/cbradar\/sintomas-de-que-seu-corpo-nao-esta-absorvendo-bem-as-vitaminas\" target=\"_blank\" rel=\"noreferrer noopener\">Sintomas de que seu corpo n\u00e3o est\u00e1 absorvendo bem as vitaminas<\/a><\/p>\n\n\n\n<h2 class=\"wp-block-heading\">Como estruturar o ritual noturno de resfriamento?<\/h2>\n\n\n\n<p>Para aplicar a Regra dos 90 Minutos com sucesso, \u00e9 crucial criar uma sequ\u00eancia de a\u00e7\u00f5es que envolvam o resfriamento, a escurid\u00e3o e a calma mental.<\/p>\n\n\n\n<p>Para maximizar a indu\u00e7\u00e3o do sono profundo e o reparo corporal, siga estes passos na hora de deitar:<\/p>\n\n\n\n<ul class=\"wp-block-list\">\n<li><strong>Pausa Digital (90 min antes):<\/strong> Desligue telas e carregue-as fora do quarto (evitar luz azul e est\u00edmulo mental).<\/li>\n\n\n\n<li><strong>Resfriamento (60 min antes):<\/strong> Tome um banho morno ou use a respira\u00e7\u00e3o para baixar a temperatura central.<\/li>\n\n\n\n<li><strong>Escurid\u00e3o Total:<\/strong> Elimine todas as fontes de luz (LEDs, frestas), pois a luz bloqueia a melatonina.<\/li>\n\n\n\n<li><strong>Respira\u00e7\u00e3o Lenta:<\/strong> Pratique 2-5 minutos de respira\u00e7\u00e3o diafragm\u00e1tica (foco na expira\u00e7\u00e3o) j\u00e1 deitado na cama.<\/li>\n<\/ul>\n","protected":false},"excerpt":{"rendered":"<p>O sono profundo (NREM Fase 3) \u00e9 o est\u00e1gio mais vital para o reparo f\u00edsico, hormonal e cognitivo do c\u00e9rebro. Para induzi-lo, o corpo precisa de um sinal claro de relaxamento e resfriamento, que pode ser ativado por um ritual intencional de 90 minutos antes de deitar. Por que a temperatura do corpo afeta o [&hellip;]<\/p>\n","protected":false},"author":11,"featured_media":144832,"comment_status":"open","ping_status":"open","sticky":false,"template":"","format":"standard","meta":{"_yoast_wpseo_focuskw":"Sono profundo","_yoast_wpseo_title":"","_yoast_wpseo_metadesc":"H\u00e1bito noturno simples pode favorecer um sono mais profundo oferecendo sensa\u00e7\u00e3o de descanso renovado e impacto positivo no bem estar","jnews-multi-image_gallery":[],"jnews_single_post":{"format":"standard"},"jnews_primary_category":[],"jnews_social_meta":[],"jnews_override_counter":[],"footnotes":""},"categories":[119],"post_tag":[8892,8676,1313],"class_list":["post-144156","post","type-post","status-publish","format-standard","has-post-thumbnail","hentry","category-bem-estar","tag-saude-5","tag-habito-2","tag-sono"],"yoast_head":"<!-- This site is optimized with the Yoast SEO plugin v24.6 - https:\/\/yoast.com\/wordpress\/plugins\/seo\/ -->\n<title>H\u00e1bito noturno poderoso que melhora a qualidade do sono profundo - Correio Braziliense - Radar<\/title>\n<meta name=\"description\" content=\"H\u00e1bito noturno simples pode favorecer um sono mais profundo oferecendo sensa\u00e7\u00e3o de descanso renovado e impacto positivo no bem estar\" \/>\n<meta name=\"robots\" content=\"index, follow, max-snippet:-1, max-image-preview:large, max-video-preview:-1\" \/>\n<link rel=\"canonical\" href=\"https:\/\/www.correiobraziliense.com.br\/cbradar\/habito-noturno-poderoso-que-melhora-a-qualidade-do-sono-profundo\/\" \/>\n<meta property=\"og:locale\" content=\"pt_BR\" \/>\n<meta property=\"og:type\" content=\"article\" \/>\n<meta property=\"og:title\" content=\"H\u00e1bito noturno poderoso que melhora a qualidade do sono profundo - Correio Braziliense - Radar\" \/>\n<meta property=\"og:description\" content=\"H\u00e1bito noturno simples pode favorecer um sono mais profundo oferecendo sensa\u00e7\u00e3o de descanso renovado e impacto positivo no bem estar\" \/>\n<meta property=\"og:url\" content=\"https:\/\/www.correiobraziliense.com.br\/cbradar\/habito-noturno-poderoso-que-melhora-a-qualidade-do-sono-profundo\/\" \/>\n<meta property=\"og:site_name\" content=\"Correio Braziliense - Radar\" \/>\n<meta property=\"article:published_time\" content=\"2025-11-26T15:25:00+00:00\" \/>\n<meta property=\"og:image\" content=\"https:\/\/www.correiobraziliense.com.br\/cbradar\/wp-content\/uploads\/2025\/11\/freepik__cena-noturna-suave-mostrando-um-quarto-frio-e-orga__35702.jpeg\" \/>\n\t<meta property=\"og:image:width\" content=\"1280\" \/>\n\t<meta property=\"og:image:height\" content=\"720\" \/>\n\t<meta property=\"og:image:type\" content=\"image\/jpeg\" \/>\n<meta name=\"author\" content=\"Paulo Custodio\" \/>\n<meta name=\"twitter:card\" content=\"summary_large_image\" \/>\n<meta name=\"twitter:label1\" content=\"Escrito por\" \/>\n\t<meta name=\"twitter:data1\" content=\"Paulo Custodio\" \/>\n\t<meta name=\"twitter:label2\" content=\"Est. tempo de leitura\" \/>\n\t<meta name=\"twitter:data2\" content=\"3 minutos\" \/>\n<!-- \/ Yoast SEO plugin. -->","yoast_head_json":{"title":"H\u00e1bito noturno poderoso que melhora a qualidade do sono profundo - Correio Braziliense - Radar","description":"H\u00e1bito noturno simples pode favorecer um sono mais profundo oferecendo sensa\u00e7\u00e3o de descanso renovado e impacto positivo no bem estar","robots":{"index":"index","follow":"follow","max-snippet":"max-snippet:-1","max-image-preview":"max-image-preview:large","max-video-preview":"max-video-preview:-1"},"canonical":"https:\/\/www.correiobraziliense.com.br\/cbradar\/habito-noturno-poderoso-que-melhora-a-qualidade-do-sono-profundo\/","og_locale":"pt_BR","og_type":"article","og_title":"H\u00e1bito noturno poderoso que melhora a qualidade do sono profundo - Correio Braziliense - Radar","og_description":"H\u00e1bito noturno simples pode favorecer um sono mais profundo oferecendo sensa\u00e7\u00e3o de descanso renovado e impacto positivo no bem estar","og_url":"https:\/\/www.correiobraziliense.com.br\/cbradar\/habito-noturno-poderoso-que-melhora-a-qualidade-do-sono-profundo\/","og_site_name":"Correio Braziliense - Radar","article_published_time":"2025-11-26T15:25:00+00:00","og_image":[{"width":1280,"height":720,"url":"https:\/\/www.correiobraziliense.com.br\/cbradar\/wp-content\/uploads\/2025\/11\/freepik__cena-noturna-suave-mostrando-um-quarto-frio-e-orga__35702.jpeg","type":"image\/jpeg"}],"author":"Paulo Custodio","twitter_card":"summary_large_image","twitter_misc":{"Escrito por":"Paulo Custodio","Est. tempo de leitura":"3 minutos"},"schema":{"@context":"https:\/\/schema.org","@graph":[{"@type":"WebPage","@id":"https:\/\/www.correiobraziliense.com.br\/cbradar\/habito-noturno-poderoso-que-melhora-a-qualidade-do-sono-profundo\/","url":"https:\/\/www.correiobraziliense.com.br\/cbradar\/habito-noturno-poderoso-que-melhora-a-qualidade-do-sono-profundo\/","name":"H\u00e1bito noturno poderoso que melhora a qualidade do sono profundo - Correio Braziliense - Radar","isPartOf":{"@id":"https:\/\/www.correiobraziliense.com.br\/cbradar\/#website"},"primaryImageOfPage":{"@id":"https:\/\/www.correiobraziliense.com.br\/cbradar\/habito-noturno-poderoso-que-melhora-a-qualidade-do-sono-profundo\/#primaryimage"},"image":{"@id":"https:\/\/www.correiobraziliense.com.br\/cbradar\/habito-noturno-poderoso-que-melhora-a-qualidade-do-sono-profundo\/#primaryimage"},"thumbnailUrl":"https:\/\/www.correiobraziliense.com.br\/cbradar\/wp-content\/uploads\/2025\/11\/freepik__cena-noturna-suave-mostrando-um-quarto-frio-e-orga__35702.jpeg","datePublished":"2025-11-26T15:25:00+00:00","author":{"@id":"https:\/\/www.correiobraziliense.com.br\/cbradar\/#\/schema\/person\/4cec7857301a9a1a2ef249893cd908d3"},"description":"H\u00e1bito noturno simples pode favorecer um sono mais profundo oferecendo sensa\u00e7\u00e3o de descanso renovado e impacto positivo no bem estar","breadcrumb":{"@id":"https:\/\/www.correiobraziliense.com.br\/cbradar\/habito-noturno-poderoso-que-melhora-a-qualidade-do-sono-profundo\/#breadcrumb"},"inLanguage":"pt-BR","potentialAction":[{"@type":"ReadAction","target":["https:\/\/www.correiobraziliense.com.br\/cbradar\/habito-noturno-poderoso-que-melhora-a-qualidade-do-sono-profundo\/"]}]},{"@type":"ImageObject","inLanguage":"pt-BR","@id":"https:\/\/www.correiobraziliense.com.br\/cbradar\/habito-noturno-poderoso-que-melhora-a-qualidade-do-sono-profundo\/#primaryimage","url":"https:\/\/www.correiobraziliense.com.br\/cbradar\/wp-content\/uploads\/2025\/11\/freepik__cena-noturna-suave-mostrando-um-quarto-frio-e-orga__35702.jpeg","contentUrl":"https:\/\/www.correiobraziliense.com.br\/cbradar\/wp-content\/uploads\/2025\/11\/freepik__cena-noturna-suave-mostrando-um-quarto-frio-e-orga__35702.jpeg","width":1280,"height":720,"caption":"O corpo precisa de sinais de relaxamento e resfriamento"},{"@type":"BreadcrumbList","@id":"https:\/\/www.correiobraziliense.com.br\/cbradar\/habito-noturno-poderoso-que-melhora-a-qualidade-do-sono-profundo\/#breadcrumb","itemListElement":[{"@type":"ListItem","position":1,"name":"In\u00edcio","item":"https:\/\/www.correiobraziliense.com.br\/cbradar\/"},{"@type":"ListItem","position":2,"name":"H\u00e1bito noturno poderoso que melhora a qualidade do sono profundo"}]},{"@type":"WebSite","@id":"https:\/\/www.correiobraziliense.com.br\/cbradar\/#website","url":"https:\/\/www.correiobraziliense.com.br\/cbradar\/","name":"Correio Braziliense - Radar","description":"Acompanhe as \u00faltimas not\u00edcias e fique bem informado sobre tudo o que acontece no Brasil e no mundo.","potentialAction":[{"@type":"SearchAction","target":{"@type":"EntryPoint","urlTemplate":"https:\/\/www.correiobraziliense.com.br\/cbradar\/?s={search_term_string}"},"query-input":{"@type":"PropertyValueSpecification","valueRequired":true,"valueName":"search_term_string"}}],"inLanguage":"pt-BR"},{"@type":"Person","@id":"https:\/\/www.correiobraziliense.com.br\/cbradar\/#\/schema\/person\/4cec7857301a9a1a2ef249893cd908d3","name":"Paulo Custodio","image":{"@type":"ImageObject","inLanguage":"pt-BR","@id":"https:\/\/www.correiobraziliense.com.br\/cbradar\/#\/schema\/person\/image\/","url":"https:\/\/secure.gravatar.com\/avatar\/bcd67168d1534e8fcf4f45c726a87cea?s=96&d=mm&r=g","contentUrl":"https:\/\/secure.gravatar.com\/avatar\/bcd67168d1534e8fcf4f45c726a87cea?s=96&d=mm&r=g","caption":"Paulo Custodio"},"sameAs":["https:\/\/www.correiobraziliense.com.br\/cbradar"],"url":"https:\/\/www.correiobraziliense.com.br\/cbradar\/author\/paulomyth\/"}]}},"_links":{"self":[{"href":"https:\/\/www.correiobraziliense.com.br\/cbradar\/wp-json\/wp\/v2\/posts\/144156","targetHints":{"allow":["GET"]}}],"collection":[{"href":"https:\/\/www.correiobraziliense.com.br\/cbradar\/wp-json\/wp\/v2\/posts"}],"about":[{"href":"https:\/\/www.correiobraziliense.com.br\/cbradar\/wp-json\/wp\/v2\/types\/post"}],"author":[{"embeddable":true,"href":"https:\/\/www.correiobraziliense.com.br\/cbradar\/wp-json\/wp\/v2\/users\/11"}],"replies":[{"embeddable":true,"href":"https:\/\/www.correiobraziliense.com.br\/cbradar\/wp-json\/wp\/v2\/comments?post=144156"}],"version-history":[{"count":1,"href":"https:\/\/www.correiobraziliense.com.br\/cbradar\/wp-json\/wp\/v2\/posts\/144156\/revisions"}],"predecessor-version":[{"id":144158,"href":"https:\/\/www.correiobraziliense.com.br\/cbradar\/wp-json\/wp\/v2\/posts\/144156\/revisions\/144158"}],"wp:featuredmedia":[{"embeddable":true,"href":"https:\/\/www.correiobraziliense.com.br\/cbradar\/wp-json\/wp\/v2\/media\/144832"}],"wp:attachment":[{"href":"https:\/\/www.correiobraziliense.com.br\/cbradar\/wp-json\/wp\/v2\/media?parent=144156"}],"wp:term":[{"taxonomy":"category","embeddable":true,"href":"https:\/\/www.correiobraziliense.com.br\/cbradar\/wp-json\/wp\/v2\/categories?post=144156"},{"taxonomy":"post_tag","embeddable":true,"href":"https:\/\/www.correiobraziliense.com.br\/cbradar\/wp-json\/wp\/v2\/post_tag?post=144156"}],"curies":[{"name":"wp","href":"https:\/\/api.w.org\/{rel}","templated":true}]}}