{"id":144172,"date":"2025-11-26T22:55:00","date_gmt":"2025-11-27T01:55:00","guid":{"rendered":"https:\/\/www.correiobraziliense.com.br\/cbradar\/?p=144172"},"modified":"2025-11-25T11:41:24","modified_gmt":"2025-11-25T14:41:24","slug":"fruta-desconhecida-que-ajuda-na-saude-do-figado-de-forma-natural","status":"publish","type":"post","link":"https:\/\/www.correiobraziliense.com.br\/cbradar\/fruta-desconhecida-que-ajuda-na-saude-do-figado-de-forma-natural\/","title":{"rendered":"Fruta desconhecida que ajuda na sa\u00fade do f\u00edgado de forma natural"},"content":{"rendered":"\n<p>A <strong>graviola (<em>Annona muricata<\/em>) <\/strong>\u00e9 uma fruta tropical com sabor \u00e1cido e doce, muitas vezes negligenciada na dieta. Ela \u00e9 rica em compostos bioativos que atuam como antioxidantes potentes, sendo estudada por seu potencial em apoiar as vias naturais de desintoxica\u00e7\u00e3o e prote\u00e7\u00e3o das c\u00e9lulas hep\u00e1ticas.<\/p>\n\n\n\n<h2 class=\"wp-block-heading\">O escudo tropical que ajuda seu corpo a se limpar sozinho<\/h2>\n\n\n\n<p>Muitas pessoas conhecem a graviola apenas como uma op\u00e7\u00e3o de suco refrescante para os dias de calor, mas, biologicamente, esta fruta \u00e9 uma ferramenta de artilharia pesada para o seu metabolismo.<\/p>\n\n\n\n<p>Enquanto seu f\u00edgado trabalha 24 horas por dia para filtrar as toxinas da alimenta\u00e7\u00e3o moderna e do ambiente, ele gera uma esp\u00e9cie de &#8220;ferrugem&#8221; interna chamada estresse oxidativo. A graviola entra como um mec\u00e2nico especializado: seus compostos bioativos ajudam a neutralizar essa ferrugem, protegendo o pr\u00f3prio filtro para que ele n\u00e3o falhe ou inflame sob press\u00e3o.<\/p>\n\n\n\n<figure class=\"wp-block-image aligncenter size-large\"><img decoding=\"async\" width=\"1024\" height=\"576\" src=\"https:\/\/www.correiobraziliense.com.br\/cbradar\/wp-content\/uploads\/2025\/11\/mosaico_1763980157035-1024x576.jpg\" alt=\"Fruta desconhecida que ajuda na sa\u00fade do f\u00edgado de forma natural\" class=\"wp-image-144173\" srcset=\"https:\/\/www.correiobraziliense.com.br\/cbradar\/wp-content\/uploads\/2025\/11\/mosaico_1763980157035-1024x576.jpg 1024w, https:\/\/www.correiobraziliense.com.br\/cbradar\/wp-content\/uploads\/2025\/11\/mosaico_1763980157035-300x169.jpg 300w, https:\/\/www.correiobraziliense.com.br\/cbradar\/wp-content\/uploads\/2025\/11\/mosaico_1763980157035-768x432.jpg 768w, https:\/\/www.correiobraziliense.com.br\/cbradar\/wp-content\/uploads\/2025\/11\/mosaico_1763980157035-750x422.jpg 750w, https:\/\/www.correiobraziliense.com.br\/cbradar\/wp-content\/uploads\/2025\/11\/mosaico_1763980157035-1140x641.jpg 1140w, https:\/\/www.correiobraziliense.com.br\/cbradar\/wp-content\/uploads\/2025\/11\/mosaico_1763980157035.jpg 1280w\" sizes=\"(max-width: 1024px) 100vw, 1024px\" \/><figcaption class=\"wp-element-caption\">Fruta pouco conhecida associada ao cuidado natural e ao apoio da sa\u00fade do f\u00edgado &#8211; Cr\u00e9ditos: depositphotos.com \/ Marcotga &#8211; Cr\u00e9ditos: depositphotos.com \/ aom.am.op@gmail.com\n<\/figcaption><\/figure>\n\n\n\n<h2 class=\"wp-block-heading\">Por que o f\u00edgado precisa de um suporte antioxidante?<\/h2>\n\n\n\n<p>O f\u00edgado \u00e9 o principal filtro do corpo. A constante neutraliza\u00e7\u00e3o de toxinas (\u00e1lcool, poluentes, subprodutos metab\u00f3licos) gera <strong>radicais livres<\/strong> e <strong>estresse oxidativo<\/strong>.<\/p>\n\n\n\n<p>O suporte antioxidante \u00e9 vital para proteger os hepat\u00f3citos (c\u00e9lulas do f\u00edgado) desse dano. Sem essa prote\u00e7\u00e3o, o estresse oxidativo leva \u00e0 inflama\u00e7\u00e3o e pode causar fibrose.<\/p>\n\n\n\n<p>Leia tamb\u00e9m: <a href=\"https:\/\/www.correiobraziliense.com.br\/cbradar\/o-mineral-essencial-para-manter-ossos-fortes-apos-os-40-anos\" target=\"_blank\" rel=\"noreferrer noopener\">O mineral essencial para manter ossos fortes ap\u00f3s os 40 anos<\/a><\/p>\n\n\n\n<h2 class=\"wp-block-heading\">Como os compostos da graviola agem no f\u00edgado?<\/h2>\n\n\n\n<p>A graviola cont\u00e9m diversos compostos, incluindo <strong>acetogeninas<\/strong> e <strong>flavonoides<\/strong>. Estes atuam na redu\u00e7\u00e3o de danos celulares e na otimiza\u00e7\u00e3o das enzimas antioxidantes naturais do f\u00edgado.<\/p>\n\n\n\n<p><a href=\"https:\/\/www.ncbi.nlm.nih.gov\/pmc\/articles\/PMC8900336\/\" target=\"_blank\" rel=\"noreferrer noopener\">Estudos preliminares (<strong>NIH<\/strong>)<\/a> indicam que os extratos podem ter um efeito hepatoprotetor. Isso ajuda a proteger as c\u00e9lulas da inflama\u00e7\u00e3o e a apoiar a capacidade do \u00f3rg\u00e3o de processar toxinas.<\/p>\n\n\n\n<p>No v\u00eddeo a seguir, <strong><em>Victor Horta na Varanda<\/em><\/strong> fala mais sobre alguns benef\u00edcios da graviola:<\/p>\n\n\n\n<blockquote class=\"instagram-media\" data-instgrm-captioned data-instgrm-permalink=\"https:\/\/www.instagram.com\/reel\/Cri12w8rqx3\/?utm_source=ig_embed&amp;utm_campaign=loading\" data-instgrm-version=\"14\" style=\" background:#FFF; border:0; border-radius:3px; box-shadow:0 0 1px 0 rgba(0,0,0,0.5),0 1px 10px 0 rgba(0,0,0,0.15); margin: 1px; max-width:540px; min-width:326px; padding:0; width:99.375%; width:-webkit-calc(100% - 2px); width:calc(100% - 2px);\"><div style=\"padding:16px;\"> <a href=\"https:\/\/www.instagram.com\/reel\/Cri12w8rqx3\/?utm_source=ig_embed&amp;utm_campaign=loading\" style=\" background:#FFFFFF; line-height:0; padding:0 0; text-align:center; text-decoration:none; width:100%;\" target=\"_blank\"> <div style=\" display: flex; flex-direction: row; align-items: center;\"> <div style=\"background-color: #F4F4F4; border-radius: 50%; flex-grow: 0; height: 40px; margin-right: 14px; width: 40px;\"><\/div> <div style=\"display: flex; flex-direction: column; flex-grow: 1; justify-content: center;\"> <div style=\" background-color: #F4F4F4; border-radius: 4px; flex-grow: 0; height: 14px; margin-bottom: 6px; width: 100px;\"><\/div> <div style=\" background-color: #F4F4F4; border-radius: 4px; flex-grow: 0; height: 14px; width: 60px;\"><\/div><\/div><\/div><div style=\"padding: 19% 0;\"><\/div> <div style=\"display:block; height:50px; margin:0 auto 12px; width:50px;\"><svg width=\"50px\" height=\"50px\" viewBox=\"0 0 60 60\" version=\"1.1\" xmlns=\"https:\/\/www.w3.org\/2000\/svg\" xmlns:xlink=\"https:\/\/www.w3.org\/1999\/xlink\"><g stroke=\"none\" stroke-width=\"1\" fill=\"none\" fill-rule=\"evenodd\"><g transform=\"translate(-511.000000, -20.000000)\" fill=\"#000000\"><g><path d=\"M556.869,30.41 C554.814,30.41 553.148,32.076 553.148,34.131 C553.148,36.186 554.814,37.852 556.869,37.852 C558.924,37.852 560.59,36.186 560.59,34.131 C560.59,32.076 558.924,30.41 556.869,30.41 M541,60.657 C535.114,60.657 530.342,55.887 530.342,50 C530.342,44.114 535.114,39.342 541,39.342 C546.887,39.342 551.658,44.114 551.658,50 C551.658,55.887 546.887,60.657 541,60.657 M541,33.886 C532.1,33.886 524.886,41.1 524.886,50 C524.886,58.899 532.1,66.113 541,66.113 C549.9,66.113 557.115,58.899 557.115,50 C557.115,41.1 549.9,33.886 541,33.886 M565.378,62.101 C565.244,65.022 564.756,66.606 564.346,67.663 C563.803,69.06 563.154,70.057 562.106,71.106 C561.058,72.155 560.06,72.803 558.662,73.347 C557.607,73.757 556.021,74.244 553.102,74.378 C549.944,74.521 548.997,74.552 541,74.552 C533.003,74.552 532.056,74.521 528.898,74.378 C525.979,74.244 524.393,73.757 523.338,73.347 C521.94,72.803 520.942,72.155 519.894,71.106 C518.846,70.057 518.197,69.06 517.654,67.663 C517.244,66.606 516.755,65.022 516.623,62.101 C516.479,58.943 516.448,57.996 516.448,50 C516.448,42.003 516.479,41.056 516.623,37.899 C516.755,34.978 517.244,33.391 517.654,32.338 C518.197,30.938 518.846,29.942 519.894,28.894 C520.942,27.846 521.94,27.196 523.338,26.654 C524.393,26.244 525.979,25.756 528.898,25.623 C532.057,25.479 533.004,25.448 541,25.448 C548.997,25.448 549.943,25.479 553.102,25.623 C556.021,25.756 557.607,26.244 558.662,26.654 C560.06,27.196 561.058,27.846 562.106,28.894 C563.154,29.942 563.803,30.938 564.346,32.338 C564.756,33.391 565.244,34.978 565.378,37.899 C565.522,41.056 565.552,42.003 565.552,50 C565.552,57.996 565.522,58.943 565.378,62.101 M570.82,37.631 C570.674,34.438 570.167,32.258 569.425,30.349 C568.659,28.377 567.633,26.702 565.965,25.035 C564.297,23.368 562.623,22.342 560.652,21.575 C558.743,20.834 556.562,20.326 553.369,20.18 C550.169,20.033 549.148,20 541,20 C532.853,20 531.831,20.033 528.631,20.18 C525.438,20.326 523.257,20.834 521.349,21.575 C519.376,22.342 517.703,23.368 516.035,25.035 C514.368,26.702 513.342,28.377 512.574,30.349 C511.834,32.258 511.326,34.438 511.181,37.631 C511.035,40.831 511,41.851 511,50 C511,58.147 511.035,59.17 511.181,62.369 C511.326,65.562 511.834,67.743 512.574,69.651 C513.342,71.625 514.368,73.296 516.035,74.965 C517.703,76.634 519.376,77.658 521.349,78.425 C523.257,79.167 525.438,79.673 528.631,79.82 C531.831,79.965 532.853,80.001 541,80.001 C549.148,80.001 550.169,79.965 553.369,79.82 C556.562,79.673 558.743,79.167 560.652,78.425 C562.623,77.658 564.297,76.634 565.965,74.965 C567.633,73.296 568.659,71.625 569.425,69.651 C570.167,67.743 570.674,65.562 570.82,62.369 C570.966,59.17 571,58.147 571,50 C571,41.851 570.966,40.831 570.82,37.631\"><\/path><\/g><\/g><\/g><\/svg><\/div><div style=\"padding-top: 8px;\"> <div style=\" color:#3897f0; font-family:Arial,sans-serif; font-size:14px; font-style:normal; font-weight:550; line-height:18px;\">Ver essa foto no Instagram<\/div><\/div><div style=\"padding: 12.5% 0;\"><\/div> <div style=\"display: flex; flex-direction: row; margin-bottom: 14px; align-items: center;\"><div> <div style=\"background-color: #F4F4F4; border-radius: 50%; height: 12.5px; width: 12.5px; transform: translateX(0px) translateY(7px);\"><\/div> <div style=\"background-color: #F4F4F4; height: 12.5px; transform: rotate(-45deg) translateX(3px) translateY(1px); width: 12.5px; flex-grow: 0; margin-right: 14px; margin-left: 2px;\"><\/div> <div style=\"background-color: #F4F4F4; border-radius: 50%; height: 12.5px; width: 12.5px; transform: translateX(9px) translateY(-18px);\"><\/div><\/div><div style=\"margin-left: 8px;\"> <div style=\" background-color: #F4F4F4; border-radius: 50%; flex-grow: 0; height: 20px; width: 20px;\"><\/div> <div style=\" width: 0; height: 0; border-top: 2px solid transparent; border-left: 6px solid #f4f4f4; border-bottom: 2px solid transparent; transform: translateX(16px) translateY(-4px) rotate(30deg)\"><\/div><\/div><div style=\"margin-left: auto;\"> <div style=\" width: 0px; border-top: 8px solid #F4F4F4; border-right: 8px solid transparent; transform: translateY(16px);\"><\/div> <div style=\" background-color: #F4F4F4; flex-grow: 0; height: 12px; width: 16px; transform: translateY(-4px);\"><\/div> <div style=\" width: 0; height: 0; border-top: 8px solid #F4F4F4; border-left: 8px solid transparent; transform: translateY(-4px) translateX(8px);\"><\/div><\/div><\/div> <div style=\"display: flex; flex-direction: column; flex-grow: 1; justify-content: center; margin-bottom: 24px;\"> <div style=\" background-color: #F4F4F4; border-radius: 4px; flex-grow: 0; height: 14px; margin-bottom: 6px; width: 224px;\"><\/div> <div style=\" background-color: #F4F4F4; border-radius: 4px; flex-grow: 0; height: 14px; width: 144px;\"><\/div><\/div><\/a><p style=\" color:#c9c8cd; font-family:Arial,sans-serif; font-size:14px; line-height:17px; margin-bottom:0; margin-top:8px; overflow:hidden; padding:8px 0 7px; text-align:center; text-overflow:ellipsis; white-space:nowrap;\"><a href=\"https:\/\/www.instagram.com\/reel\/Cri12w8rqx3\/?utm_source=ig_embed&amp;utm_campaign=loading\" style=\" color:#c9c8cd; font-family:Arial,sans-serif; font-size:14px; font-style:normal; font-weight:normal; line-height:17px; text-decoration:none;\" target=\"_blank\">Uma publica\u00e7\u00e3o compartilhada por Victor Horta na Varanda (@victor_horta_na_varanda)<\/a><\/p><\/div><\/blockquote>\n<script async src=\"\/\/www.instagram.com\/embed.js\"><\/script>\n\n\n\n<h2 class=\"wp-block-heading\">O consumo de graviola tem propriedades anti-inflamat\u00f3rias?<\/h2>\n\n\n\n<p>Sim. Os compostos fen\u00f3licos da graviola s\u00e3o potentes <strong>anti-inflamat\u00f3rios<\/strong>. Eles ajudam a acalmar a inflama\u00e7\u00e3o sist\u00eamica de baixo grau, que, se n\u00e3o controlada, pode danificar os tecidos e as art\u00e9rias.<\/p>\n\n\n\n<p>Reduzir a inflama\u00e7\u00e3o \u00e9 a chave para a longevidade hep\u00e1tica, pois a inflama\u00e7\u00e3o cr\u00f4nica \u00e9 o que faz a gordura no f\u00edgado (DHGNA) progredir para cicatrizes (fibrose).<\/p>\n\n\n\n<p>Leia tamb\u00e9m: <a href=\"https:\/\/www.correiobraziliense.com.br\/cbradar\/sintomas-de-que-seu-corpo-nao-esta-absorvendo-bem-as-vitaminas\" target=\"_blank\" rel=\"noreferrer noopener\">Sintomas de que seu corpo n\u00e3o est\u00e1 absorvendo bem as vitaminas<\/a><\/p>\n\n\n\n<h2 class=\"wp-block-heading\">Quais s\u00e3o os riscos e cuidados no consumo?<\/h2>\n\n\n\n<p>A Graviola exige cautela. Embora seja uma fruta, o consumo excessivo (especialmente de sementes e extratos concentrados) tem sido associado \u00e0 <strong>neurotoxicidade<\/strong> em alguns estudos.<\/p>\n\n\n\n<p><a href=\"https:\/\/www.who.int\/health-topics\/traditional-complementary-and-integrative-medicine\" target=\"_blank\" rel=\"noreferrer noopener\">A Organiza\u00e7\u00e3o Mundial da Sa\u00fade (<strong>OMS<\/strong>)<\/a> alerta para o uso seguro de fitoter\u00e1picos. Pessoas com doen\u00e7as neurol\u00f3gicas (como Parkinson) ou gr\u00e1vidas devem evitar a ingest\u00e3o em doses altas.<\/p>\n\n\n\n<h2 class=\"wp-block-heading\">Quais s\u00e3o as melhores formas de consumo?<\/h2>\n\n\n\n<p>Para colher os benef\u00edcios, o ideal \u00e9 focar na polpa da fruta (crua), que \u00e9 rica em fibras e vitaminas. Evitar extratos concentrados da semente ou folha (que concentram alcaloides) \u00e9 a forma mais segura.<\/p>\n\n\n\n<p>Para incluir a fruta na dieta de forma saborosa e eficaz, o foco \u00e9 a polpa:<\/p>\n\n\n\n<ul class=\"wp-block-list\">\n<li><strong>Suco natural:<\/strong> Preparado em casa com a polpa (sem adi\u00e7\u00e3o de a\u00e7\u00facar).<\/li>\n\n\n\n<li><strong>Polpa congelada:<\/strong> Usada em vitaminas (smoothies) ou misturada com iogurte.<\/li>\n\n\n\n<li><strong>In natura:<\/strong> Consumida fresca como sobremesa ou lanche.<\/li>\n\n\n\n<li><strong>Evitar:<\/strong> Ch\u00e1s de folhas ou sementes, que concentram alcaloides e podem ser neurot\u00f3xicos.<\/li>\n<\/ul>\n","protected":false},"excerpt":{"rendered":"<p>A graviola (Annona muricata) \u00e9 uma fruta tropical com sabor \u00e1cido e doce, muitas vezes negligenciada na dieta. Ela \u00e9 rica em compostos bioativos que atuam como antioxidantes potentes, sendo estudada por seu potencial em apoiar as vias naturais de desintoxica\u00e7\u00e3o e prote\u00e7\u00e3o das c\u00e9lulas hep\u00e1ticas. O escudo tropical que ajuda seu corpo a se [&hellip;]<\/p>\n","protected":false},"author":11,"featured_media":144841,"comment_status":"open","ping_status":"open","sticky":false,"template":"","format":"standard","meta":{"_yoast_wpseo_focuskw":"fruta f\u00edgado","_yoast_wpseo_title":"","_yoast_wpseo_metadesc":"Uma fruta pouco conhecida pode favorecer a sa\u00fade do f\u00edgado de forma natural oferecendo apoio leve ao equil\u00edbrio e vitalidade do organismo","jnews-multi-image_gallery":[],"jnews_single_post":{"format":"standard"},"jnews_primary_category":[],"jnews_social_meta":[],"jnews_override_counter":[],"footnotes":""},"categories":[119],"tags":[4167,615,1318],"class_list":["post-144172","post","type-post","status-publish","format-standard","has-post-thumbnail","hentry","category-bem-estar","tag-figado","tag-fruta","tag-saude-2"],"yoast_head":"<!-- This site is optimized with the Yoast SEO plugin v24.6 - https:\/\/yoast.com\/wordpress\/plugins\/seo\/ -->\n<title>Fruta desconhecida que ajuda na sa\u00fade do f\u00edgado de forma natural - Correio Braziliense - Radar<\/title>\n<meta name=\"description\" content=\"Uma fruta pouco conhecida pode favorecer a sa\u00fade do f\u00edgado de forma natural oferecendo apoio leve ao equil\u00edbrio e vitalidade do organismo\" \/>\n<meta name=\"robots\" content=\"index, follow, max-snippet:-1, max-image-preview:large, max-video-preview:-1\" \/>\n<link rel=\"canonical\" href=\"https:\/\/www.correiobraziliense.com.br\/cbradar\/fruta-desconhecida-que-ajuda-na-saude-do-figado-de-forma-natural\/\" \/>\n<meta property=\"og:locale\" content=\"pt_BR\" \/>\n<meta property=\"og:type\" content=\"article\" \/>\n<meta property=\"og:title\" content=\"Fruta desconhecida que ajuda na sa\u00fade do f\u00edgado de forma natural - Correio Braziliense - Radar\" \/>\n<meta property=\"og:description\" content=\"Uma fruta pouco conhecida pode favorecer a sa\u00fade do f\u00edgado de forma natural oferecendo apoio leve ao equil\u00edbrio e vitalidade do organismo\" \/>\n<meta property=\"og:url\" content=\"https:\/\/www.correiobraziliense.com.br\/cbradar\/fruta-desconhecida-que-ajuda-na-saude-do-figado-de-forma-natural\/\" \/>\n<meta property=\"og:site_name\" content=\"Correio Braziliense - Radar\" \/>\n<meta property=\"article:published_time\" content=\"2025-11-27T01:55:00+00:00\" \/>\n<meta property=\"og:image\" content=\"https:\/\/www.correiobraziliense.com.br\/cbradar\/wp-content\/uploads\/2025\/11\/freepik__faa-uma-imagem-realista-da-graviola-em-cima-de-uma__38103.jpeg\" \/>\n\t<meta property=\"og:image:width\" content=\"1280\" \/>\n\t<meta property=\"og:image:height\" content=\"720\" \/>\n\t<meta property=\"og:image:type\" content=\"image\/jpeg\" \/>\n<meta name=\"author\" content=\"Paulo Custodio\" \/>\n<meta name=\"twitter:card\" content=\"summary_large_image\" \/>\n<meta name=\"twitter:label1\" content=\"Escrito por\" \/>\n\t<meta name=\"twitter:data1\" content=\"Paulo Custodio\" \/>\n\t<meta name=\"twitter:label2\" content=\"Est. tempo de leitura\" \/>\n\t<meta name=\"twitter:data2\" content=\"4 minutos\" \/>\n<!-- \/ Yoast SEO plugin. -->","yoast_head_json":{"title":"Fruta desconhecida que ajuda na sa\u00fade do f\u00edgado de forma natural - Correio Braziliense - Radar","description":"Uma fruta pouco conhecida pode favorecer a sa\u00fade do f\u00edgado de forma natural oferecendo apoio leve ao equil\u00edbrio e vitalidade do organismo","robots":{"index":"index","follow":"follow","max-snippet":"max-snippet:-1","max-image-preview":"max-image-preview:large","max-video-preview":"max-video-preview:-1"},"canonical":"https:\/\/www.correiobraziliense.com.br\/cbradar\/fruta-desconhecida-que-ajuda-na-saude-do-figado-de-forma-natural\/","og_locale":"pt_BR","og_type":"article","og_title":"Fruta desconhecida que ajuda na sa\u00fade do f\u00edgado de forma natural - Correio Braziliense - Radar","og_description":"Uma fruta pouco conhecida pode favorecer a sa\u00fade do f\u00edgado de forma natural oferecendo apoio leve ao equil\u00edbrio e vitalidade do organismo","og_url":"https:\/\/www.correiobraziliense.com.br\/cbradar\/fruta-desconhecida-que-ajuda-na-saude-do-figado-de-forma-natural\/","og_site_name":"Correio Braziliense - Radar","article_published_time":"2025-11-27T01:55:00+00:00","og_image":[{"width":1280,"height":720,"url":"https:\/\/www.correiobraziliense.com.br\/cbradar\/wp-content\/uploads\/2025\/11\/freepik__faa-uma-imagem-realista-da-graviola-em-cima-de-uma__38103.jpeg","type":"image\/jpeg"}],"author":"Paulo Custodio","twitter_card":"summary_large_image","twitter_misc":{"Escrito por":"Paulo Custodio","Est. tempo de leitura":"4 minutos"},"schema":{"@context":"https:\/\/schema.org","@graph":[{"@type":"WebPage","@id":"https:\/\/www.correiobraziliense.com.br\/cbradar\/fruta-desconhecida-que-ajuda-na-saude-do-figado-de-forma-natural\/","url":"https:\/\/www.correiobraziliense.com.br\/cbradar\/fruta-desconhecida-que-ajuda-na-saude-do-figado-de-forma-natural\/","name":"Fruta desconhecida que ajuda na sa\u00fade do f\u00edgado de forma natural - Correio Braziliense - Radar","isPartOf":{"@id":"https:\/\/www.correiobraziliense.com.br\/cbradar\/#website"},"primaryImageOfPage":{"@id":"https:\/\/www.correiobraziliense.com.br\/cbradar\/fruta-desconhecida-que-ajuda-na-saude-do-figado-de-forma-natural\/#primaryimage"},"image":{"@id":"https:\/\/www.correiobraziliense.com.br\/cbradar\/fruta-desconhecida-que-ajuda-na-saude-do-figado-de-forma-natural\/#primaryimage"},"thumbnailUrl":"https:\/\/www.correiobraziliense.com.br\/cbradar\/wp-content\/uploads\/2025\/11\/freepik__faa-uma-imagem-realista-da-graviola-em-cima-de-uma__38103.jpeg","datePublished":"2025-11-27T01:55:00+00:00","author":{"@id":"https:\/\/www.correiobraziliense.com.br\/cbradar\/#\/schema\/person\/4cec7857301a9a1a2ef249893cd908d3"},"description":"Uma fruta pouco conhecida pode favorecer a sa\u00fade do f\u00edgado de forma natural oferecendo apoio leve ao equil\u00edbrio e vitalidade do organismo","breadcrumb":{"@id":"https:\/\/www.correiobraziliense.com.br\/cbradar\/fruta-desconhecida-que-ajuda-na-saude-do-figado-de-forma-natural\/#breadcrumb"},"inLanguage":"pt-BR","potentialAction":[{"@type":"ReadAction","target":["https:\/\/www.correiobraziliense.com.br\/cbradar\/fruta-desconhecida-que-ajuda-na-saude-do-figado-de-forma-natural\/"]}]},{"@type":"ImageObject","inLanguage":"pt-BR","@id":"https:\/\/www.correiobraziliense.com.br\/cbradar\/fruta-desconhecida-que-ajuda-na-saude-do-figado-de-forma-natural\/#primaryimage","url":"https:\/\/www.correiobraziliense.com.br\/cbradar\/wp-content\/uploads\/2025\/11\/freepik__faa-uma-imagem-realista-da-graviola-em-cima-de-uma__38103.jpeg","contentUrl":"https:\/\/www.correiobraziliense.com.br\/cbradar\/wp-content\/uploads\/2025\/11\/freepik__faa-uma-imagem-realista-da-graviola-em-cima-de-uma__38103.jpeg","width":1280,"height":720,"caption":"Riqueza de compostos antioxidantes que ajudam a proteger as c\u00e9lulas do f\u00edgado"},{"@type":"BreadcrumbList","@id":"https:\/\/www.correiobraziliense.com.br\/cbradar\/fruta-desconhecida-que-ajuda-na-saude-do-figado-de-forma-natural\/#breadcrumb","itemListElement":[{"@type":"ListItem","position":1,"name":"In\u00edcio","item":"https:\/\/www.correiobraziliense.com.br\/cbradar\/"},{"@type":"ListItem","position":2,"name":"Fruta desconhecida que ajuda na sa\u00fade do f\u00edgado de forma natural"}]},{"@type":"WebSite","@id":"https:\/\/www.correiobraziliense.com.br\/cbradar\/#website","url":"https:\/\/www.correiobraziliense.com.br\/cbradar\/","name":"Correio Braziliense - Radar","description":"Acompanhe as \u00faltimas not\u00edcias e fique bem informado sobre tudo o que acontece no Brasil e no mundo.","potentialAction":[{"@type":"SearchAction","target":{"@type":"EntryPoint","urlTemplate":"https:\/\/www.correiobraziliense.com.br\/cbradar\/?s={search_term_string}"},"query-input":{"@type":"PropertyValueSpecification","valueRequired":true,"valueName":"search_term_string"}}],"inLanguage":"pt-BR"},{"@type":"Person","@id":"https:\/\/www.correiobraziliense.com.br\/cbradar\/#\/schema\/person\/4cec7857301a9a1a2ef249893cd908d3","name":"Paulo Custodio","image":{"@type":"ImageObject","inLanguage":"pt-BR","@id":"https:\/\/www.correiobraziliense.com.br\/cbradar\/#\/schema\/person\/image\/","url":"https:\/\/secure.gravatar.com\/avatar\/bcd67168d1534e8fcf4f45c726a87cea?s=96&d=mm&r=g","contentUrl":"https:\/\/secure.gravatar.com\/avatar\/bcd67168d1534e8fcf4f45c726a87cea?s=96&d=mm&r=g","caption":"Paulo Custodio"},"sameAs":["https:\/\/www.correiobraziliense.com.br\/cbradar"],"url":"https:\/\/www.correiobraziliense.com.br\/cbradar\/author\/paulomyth\/"}]}},"_links":{"self":[{"href":"https:\/\/www.correiobraziliense.com.br\/cbradar\/wp-json\/wp\/v2\/posts\/144172","targetHints":{"allow":["GET"]}}],"collection":[{"href":"https:\/\/www.correiobraziliense.com.br\/cbradar\/wp-json\/wp\/v2\/posts"}],"about":[{"href":"https:\/\/www.correiobraziliense.com.br\/cbradar\/wp-json\/wp\/v2\/types\/post"}],"author":[{"embeddable":true,"href":"https:\/\/www.correiobraziliense.com.br\/cbradar\/wp-json\/wp\/v2\/users\/11"}],"replies":[{"embeddable":true,"href":"https:\/\/www.correiobraziliense.com.br\/cbradar\/wp-json\/wp\/v2\/comments?post=144172"}],"version-history":[{"count":1,"href":"https:\/\/www.correiobraziliense.com.br\/cbradar\/wp-json\/wp\/v2\/posts\/144172\/revisions"}],"predecessor-version":[{"id":144174,"href":"https:\/\/www.correiobraziliense.com.br\/cbradar\/wp-json\/wp\/v2\/posts\/144172\/revisions\/144174"}],"wp:featuredmedia":[{"embeddable":true,"href":"https:\/\/www.correiobraziliense.com.br\/cbradar\/wp-json\/wp\/v2\/media\/144841"}],"wp:attachment":[{"href":"https:\/\/www.correiobraziliense.com.br\/cbradar\/wp-json\/wp\/v2\/media?parent=144172"}],"wp:term":[{"taxonomy":"category","embeddable":true,"href":"https:\/\/www.correiobraziliense.com.br\/cbradar\/wp-json\/wp\/v2\/categories?post=144172"},{"taxonomy":"post_tag","embeddable":true,"href":"https:\/\/www.correiobraziliense.com.br\/cbradar\/wp-json\/wp\/v2\/tags?post=144172"}],"curies":[{"name":"wp","href":"https:\/\/api.w.org\/{rel}","templated":true}]}}