{"id":144182,"date":"2025-11-27T06:45:00","date_gmt":"2025-11-27T09:45:00","guid":{"rendered":"https:\/\/www.correiobraziliense.com.br\/cbradar\/?p=144182"},"modified":"2025-11-26T13:07:08","modified_gmt":"2025-11-26T16:07:08","slug":"o-nome-que-foi-proibido-por-lei-e-nao-pode-ser-usado","status":"publish","type":"post","link":"https:\/\/www.correiobraziliense.com.br\/cbradar\/o-nome-que-foi-proibido-por-lei-e-nao-pode-ser-usado\/","title":{"rendered":"O nome que foi proibido por lei e n\u00e3o pode ser usado"},"content":{"rendered":"\n<p>Recentemente, um caso ocorrido na <strong>Fran\u00e7a<\/strong> reacendeu o debate sobre a liberdade dos pais ao escolherem os nomes de seus filhos, ap\u00f3s um tribunal franc\u00eas impedir que um casal nomeasse a crian\u00e7a de <strong>Nutella<\/strong>. A decis\u00e3o justificou que tal nome poderia provocar <strong>zombarias e interpreta\u00e7\u00f5es negativas<\/strong>, destacando um dilema frequente no equil\u00edbrio entre o interesse da crian\u00e7a e a autonomia familiar.<\/p>\n\n\n\n<h2 class=\"wp-block-heading\">Por que a quest\u00e3o dos nomes pr\u00f3prios \u00e9 importante na sociedade?<\/h2>\n\n\n\n<p>O <strong>nome<\/strong> de uma pessoa \u00e9 um elemento central para sua <strong>identidade cultural e social<\/strong>. Muitas vezes, ele representa a primeira impress\u00e3o que algu\u00e9m pode transmitir, al\u00e9m de carregar <strong>tradi\u00e7\u00f5es familiares<\/strong> ou significados particulares importantes.<\/p>\n\n\n\n<p>Portanto, a <strong>escolha do nome<\/strong> influencia diretamente a experi\u00eancia social da crian\u00e7a e pode impactar \u00e1reas como sua <strong>autoconfian\u00e7a<\/strong> e integra\u00e7\u00e3o em grupos sociais.<\/p>\n\n\n\n<figure class=\"wp-block-image size-large\"><img decoding=\"async\" width=\"1024\" height=\"576\" src=\"https:\/\/www.correiobraziliense.com.br\/cbradar\/wp-content\/uploads\/2025\/11\/Nome-de-Pessoa-Proibido-por-Lei-1280x720-1-1024x576.png\" alt=\"O nome que foi proibido por lei e n\u00e3o pode ser usado\" class=\"wp-image-144184\" srcset=\"https:\/\/www.correiobraziliense.com.br\/cbradar\/wp-content\/uploads\/2025\/11\/Nome-de-Pessoa-Proibido-por-Lei-1280x720-1-1024x576.png 1024w, https:\/\/www.correiobraziliense.com.br\/cbradar\/wp-content\/uploads\/2025\/11\/Nome-de-Pessoa-Proibido-por-Lei-1280x720-1-300x169.png 300w, https:\/\/www.correiobraziliense.com.br\/cbradar\/wp-content\/uploads\/2025\/11\/Nome-de-Pessoa-Proibido-por-Lei-1280x720-1-768x432.png 768w, https:\/\/www.correiobraziliense.com.br\/cbradar\/wp-content\/uploads\/2025\/11\/Nome-de-Pessoa-Proibido-por-Lei-1280x720-1-750x422.png 750w, https:\/\/www.correiobraziliense.com.br\/cbradar\/wp-content\/uploads\/2025\/11\/Nome-de-Pessoa-Proibido-por-Lei-1280x720-1-1140x641.png 1140w, https:\/\/www.correiobraziliense.com.br\/cbradar\/wp-content\/uploads\/2025\/11\/Nome-de-Pessoa-Proibido-por-Lei-1280x720-1.png 1280w\" sizes=\"(max-width: 1024px) 100vw, 1024px\" \/><figcaption class=\"wp-element-caption\">Justi\u00e7a considerou que nome Nutella violaria direitos da crian\u00e7a, com poss\u00edvel repercuss\u00e3o negativa socialmente.<\/figcaption><\/figure>\n\n\n\n<h2 class=\"wp-block-heading\">O que acontece com crian\u00e7as que recebem nomes considerados inadequados?<\/h2>\n\n\n\n<p>Quando uma crian\u00e7a recebe um <strong>nome inusitado<\/strong> ou com poss\u00edveis <strong>conota\u00e7\u00f5es negativas<\/strong>, isso pode resultar em situa\u00e7\u00f5es de constrangimento, exclus\u00e3o ou <strong>bullying<\/strong>. Essa exposi\u00e7\u00e3o pode afetar o <strong>desenvolvimento da autoestima<\/strong> e a conviv\u00eancia social.<\/p>\n\n\n\n<p>Em muitos casos, as repercuss\u00f5es v\u00e3o al\u00e9m do ambiente escolar, podendo perdurar na vida adulta e dificultar o ingresso no <strong>mercado de trabalho<\/strong> ou outras esferas sociais.<\/p>\n\n\n\n<h2 class=\"wp-block-heading\">Como ocorre a regulamenta\u00e7\u00e3o dos nomes de crian\u00e7as em diferentes pa\u00edses?<\/h2>\n\n\n\n<p>A maneira como os pa\u00edses <strong>regulam a escolha dos nomes<\/strong> \u00e9 bastante variada. Na <strong>Isl\u00e2ndia<\/strong>, existe uma <strong>lista oficial de nomes aprovados<\/strong>, e qualquer exce\u00e7\u00e3o precisa passar por um comit\u00ea espec\u00edfico. J\u00e1 na <strong>Alemanha<\/strong>, nomes que possam prejudicar ou ridicularizar a crian\u00e7a s\u00e3o vetados pelo cart\u00f3rio.<\/p>\n\n\n\n<p>Para contextualizar essa diversidade, veja como alguns pa\u00edses lidam com o tema:<\/p>\n\n\n\n<ul class=\"wp-block-list\">\n<li><strong>Isl\u00e2ndia:<\/strong> Lista restrita de nomes permitidos, aprova\u00e7\u00e3o caso a caso fora da lista.<\/li>\n\n\n\n<li><strong>Alemanha:<\/strong> Proibi\u00e7\u00e3o de nomes ofensivos ou que causem constrangimento.<\/li>\n\n\n\n<li><strong>Estados Unidos:<\/strong> Liberdade quase total, exceto para nomes obscenos ou simbolizando n\u00fameros.<\/li>\n<\/ul>\n\n\n\n<p>O perfil @fatosdesconhecidos trouxe alguns nomes que s\u00e3o proibidos em outros pa\u00edses:<\/p>\n\n\n\n<blockquote class=\"tiktok-embed\" cite=\"https:\/\/www.tiktok.com\/@fatosdesconhecidos\/video\/7467309313133006085\" data-video-id=\"7467309313133006085\" style=\"max-width: 605px;min-width: 325px;\" > <section> <a target=\"_blank\" title=\"@fatosdesconhecidos\" href=\"https:\/\/www.tiktok.com\/@fatosdesconhecidos?refer=embed\">@fatosdesconhecidos<\/a> Nomes proibidos em outros pa\u00edses! <a title=\"fatosdesconhecidos\" target=\"_blank\" href=\"https:\/\/www.tiktok.com\/tag\/fatosdesconhecidos?refer=embed\">#fatosdesconhecidos<\/a> <a title=\"curiosidades\" target=\"_blank\" href=\"https:\/\/www.tiktok.com\/tag\/curiosidades?refer=embed\">#curiosidades<\/a> <a title=\"nomes\" target=\"_blank\" href=\"https:\/\/www.tiktok.com\/tag\/nomes?refer=embed\">#nomes<\/a> <a title=\"paises\" target=\"_blank\" href=\"https:\/\/www.tiktok.com\/tag\/paises?refer=embed\">#paises<\/a> <a target=\"_blank\" title=\"\u266c som original - Fatos Desconhecidos\" href=\"https:\/\/www.tiktok.com\/music\/som-original-7467309345983679238?refer=embed\">\u266c som original &#8211; Fatos Desconhecidos<\/a> <\/section> <\/blockquote> <script async src=\"https:\/\/www.tiktok.com\/embed.js\"><\/script>\n\n\n\n<h2 class=\"wp-block-heading\">Deve haver limites legais para os nomes dados a crian\u00e7as?<\/h2>\n\n\n\n<p>A discuss\u00e3o sobre a necessidade de <strong>limites legais na escolha dos nomes<\/strong> envolve opini\u00f5es divergentes. Algumas pessoas defendem o <strong>controle estatal<\/strong> para evitar nomes potencialmente prejudiciais, enquanto outras preferem preservar a <strong>liberdade dos pais<\/strong>.<\/p>\n\n\n\n<p>\u00c9 fundamental ponderar entre a <strong>autonomia familiar<\/strong> e a <strong>prote\u00e7\u00e3o dos direitos da crian\u00e7a<\/strong>, visando sempre minimizar riscos de constrangimentos e garantir o <strong>bem-estar do menor<\/strong>.<\/p>\n\n\n\n<p>Embora a imposi\u00e7\u00e3o de restri\u00e7\u00f5es \u00e0 escolha de nomes possa ser vista como uma <strong>interfer\u00eancia na privacidade<\/strong> dos pais, o foco no <strong>melhor interesse da crian\u00e7a<\/strong> justifica o debate sobre regula\u00e7\u00f5es mais claras, especialmente diante das consequ\u00eancias negativas que certos nomes podem trazer.<\/p>\n","protected":false},"excerpt":{"rendered":"<p>\u00c9 comum que muitos pais queiram dar nomes exclusivos para seus filhos, mas em alguns casos isso pode extrapolar a legisla\u00e7\u00e3o.<\/p>\n","protected":false},"author":3,"featured_media":145429,"comment_status":"open","ping_status":"open","sticky":false,"template":"","format":"standard","meta":{"_yoast_wpseo_focuskw":"nome proibido por lei","_yoast_wpseo_title":"%%title%%","_yoast_wpseo_metadesc":"\u00c9 comum que muitos pais queiram dar nomes exclusivos para seus filhos, mas em alguns casos isso pode extrapolar a legisla\u00e7\u00e3o.","jnews-multi-image_gallery":[],"jnews_single_post":{"format":"standard"},"jnews_primary_category":[],"jnews_social_meta":[],"jnews_override_counter":[],"footnotes":""},"categories":[112],"post_tag":[4377,144,5202,11783,11119],"class_list":["post-144182","post","type-post","status-publish","format-standard","has-post-thumbnail","hentry","category-curiosidades","tag-criancas","tag-curiosidades","tag-nomes","tag-nomes-de-bebes","tag-nomes-de-meninos"],"yoast_head":"<!-- This site is optimized with the Yoast SEO plugin v24.6 - https:\/\/yoast.com\/wordpress\/plugins\/seo\/ -->\n<title>O nome que foi proibido por lei e n\u00e3o pode ser usado<\/title>\n<meta name=\"description\" content=\"\u00c9 comum que muitos pais queiram dar nomes exclusivos para seus filhos, mas em alguns casos isso pode extrapolar a legisla\u00e7\u00e3o.\" \/>\n<meta name=\"robots\" content=\"index, follow, max-snippet:-1, max-image-preview:large, max-video-preview:-1\" \/>\n<link rel=\"canonical\" href=\"https:\/\/www.correiobraziliense.com.br\/cbradar\/o-nome-que-foi-proibido-por-lei-e-nao-pode-ser-usado\/\" \/>\n<meta property=\"og:locale\" content=\"pt_BR\" \/>\n<meta property=\"og:type\" content=\"article\" \/>\n<meta property=\"og:title\" content=\"O nome que foi proibido por lei e n\u00e3o pode ser usado\" \/>\n<meta property=\"og:description\" content=\"\u00c9 comum que muitos pais queiram dar nomes exclusivos para seus filhos, mas em alguns casos isso pode extrapolar a legisla\u00e7\u00e3o.\" \/>\n<meta property=\"og:url\" content=\"https:\/\/www.correiobraziliense.com.br\/cbradar\/o-nome-que-foi-proibido-por-lei-e-nao-pode-ser-usado\/\" \/>\n<meta property=\"og:site_name\" content=\"Correio Braziliense - Radar\" \/>\n<meta property=\"article:published_time\" content=\"2025-11-27T09:45:00+00:00\" \/>\n<meta property=\"og:image\" content=\"https:\/\/www.correiobraziliense.com.br\/cbradar\/wp-content\/uploads\/2025\/11\/freepik__faa-uma-imagem-focada-em-um-papel-em-cima-da-mesa-__75459.jpeg\" \/>\n\t<meta property=\"og:image:width\" content=\"1280\" \/>\n\t<meta property=\"og:image:height\" content=\"720\" \/>\n\t<meta property=\"og:image:type\" content=\"image\/jpeg\" \/>\n<meta name=\"author\" content=\"Larissa Carvalho\" \/>\n<meta name=\"twitter:card\" content=\"summary_large_image\" \/>\n<meta name=\"twitter:label1\" content=\"Escrito por\" \/>\n\t<meta name=\"twitter:data1\" content=\"Larissa Carvalho\" \/>\n\t<meta name=\"twitter:label2\" content=\"Est. tempo de leitura\" \/>\n\t<meta name=\"twitter:data2\" content=\"3 minutos\" \/>\n<!-- \/ Yoast SEO plugin. -->","yoast_head_json":{"title":"O nome que foi proibido por lei e n\u00e3o pode ser usado","description":"\u00c9 comum que muitos pais queiram dar nomes exclusivos para seus filhos, mas em alguns casos isso pode extrapolar a legisla\u00e7\u00e3o.","robots":{"index":"index","follow":"follow","max-snippet":"max-snippet:-1","max-image-preview":"max-image-preview:large","max-video-preview":"max-video-preview:-1"},"canonical":"https:\/\/www.correiobraziliense.com.br\/cbradar\/o-nome-que-foi-proibido-por-lei-e-nao-pode-ser-usado\/","og_locale":"pt_BR","og_type":"article","og_title":"O nome que foi proibido por lei e n\u00e3o pode ser usado","og_description":"\u00c9 comum que muitos pais queiram dar nomes exclusivos para seus filhos, mas em alguns casos isso pode extrapolar a legisla\u00e7\u00e3o.","og_url":"https:\/\/www.correiobraziliense.com.br\/cbradar\/o-nome-que-foi-proibido-por-lei-e-nao-pode-ser-usado\/","og_site_name":"Correio Braziliense - Radar","article_published_time":"2025-11-27T09:45:00+00:00","og_image":[{"width":1280,"height":720,"url":"https:\/\/www.correiobraziliense.com.br\/cbradar\/wp-content\/uploads\/2025\/11\/freepik__faa-uma-imagem-focada-em-um-papel-em-cima-da-mesa-__75459.jpeg","type":"image\/jpeg"}],"author":"Larissa Carvalho","twitter_card":"summary_large_image","twitter_misc":{"Escrito por":"Larissa Carvalho","Est. tempo de leitura":"3 minutos"},"schema":{"@context":"https:\/\/schema.org","@graph":[{"@type":"WebPage","@id":"https:\/\/www.correiobraziliense.com.br\/cbradar\/o-nome-que-foi-proibido-por-lei-e-nao-pode-ser-usado\/","url":"https:\/\/www.correiobraziliense.com.br\/cbradar\/o-nome-que-foi-proibido-por-lei-e-nao-pode-ser-usado\/","name":"O nome que foi proibido por lei e n\u00e3o pode ser usado","isPartOf":{"@id":"https:\/\/www.correiobraziliense.com.br\/cbradar\/#website"},"primaryImageOfPage":{"@id":"https:\/\/www.correiobraziliense.com.br\/cbradar\/o-nome-que-foi-proibido-por-lei-e-nao-pode-ser-usado\/#primaryimage"},"image":{"@id":"https:\/\/www.correiobraziliense.com.br\/cbradar\/o-nome-que-foi-proibido-por-lei-e-nao-pode-ser-usado\/#primaryimage"},"thumbnailUrl":"https:\/\/www.correiobraziliense.com.br\/cbradar\/wp-content\/uploads\/2025\/11\/freepik__faa-uma-imagem-focada-em-um-papel-em-cima-da-mesa-__75459.jpeg","datePublished":"2025-11-27T09:45:00+00:00","author":{"@id":"https:\/\/www.correiobraziliense.com.br\/cbradar\/#\/schema\/person\/58422787644df994b53a19d3e56c1513"},"description":"\u00c9 comum que muitos pais queiram dar nomes exclusivos para seus filhos, mas em alguns casos isso pode extrapolar a legisla\u00e7\u00e3o.","breadcrumb":{"@id":"https:\/\/www.correiobraziliense.com.br\/cbradar\/o-nome-que-foi-proibido-por-lei-e-nao-pode-ser-usado\/#breadcrumb"},"inLanguage":"pt-BR","potentialAction":[{"@type":"ReadAction","target":["https:\/\/www.correiobraziliense.com.br\/cbradar\/o-nome-que-foi-proibido-por-lei-e-nao-pode-ser-usado\/"]}]},{"@type":"ImageObject","inLanguage":"pt-BR","@id":"https:\/\/www.correiobraziliense.com.br\/cbradar\/o-nome-que-foi-proibido-por-lei-e-nao-pode-ser-usado\/#primaryimage","url":"https:\/\/www.correiobraziliense.com.br\/cbradar\/wp-content\/uploads\/2025\/11\/freepik__faa-uma-imagem-focada-em-um-papel-em-cima-da-mesa-__75459.jpeg","contentUrl":"https:\/\/www.correiobraziliense.com.br\/cbradar\/wp-content\/uploads\/2025\/11\/freepik__faa-uma-imagem-focada-em-um-papel-em-cima-da-mesa-__75459.jpeg","width":1280,"height":720,"caption":"Caso na Fran\u00e7a impediu pais de registrarem filha com este nome"},{"@type":"BreadcrumbList","@id":"https:\/\/www.correiobraziliense.com.br\/cbradar\/o-nome-que-foi-proibido-por-lei-e-nao-pode-ser-usado\/#breadcrumb","itemListElement":[{"@type":"ListItem","position":1,"name":"In\u00edcio","item":"https:\/\/www.correiobraziliense.com.br\/cbradar\/"},{"@type":"ListItem","position":2,"name":"O nome que foi proibido por lei e n\u00e3o pode ser usado"}]},{"@type":"WebSite","@id":"https:\/\/www.correiobraziliense.com.br\/cbradar\/#website","url":"https:\/\/www.correiobraziliense.com.br\/cbradar\/","name":"Correio Braziliense - Radar","description":"Acompanhe as \u00faltimas not\u00edcias e fique bem informado sobre tudo o que acontece no Brasil e no mundo.","potentialAction":[{"@type":"SearchAction","target":{"@type":"EntryPoint","urlTemplate":"https:\/\/www.correiobraziliense.com.br\/cbradar\/?s={search_term_string}"},"query-input":{"@type":"PropertyValueSpecification","valueRequired":true,"valueName":"search_term_string"}}],"inLanguage":"pt-BR"},{"@type":"Person","@id":"https:\/\/www.correiobraziliense.com.br\/cbradar\/#\/schema\/person\/58422787644df994b53a19d3e56c1513","name":"Larissa Carvalho","image":{"@type":"ImageObject","inLanguage":"pt-BR","@id":"https:\/\/www.correiobraziliense.com.br\/cbradar\/#\/schema\/person\/image\/","url":"https:\/\/secure.gravatar.com\/avatar\/fe4f91a0de32b52a838d0d612abdc1aa?s=96&d=mm&r=g","contentUrl":"https:\/\/secure.gravatar.com\/avatar\/fe4f91a0de32b52a838d0d612abdc1aa?s=96&d=mm&r=g","caption":"Larissa Carvalho"},"url":"https:\/\/www.correiobraziliense.com.br\/cbradar\/author\/larissamyth\/"}]}},"_links":{"self":[{"href":"https:\/\/www.correiobraziliense.com.br\/cbradar\/wp-json\/wp\/v2\/posts\/144182","targetHints":{"allow":["GET"]}}],"collection":[{"href":"https:\/\/www.correiobraziliense.com.br\/cbradar\/wp-json\/wp\/v2\/posts"}],"about":[{"href":"https:\/\/www.correiobraziliense.com.br\/cbradar\/wp-json\/wp\/v2\/types\/post"}],"author":[{"embeddable":true,"href":"https:\/\/www.correiobraziliense.com.br\/cbradar\/wp-json\/wp\/v2\/users\/3"}],"replies":[{"embeddable":true,"href":"https:\/\/www.correiobraziliense.com.br\/cbradar\/wp-json\/wp\/v2\/comments?post=144182"}],"version-history":[{"count":2,"href":"https:\/\/www.correiobraziliense.com.br\/cbradar\/wp-json\/wp\/v2\/posts\/144182\/revisions"}],"predecessor-version":[{"id":144185,"href":"https:\/\/www.correiobraziliense.com.br\/cbradar\/wp-json\/wp\/v2\/posts\/144182\/revisions\/144185"}],"wp:featuredmedia":[{"embeddable":true,"href":"https:\/\/www.correiobraziliense.com.br\/cbradar\/wp-json\/wp\/v2\/media\/145429"}],"wp:attachment":[{"href":"https:\/\/www.correiobraziliense.com.br\/cbradar\/wp-json\/wp\/v2\/media?parent=144182"}],"wp:term":[{"taxonomy":"category","embeddable":true,"href":"https:\/\/www.correiobraziliense.com.br\/cbradar\/wp-json\/wp\/v2\/categories?post=144182"},{"taxonomy":"post_tag","embeddable":true,"href":"https:\/\/www.correiobraziliense.com.br\/cbradar\/wp-json\/wp\/v2\/post_tag?post=144182"}],"curies":[{"name":"wp","href":"https:\/\/api.w.org\/{rel}","templated":true}]}}