{"id":14419,"date":"2025-03-21T17:50:00","date_gmt":"2025-03-21T20:50:00","guid":{"rendered":"https:\/\/www.correiobraziliense.com.br\/cbradar\/?p=14419"},"modified":"2025-03-20T17:28:47","modified_gmt":"2025-03-20T20:28:47","slug":"conheca-a-cidade-do-interior-paulista-que-e-chamada-de-italia-brasileira","status":"publish","type":"post","link":"https:\/\/www.correiobraziliense.com.br\/cbradar\/conheca-a-cidade-do-interior-paulista-que-e-chamada-de-italia-brasileira\/","title":{"rendered":"Conhe\u00e7a a cidade do interior paulista que \u00e9 chamada de &#8216;It\u00e1lia brasileira&#8221;"},"content":{"rendered":"\n<p><strong>Serra Negra<\/strong>, localizada a aproximadamente 149 km de <strong>S\u00e3o Paulo<\/strong>, \u00e9 uma cidade que se destaca por suas belezas naturais e clima agrad\u00e1vel. Parte do <strong>Circuito das \u00c1guas Paulista<\/strong>, este destino \u00e9 ideal para quem busca tranquilidade e contato com a natureza. Com uma \u00e1rea de 203,734 km\u00b2, Serra Negra oferece uma variedade de experi\u00eancias, desde turismo rural at\u00e9 aventuras ao ar livre e del\u00edcias gastron\u00f4micas.<\/p>\n\n\n\n<p>As altitudes na regi\u00e3o variam entre 927 e 1.300 metros, proporcionando um cen\u00e1rio perfeito para atividades ao ar livre. Al\u00e9m disso, a cidade \u00e9 famosa por suas fontes de \u00e1gua mineral, conhecidas por suas propriedades terap\u00eauticas. Vamos explorar algumas das atra\u00e7\u00f5es que tornam Serra Negra um local imperd\u00edvel para visitar.<\/p>\n\n\n\n<h2 class=\"wp-block-heading\">Quais s\u00e3o as atra\u00e7\u00f5es imperd\u00edveis em Serra Negra?<\/h2>\n\n\n\n<p>Serra Negra oferece uma gama diversificada de atra\u00e7\u00f5es que agradam a visitantes de todas as idades. Entre os destaques est\u00e3o parques, lagos e monumentos que proporcionam experi\u00eancias memor\u00e1veis.<\/p>\n\n\n\n<ul class=\"wp-block-list\">\n<li><strong>Parque das \u00c1guas:<\/strong>\u00a0Este parque \u00e9 conhecido por suas fontes de \u00e1gua mineral e \u00e9 um local ideal para relaxar em meio \u00e0 natureza. Possui trilhas para caminhada e \u00e1reas de lazer para toda a fam\u00edlia.<\/li>\n\n\n\n<li><strong>Mirante do Cristo:<\/strong>\u00a0Oferece uma vista panor\u00e2mica da cidade e \u00e9 um ponto popular para fotografias. O acesso pode ser feito por telef\u00e9rico, proporcionando uma experi\u00eancia \u00fanica.<\/li>\n\n\n\n<li><strong>Lago dos Macaquinhos:<\/strong>\u00a0Um espa\u00e7o recreativo que inclui uma ilha habitada por macacos, al\u00e9m de op\u00e7\u00f5es de lazer como pedalinhos e \u00e1reas para piquenique.<\/li>\n<\/ul>\n\n\n\n<figure class=\"wp-block-image size-large\"><img decoding=\"async\" width=\"1024\" height=\"576\" src=\"https:\/\/www.correiobraziliense.com.br\/cbradar\/wp-content\/uploads\/2025\/03\/Serra-Negra-1024x576.png\" alt=\"Conhe\u00e7a a cidade do interior paulista que \u00e9 chamada de 'It\u00e1lia brasileira&quot;\" class=\"wp-image-14420\" srcset=\"https:\/\/www.correiobraziliense.com.br\/cbradar\/wp-content\/uploads\/2025\/03\/Serra-Negra-1024x576.png 1024w, https:\/\/www.correiobraziliense.com.br\/cbradar\/wp-content\/uploads\/2025\/03\/Serra-Negra-300x169.png 300w, https:\/\/www.correiobraziliense.com.br\/cbradar\/wp-content\/uploads\/2025\/03\/Serra-Negra-768x432.png 768w, https:\/\/www.correiobraziliense.com.br\/cbradar\/wp-content\/uploads\/2025\/03\/Serra-Negra-750x422.png 750w, https:\/\/www.correiobraziliense.com.br\/cbradar\/wp-content\/uploads\/2025\/03\/Serra-Negra-1140x641.png 1140w, https:\/\/www.correiobraziliense.com.br\/cbradar\/wp-content\/uploads\/2025\/03\/Serra-Negra.png 1280w\" sizes=\"(max-width: 1024px) 100vw, 1024px\" \/><figcaption class=\"wp-element-caption\">Serra Negra. Fonte: Heitor Carvalho Jorge, CC BY 3.0, via Wikimedia Commons<\/figcaption><\/figure>\n\n\n\n<h2 class=\"wp-block-heading\">O que torna a Fontana di Trevi de Serra Negra especial?<\/h2>\n\n\n\n<p>Inaugurada em 2023, a r\u00e9plica da Fontana di Trevi \u00e9 uma das atra\u00e7\u00f5es mais recentes de Serra Negra. Localizada no centro da cidade, perto da pra\u00e7a Jo\u00e3o Zelante, a fonte \u00e9 um espet\u00e1culo visual, especialmente \u00e0 noite, quando \u00e9 iluminada. A seguran\u00e7a no local permite que os visitantes aproveitem a atra\u00e7\u00e3o com tranquilidade.<\/p>\n\n\n\n<h2 class=\"wp-block-heading\">Como chegar a Serra Negra a partir de S\u00e3o Paulo?<\/h2>\n\n\n\n<p>Para chegar a Serra Negra partindo de S\u00e3o Paulo, o trajeto \u00e9 simples. O percurso inclui a BR-381 (Rodovia Fern\u00e3o Dias) at\u00e9 a sa\u00edda 22, seguido pela SPA-021\/010 e vias urbanas de Bragan\u00e7a Paulista. Depois, continua-se pela SP-008 at\u00e9 o trevo do km 94, pela SP-095 e vias urbanas de Amparo, finalizando na SP-360.<\/p>\n\n\n\n<h2 class=\"wp-block-heading\">Qual \u00e9 a melhor \u00e9poca para visitar Serra Negra?<\/h2>\n\n\n\n<p>Serra Negra \u00e9 um destino que pode ser visitado o ano todo, mas \u00e9 especialmente atraente no inverno. Durante essa esta\u00e7\u00e3o, o clima frio acentua a beleza das paisagens montanhosas, tornando os mirantes e as fontes de \u00e1gua mineral ainda mais convidativos para os turistas que buscam tranquilidade e belas vistas.<\/p>\n","protected":false},"excerpt":{"rendered":"<p>Descubra as belezas de um encantador destino tur\u00edstico no Circuito das \u00c1guas Paulista. Conhe\u00e7a suas atra\u00e7\u00f5es.<\/p>\n","protected":false},"author":3,"featured_media":14421,"comment_status":"open","ping_status":"open","sticky":false,"template":"","format":"standard","meta":{"_yoast_wpseo_focuskw":"cidade italia brasileira","_yoast_wpseo_title":"%%title%%","_yoast_wpseo_metadesc":"Descubra as belezas de um encantador destino tur\u00edstico no Circuito das \u00c1guas Paulista. Conhe\u00e7a suas atra\u00e7\u00f5es.","jnews-multi-image_gallery":[],"jnews_single_post":{"format":"standard"},"jnews_primary_category":[],"jnews_social_meta":[],"jnews_override_counter":[],"footnotes":""},"categories":[108],"tags":[109,278],"class_list":["post-14419","post","type-post","status-publish","format-standard","has-post-thumbnail","hentry","category-cidades","tag-cidades","tag-sao-paulo"],"yoast_head":"<!-- This site is optimized with the Yoast SEO plugin v24.6 - https:\/\/yoast.com\/wordpress\/plugins\/seo\/ -->\n<title>Conhe\u00e7a a cidade do interior paulista que \u00e9 chamada de &#039;It\u00e1lia brasileira&quot;<\/title>\n<meta name=\"description\" content=\"Descubra as belezas de um encantador destino tur\u00edstico no Circuito das \u00c1guas Paulista. Conhe\u00e7a suas atra\u00e7\u00f5es.\" \/>\n<meta name=\"robots\" content=\"index, follow, max-snippet:-1, max-image-preview:large, max-video-preview:-1\" \/>\n<link rel=\"canonical\" href=\"https:\/\/www.correiobraziliense.com.br\/cbradar\/conheca-a-cidade-do-interior-paulista-que-e-chamada-de-italia-brasileira\/\" \/>\n<meta property=\"og:locale\" content=\"pt_BR\" \/>\n<meta property=\"og:type\" content=\"article\" \/>\n<meta property=\"og:title\" content=\"Conhe\u00e7a a cidade do interior paulista que \u00e9 chamada de &#039;It\u00e1lia brasileira&quot;\" \/>\n<meta property=\"og:description\" content=\"Descubra as belezas de um encantador destino tur\u00edstico no Circuito das \u00c1guas Paulista. Conhe\u00e7a suas atra\u00e7\u00f5es.\" \/>\n<meta property=\"og:url\" content=\"https:\/\/www.correiobraziliense.com.br\/cbradar\/conheca-a-cidade-do-interior-paulista-que-e-chamada-de-italia-brasileira\/\" \/>\n<meta property=\"og:site_name\" content=\"Correio Braziliense - Radar\" \/>\n<meta property=\"article:published_time\" content=\"2025-03-21T20:50:00+00:00\" \/>\n<meta property=\"og:image\" content=\"https:\/\/www.correiobraziliense.com.br\/cbradar\/wp-content\/uploads\/2025\/03\/Italia_1742500594230.jpg\" \/>\n\t<meta property=\"og:image:width\" content=\"1280\" \/>\n\t<meta property=\"og:image:height\" content=\"720\" \/>\n\t<meta property=\"og:image:type\" content=\"image\/jpeg\" \/>\n<meta name=\"author\" content=\"Larissa Carvalho\" \/>\n<meta name=\"twitter:card\" content=\"summary_large_image\" \/>\n<meta name=\"twitter:label1\" content=\"Escrito por\" \/>\n\t<meta name=\"twitter:data1\" content=\"Larissa Carvalho\" \/>\n\t<meta name=\"twitter:label2\" content=\"Est. tempo de leitura\" \/>\n\t<meta name=\"twitter:data2\" content=\"3 minutos\" \/>\n<!-- \/ Yoast SEO plugin. -->","yoast_head_json":{"title":"Conhe\u00e7a a cidade do interior paulista que \u00e9 chamada de 'It\u00e1lia brasileira\"","description":"Descubra as belezas de um encantador destino tur\u00edstico no Circuito das \u00c1guas Paulista. Conhe\u00e7a suas atra\u00e7\u00f5es.","robots":{"index":"index","follow":"follow","max-snippet":"max-snippet:-1","max-image-preview":"max-image-preview:large","max-video-preview":"max-video-preview:-1"},"canonical":"https:\/\/www.correiobraziliense.com.br\/cbradar\/conheca-a-cidade-do-interior-paulista-que-e-chamada-de-italia-brasileira\/","og_locale":"pt_BR","og_type":"article","og_title":"Conhe\u00e7a a cidade do interior paulista que \u00e9 chamada de 'It\u00e1lia brasileira\"","og_description":"Descubra as belezas de um encantador destino tur\u00edstico no Circuito das \u00c1guas Paulista. Conhe\u00e7a suas atra\u00e7\u00f5es.","og_url":"https:\/\/www.correiobraziliense.com.br\/cbradar\/conheca-a-cidade-do-interior-paulista-que-e-chamada-de-italia-brasileira\/","og_site_name":"Correio Braziliense - Radar","article_published_time":"2025-03-21T20:50:00+00:00","og_image":[{"width":1280,"height":720,"url":"https:\/\/www.correiobraziliense.com.br\/cbradar\/wp-content\/uploads\/2025\/03\/Italia_1742500594230.jpg","type":"image\/jpeg"}],"author":"Larissa Carvalho","twitter_card":"summary_large_image","twitter_misc":{"Escrito por":"Larissa Carvalho","Est. tempo de leitura":"3 minutos"},"schema":{"@context":"https:\/\/schema.org","@graph":[{"@type":"WebPage","@id":"https:\/\/www.correiobraziliense.com.br\/cbradar\/conheca-a-cidade-do-interior-paulista-que-e-chamada-de-italia-brasileira\/","url":"https:\/\/www.correiobraziliense.com.br\/cbradar\/conheca-a-cidade-do-interior-paulista-que-e-chamada-de-italia-brasileira\/","name":"Conhe\u00e7a a cidade do interior paulista que \u00e9 chamada de 'It\u00e1lia brasileira\"","isPartOf":{"@id":"https:\/\/www.correiobraziliense.com.br\/cbradar\/#website"},"primaryImageOfPage":{"@id":"https:\/\/www.correiobraziliense.com.br\/cbradar\/conheca-a-cidade-do-interior-paulista-que-e-chamada-de-italia-brasileira\/#primaryimage"},"image":{"@id":"https:\/\/www.correiobraziliense.com.br\/cbradar\/conheca-a-cidade-do-interior-paulista-que-e-chamada-de-italia-brasileira\/#primaryimage"},"thumbnailUrl":"https:\/\/www.correiobraziliense.com.br\/cbradar\/wp-content\/uploads\/2025\/03\/Italia_1742500594230.jpg","datePublished":"2025-03-21T20:50:00+00:00","author":{"@id":"https:\/\/www.correiobraziliense.com.br\/cbradar\/#\/schema\/person\/58422787644df994b53a19d3e56c1513"},"description":"Descubra as belezas de um encantador destino tur\u00edstico no Circuito das \u00c1guas Paulista. Conhe\u00e7a suas atra\u00e7\u00f5es.","breadcrumb":{"@id":"https:\/\/www.correiobraziliense.com.br\/cbradar\/conheca-a-cidade-do-interior-paulista-que-e-chamada-de-italia-brasileira\/#breadcrumb"},"inLanguage":"pt-BR","potentialAction":[{"@type":"ReadAction","target":["https:\/\/www.correiobraziliense.com.br\/cbradar\/conheca-a-cidade-do-interior-paulista-que-e-chamada-de-italia-brasileira\/"]}]},{"@type":"ImageObject","inLanguage":"pt-BR","@id":"https:\/\/www.correiobraziliense.com.br\/cbradar\/conheca-a-cidade-do-interior-paulista-que-e-chamada-de-italia-brasileira\/#primaryimage","url":"https:\/\/www.correiobraziliense.com.br\/cbradar\/wp-content\/uploads\/2025\/03\/Italia_1742500594230.jpg","contentUrl":"https:\/\/www.correiobraziliense.com.br\/cbradar\/wp-content\/uploads\/2025\/03\/Italia_1742500594230.jpg","width":1280,"height":720,"caption":"It\u00e1lia. Cr\u00e9ditos: depositphotos.com \/ AnnaNepaBO"},{"@type":"BreadcrumbList","@id":"https:\/\/www.correiobraziliense.com.br\/cbradar\/conheca-a-cidade-do-interior-paulista-que-e-chamada-de-italia-brasileira\/#breadcrumb","itemListElement":[{"@type":"ListItem","position":1,"name":"In\u00edcio","item":"https:\/\/www.correiobraziliense.com.br\/cbradar\/"},{"@type":"ListItem","position":2,"name":"Conhe\u00e7a a cidade do interior paulista que \u00e9 chamada de &#8216;It\u00e1lia brasileira&#8221;"}]},{"@type":"WebSite","@id":"https:\/\/www.correiobraziliense.com.br\/cbradar\/#website","url":"https:\/\/www.correiobraziliense.com.br\/cbradar\/","name":"Correio Braziliense - Radar","description":"Acompanhe as \u00faltimas not\u00edcias e fique bem informado sobre tudo o que acontece no Brasil e no mundo.","potentialAction":[{"@type":"SearchAction","target":{"@type":"EntryPoint","urlTemplate":"https:\/\/www.correiobraziliense.com.br\/cbradar\/?s={search_term_string}"},"query-input":{"@type":"PropertyValueSpecification","valueRequired":true,"valueName":"search_term_string"}}],"inLanguage":"pt-BR"},{"@type":"Person","@id":"https:\/\/www.correiobraziliense.com.br\/cbradar\/#\/schema\/person\/58422787644df994b53a19d3e56c1513","name":"Larissa Carvalho","image":{"@type":"ImageObject","inLanguage":"pt-BR","@id":"https:\/\/www.correiobraziliense.com.br\/cbradar\/#\/schema\/person\/image\/","url":"https:\/\/secure.gravatar.com\/avatar\/fe4f91a0de32b52a838d0d612abdc1aa?s=96&d=mm&r=g","contentUrl":"https:\/\/secure.gravatar.com\/avatar\/fe4f91a0de32b52a838d0d612abdc1aa?s=96&d=mm&r=g","caption":"Larissa Carvalho"},"url":"https:\/\/www.correiobraziliense.com.br\/cbradar\/author\/larissamyth\/"}]}},"_links":{"self":[{"href":"https:\/\/www.correiobraziliense.com.br\/cbradar\/wp-json\/wp\/v2\/posts\/14419","targetHints":{"allow":["GET"]}}],"collection":[{"href":"https:\/\/www.correiobraziliense.com.br\/cbradar\/wp-json\/wp\/v2\/posts"}],"about":[{"href":"https:\/\/www.correiobraziliense.com.br\/cbradar\/wp-json\/wp\/v2\/types\/post"}],"author":[{"embeddable":true,"href":"https:\/\/www.correiobraziliense.com.br\/cbradar\/wp-json\/wp\/v2\/users\/3"}],"replies":[{"embeddable":true,"href":"https:\/\/www.correiobraziliense.com.br\/cbradar\/wp-json\/wp\/v2\/comments?post=14419"}],"version-history":[{"count":1,"href":"https:\/\/www.correiobraziliense.com.br\/cbradar\/wp-json\/wp\/v2\/posts\/14419\/revisions"}],"predecessor-version":[{"id":14422,"href":"https:\/\/www.correiobraziliense.com.br\/cbradar\/wp-json\/wp\/v2\/posts\/14419\/revisions\/14422"}],"wp:featuredmedia":[{"embeddable":true,"href":"https:\/\/www.correiobraziliense.com.br\/cbradar\/wp-json\/wp\/v2\/media\/14421"}],"wp:attachment":[{"href":"https:\/\/www.correiobraziliense.com.br\/cbradar\/wp-json\/wp\/v2\/media?parent=14419"}],"wp:term":[{"taxonomy":"category","embeddable":true,"href":"https:\/\/www.correiobraziliense.com.br\/cbradar\/wp-json\/wp\/v2\/categories?post=14419"},{"taxonomy":"post_tag","embeddable":true,"href":"https:\/\/www.correiobraziliense.com.br\/cbradar\/wp-json\/wp\/v2\/tags?post=14419"}],"curies":[{"name":"wp","href":"https:\/\/api.w.org\/{rel}","templated":true}]}}