{"id":144230,"date":"2025-11-26T06:15:00","date_gmt":"2025-11-26T09:15:00","guid":{"rendered":"https:\/\/www.correiobraziliense.com.br\/cbradar\/?p=144230"},"modified":"2025-11-25T09:48:35","modified_gmt":"2025-11-25T12:48:35","slug":"essa-semente-pode-melhorar-a-circulacao-e-aliviar-o-peso-nas-pernas","status":"publish","type":"post","link":"https:\/\/www.correiobraziliense.com.br\/cbradar\/essa-semente-pode-melhorar-a-circulacao-e-aliviar-o-peso-nas-pernas\/","title":{"rendered":"Essa semente pode melhorar a circula\u00e7\u00e3o e aliviar o peso nas pernas"},"content":{"rendered":"\n<p>A <strong>semente de uva<\/strong> (<em>Vitis vinifera<\/em>) \u00e9 um tesouro da natureza, frequentemente descartada, mas repleta de <strong>compostos bioativos<\/strong> poderosos. Seu extrato concentrado, rico em polifen\u00f3is, \u00e9 amplamente estudado por seus not\u00e1veis <strong>benef\u00edcios terap\u00eauticos<\/strong>, especialmente no suporte \u00e0 sa\u00fade cardiovascular e venosa. O uso milenar da uva ganha respaldo na ci\u00eancia moderna, confirmando seu potencial para o tratamento de condi\u00e7\u00f5es circulat\u00f3rias como varizes.<\/p>\n\n\n\n<ul class=\"wp-block-list\">\n<li>Prote\u00e7\u00e3o Vascular: Fortalece as paredes dos vasos sangu\u00edneos, reduzindo a fragilidade capilar.<\/li>\n\n\n\n<li>A\u00e7\u00e3o Antioxidante Potente: Combate o estresse oxidativo, um fator chave na progress\u00e3o de doen\u00e7as cr\u00f4nicas.<\/li>\n\n\n\n<li>Melhora da Circula\u00e7\u00e3o: Alivia sintomas de insufici\u00eancia venosa cr\u00f4nica, incluindo dor e incha\u00e7o nas pernas.<\/li>\n<\/ul>\n\n\n\n<h2 class=\"wp-block-heading\">A\u00e7\u00e3o antioxidante e o combate aos radicais livres<\/h2>\n\n\n\n<p>O <strong>extrato de semente de uva<\/strong> \u00e9 mundialmente reconhecido por ser uma das fontes mais ricas em <strong>proantocianidinas oligom\u00e9ricas (OPCs)<\/strong>, fitoqu\u00edmicos com uma capacidade <strong>antioxidante<\/strong> superior \u00e0 das vitaminas C e E. Essas mol\u00e9culas sequestram radicais livres, protegendo as c\u00e9lulas endoteliais do dano oxidativo, o que \u00e9 fundamental para a manuten\u00e7\u00e3o da sa\u00fade vascular. A import\u00e2ncia dessa a\u00e7\u00e3o protetora \u00e9 detalhada por renomados pesquisadores em farmacognosia.<\/p>\n\n\n\n<blockquote class=\"wp-block-quote is-layout-flow wp-block-quote-is-layout-flow\">\n<p><em>&#8220;As proantocianidinas presentes no extrato de semente de uva s\u00e3o potentes varredores de radicais livres, proporcionando um efeito protetor significativo contra o estresse oxidativo, um mecanismo importante na g\u00eanese da aterosclerose e de outras disfun\u00e7\u00f5es vasculares&#8221;<\/em> (GARCIA-ALONSO, 2008).<\/p>\n<\/blockquote>\n\n\n<div class=\"wp-block-image\">\n<figure class=\"aligncenter size-large\"><img decoding=\"async\" width=\"1024\" height=\"576\" src=\"https:\/\/www.correiobraziliense.com.br\/cbradar\/wp-content\/uploads\/2025\/11\/semente-de-uva_1763994139685-1024x576.jpg\" alt=\"\" class=\"wp-image-144239\" srcset=\"https:\/\/www.correiobraziliense.com.br\/cbradar\/wp-content\/uploads\/2025\/11\/semente-de-uva_1763994139685-1024x576.jpg 1024w, https:\/\/www.correiobraziliense.com.br\/cbradar\/wp-content\/uploads\/2025\/11\/semente-de-uva_1763994139685-300x169.jpg 300w, https:\/\/www.correiobraziliense.com.br\/cbradar\/wp-content\/uploads\/2025\/11\/semente-de-uva_1763994139685-768x432.jpg 768w, https:\/\/www.correiobraziliense.com.br\/cbradar\/wp-content\/uploads\/2025\/11\/semente-de-uva_1763994139685-750x422.jpg 750w, https:\/\/www.correiobraziliense.com.br\/cbradar\/wp-content\/uploads\/2025\/11\/semente-de-uva_1763994139685-1140x641.jpg 1140w, https:\/\/www.correiobraziliense.com.br\/cbradar\/wp-content\/uploads\/2025\/11\/semente-de-uva_1763994139685.jpg 1280w\" sizes=\"(max-width: 1024px) 100vw, 1024px\" \/><figcaption class=\"wp-element-caption\">A semente de uva atua diretamente no sistema venoso, sendo um adjuvante eficaz no tratamento da insufici\u00eancia venosa cr\u00f4nica &#8211; Cr\u00e9ditos: depositphotos.com \/ Oksana6299956<\/figcaption><\/figure><\/div>\n\n\n<h2 class=\"wp-block-heading\">Benef\u00edcios no tratamento da insufici\u00eancia venosa cr\u00f4nica e varizes<\/h2>\n\n\n\n<p>A semente de uva atua diretamente no sistema venoso, sendo um adjuvante eficaz no tratamento da <strong>insufici\u00eancia venosa cr\u00f4nica (IVC)<\/strong>, condi\u00e7\u00e3o que leva ao desenvolvimento de <strong>varizes<\/strong>. Os <strong>princ\u00edpios ativos<\/strong> do extrato estabilizam o col\u00e1geno e a elastina, componentes essenciais para a integridade e elasticidade das paredes dos vasos sangu\u00edneos, diminuindo a permeabilidade e o extravasamento de fluidos que causam incha\u00e7o. A efic\u00e1cia cl\u00ednica desse extrato foi avaliada em estudos controlados.<\/p>\n\n\n\n<p><em>&#8220;O extrato de semente de uva, administrado em pacientes com insufici\u00eancia venosa cr\u00f4nica, demonstrou reduzir significativamente o edema e os sintomas associados, como dor e sensa\u00e7\u00e3o de peso nas pernas, devido ao seu efeito venot\u00f4nico e protetor vascular&#8221;<\/em> (DE SOUZA, 2012).<\/p>\n\n\n\n<p>Leia tamb\u00e9m: <a href=\"https:\/\/www.correiobraziliense.com.br\/cbradar\/o-cha-que-funciona-como-um-analgesico-natural-para-dores-de-dente-e-musculares\/\" target=\"_blank\" rel=\"noreferrer noopener\">O ch\u00e1 que funciona como um analg\u00e9sico natural para dores de dente e musculares<\/a><\/p>\n\n\n\n<h2 class=\"wp-block-heading\">Qual o mecanismo de a\u00e7\u00e3o da semente de uva na circula\u00e7\u00e3o sangu\u00ednea?<\/h2>\n\n\n\n<p>O principal <strong>mecanismo de a\u00e7\u00e3o<\/strong> da semente de uva na circula\u00e7\u00e3o reside na sua capacidade de modular a fun\u00e7\u00e3o endotelial e melhorar o t\u00f4nus venoso. As <strong>OPCs<\/strong> promovem a libera\u00e7\u00e3o de \u00f3xido n\u00edtrico, um potente vasodilatador que relaxa a musculatura lisa dos vasos, melhorando o fluxo sangu\u00edneo. Al\u00e9m disso, elas exibem um efeito antiagregante plaquet\u00e1rio discreto, auxiliando na preven\u00e7\u00e3o da forma\u00e7\u00e3o de co\u00e1gulos e na fluidez do sangue. A base farmacol\u00f3gica desse efeito \u00e9 clara.<\/p>\n\n\n\n<blockquote class=\"wp-block-quote is-layout-flow wp-block-quote-is-layout-flow\">\n<p><em>&#8220;O extrato de semente de uva influencia positivamente a microcircula\u00e7\u00e3o por meio da melhoria da integridade endotelial e da regula\u00e7\u00e3o do t\u00f4nus vascular, o que contribui para a preven\u00e7\u00e3o de complica\u00e7\u00f5es microvasculares e melhora a sintomatologia de doen\u00e7as venosas&#8221;<\/em> (HAMALAINEN; MOILANEN, 2011).<\/p>\n<\/blockquote>\n\n\n\n<p>Se voc\u00ea busca suporte para a sa\u00fade circulat\u00f3ria, considere a semente de uva como um suplemento natural validado pela ci\u00eancia. Gostaria de saber mais sobre as formas de dosagem?<\/p>\n\n\n\n<h2 class=\"wp-block-heading\">Dicas pr\u00e1ticas de uso e preparo do extrato de semente de uva<\/h2>\n\n\n\n<p>Embora o consumo da semente em si seja poss\u00edvel, a concentra\u00e7\u00e3o dos <strong>compostos bioativos<\/strong> mais estudados est\u00e1 dispon\u00edvel em suplementos padronizados. A dosagem e a forma farmac\u00eautica garantem a ingest\u00e3o das quantidades eficazes de proantocianidinas. \u00c9 crucial sempre buscar orienta\u00e7\u00e3o m\u00e9dica ou de um fitoterapeuta antes de iniciar qualquer tratamento, especialmente se j\u00e1 estiver tomando medicamentos para a circula\u00e7\u00e3o.<\/p>\n\n\n\n<ul class=\"wp-block-list\">\n<li><strong>Suplemento em C\u00e1psulas<\/strong>: \u00c9 a forma mais comum e eficaz, garantindo a concentra\u00e7\u00e3o padronizada de OPCs (geralmente entre 50 a 300 mg\/dia).<\/li>\n\n\n\n<li><strong>\u00d3leo de Semente de Uva<\/strong>: Pode ser usado na culin\u00e1ria, mas seu teor de OPCs \u00e9 menor, sendo mais fonte de \u00e1cidos graxos essenciais.<\/li>\n<\/ul>\n\n\n\n<p><strong>Confira o v\u00eddeo abaixo do <a href=\"https:\/\/www.youtube.com\/@dralexandrelima\" target=\"_blank\" rel=\"noreferrer noopener\">Dr Alexandre Lima<\/a> sobre os benef\u00edcios da semente de uva:<\/strong><\/p>\n\n\n\n<figure class=\"wp-block-embed is-type-video is-provider-youtube wp-block-embed-youtube wp-embed-aspect-16-9 wp-has-aspect-ratio\"><div class=\"wp-block-embed__wrapper\">\n<div class=\"jeg_video_container jeg_video_content\"><iframe loading=\"lazy\" title=\"\u00d3leo de semente de uva: o segredo para uma pele hidratada e cabelos fortes\" width=\"500\" height=\"281\" src=\"https:\/\/www.youtube.com\/embed\/2hdp9Ljsm2M?feature=oembed\" frameborder=\"0\" allow=\"accelerometer; autoplay; clipboard-write; encrypted-media; gyroscope; picture-in-picture; web-share\" referrerpolicy=\"strict-origin-when-cross-origin\" allowfullscreen><\/iframe><\/div>\n<\/div><\/figure>\n\n\n\n<h2 class=\"wp-block-heading\">A semente de uva \u00e9 um suporte vascular de alto n\u00edvel<\/h2>\n\n\n\n<p>A an\u00e1lise das <strong>propriedades curativas<\/strong> da semente de uva demonstra que ela \u00e9 um potente aliado na manuten\u00e7\u00e3o da sa\u00fade circulat\u00f3ria. Seus <strong>benef\u00edcios terap\u00eauticos<\/strong> n\u00e3o se limitam apenas \u00e0 preven\u00e7\u00e3o, mas estendem-se ao al\u00edvio sintom\u00e1tico de condi\u00e7\u00f5es estabelecidas como a insufici\u00eancia venosa cr\u00f4nica. O rigor das publica\u00e7\u00f5es cient\u00edficas modernas confirma os saberes tradicionais, validando a semente de uva como uma importante fonte de <strong>fitoqu\u00edmicos<\/strong>.<\/p>\n\n\n\n<ul class=\"wp-block-list\">\n<li>As <strong>Proantocianidinas Oligom\u00e9ricas (OPCs)<\/strong> s\u00e3o o principal ativo, com a\u00e7\u00e3o antioxidante superior a muitas vitaminas.<\/li>\n\n\n\n<li>Estudos cl\u00ednicos confirmam a efic\u00e1cia da semente de uva na redu\u00e7\u00e3o do edema e dor em casos de <strong>varizes e IVC<\/strong> (Insufici\u00eancia Venosa Cr\u00f4nica).<\/li>\n\n\n\n<li>A <strong>evid\u00eancia cient\u00edfica<\/strong> suporta o uso do extrato padronizado como protetor vascular e modulador da fun\u00e7\u00e3o endotelial.<\/li>\n<\/ul>\n\n\n\n<h2 class=\"wp-block-heading\">Refer\u00eancias bibliogr\u00e1ficas<\/h2>\n\n\n\n<ul class=\"wp-block-list\">\n<li>DE SOUZA, V. T. et al. Extrato de semente de uva (<em>Vitis vinifera<\/em> L.): um potencial terap\u00eautico no tratamento da insufici\u00eancia venosa cr\u00f4nica. <em>Revista Brasileira de Farmacognosia<\/em>, v. 22, n. 4, p. 892-899, 2012.<\/li>\n\n\n\n<li>GARCIA-ALONSO, J. et al. Polifenoles de la uva: beneficios en la salud y m\u00e9todos de extracci\u00f3n. <em>Revista Espa\u00f1ola de Nutrici\u00f3n Comunitaria<\/em>, v. 14, n. 3, p. 119-126, 2008.<\/li>\n\n\n\n<li>HAMALAINEN, M. M.; MOILANEN, E. Anti-inflammatory and immunomodulatory effects of resveratrol. In: RINGEL, I. (ed.). <em>Resveratrol and Health<\/em>. Boca Raton: CRC Press, p. 273-294, 2011.<\/li>\n<\/ul>\n","protected":false},"excerpt":{"rendered":"<p>A semente de uva (Vitis vinifera) \u00e9 um tesouro da natureza, frequentemente descartada, mas repleta de compostos bioativos poderosos. Seu extrato concentrado, rico em polifen\u00f3is, \u00e9 amplamente estudado por seus not\u00e1veis benef\u00edcios terap\u00eauticos, especialmente no suporte \u00e0 sa\u00fade cardiovascular e venosa. O uso milenar da uva ganha respaldo na ci\u00eancia moderna, confirmando seu potencial para [&hellip;]<\/p>\n","protected":false},"author":9,"featured_media":144789,"comment_status":"open","ping_status":"open","sticky":false,"template":"","format":"standard","meta":{"_yoast_wpseo_focuskw":"semente de uva","_yoast_wpseo_title":"","_yoast_wpseo_metadesc":"Uma semente poderosa que protege vasos sangu\u00edneos, alivia pernas cansadas e apoia a circula\u00e7\u00e3o de forma natural e segura.","jnews-multi-image_gallery":[],"jnews_single_post":{"format":"standard"},"jnews_primary_category":[],"jnews_social_meta":[],"jnews_override_counter":[],"footnotes":""},"categories":[119,4404],"post_tag":[11954],"class_list":["post-144230","post","type-post","status-publish","format-standard","has-post-thumbnail","hentry","category-bem-estar","category-saude","tag-semente-de-uva"],"yoast_head":"<!-- This site is optimized with the Yoast SEO plugin v24.6 - https:\/\/yoast.com\/wordpress\/plugins\/seo\/ -->\n<title>Essa semente pode melhorar a circula\u00e7\u00e3o e aliviar o peso nas pernas - Correio Braziliense - Radar<\/title>\n<meta name=\"description\" content=\"Uma semente poderosa que protege vasos sangu\u00edneos, alivia pernas cansadas e apoia a circula\u00e7\u00e3o de forma natural e segura.\" \/>\n<meta name=\"robots\" content=\"index, follow, max-snippet:-1, max-image-preview:large, max-video-preview:-1\" \/>\n<link rel=\"canonical\" href=\"https:\/\/www.correiobraziliense.com.br\/cbradar\/essa-semente-pode-melhorar-a-circulacao-e-aliviar-o-peso-nas-pernas\/\" \/>\n<meta property=\"og:locale\" content=\"pt_BR\" \/>\n<meta property=\"og:type\" content=\"article\" \/>\n<meta property=\"og:title\" content=\"Essa semente pode melhorar a circula\u00e7\u00e3o e aliviar o peso nas pernas - Correio Braziliense - Radar\" \/>\n<meta property=\"og:description\" content=\"Uma semente poderosa que protege vasos sangu\u00edneos, alivia pernas cansadas e apoia a circula\u00e7\u00e3o de forma natural e segura.\" \/>\n<meta property=\"og:url\" content=\"https:\/\/www.correiobraziliense.com.br\/cbradar\/essa-semente-pode-melhorar-a-circulacao-e-aliviar-o-peso-nas-pernas\/\" \/>\n<meta property=\"og:site_name\" content=\"Correio Braziliense - Radar\" \/>\n<meta property=\"article:published_time\" content=\"2025-11-26T09:15:00+00:00\" \/>\n<meta property=\"og:image\" content=\"https:\/\/www.correiobraziliense.com.br\/cbradar\/wp-content\/uploads\/2025\/11\/freepik__faa-uma-imagem-realista-de-sementes-de-uva__34523.jpeg\" \/>\n\t<meta property=\"og:image:width\" content=\"1280\" \/>\n\t<meta property=\"og:image:height\" content=\"720\" \/>\n\t<meta property=\"og:image:type\" content=\"image\/jpeg\" \/>\n<meta name=\"author\" content=\"Daniely Cardoso\" \/>\n<meta name=\"twitter:card\" content=\"summary_large_image\" \/>\n<meta name=\"twitter:label1\" content=\"Escrito por\" \/>\n\t<meta name=\"twitter:data1\" content=\"Daniely Cardoso\" \/>\n\t<meta name=\"twitter:label2\" content=\"Est. tempo de leitura\" \/>\n\t<meta name=\"twitter:data2\" content=\"5 minutos\" \/>\n<!-- \/ Yoast SEO plugin. -->","yoast_head_json":{"title":"Essa semente pode melhorar a circula\u00e7\u00e3o e aliviar o peso nas pernas - Correio Braziliense - Radar","description":"Uma semente poderosa que protege vasos sangu\u00edneos, alivia pernas cansadas e apoia a circula\u00e7\u00e3o de forma natural e segura.","robots":{"index":"index","follow":"follow","max-snippet":"max-snippet:-1","max-image-preview":"max-image-preview:large","max-video-preview":"max-video-preview:-1"},"canonical":"https:\/\/www.correiobraziliense.com.br\/cbradar\/essa-semente-pode-melhorar-a-circulacao-e-aliviar-o-peso-nas-pernas\/","og_locale":"pt_BR","og_type":"article","og_title":"Essa semente pode melhorar a circula\u00e7\u00e3o e aliviar o peso nas pernas - Correio Braziliense - Radar","og_description":"Uma semente poderosa que protege vasos sangu\u00edneos, alivia pernas cansadas e apoia a circula\u00e7\u00e3o de forma natural e segura.","og_url":"https:\/\/www.correiobraziliense.com.br\/cbradar\/essa-semente-pode-melhorar-a-circulacao-e-aliviar-o-peso-nas-pernas\/","og_site_name":"Correio Braziliense - Radar","article_published_time":"2025-11-26T09:15:00+00:00","og_image":[{"width":1280,"height":720,"url":"https:\/\/www.correiobraziliense.com.br\/cbradar\/wp-content\/uploads\/2025\/11\/freepik__faa-uma-imagem-realista-de-sementes-de-uva__34523.jpeg","type":"image\/jpeg"}],"author":"Daniely Cardoso","twitter_card":"summary_large_image","twitter_misc":{"Escrito por":"Daniely Cardoso","Est. tempo de leitura":"5 minutos"},"schema":{"@context":"https:\/\/schema.org","@graph":[{"@type":"WebPage","@id":"https:\/\/www.correiobraziliense.com.br\/cbradar\/essa-semente-pode-melhorar-a-circulacao-e-aliviar-o-peso-nas-pernas\/","url":"https:\/\/www.correiobraziliense.com.br\/cbradar\/essa-semente-pode-melhorar-a-circulacao-e-aliviar-o-peso-nas-pernas\/","name":"Essa semente pode melhorar a circula\u00e7\u00e3o e aliviar o peso nas pernas - Correio Braziliense - Radar","isPartOf":{"@id":"https:\/\/www.correiobraziliense.com.br\/cbradar\/#website"},"primaryImageOfPage":{"@id":"https:\/\/www.correiobraziliense.com.br\/cbradar\/essa-semente-pode-melhorar-a-circulacao-e-aliviar-o-peso-nas-pernas\/#primaryimage"},"image":{"@id":"https:\/\/www.correiobraziliense.com.br\/cbradar\/essa-semente-pode-melhorar-a-circulacao-e-aliviar-o-peso-nas-pernas\/#primaryimage"},"thumbnailUrl":"https:\/\/www.correiobraziliense.com.br\/cbradar\/wp-content\/uploads\/2025\/11\/freepik__faa-uma-imagem-realista-de-sementes-de-uva__34523.jpeg","datePublished":"2025-11-26T09:15:00+00:00","author":{"@id":"https:\/\/www.correiobraziliense.com.br\/cbradar\/#\/schema\/person\/7356666e12ec0ee53f348ee5db227032"},"description":"Uma semente poderosa que protege vasos sangu\u00edneos, alivia pernas cansadas e apoia a circula\u00e7\u00e3o de forma natural e segura.","breadcrumb":{"@id":"https:\/\/www.correiobraziliense.com.br\/cbradar\/essa-semente-pode-melhorar-a-circulacao-e-aliviar-o-peso-nas-pernas\/#breadcrumb"},"inLanguage":"pt-BR","potentialAction":[{"@type":"ReadAction","target":["https:\/\/www.correiobraziliense.com.br\/cbradar\/essa-semente-pode-melhorar-a-circulacao-e-aliviar-o-peso-nas-pernas\/"]}]},{"@type":"ImageObject","inLanguage":"pt-BR","@id":"https:\/\/www.correiobraziliense.com.br\/cbradar\/essa-semente-pode-melhorar-a-circulacao-e-aliviar-o-peso-nas-pernas\/#primaryimage","url":"https:\/\/www.correiobraziliense.com.br\/cbradar\/wp-content\/uploads\/2025\/11\/freepik__faa-uma-imagem-realista-de-sementes-de-uva__34523.jpeg","contentUrl":"https:\/\/www.correiobraziliense.com.br\/cbradar\/wp-content\/uploads\/2025\/11\/freepik__faa-uma-imagem-realista-de-sementes-de-uva__34523.jpeg","width":1280,"height":720,"caption":"A semente de uva \u00e9 rica em compostos bioativos importantes"},{"@type":"BreadcrumbList","@id":"https:\/\/www.correiobraziliense.com.br\/cbradar\/essa-semente-pode-melhorar-a-circulacao-e-aliviar-o-peso-nas-pernas\/#breadcrumb","itemListElement":[{"@type":"ListItem","position":1,"name":"In\u00edcio","item":"https:\/\/www.correiobraziliense.com.br\/cbradar\/"},{"@type":"ListItem","position":2,"name":"Essa semente pode melhorar a circula\u00e7\u00e3o e aliviar o peso nas pernas"}]},{"@type":"WebSite","@id":"https:\/\/www.correiobraziliense.com.br\/cbradar\/#website","url":"https:\/\/www.correiobraziliense.com.br\/cbradar\/","name":"Correio Braziliense - Radar","description":"Acompanhe as \u00faltimas not\u00edcias e fique bem informado sobre tudo o que acontece no Brasil e no mundo.","potentialAction":[{"@type":"SearchAction","target":{"@type":"EntryPoint","urlTemplate":"https:\/\/www.correiobraziliense.com.br\/cbradar\/?s={search_term_string}"},"query-input":{"@type":"PropertyValueSpecification","valueRequired":true,"valueName":"search_term_string"}}],"inLanguage":"pt-BR"},{"@type":"Person","@id":"https:\/\/www.correiobraziliense.com.br\/cbradar\/#\/schema\/person\/7356666e12ec0ee53f348ee5db227032","name":"Daniely Cardoso","image":{"@type":"ImageObject","inLanguage":"pt-BR","@id":"https:\/\/www.correiobraziliense.com.br\/cbradar\/#\/schema\/person\/image\/","url":"https:\/\/secure.gravatar.com\/avatar\/4b80ddbd124d1f071b626d52d62e5dff?s=96&d=mm&r=g","contentUrl":"https:\/\/secure.gravatar.com\/avatar\/4b80ddbd124d1f071b626d52d62e5dff?s=96&d=mm&r=g","caption":"Daniely Cardoso"},"description":"Redatora nos portais CB Radar e EM Foco, formada pela Universidade Federal de Goi\u00e1s, em Goi\u00e2nia. Apaixonada por comunica\u00e7\u00e3o, arte, decora\u00e7\u00e3o e tend\u00eancias, atuo na produ\u00e7\u00e3o de conte\u00fados envolventes sobre curiosidades, moda, beleza e paisagismo, sempre com um olhar atento \u00e0s novidades do momento.","sameAs":["https:\/\/www.correiobraziliense.com.br\/cbradar"],"url":"https:\/\/www.correiobraziliense.com.br\/cbradar\/author\/danielymyth\/"}]}},"_links":{"self":[{"href":"https:\/\/www.correiobraziliense.com.br\/cbradar\/wp-json\/wp\/v2\/posts\/144230","targetHints":{"allow":["GET"]}}],"collection":[{"href":"https:\/\/www.correiobraziliense.com.br\/cbradar\/wp-json\/wp\/v2\/posts"}],"about":[{"href":"https:\/\/www.correiobraziliense.com.br\/cbradar\/wp-json\/wp\/v2\/types\/post"}],"author":[{"embeddable":true,"href":"https:\/\/www.correiobraziliense.com.br\/cbradar\/wp-json\/wp\/v2\/users\/9"}],"replies":[{"embeddable":true,"href":"https:\/\/www.correiobraziliense.com.br\/cbradar\/wp-json\/wp\/v2\/comments?post=144230"}],"version-history":[{"count":1,"href":"https:\/\/www.correiobraziliense.com.br\/cbradar\/wp-json\/wp\/v2\/posts\/144230\/revisions"}],"predecessor-version":[{"id":144240,"href":"https:\/\/www.correiobraziliense.com.br\/cbradar\/wp-json\/wp\/v2\/posts\/144230\/revisions\/144240"}],"wp:featuredmedia":[{"embeddable":true,"href":"https:\/\/www.correiobraziliense.com.br\/cbradar\/wp-json\/wp\/v2\/media\/144789"}],"wp:attachment":[{"href":"https:\/\/www.correiobraziliense.com.br\/cbradar\/wp-json\/wp\/v2\/media?parent=144230"}],"wp:term":[{"taxonomy":"category","embeddable":true,"href":"https:\/\/www.correiobraziliense.com.br\/cbradar\/wp-json\/wp\/v2\/categories?post=144230"},{"taxonomy":"post_tag","embeddable":true,"href":"https:\/\/www.correiobraziliense.com.br\/cbradar\/wp-json\/wp\/v2\/post_tag?post=144230"}],"curies":[{"name":"wp","href":"https:\/\/api.w.org\/{rel}","templated":true}]}}