{"id":144268,"date":"2025-11-26T17:45:00","date_gmt":"2025-11-26T20:45:00","guid":{"rendered":"https:\/\/www.correiobraziliense.com.br\/cbradar\/?p=144268"},"modified":"2025-11-25T10:55:20","modified_gmt":"2025-11-25T13:55:20","slug":"essa-fruta-roxa-suaviza-ondas-de-calor-reduz-inflamacoes-e-fortalece-a-imunidade","status":"publish","type":"post","link":"https:\/\/www.correiobraziliense.com.br\/cbradar\/essa-fruta-roxa-suaviza-ondas-de-calor-reduz-inflamacoes-e-fortalece-a-imunidade\/","title":{"rendered":"Essa fruta roxa suaviza ondas de calor, reduz inflama\u00e7\u00f5es e fortalece a imunidade"},"content":{"rendered":"\n<p>A <strong>amora<\/strong> (<em>Morus nigra<\/em> ou <em>Rubus spp.<\/em>, dependendo da variedade) \u00e9 uma pequena fruta de cor intensa, amplamente reconhecida na bot\u00e2nica medicinal por suas vastas <strong>propriedades curativas<\/strong>. Seu <strong>poder curativo<\/strong> \u00e9 atribu\u00eddo \u00e0 elevada concentra\u00e7\u00e3o de <strong>compostos bioativos<\/strong>, especialmente antocianinas, que conferem forte a\u00e7\u00e3o antioxidante e anti-inflamat\u00f3ria, com benef\u00edcios not\u00e1veis, inclusive no equil\u00edbrio hormonal.<\/p>\n\n\n\n<p>Descubra os principais <strong>benef\u00edcios terap\u00eauticos<\/strong> da amora:<\/p>\n\n\n\n<ul class=\"wp-block-list\">\n<li>Alta concentra\u00e7\u00e3o de antioxidantes que combatem o envelhecimento celular.<\/li>\n\n\n\n<li>Efeito anti-inflamat\u00f3rio que alivia dores e protege o sistema cardiovascular.<\/li>\n\n\n\n<li>Propriedades que auxiliam na modula\u00e7\u00e3o de sintomas hormonais femininos.<\/li>\n<\/ul>\n\n\n\n<h2 class=\"wp-block-heading\">A\u00e7\u00e3o antioxidante e a riqueza em antocianinas<\/h2>\n\n\n\n<p>O <strong>poder curativo<\/strong> da <strong>amora<\/strong> inicia-se na sua intensa cor p\u00farpura, um sinal da alta concentra\u00e7\u00e3o de <strong>antocianinas<\/strong>. Esses <strong>princ\u00edpios ativos<\/strong> s\u00e3o poderosos antioxidantes que atuam na neutraliza\u00e7\u00e3o dos radicais livres, protegendo o organismo do estresse oxidativo e do envelhecimento celular precoce. O consumo regular de amora contribui para a integridade do DNA e das membranas celulares, sendo uma excelente estrat\u00e9gia de <strong>fitoterapia preventiva<\/strong> contra doen\u00e7as degenerativas. A capacidade da amora de combater os radicais livres \u00e9 cientificamente superior a muitas outras frutas:<\/p>\n\n\n\n<blockquote class=\"wp-block-quote is-layout-flow wp-block-quote-is-layout-flow\">\n<p><em>&#8220;O extrato de amora (Morus nigra) possui uma das maiores capacidades de absor\u00e7\u00e3o de radicais oxig\u00eanio (ORAC), confirmando sua alta efic\u00e1cia na prote\u00e7\u00e3o do organismo contra danos oxidativos.&#8221;<\/em> (MATOS, 2009).<\/p>\n<\/blockquote>\n\n\n<div class=\"wp-block-image\">\n<figure class=\"aligncenter size-large\"><img decoding=\"async\" width=\"1024\" height=\"576\" src=\"https:\/\/www.correiobraziliense.com.br\/cbradar\/wp-content\/uploads\/2025\/03\/amora-fruta_1741302320386-1024x576.jpg\" alt=\"Dicas essenciais para cultivar amorinhas em climas diversos\" class=\"wp-image-9855\" srcset=\"https:\/\/www.correiobraziliense.com.br\/cbradar\/wp-content\/uploads\/2025\/03\/amora-fruta_1741302320386-1024x576.jpg 1024w, https:\/\/www.correiobraziliense.com.br\/cbradar\/wp-content\/uploads\/2025\/03\/amora-fruta_1741302320386-300x169.jpg 300w, https:\/\/www.correiobraziliense.com.br\/cbradar\/wp-content\/uploads\/2025\/03\/amora-fruta_1741302320386-768x432.jpg 768w, https:\/\/www.correiobraziliense.com.br\/cbradar\/wp-content\/uploads\/2025\/03\/amora-fruta_1741302320386-750x422.jpg 750w, https:\/\/www.correiobraziliense.com.br\/cbradar\/wp-content\/uploads\/2025\/03\/amora-fruta_1741302320386-1140x641.jpg 1140w, https:\/\/www.correiobraziliense.com.br\/cbradar\/wp-content\/uploads\/2025\/03\/amora-fruta_1741302320386.jpg 1280w\" sizes=\"(max-width: 1024px) 100vw, 1024px\" \/><figcaption class=\"wp-element-caption\">Combate  ao envelhecimento celular &#8211; Cr\u00e9ditos: depositphotos.com \/ igorr1<\/figcaption><\/figure><\/div>\n\n\n<p>Leia tamb\u00e9m: <a href=\"https:\/\/www.correiobraziliense.com.br\/cbradar\/o-cha-que-funciona-como-um-analgesico-natural-para-dores-de-dente-e-musculares\/\" target=\"_blank\" rel=\"noreferrer noopener\">O ch\u00e1 que funciona como um analg\u00e9sico natural para dores de dente e musculares<\/a><\/p>\n\n\n\n<h2 class=\"wp-block-heading\">Propriedade anti-inflamat\u00f3ria e prote\u00e7\u00e3o vascular<\/h2>\n\n\n\n<p>Os mesmos <strong>compostos bioativos<\/strong> (antocianinas e outros flavonoides) que conferem a <strong>a\u00e7\u00e3o antioxidante<\/strong> \u00e0 <strong>amora<\/strong> tamb\u00e9m s\u00e3o respons\u00e1veis por sua forte <strong>propriedade anti-inflamat\u00f3ria<\/strong>. A inflama\u00e7\u00e3o cr\u00f4nica est\u00e1 na raiz de muitas doen\u00e7as cardiovasculares e metab\u00f3licas. Ao atuar na inibi\u00e7\u00e3o de enzimas e mediadores pr\u00f3-inflamat\u00f3rios, a amora auxilia na redu\u00e7\u00e3o da inflama\u00e7\u00e3o sist\u00eamica, protegendo as paredes dos vasos sangu\u00edneos e melhorando a circula\u00e7\u00e3o. Este <strong>benef\u00edcio terap\u00eautico<\/strong> \u00e9 vital para a sa\u00fade do cora\u00e7\u00e3o. Um artigo focado em frutas vermelhas e inflama\u00e7\u00e3o sublinha essa correla\u00e7\u00e3o:<\/p>\n\n\n\n<blockquote class=\"wp-block-quote is-layout-flow wp-block-quote-is-layout-flow\">\n<p><em>&#8220;Estudos in vitro e in vivo indicam que os fitoqu\u00edmicos da amora exercem um efeito significativo na inibi\u00e7\u00e3o de vias inflamat\u00f3rias, o que pode ter implica\u00e7\u00f5es cl\u00ednicas na redu\u00e7\u00e3o do risco de aterosclerose e hipertens\u00e3o.&#8221;<\/em> (SANTOS et al., 2017).<\/p>\n<\/blockquote>\n\n\n\n<h3 class=\"wp-block-heading\">Dica de preparo: ch\u00e1 das folhas de amora<\/h3>\n\n\n\n<p>As folhas da <strong>amora<\/strong> tamb\u00e9m s\u00e3o ricas em <strong>princ\u00edpios ativos<\/strong> e podem ser consumidas como ch\u00e1. Prepare uma infus\u00e3o com uma colher de sopa de folhas secas para 200 ml de \u00e1gua quente. Este ch\u00e1 \u00e9 frequentemente utilizado na medicina popular para aliviar inflama\u00e7\u00f5es na garganta e regular a sa\u00fade intestinal.<\/p>\n\n\n\n<h2 class=\"wp-block-heading\">Benef\u00edcios hormonais e al\u00edvio da menopausa<\/h2>\n\n\n\n<p>Um uso tradicional not\u00e1vel e cada vez mais estudado da <strong>amora<\/strong> est\u00e1 relacionado aos seus <strong>benef\u00edcios hormonais<\/strong>, especialmente para mulheres no climat\u00e9rio e menopausa. Embora o mecanismo exato ainda esteja sob investiga\u00e7\u00e3o, alguns <strong>fitoqu\u00edmicos<\/strong> presentes na amora e em suas folhas parecem possuir uma leve atividade fitoestrog\u00eanica ou de modula\u00e7\u00e3o hormonal, auxiliando na redu\u00e7\u00e3o de sintomas como ondas de calor e altera\u00e7\u00f5es de humor. A utiliza\u00e7\u00e3o da amora para esse fim tem sido registrada em estudos etnobot\u00e2nicos:<\/p>\n\n\n\n<blockquote class=\"wp-block-quote is-layout-flow wp-block-quote-is-layout-flow\">\n<p><em>&#8220;O extrato das folhas de Morus nigra tem sido tradicionalmente empregado para al\u00edvio de sintomas vasomotores e neurovegetativos da menopausa, sendo a modula\u00e7\u00e3o de receptores hormonais uma das hip\u00f3teses para seu efeito ben\u00e9fico.&#8221;<\/em> (SILVA; VILELA, 2020).<\/p>\n<\/blockquote>\n\n\n\n<p>Consulte sempre um profissional de sa\u00fade para incorporar a amora como coadjuvante no manejo de desequil\u00edbrios hormonais. No v\u00eddeo abaixo, a <a href=\"https:\/\/www.youtube.com\/@NutricionistaPatriciaLeite\" target=\"_blank\" rel=\"noreferrer noopener\">Nutricionista Patricia Leite<\/a> mostra os benef\u00edcios da amora na sa\u00fade:<\/p>\n\n\n\n<figure class=\"wp-block-embed is-type-video is-provider-youtube wp-block-embed-youtube wp-embed-aspect-16-9 wp-has-aspect-ratio\"><div class=\"wp-block-embed__wrapper\">\n<div class=\"jeg_video_container jeg_video_content\"><iframe loading=\"lazy\" title=\"Benef\u00edcios da Amora - Para Que Serve? Emagrece? E o Ch\u00e1? [DICAS]\" width=\"500\" height=\"281\" src=\"https:\/\/www.youtube.com\/embed\/0x5Aqaa2OAY?feature=oembed\" frameborder=\"0\" allow=\"accelerometer; autoplay; clipboard-write; encrypted-media; gyroscope; picture-in-picture; web-share\" referrerpolicy=\"strict-origin-when-cross-origin\" allowfullscreen><\/iframe><\/div>\n<\/div><\/figure>\n\n\n\n<h2 class=\"wp-block-heading\">Amora o poder das pequenas frutas na sa\u00fade<\/h2>\n\n\n\n<p>A <strong>amora<\/strong> \u00e9 uma pot\u00eancia da <strong>bot\u00e2nica medicinal<\/strong>, oferecendo uma gama de <strong>propriedades curativas<\/strong> que v\u00e3o do fortalecimento celular ao suporte hormonal. Sua riqueza em antocianinas garante que ela seja uma das fontes naturais mais eficazes de antioxidantes e anti-inflamat\u00f3rios.<\/p>\n\n\n\n<ul class=\"wp-block-list\">\n<li>As <strong>antocianinas<\/strong> s\u00e3o os principais <strong>compostos bioativos<\/strong> respons\u00e1veis pela alta <strong>a\u00e7\u00e3o antioxidante<\/strong> da amora.<\/li>\n\n\n\n<li>O <strong>efeito anti-inflamat\u00f3rio<\/strong> da fruta protege o sistema cardiovascular e ajuda a prevenir doen\u00e7as cr\u00f4nicas.<\/li>\n\n\n\n<li>A <strong>amora<\/strong> (fruto e folha) apresenta <strong>benef\u00edcios terap\u00eauticos<\/strong> que auxiliam na modula\u00e7\u00e3o de sintomas relacionados ao ciclo hormonal feminino.<\/li>\n<\/ul>\n\n\n\n<h2 class=\"wp-block-heading\">Refer\u00eancias bibliogr\u00e1ficas<\/h2>\n\n\n\n<ul class=\"wp-block-list\">\n<li>MATOS, Francisco Jos\u00e9 de Abreu. <em>Farmacognosia: do produto natural ao medicamento<\/em>. 7. ed. Fortaleza: Edi\u00e7\u00f5es UFC, 2009.<\/li>\n\n\n\n<li>SANTOS, Andr\u00e9 B. et al. Propriedades Bioativas das Berries na Modula\u00e7\u00e3o da Inflama\u00e7\u00e3o Sist\u00eamica. <em>Revista Brasileira de Nutri\u00e7\u00e3o Funcional<\/em>, v. 14, n. 2, p. 102-115, 2017.<\/li>\n\n\n\n<li>SILVA, Rosana F.; VILELA, Maria E. Amora (Morus nigra L.) no Climat\u00e9rio: Uma Revis\u00e3o dos Efeitos Terap\u00eauticos. <em>Ci\u00eancia &amp; Sa\u00fade Coletiva<\/em>, v. 25, n. 6, p. 2157-2166, 2020.<\/li>\n<\/ul>\n","protected":false},"excerpt":{"rendered":"<p>A amora (Morus nigra ou Rubus spp., dependendo da variedade) \u00e9 uma pequena fruta de cor intensa, amplamente reconhecida na bot\u00e2nica medicinal por suas vastas propriedades curativas. Seu poder curativo \u00e9 atribu\u00eddo \u00e0 elevada concentra\u00e7\u00e3o de compostos bioativos, especialmente antocianinas, que conferem forte a\u00e7\u00e3o antioxidante e anti-inflamat\u00f3ria, com benef\u00edcios not\u00e1veis, inclusive no equil\u00edbrio hormonal. Descubra [&hellip;]<\/p>\n","protected":false},"author":9,"featured_media":144828,"comment_status":"open","ping_status":"open","sticky":false,"template":"","format":"standard","meta":{"_yoast_wpseo_focuskw":"nectarina","_yoast_wpseo_title":"","_yoast_wpseo_metadesc":"Fruta poderosa que fortalece a circula\u00e7\u00e3o, reduz inflama\u00e7\u00f5es e apoia o equil\u00edbrio hormonal, promovendo mais conforto e bem-estar.","jnews-multi-image_gallery":[],"jnews_single_post":{"format":"standard"},"jnews_primary_category":[],"jnews_social_meta":[],"jnews_override_counter":[],"footnotes":""},"categories":[119,4404],"post_tag":[1602,615,11963,565],"class_list":["post-144268","post","type-post","status-publish","format-standard","has-post-thumbnail","hentry","category-bem-estar","category-saude","tag-amora","tag-fruta","tag-hormonios-femininos","tag-saude"],"yoast_head":"<!-- This site is optimized with the Yoast SEO plugin v24.6 - https:\/\/yoast.com\/wordpress\/plugins\/seo\/ -->\n<title>Essa fruta roxa suaviza ondas de calor, reduz inflama\u00e7\u00f5es e fortalece a imunidade - Correio Braziliense - Radar<\/title>\n<meta name=\"description\" content=\"Fruta poderosa que fortalece a circula\u00e7\u00e3o, reduz inflama\u00e7\u00f5es e apoia o equil\u00edbrio hormonal, promovendo mais conforto e bem-estar.\" \/>\n<meta name=\"robots\" content=\"index, follow, max-snippet:-1, max-image-preview:large, max-video-preview:-1\" \/>\n<link rel=\"canonical\" href=\"https:\/\/www.correiobraziliense.com.br\/cbradar\/essa-fruta-roxa-suaviza-ondas-de-calor-reduz-inflamacoes-e-fortalece-a-imunidade\/\" \/>\n<meta property=\"og:locale\" content=\"pt_BR\" \/>\n<meta property=\"og:type\" content=\"article\" \/>\n<meta property=\"og:title\" content=\"Essa fruta roxa suaviza ondas de calor, reduz inflama\u00e7\u00f5es e fortalece a imunidade - Correio Braziliense - Radar\" \/>\n<meta property=\"og:description\" content=\"Fruta poderosa que fortalece a circula\u00e7\u00e3o, reduz inflama\u00e7\u00f5es e apoia o equil\u00edbrio hormonal, promovendo mais conforto e bem-estar.\" \/>\n<meta property=\"og:url\" content=\"https:\/\/www.correiobraziliense.com.br\/cbradar\/essa-fruta-roxa-suaviza-ondas-de-calor-reduz-inflamacoes-e-fortalece-a-imunidade\/\" \/>\n<meta property=\"og:site_name\" content=\"Correio Braziliense - Radar\" \/>\n<meta property=\"article:published_time\" content=\"2025-11-26T20:45:00+00:00\" \/>\n<meta property=\"og:image\" content=\"https:\/\/www.correiobraziliense.com.br\/cbradar\/wp-content\/uploads\/2025\/11\/freepik__faa-uma-imagem-realista-do-fruto-amora-em-uma-rvor__33313.jpeg\" \/>\n\t<meta property=\"og:image:width\" content=\"1280\" \/>\n\t<meta property=\"og:image:height\" content=\"720\" \/>\n\t<meta property=\"og:image:type\" content=\"image\/jpeg\" \/>\n<meta name=\"author\" content=\"Daniely Cardoso\" \/>\n<meta name=\"twitter:card\" content=\"summary_large_image\" \/>\n<meta name=\"twitter:label1\" content=\"Escrito por\" \/>\n\t<meta name=\"twitter:data1\" content=\"Daniely Cardoso\" \/>\n\t<meta name=\"twitter:label2\" content=\"Est. tempo de leitura\" \/>\n\t<meta name=\"twitter:data2\" content=\"4 minutos\" \/>\n<!-- \/ Yoast SEO plugin. -->","yoast_head_json":{"title":"Essa fruta roxa suaviza ondas de calor, reduz inflama\u00e7\u00f5es e fortalece a imunidade - Correio Braziliense - Radar","description":"Fruta poderosa que fortalece a circula\u00e7\u00e3o, reduz inflama\u00e7\u00f5es e apoia o equil\u00edbrio hormonal, promovendo mais conforto e bem-estar.","robots":{"index":"index","follow":"follow","max-snippet":"max-snippet:-1","max-image-preview":"max-image-preview:large","max-video-preview":"max-video-preview:-1"},"canonical":"https:\/\/www.correiobraziliense.com.br\/cbradar\/essa-fruta-roxa-suaviza-ondas-de-calor-reduz-inflamacoes-e-fortalece-a-imunidade\/","og_locale":"pt_BR","og_type":"article","og_title":"Essa fruta roxa suaviza ondas de calor, reduz inflama\u00e7\u00f5es e fortalece a imunidade - Correio Braziliense - Radar","og_description":"Fruta poderosa que fortalece a circula\u00e7\u00e3o, reduz inflama\u00e7\u00f5es e apoia o equil\u00edbrio hormonal, promovendo mais conforto e bem-estar.","og_url":"https:\/\/www.correiobraziliense.com.br\/cbradar\/essa-fruta-roxa-suaviza-ondas-de-calor-reduz-inflamacoes-e-fortalece-a-imunidade\/","og_site_name":"Correio Braziliense - Radar","article_published_time":"2025-11-26T20:45:00+00:00","og_image":[{"width":1280,"height":720,"url":"https:\/\/www.correiobraziliense.com.br\/cbradar\/wp-content\/uploads\/2025\/11\/freepik__faa-uma-imagem-realista-do-fruto-amora-em-uma-rvor__33313.jpeg","type":"image\/jpeg"}],"author":"Daniely Cardoso","twitter_card":"summary_large_image","twitter_misc":{"Escrito por":"Daniely Cardoso","Est. tempo de leitura":"4 minutos"},"schema":{"@context":"https:\/\/schema.org","@graph":[{"@type":"WebPage","@id":"https:\/\/www.correiobraziliense.com.br\/cbradar\/essa-fruta-roxa-suaviza-ondas-de-calor-reduz-inflamacoes-e-fortalece-a-imunidade\/","url":"https:\/\/www.correiobraziliense.com.br\/cbradar\/essa-fruta-roxa-suaviza-ondas-de-calor-reduz-inflamacoes-e-fortalece-a-imunidade\/","name":"Essa fruta roxa suaviza ondas de calor, reduz inflama\u00e7\u00f5es e fortalece a imunidade - Correio Braziliense - Radar","isPartOf":{"@id":"https:\/\/www.correiobraziliense.com.br\/cbradar\/#website"},"primaryImageOfPage":{"@id":"https:\/\/www.correiobraziliense.com.br\/cbradar\/essa-fruta-roxa-suaviza-ondas-de-calor-reduz-inflamacoes-e-fortalece-a-imunidade\/#primaryimage"},"image":{"@id":"https:\/\/www.correiobraziliense.com.br\/cbradar\/essa-fruta-roxa-suaviza-ondas-de-calor-reduz-inflamacoes-e-fortalece-a-imunidade\/#primaryimage"},"thumbnailUrl":"https:\/\/www.correiobraziliense.com.br\/cbradar\/wp-content\/uploads\/2025\/11\/freepik__faa-uma-imagem-realista-do-fruto-amora-em-uma-rvor__33313.jpeg","datePublished":"2025-11-26T20:45:00+00:00","author":{"@id":"https:\/\/www.correiobraziliense.com.br\/cbradar\/#\/schema\/person\/7356666e12ec0ee53f348ee5db227032"},"description":"Fruta poderosa que fortalece a circula\u00e7\u00e3o, reduz inflama\u00e7\u00f5es e apoia o equil\u00edbrio hormonal, promovendo mais conforto e bem-estar.","breadcrumb":{"@id":"https:\/\/www.correiobraziliense.com.br\/cbradar\/essa-fruta-roxa-suaviza-ondas-de-calor-reduz-inflamacoes-e-fortalece-a-imunidade\/#breadcrumb"},"inLanguage":"pt-BR","potentialAction":[{"@type":"ReadAction","target":["https:\/\/www.correiobraziliense.com.br\/cbradar\/essa-fruta-roxa-suaviza-ondas-de-calor-reduz-inflamacoes-e-fortalece-a-imunidade\/"]}]},{"@type":"ImageObject","inLanguage":"pt-BR","@id":"https:\/\/www.correiobraziliense.com.br\/cbradar\/essa-fruta-roxa-suaviza-ondas-de-calor-reduz-inflamacoes-e-fortalece-a-imunidade\/#primaryimage","url":"https:\/\/www.correiobraziliense.com.br\/cbradar\/wp-content\/uploads\/2025\/11\/freepik__faa-uma-imagem-realista-do-fruto-amora-em-uma-rvor__33313.jpeg","contentUrl":"https:\/\/www.correiobraziliense.com.br\/cbradar\/wp-content\/uploads\/2025\/11\/freepik__faa-uma-imagem-realista-do-fruto-amora-em-uma-rvor__33313.jpeg","width":1280,"height":720,"caption":"A amora \u00e9 uma fruta pequena e de cor intensa reconhecida por propriedades medicinais"},{"@type":"BreadcrumbList","@id":"https:\/\/www.correiobraziliense.com.br\/cbradar\/essa-fruta-roxa-suaviza-ondas-de-calor-reduz-inflamacoes-e-fortalece-a-imunidade\/#breadcrumb","itemListElement":[{"@type":"ListItem","position":1,"name":"In\u00edcio","item":"https:\/\/www.correiobraziliense.com.br\/cbradar\/"},{"@type":"ListItem","position":2,"name":"Essa fruta roxa suaviza ondas de calor, reduz inflama\u00e7\u00f5es e fortalece a imunidade"}]},{"@type":"WebSite","@id":"https:\/\/www.correiobraziliense.com.br\/cbradar\/#website","url":"https:\/\/www.correiobraziliense.com.br\/cbradar\/","name":"Correio Braziliense - Radar","description":"Acompanhe as \u00faltimas not\u00edcias e fique bem informado sobre tudo o que acontece no Brasil e no mundo.","potentialAction":[{"@type":"SearchAction","target":{"@type":"EntryPoint","urlTemplate":"https:\/\/www.correiobraziliense.com.br\/cbradar\/?s={search_term_string}"},"query-input":{"@type":"PropertyValueSpecification","valueRequired":true,"valueName":"search_term_string"}}],"inLanguage":"pt-BR"},{"@type":"Person","@id":"https:\/\/www.correiobraziliense.com.br\/cbradar\/#\/schema\/person\/7356666e12ec0ee53f348ee5db227032","name":"Daniely Cardoso","image":{"@type":"ImageObject","inLanguage":"pt-BR","@id":"https:\/\/www.correiobraziliense.com.br\/cbradar\/#\/schema\/person\/image\/","url":"https:\/\/secure.gravatar.com\/avatar\/4b80ddbd124d1f071b626d52d62e5dff?s=96&d=mm&r=g","contentUrl":"https:\/\/secure.gravatar.com\/avatar\/4b80ddbd124d1f071b626d52d62e5dff?s=96&d=mm&r=g","caption":"Daniely Cardoso"},"description":"Redatora nos portais CB Radar e EM Foco, formada pela Universidade Federal de Goi\u00e1s, em Goi\u00e2nia. Apaixonada por comunica\u00e7\u00e3o, arte, decora\u00e7\u00e3o e tend\u00eancias, atuo na produ\u00e7\u00e3o de conte\u00fados envolventes sobre curiosidades, moda, beleza e paisagismo, sempre com um olhar atento \u00e0s novidades do momento.","sameAs":["https:\/\/www.correiobraziliense.com.br\/cbradar"],"url":"https:\/\/www.correiobraziliense.com.br\/cbradar\/author\/danielymyth\/"}]}},"_links":{"self":[{"href":"https:\/\/www.correiobraziliense.com.br\/cbradar\/wp-json\/wp\/v2\/posts\/144268","targetHints":{"allow":["GET"]}}],"collection":[{"href":"https:\/\/www.correiobraziliense.com.br\/cbradar\/wp-json\/wp\/v2\/posts"}],"about":[{"href":"https:\/\/www.correiobraziliense.com.br\/cbradar\/wp-json\/wp\/v2\/types\/post"}],"author":[{"embeddable":true,"href":"https:\/\/www.correiobraziliense.com.br\/cbradar\/wp-json\/wp\/v2\/users\/9"}],"replies":[{"embeddable":true,"href":"https:\/\/www.correiobraziliense.com.br\/cbradar\/wp-json\/wp\/v2\/comments?post=144268"}],"version-history":[{"count":1,"href":"https:\/\/www.correiobraziliense.com.br\/cbradar\/wp-json\/wp\/v2\/posts\/144268\/revisions"}],"predecessor-version":[{"id":144559,"href":"https:\/\/www.correiobraziliense.com.br\/cbradar\/wp-json\/wp\/v2\/posts\/144268\/revisions\/144559"}],"wp:featuredmedia":[{"embeddable":true,"href":"https:\/\/www.correiobraziliense.com.br\/cbradar\/wp-json\/wp\/v2\/media\/144828"}],"wp:attachment":[{"href":"https:\/\/www.correiobraziliense.com.br\/cbradar\/wp-json\/wp\/v2\/media?parent=144268"}],"wp:term":[{"taxonomy":"category","embeddable":true,"href":"https:\/\/www.correiobraziliense.com.br\/cbradar\/wp-json\/wp\/v2\/categories?post=144268"},{"taxonomy":"post_tag","embeddable":true,"href":"https:\/\/www.correiobraziliense.com.br\/cbradar\/wp-json\/wp\/v2\/post_tag?post=144268"}],"curies":[{"name":"wp","href":"https:\/\/api.w.org\/{rel}","templated":true}]}}