{"id":144291,"date":"2025-11-25T15:25:00","date_gmt":"2025-11-25T18:25:00","guid":{"rendered":"https:\/\/www.correiobraziliense.com.br\/cbradar\/?p=144291"},"modified":"2025-11-25T02:07:20","modified_gmt":"2025-11-25T05:07:20","slug":"a-cidade-do-interior-de-sp-que-esta-chamando-atencao-pela-qualidade-de-vida","status":"publish","type":"post","link":"https:\/\/www.correiobraziliense.com.br\/cbradar\/a-cidade-do-interior-de-sp-que-esta-chamando-atencao-pela-qualidade-de-vida\/","title":{"rendered":"A cidade do interior de SP que est\u00e1 chamando aten\u00e7\u00e3o pela qualidade de vida"},"content":{"rendered":"\n<p><strong>Piracicaba<\/strong> \u00e9 uma cidade do interior de <strong>S\u00e3o Paulo<\/strong>, no sudeste do <strong>Brasil<\/strong>, conhecida pela rela\u00e7\u00e3o intensa com o rio que leva o mesmo nome e por um cotidiano que mistura vida urbana com clima de interior. Localizada em uma regi\u00e3o estrat\u00e9gica do estado, pr\u00f3xima a polos importantes como Campinas e \u00e0 pr\u00f3pria capital paulista, ela vem chamando a aten\u00e7\u00e3o de fam\u00edlias e profissionais que buscam uma rotina mais equilibrada.<\/p>\n\n\n\n<p>Ao caminhar pela cidade, \u00e9 f\u00e1cil perceber como o rio, as \u00e1reas verdes e a presen\u00e7a universit\u00e1ria influenciam o ritmo de vida. Entre bairros residenciais tradicionais, espa\u00e7os culturais e parques \u00e0s margens do rio, a sensa\u00e7\u00e3o \u00e9 de estar em um lugar que cresceu preservando v\u00ednculos com a natureza e com o conv\u00edvio de vizinhan\u00e7a.<\/p>\n\n\n\n<h2 class=\"wp-block-heading\">A hist\u00f3ria de Piracicaba?<\/h2>\n\n\n\n<p><strong>A hist\u00f3ria de Piracicaba est\u00e1 ligada ao ciclo do a\u00e7\u00facar e ao uso do rio como rota de transporte e for\u00e7a motriz para engenhos e atividades produtivas. <\/strong>Com o passar do tempo, o munic\u00edpio foi se consolidando como centro regional, recebendo imigrantes, expandindo o com\u00e9rcio e fortalecendo servi\u00e7os.<\/p>\n\n\n\n<p>Esse desenvolvimento criou uma cidade com identidade pr\u00f3pria, em que bairros antigos, pra\u00e7as e constru\u00e7\u00f5es hist\u00f3ricas convivem com \u00e1reas mais modernas. O passado ligado ao campo e \u00e0 \u00e1gua ainda pode ser percebido em festas, na gastronomia e na forma como os moradores se relacionam com o espa\u00e7o urbano.<\/p>\n\n\n<div class=\"wp-block-image\">\n<figure class=\"aligncenter size-large\"><img decoding=\"async\" width=\"1024\" height=\"576\" src=\"https:\/\/www.correiobraziliense.com.br\/cbradar\/wp-content\/uploads\/2025\/08\/Edicoes-32-1024x576.png\" alt=\"A cidade do interior de S\u00e3o Paulo que conquista com sua hist\u00f3ria e qualidade de vida\" class=\"wp-image-79153\" srcset=\"https:\/\/www.correiobraziliense.com.br\/cbradar\/wp-content\/uploads\/2025\/08\/Edicoes-32-1024x576.png 1024w, https:\/\/www.correiobraziliense.com.br\/cbradar\/wp-content\/uploads\/2025\/08\/Edicoes-32-300x169.png 300w, https:\/\/www.correiobraziliense.com.br\/cbradar\/wp-content\/uploads\/2025\/08\/Edicoes-32-768x432.png 768w, https:\/\/www.correiobraziliense.com.br\/cbradar\/wp-content\/uploads\/2025\/08\/Edicoes-32-750x422.png 750w, https:\/\/www.correiobraziliense.com.br\/cbradar\/wp-content\/uploads\/2025\/08\/Edicoes-32-1140x641.png 1140w, https:\/\/www.correiobraziliense.com.br\/cbradar\/wp-content\/uploads\/2025\/08\/Edicoes-32.png 1280w\" sizes=\"(max-width: 1024px) 100vw, 1024px\" \/><figcaption class=\"wp-element-caption\">Piracicaba \u00e9 uma cidade do interior de S\u00e3o Paulo com cerca de 440 mil habitantes em 2025. \/\/ Cr\u00e9ditos: Wikip\u00e9dia<\/figcaption><\/figure><\/div>\n\n\n<h2 class=\"wp-block-heading\">Vale a pena morar em Piracicaba?<\/h2>\n\n\n\n<p><strong>Morar em Piracicaba costuma valer a pena para quem procura equil\u00edbrio entre cidade estruturada e qualidade de vida<\/strong>, sem o ritmo acelerado das grandes metr\u00f3poles. A possibilidade de resolver boa parte da rotina em trajetos curtos, somada \u00e0 presen\u00e7a de \u00e1reas verdes e de uma cena cultural ativa, agrada diferentes perfis de moradores.<\/p>\n\n\n\n<p>Outro ponto importante \u00e9 o ambiente acad\u00eamico e de pesquisa, que atrai estudantes e profissionais de v\u00e1rias regi\u00f5es, renovando a din\u00e2mica da cidade e estimulando servi\u00e7os, eventos e iniciativas culturais. Para muitas fam\u00edlias, essa combina\u00e7\u00e3o de estudo, trabalho e cotidiano mais tranquilo \u00e9 um grande diferencial.<\/p>\n\n\n\n<ul class=\"wp-block-list\">\n<li>Rotina com deslocamentos mais curtos<\/li>\n\n\n\n<li>Vida cultural impulsionada por universidades e centros de pesquisa<\/li>\n\n\n\n<li>Perfil interessante para fam\u00edlias e jovens profissionais<\/li>\n<\/ul>\n\n\n<div class=\"wp-block-image\">\n<figure class=\"aligncenter size-large\"><img decoding=\"async\" width=\"1024\" height=\"576\" src=\"https:\/\/www.correiobraziliense.com.br\/cbradar\/wp-content\/uploads\/2025\/04\/Piracicaba_1744768260132-1024x576.jpg\" alt=\"A cidade do interior de S\u00e3o Paulo que conquista com sua hist\u00f3ria e qualidade de vida\" class=\"wp-image-24115\" srcset=\"https:\/\/www.correiobraziliense.com.br\/cbradar\/wp-content\/uploads\/2025\/04\/Piracicaba_1744768260132-1024x576.jpg 1024w, https:\/\/www.correiobraziliense.com.br\/cbradar\/wp-content\/uploads\/2025\/04\/Piracicaba_1744768260132-300x169.jpg 300w, https:\/\/www.correiobraziliense.com.br\/cbradar\/wp-content\/uploads\/2025\/04\/Piracicaba_1744768260132-768x432.jpg 768w, https:\/\/www.correiobraziliense.com.br\/cbradar\/wp-content\/uploads\/2025\/04\/Piracicaba_1744768260132-750x422.jpg 750w, https:\/\/www.correiobraziliense.com.br\/cbradar\/wp-content\/uploads\/2025\/04\/Piracicaba_1744768260132-1140x641.jpg 1140w, https:\/\/www.correiobraziliense.com.br\/cbradar\/wp-content\/uploads\/2025\/04\/Piracicaba_1744768260132.jpg 1280w\" sizes=\"(max-width: 1024px) 100vw, 1024px\" \/><figcaption class=\"wp-element-caption\">Explore Piracicaba, cidade hist\u00f3rica com belas paisagens, rica em cultura e natureza. \/\/ Cr\u00e9ditos: depositphotos.com \/ eearaki@gmail.com<\/figcaption><\/figure><\/div>\n\n\n<h2 class=\"wp-block-heading\">Vale a pena visitar Piracicaba?<\/h2>\n\n\n\n<p><strong>Visitar Piracicaba \u00e9 uma boa forma de entender o estilo de vida local antes de considerar uma mudan\u00e7a definitiva.<\/strong> A cidade oferece passeios pelo rio, parques, regi\u00f5es hist\u00f3ricas e espa\u00e7os ligados \u00e0 vida universit\u00e1ria, compondo um roteiro que mostra bem como o lazer se integra ao dia a dia.<\/p>\n\n\n\n<p>Ao explorar a cidade como visitante, \u00e9 poss\u00edvel experimentar restaurantes, feiras e eventos que fazem parte da rotina dos moradores, observando bairros residenciais, \u00e1reas comerciais e espa\u00e7os p\u00fablicos usados para caminhada, esportes e encontro de fam\u00edlias.<\/p>\n\n\n\n<ul class=\"wp-block-list\">\n<li>Margens do rio com cal\u00e7ad\u00f5es e \u00e1reas de conviv\u00eancia<\/li>\n\n\n\n<li>Parques urbanos usados para caminhadas e atividades ao ar livre<\/li>\n\n\n\n<li>Regi\u00f5es hist\u00f3ricas e bairros tradicionais com forte vida de bairro<\/li>\n<\/ul>\n\n\n\n<p>Confira abaixo o v\u00eddeo do canal no YouTube <strong>De fora em Juiz de Fora<\/strong>, mostrando cada cantinho para visitar nesta preciosa cidade.<\/p>\n\n\n\n<figure class=\"wp-block-embed is-type-video is-provider-youtube wp-block-embed-youtube wp-embed-aspect-16-9 wp-has-aspect-ratio\"><div class=\"wp-block-embed__wrapper\">\n<div class=\"jeg_video_container jeg_video_content\"><iframe loading=\"lazy\" title=\"PIRACICABA SP: Uma cidade de sabor e hist\u00f3ria em S\u00c3O PAULO - com Tati Marmon \" width=\"500\" height=\"281\" src=\"https:\/\/www.youtube.com\/embed\/v1O7aMoUdf0?feature=oembed\" frameborder=\"0\" allow=\"accelerometer; autoplay; clipboard-write; encrypted-media; gyroscope; picture-in-picture; web-share\" referrerpolicy=\"strict-origin-when-cross-origin\" allowfullscreen><\/iframe><\/div>\n<\/div><\/figure>\n\n\n\n<h2 class=\"wp-block-heading\">O clima de Piracicaba?<\/h2>\n\n\n\n<p><strong>Piracicaba \u00e9 classificado como tropical com inverno ameno, com ver\u00f5es quentes e chuvas concentradas principalmente na esta\u00e7\u00e3o mais quente. <\/strong>Na pr\u00e1tica, isso significa dias de calor \u00famido no ver\u00e3o e noites mais frescas entre o fim do outono e o inverno. <strong><a href=\"https:\/\/www.climatempo.com.br\/previsao-do-tempo\/cidade\/513\/piracicaba-sp\" target=\"_blank\" rel=\"noreferrer noopener\">Segundo o Climatempo<\/a><\/strong>, a temperatura anual fica em torno de 21\u00a0\u00b0C, com m\u00ednimas de inverno perto de 12\u00a0\u00b0C e m\u00e1ximas de ver\u00e3o frequentemente na faixa dos 29\u00a0\u00b0C. Esse perfil clim\u00e1tico favorece atividades ao ar livre durante boa parte do ano, especialmente em parques e \u00e1reas pr\u00f3ximas ao rio.<\/p>\n\n\n\n<p>Veja abaixo a tabela com as principais caracter\u00edsticas clim\u00e1ticas de Piracicaba.<\/p>\n\n\n\n<figure class=\"wp-block-table\"><table class=\"has-fixed-layout\"><thead><tr><th>Esta\u00e7\u00e3o \/ Indicador<\/th><th>Temperaturas \/ Informa\u00e7\u00f5es<\/th><\/tr><\/thead><tbody><tr><td><strong>M\u00e9dia Anual<\/strong><\/td><td>21 \u00b0C<\/td><\/tr><tr><td><strong>Inverno (jun\u2013ago)<\/strong><\/td><td>M\u00ednimas ~12 \u00b0C \/ M\u00e1ximas ~25 \u00b0C<\/td><\/tr><tr><td><strong>Ver\u00e3o (dez\u2013fev)<\/strong><\/td><td>M\u00ednimas ~20 \u00b0C \/ M\u00e1ximas 29\u201330 \u00b0C<\/td><\/tr><tr><td><strong>Meses Mais Chuvosos<\/strong><\/td><td>Novembro a Mar\u00e7o<\/td><\/tr><tr><td><strong>Meses Mais Secos<\/strong><\/td><td>Junho a Agosto<\/td><\/tr><\/tbody><\/table><\/figure>\n\n\n\n<p>Clima tropical com inverno ameno, ver\u00f5es quentes e chuvas concentradas na esta\u00e7\u00e3o mais quente. Ideal para atividades ao ar livre durante boa parte do ano.<\/p>\n\n\n\n<h2 class=\"wp-block-heading\">Qual \u00e9 a melhor \u00e9poca para conhecer Piracicaba antes de se mudar?<\/h2>\n\n\n\n<p>Para quem pensa em morar na cidade, os meses de clima mais ameno costumam ser ideais para explorar bairros, servi\u00e7os e espa\u00e7os p\u00fablicos com mais conforto. O outono e o inverno tendem a oferecer dias ensolarados e temperaturas agrad\u00e1veis para caminhar, visitar im\u00f3veis e observar o movimento das diferentes regi\u00f5es.<\/p>\n\n\n\n<p>J\u00e1 o per\u00edodo mais quente e chuvoso, t\u00edpico de ver\u00e3o, ajuda a entender como a cidade se comporta em dias de calor intenso, especialmente nas \u00e1reas mais centrais e nas proximidades do rio. Conhecer Piracicaba em esta\u00e7\u00f5es distintas pode trazer uma vis\u00e3o mais completa do cotidiano.<\/p>\n\n\n\n<ul class=\"wp-block-list\">\n<li><strong>Outono:<\/strong> clima equilibrado, ideal para visitar bairros e \u00e1reas verdes<\/li>\n\n\n\n<li><strong>Inverno:<\/strong> temperaturas mais amenas, bom para caminhadas e observa\u00e7\u00e3o do dia a dia<\/li>\n\n\n\n<li><strong>Primavera:<\/strong> aumento gradual de calor, parques e margens do rio mais movimentados<\/li>\n\n\n\n<li><strong>Ver\u00e3o:<\/strong> calor \u00famido e chuvas, importante para entender o comportamento clim\u00e1tico da regi\u00e3o<\/li>\n<\/ul>\n\n\n<div class=\"wp-block-image\">\n<figure class=\"aligncenter size-large\"><img decoding=\"async\" width=\"1024\" height=\"576\" src=\"https:\/\/www.correiobraziliense.com.br\/cbradar\/wp-content\/uploads\/2025\/06\/Edicoes-26-1-1024x576.png\" alt=\"A cidade do interior de S\u00e3o Paulo que conquista com sua hist\u00f3ria e qualidade de vida\" class=\"wp-image-58565\" srcset=\"https:\/\/www.correiobraziliense.com.br\/cbradar\/wp-content\/uploads\/2025\/06\/Edicoes-26-1-1024x576.png 1024w, https:\/\/www.correiobraziliense.com.br\/cbradar\/wp-content\/uploads\/2025\/06\/Edicoes-26-1-300x169.png 300w, https:\/\/www.correiobraziliense.com.br\/cbradar\/wp-content\/uploads\/2025\/06\/Edicoes-26-1-768x432.png 768w, https:\/\/www.correiobraziliense.com.br\/cbradar\/wp-content\/uploads\/2025\/06\/Edicoes-26-1-750x422.png 750w, https:\/\/www.correiobraziliense.com.br\/cbradar\/wp-content\/uploads\/2025\/06\/Edicoes-26-1-1140x641.png 1140w, https:\/\/www.correiobraziliense.com.br\/cbradar\/wp-content\/uploads\/2025\/06\/Edicoes-26-1.png 1280w\" sizes=\"(max-width: 1024px) 100vw, 1024px\" \/><figcaption class=\"wp-element-caption\">Piracicaba se destaca pela qualidade de vida e patrim\u00f4nio hist\u00f3rico, al\u00e9m da ind\u00fastria. \/\/ Cr\u00e9ditos: depositphotos.com \/ eearaki@gmail.com<\/figcaption><\/figure><\/div>\n\n\n<h2 class=\"wp-block-heading\">Quais s\u00e3o os segredos e curiosidades de Piracicaba?<\/h2>\n\n\n\n<p>Um dos tra\u00e7os mais marcantes de Piracicaba \u00e9 a rela\u00e7\u00e3o afetiva dos moradores com o rio, que aparece em m\u00fasicas, festas e na mem\u00f3ria coletiva. Passeios \u00e0 beira-rio, eventos e pontos de encontro ligados \u00e0 \u00e1gua ajudam a contar a hist\u00f3ria da cidade de forma viva.<\/p>\n\n\n\n<p>Outro aspecto curioso \u00e9 o papel das institui\u00e7\u00f5es de ensino e pesquisa, que influenciam o perfil da popula\u00e7\u00e3o e a movimenta\u00e7\u00e3o de bairros inteiros. A presen\u00e7a constante de estudantes e profissionais de v\u00e1rias \u00e1reas cria um ambiente din\u00e2mico e diverso, que se reflete em servi\u00e7os, eventos e na pr\u00f3pria atmosfera urbana.<\/p>\n\n\n\n<ul class=\"wp-block-list\">\n<li>Identidade fortemente ligada ao rio e \u00e0 paisagem do vale<\/li>\n\n\n\n<li>Ambiente acad\u00eamico que renova a cidade ano ap\u00f3s ano<\/li>\n\n\n\n<li>Tradi\u00e7\u00f5es locais presentes em festas, gastronomia e espa\u00e7os p\u00fablicos<\/li>\n<\/ul>\n\n\n\n<h2 class=\"wp-block-heading\">Como chegar em Piracicaba?<\/h2>\n\n\n\n<p>Chegar a Piracicaba \u00e9 relativamente simples gra\u00e7as \u00e0s rodovias que ligam o munic\u00edpio a outras cidades do interior e \u00e0 capital paulista. Muitas pessoas chegam de carro pr\u00f3prio, facilitando a circula\u00e7\u00e3o por bairros residenciais e regi\u00f5es pr\u00f3ximas.<\/p>\n\n\n\n<p>H\u00e1 tamb\u00e9m linhas de \u00f4nibus que conectam a cidade a terminais importantes da regi\u00e3o, permitindo que estudantes, trabalhadores e visitantes se desloquem com regularidade. Para quem vem de outras partes do pa\u00eds, o trajeto costuma envolver aeroportos em grandes centros e, em seguida, o percurso final por via terrestre.<\/p>\n\n\n\n<p><strong>Leia tamb\u00e9m: <a href=\"https:\/\/www.correiobraziliense.com.br\/cbradar\/essa-cidade-paulista-modelo-em-tecnologia-oferece-bem-estar-e-educacao-avancada\/\" target=\"_blank\" rel=\"noreferrer noopener\">Essa cidade paulista modelo em tecnologia oferece bem-estar e educa\u00e7\u00e3o avan\u00e7ada.<\/a><\/strong><\/p>\n\n\n\n<h2 class=\"wp-block-heading\">O que torna Piracicaba especial em S\u00e3o Paulo?<\/h2>\n\n\n\n<p><strong>Piracicaba se destaca em S\u00e3o Paulo por reunir vida urbana ativa, ambiente acad\u00eamico forte e uma rela\u00e7\u00e3o singular com o rio, elementos que criam um estilo de vida pr\u00f3prio.<\/strong><\/p>\n\n\n\n<p>Quem escolhe a cidade para morar encontra uma combina\u00e7\u00e3o de rotina mais tranquila, oportunidades de estudo e trabalho e forte identidade local. Essa soma de fatores faz do munic\u00edpio uma alternativa interessante para quem quer permanecer no estado, mas busca uma experi\u00eancia diferente da das grandes metr\u00f3poles.<\/p>\n\n\n\n<ul class=\"wp-block-list\">\n<li>Equil\u00edbrio entre cidade de porte m\u00e9dio e clima de interior<\/li>\n\n\n\n<li>Presen\u00e7a de parques, margens de rio e espa\u00e7os ao ar livre<\/li>\n\n\n\n<li>Ambiente favor\u00e1vel para fam\u00edlias, estudantes e profissionais em transi\u00e7\u00e3o<\/li>\n<\/ul>\n\n\n\n<p>Explore tudo o que faz de Piracicaba em S\u00e3o Paulo um destino imperd\u00edvel e apaixonante para viver.<\/p>\n","protected":false},"excerpt":{"rendered":"<p>Piracicaba \u00e9 uma cidade do interior de S\u00e3o Paulo, no sudeste do Brasil, conhecida pela rela\u00e7\u00e3o intensa com o rio que leva o mesmo nome e por um cotidiano que mistura vida urbana com clima de interior. Localizada em uma regi\u00e3o estrat\u00e9gica do estado, pr\u00f3xima a polos importantes como Campinas e \u00e0 pr\u00f3pria capital paulista, [&hellip;]<\/p>\n","protected":false},"author":8,"featured_media":144766,"comment_status":"open","ping_status":"open","sticky":false,"template":"","format":"standard","meta":{"_yoast_wpseo_focuskw":"Piracicaba","_yoast_wpseo_title":"","_yoast_wpseo_metadesc":"A cidade do interior paulista est\u00e1 virando s\u00edmbolo de qualidade de vida e encantando quem busca tranquilidade, seguran\u00e7a e bem-estar.","jnews-multi-image_gallery":[],"jnews_single_post":{"format":"standard"},"jnews_primary_category":[],"jnews_social_meta":[],"jnews_override_counter":[],"footnotes":""},"categories":[108,111],"post_tag":[2135,247,278],"class_list":["post-144291","post","type-post","status-publish","format-standard","has-post-thumbnail","hentry","category-cidades","category-turismo","tag-interior","tag-qualidade-de-vida","tag-sao-paulo"],"yoast_head":"<!-- This site is optimized with the Yoast SEO plugin v24.6 - https:\/\/yoast.com\/wordpress\/plugins\/seo\/ -->\n<title>A cidade do interior de SP que est\u00e1 chamando aten\u00e7\u00e3o pela qualidade de vida - Correio Braziliense - Radar<\/title>\n<meta name=\"description\" content=\"A cidade do interior paulista est\u00e1 virando s\u00edmbolo de qualidade de vida e encantando quem busca tranquilidade, seguran\u00e7a e bem-estar.\" \/>\n<meta name=\"robots\" content=\"index, follow, max-snippet:-1, max-image-preview:large, max-video-preview:-1\" \/>\n<link rel=\"canonical\" href=\"https:\/\/www.correiobraziliense.com.br\/cbradar\/a-cidade-do-interior-de-sp-que-esta-chamando-atencao-pela-qualidade-de-vida\/\" \/>\n<meta property=\"og:locale\" content=\"pt_BR\" \/>\n<meta property=\"og:type\" content=\"article\" \/>\n<meta property=\"og:title\" content=\"A cidade do interior de SP que est\u00e1 chamando aten\u00e7\u00e3o pela qualidade de vida - Correio Braziliense - Radar\" \/>\n<meta property=\"og:description\" content=\"A cidade do interior paulista est\u00e1 virando s\u00edmbolo de qualidade de vida e encantando quem busca tranquilidade, seguran\u00e7a e bem-estar.\" \/>\n<meta property=\"og:url\" content=\"https:\/\/www.correiobraziliense.com.br\/cbradar\/a-cidade-do-interior-de-sp-que-esta-chamando-atencao-pela-qualidade-de-vida\/\" \/>\n<meta property=\"og:site_name\" content=\"Correio Braziliense - Radar\" \/>\n<meta property=\"article:published_time\" content=\"2025-11-25T18:25:00+00:00\" \/>\n<meta property=\"og:image\" content=\"https:\/\/www.correiobraziliense.com.br\/cbradar\/wp-content\/uploads\/2025\/11\/Piracicaba-_1764047193932.jpg\" \/>\n\t<meta property=\"og:image:width\" content=\"1280\" \/>\n\t<meta property=\"og:image:height\" content=\"720\" \/>\n\t<meta property=\"og:image:type\" content=\"image\/jpeg\" \/>\n<meta name=\"author\" content=\"Maura Pereira\" \/>\n<meta name=\"twitter:card\" content=\"summary_large_image\" \/>\n<meta name=\"twitter:label1\" content=\"Escrito por\" \/>\n\t<meta name=\"twitter:data1\" content=\"Maura Pereira\" \/>\n\t<meta name=\"twitter:label2\" content=\"Est. tempo de leitura\" \/>\n\t<meta name=\"twitter:data2\" content=\"8 minutos\" \/>\n<!-- \/ Yoast SEO plugin. -->","yoast_head_json":{"title":"A cidade do interior de SP que est\u00e1 chamando aten\u00e7\u00e3o pela qualidade de vida - Correio Braziliense - Radar","description":"A cidade do interior paulista est\u00e1 virando s\u00edmbolo de qualidade de vida e encantando quem busca tranquilidade, seguran\u00e7a e bem-estar.","robots":{"index":"index","follow":"follow","max-snippet":"max-snippet:-1","max-image-preview":"max-image-preview:large","max-video-preview":"max-video-preview:-1"},"canonical":"https:\/\/www.correiobraziliense.com.br\/cbradar\/a-cidade-do-interior-de-sp-que-esta-chamando-atencao-pela-qualidade-de-vida\/","og_locale":"pt_BR","og_type":"article","og_title":"A cidade do interior de SP que est\u00e1 chamando aten\u00e7\u00e3o pela qualidade de vida - Correio Braziliense - Radar","og_description":"A cidade do interior paulista est\u00e1 virando s\u00edmbolo de qualidade de vida e encantando quem busca tranquilidade, seguran\u00e7a e bem-estar.","og_url":"https:\/\/www.correiobraziliense.com.br\/cbradar\/a-cidade-do-interior-de-sp-que-esta-chamando-atencao-pela-qualidade-de-vida\/","og_site_name":"Correio Braziliense - Radar","article_published_time":"2025-11-25T18:25:00+00:00","og_image":[{"width":1280,"height":720,"url":"https:\/\/www.correiobraziliense.com.br\/cbradar\/wp-content\/uploads\/2025\/11\/Piracicaba-_1764047193932.jpg","type":"image\/jpeg"}],"author":"Maura Pereira","twitter_card":"summary_large_image","twitter_misc":{"Escrito por":"Maura Pereira","Est. tempo de leitura":"8 minutos"},"schema":{"@context":"https:\/\/schema.org","@graph":[{"@type":"WebPage","@id":"https:\/\/www.correiobraziliense.com.br\/cbradar\/a-cidade-do-interior-de-sp-que-esta-chamando-atencao-pela-qualidade-de-vida\/","url":"https:\/\/www.correiobraziliense.com.br\/cbradar\/a-cidade-do-interior-de-sp-que-esta-chamando-atencao-pela-qualidade-de-vida\/","name":"A cidade do interior de SP que est\u00e1 chamando aten\u00e7\u00e3o pela qualidade de vida - Correio Braziliense - Radar","isPartOf":{"@id":"https:\/\/www.correiobraziliense.com.br\/cbradar\/#website"},"primaryImageOfPage":{"@id":"https:\/\/www.correiobraziliense.com.br\/cbradar\/a-cidade-do-interior-de-sp-que-esta-chamando-atencao-pela-qualidade-de-vida\/#primaryimage"},"image":{"@id":"https:\/\/www.correiobraziliense.com.br\/cbradar\/a-cidade-do-interior-de-sp-que-esta-chamando-atencao-pela-qualidade-de-vida\/#primaryimage"},"thumbnailUrl":"https:\/\/www.correiobraziliense.com.br\/cbradar\/wp-content\/uploads\/2025\/11\/Piracicaba-_1764047193932.jpg","datePublished":"2025-11-25T18:25:00+00:00","author":{"@id":"https:\/\/www.correiobraziliense.com.br\/cbradar\/#\/schema\/person\/4053c651a9bfc785afc6f4cbc9032fd3"},"description":"A cidade do interior paulista est\u00e1 virando s\u00edmbolo de qualidade de vida e encantando quem busca tranquilidade, seguran\u00e7a e bem-estar.","breadcrumb":{"@id":"https:\/\/www.correiobraziliense.com.br\/cbradar\/a-cidade-do-interior-de-sp-que-esta-chamando-atencao-pela-qualidade-de-vida\/#breadcrumb"},"inLanguage":"pt-BR","potentialAction":[{"@type":"ReadAction","target":["https:\/\/www.correiobraziliense.com.br\/cbradar\/a-cidade-do-interior-de-sp-que-esta-chamando-atencao-pela-qualidade-de-vida\/"]}]},{"@type":"ImageObject","inLanguage":"pt-BR","@id":"https:\/\/www.correiobraziliense.com.br\/cbradar\/a-cidade-do-interior-de-sp-que-esta-chamando-atencao-pela-qualidade-de-vida\/#primaryimage","url":"https:\/\/www.correiobraziliense.com.br\/cbradar\/wp-content\/uploads\/2025\/11\/Piracicaba-_1764047193932.jpg","contentUrl":"https:\/\/www.correiobraziliense.com.br\/cbradar\/wp-content\/uploads\/2025\/11\/Piracicaba-_1764047193932.jpg","width":1280,"height":720,"caption":"Piracicaba \u00e9 uma cidade no interior de S\u00e3o Paulo, importante polo agroindustrial e de produ\u00e7\u00e3o de cana-de-a\u00e7\u00facar. \/\/ Cr\u00e9ditos: depositphotos.com \/ eearaki@gmail.com"},{"@type":"BreadcrumbList","@id":"https:\/\/www.correiobraziliense.com.br\/cbradar\/a-cidade-do-interior-de-sp-que-esta-chamando-atencao-pela-qualidade-de-vida\/#breadcrumb","itemListElement":[{"@type":"ListItem","position":1,"name":"In\u00edcio","item":"https:\/\/www.correiobraziliense.com.br\/cbradar\/"},{"@type":"ListItem","position":2,"name":"A cidade do interior de SP que est\u00e1 chamando aten\u00e7\u00e3o pela qualidade de vida"}]},{"@type":"WebSite","@id":"https:\/\/www.correiobraziliense.com.br\/cbradar\/#website","url":"https:\/\/www.correiobraziliense.com.br\/cbradar\/","name":"Correio Braziliense - Radar","description":"Acompanhe as \u00faltimas not\u00edcias e fique bem informado sobre tudo o que acontece no Brasil e no mundo.","potentialAction":[{"@type":"SearchAction","target":{"@type":"EntryPoint","urlTemplate":"https:\/\/www.correiobraziliense.com.br\/cbradar\/?s={search_term_string}"},"query-input":{"@type":"PropertyValueSpecification","valueRequired":true,"valueName":"search_term_string"}}],"inLanguage":"pt-BR"},{"@type":"Person","@id":"https:\/\/www.correiobraziliense.com.br\/cbradar\/#\/schema\/person\/4053c651a9bfc785afc6f4cbc9032fd3","name":"Maura Pereira","image":{"@type":"ImageObject","inLanguage":"pt-BR","@id":"https:\/\/www.correiobraziliense.com.br\/cbradar\/#\/schema\/person\/image\/","url":"https:\/\/secure.gravatar.com\/avatar\/3effd6bdadfa447f15089c7f7144eaa6?s=96&d=mm&r=g","contentUrl":"https:\/\/secure.gravatar.com\/avatar\/3effd6bdadfa447f15089c7f7144eaa6?s=96&d=mm&r=g","caption":"Maura Pereira"},"sameAs":["https:\/\/www.correiobraziliense.com.br\/"],"url":"https:\/\/www.correiobraziliense.com.br\/cbradar\/author\/mauramyth\/"}]}},"_links":{"self":[{"href":"https:\/\/www.correiobraziliense.com.br\/cbradar\/wp-json\/wp\/v2\/posts\/144291","targetHints":{"allow":["GET"]}}],"collection":[{"href":"https:\/\/www.correiobraziliense.com.br\/cbradar\/wp-json\/wp\/v2\/posts"}],"about":[{"href":"https:\/\/www.correiobraziliense.com.br\/cbradar\/wp-json\/wp\/v2\/types\/post"}],"author":[{"embeddable":true,"href":"https:\/\/www.correiobraziliense.com.br\/cbradar\/wp-json\/wp\/v2\/users\/8"}],"replies":[{"embeddable":true,"href":"https:\/\/www.correiobraziliense.com.br\/cbradar\/wp-json\/wp\/v2\/comments?post=144291"}],"version-history":[{"count":16,"href":"https:\/\/www.correiobraziliense.com.br\/cbradar\/wp-json\/wp\/v2\/posts\/144291\/revisions"}],"predecessor-version":[{"id":144524,"href":"https:\/\/www.correiobraziliense.com.br\/cbradar\/wp-json\/wp\/v2\/posts\/144291\/revisions\/144524"}],"wp:featuredmedia":[{"embeddable":true,"href":"https:\/\/www.correiobraziliense.com.br\/cbradar\/wp-json\/wp\/v2\/media\/144766"}],"wp:attachment":[{"href":"https:\/\/www.correiobraziliense.com.br\/cbradar\/wp-json\/wp\/v2\/media?parent=144291"}],"wp:term":[{"taxonomy":"category","embeddable":true,"href":"https:\/\/www.correiobraziliense.com.br\/cbradar\/wp-json\/wp\/v2\/categories?post=144291"},{"taxonomy":"post_tag","embeddable":true,"href":"https:\/\/www.correiobraziliense.com.br\/cbradar\/wp-json\/wp\/v2\/post_tag?post=144291"}],"curies":[{"name":"wp","href":"https:\/\/api.w.org\/{rel}","templated":true}]}}