{"id":144298,"date":"2025-11-25T06:05:00","date_gmt":"2025-11-25T09:05:00","guid":{"rendered":"https:\/\/www.correiobraziliense.com.br\/cbradar\/?p=144298"},"modified":"2025-11-24T14:26:29","modified_gmt":"2025-11-24T17:26:29","slug":"4-bebidas-que-ajudam-o-figado-a-funcionar-melhor-rapidamente","status":"publish","type":"post","link":"https:\/\/www.correiobraziliense.com.br\/cbradar\/4-bebidas-que-ajudam-o-figado-a-funcionar-melhor-rapidamente\/","title":{"rendered":"4 Bebidas que ajudam o f\u00edgado a funcionar melhor rapidamente"},"content":{"rendered":"\n<p>O <strong>F\u00edgado <\/strong>\u00e9 um dos \u00f3rg\u00e3os mais importantes do corpo humano, desempenhando in\u00fameras fun\u00e7\u00f5es essenciais para a manuten\u00e7\u00e3o do bem-estar e a preven\u00e7\u00e3o de doen\u00e7as. Ele \u00e9 respons\u00e1vel pela desintoxica\u00e7\u00e3o do sangue, produ\u00e7\u00e3o de bile para digest\u00e3o, armazenamento de nutrientes e metabolismo de medicamentos. Portanto, manter o F\u00edgado saud\u00e1vel \u00e9 crucial para o funcionamento otimizado do organismo.<\/p>\n\n\n\n<p>Al\u00e9m das fun\u00e7\u00f5es b\u00e1sicas, o F\u00edgado atua na regula\u00e7\u00e3o de prote\u00ednas do sangue e na utiliza\u00e7\u00e3o de gorduras e vitaminas. Suas mais de 500 atividades vitais destacam sua import\u00e2ncia no sistema corporal, tornando-o fundamental para a sa\u00fade geral. A ado\u00e7\u00e3o de uma dieta equilibrada e a inclus\u00e3o de determinadas bebidas naturais podem contribuir significativamente para a prote\u00e7\u00e3o hep\u00e1tica.<\/p>\n\n\n\n<h2 class=\"wp-block-heading\">Ch\u00e1 Verde: Uma Bebida Protetora do F\u00edgado<\/h2>\n\n\n\n<p>O ch\u00e1 verde \u00e9 amplamente reconhecido por seus in\u00fameros benef\u00edcios \u00e0 <a href=\"https:\/\/www.correiobraziliense.com.br\/cbradar\/o-avanco-cirurgico-que-permite-operar-o-cerebro-com-o-paciente-acordado\/\" target=\"_blank\" rel=\"noreferrer noopener\">sa\u00fade<\/a>, especialmente no que diz respeito \u00e0 prote\u00e7\u00e3o do F\u00edgado. Rico em antioxidantes chamados catequinas, ele auxilia na preven\u00e7\u00e3o de danos celulares e na melhora da fun\u00e7\u00e3o hep\u00e1tica. Estudos indicam que o consumo regular de ch\u00e1 verde est\u00e1 associado a um menor risco de desenvolvimento de doen\u00e7as hep\u00e1ticas, como a cirrose.<\/p>\n\n\n\n<p>O International Journal of Clinical and Experimental Medicine aponta que o ch\u00e1 verde pode ajudar a reduzir as chances de complica\u00e7\u00f5es no F\u00edgado, promovendo a sa\u00fade hep\u00e1tica a longo prazo. Assim, incorporar essa bebida na rotina di\u00e1ria pode ser uma estrat\u00e9gia eficaz para garantir um F\u00edgado mais saud\u00e1vel.<\/p>\n\n\n\n<h2 class=\"wp-block-heading\">Quais os benef\u00edcios do suco de beterraba para o F\u00edgado?<\/h2>\n\n\n\n<p>O suco de beterraba \u00e9 uma op\u00e7\u00e3o natural eficaz na promo\u00e7\u00e3o da sa\u00fade do F\u00edgado, gra\u00e7as ao seu alto teor de pot\u00e1ssio, vitamina C e antioxidantes. Estas subst\u00e2ncias ajudam a proteger o F\u00edgado de danos oxidativos e inflama\u00e7\u00f5es, melhorando sua capacidade de desintoxicar o corpo.<\/p>\n\n\n\n<figure class=\"wp-block-image aligncenter size-large\"><img decoding=\"async\" width=\"1024\" height=\"576\" src=\"https:\/\/www.correiobraziliense.com.br\/cbradar\/wp-content\/uploads\/2025\/05\/beterraba_1747753047099-1024x576.jpg\" alt=\"\" class=\"wp-image-40058\" srcset=\"https:\/\/www.correiobraziliense.com.br\/cbradar\/wp-content\/uploads\/2025\/05\/beterraba_1747753047099-1024x576.jpg 1024w, https:\/\/www.correiobraziliense.com.br\/cbradar\/wp-content\/uploads\/2025\/05\/beterraba_1747753047099-300x169.jpg 300w, https:\/\/www.correiobraziliense.com.br\/cbradar\/wp-content\/uploads\/2025\/05\/beterraba_1747753047099-768x432.jpg 768w, https:\/\/www.correiobraziliense.com.br\/cbradar\/wp-content\/uploads\/2025\/05\/beterraba_1747753047099-750x422.jpg 750w, https:\/\/www.correiobraziliense.com.br\/cbradar\/wp-content\/uploads\/2025\/05\/beterraba_1747753047099-1140x641.jpg 1140w, https:\/\/www.correiobraziliense.com.br\/cbradar\/wp-content\/uploads\/2025\/05\/beterraba_1747753047099.jpg 1280w\" sizes=\"(max-width: 1024px) 100vw, 1024px\" \/><figcaption class=\"wp-element-caption\">Suco de beterraba: benef\u00edcios e como tomar &#8211; Cr\u00e9ditos: depositphotos.com \/ VadimVasenin\n\n<\/figcaption><\/figure>\n\n\n\n<p>De acordo com institui\u00e7\u00f5es especializadas, como a FundaH\u00edgado, os componentes ativos da beterraba tornam o suco uma poderosa op\u00e7\u00e3o para apoiar a fun\u00e7\u00e3o hep\u00e1tica. O consumo regular desse suco pode integrar uma estrat\u00e9gia nutricional abrangente para manter o F\u00edgado protegido e em bom funcionamento.<\/p>\n\n\n\n<h2 class=\"wp-block-heading\">Caf\u00e9 e sa\u00fade hep\u00e1tica: existe uma rela\u00e7\u00e3o positiva?<\/h2>\n\n\n\n<p>O consumo moderado de caf\u00e9 pode ser surpreendentemente ben\u00e9fico para o F\u00edgado. Pesquisas sugerem que tanto o caf\u00e9 comum quanto o descafeinado est\u00e3o associados a um menor risco de ocorr\u00eancia de doen\u00e7as hep\u00e1ticas graves. Estudos apontam que o caf\u00e9 pode ajudar na redu\u00e7\u00e3o do ac\u00famulo de gordura no F\u00edgado, contribuindo para a preven\u00e7\u00e3o da esteatose hep\u00e1tica n\u00e3o alco\u00f3lica.<\/p>\n\n\n\n<p>Segundo a British Liver Trust, a ingest\u00e3o de 3 a 4 x\u00edcaras de caf\u00e9 diariamente pode otimizar seus efeitos protetores, sem representar riscos \u00e0 sa\u00fade. Portanto, incorporar o caf\u00e9 na dieta pode ser um aliado na manuten\u00e7\u00e3o de um F\u00edgado saud\u00e1vel.<\/p>\n\n\n\n<h2 class=\"wp-block-heading\">Quais pr\u00e1ticas diet\u00e9ticas para a sa\u00fade do F\u00edgado?<\/h2>\n\n\n\n<p>Para assegurar a sa\u00fade do F\u00edgado, al\u00e9m da inclus\u00e3o de bebidas como ch\u00e1 verde, suco de beterraba e caf\u00e9, \u00e9 vital evitar o consumo excessivo de \u00e1lcool, alimentos ultraprocessados e a\u00e7\u00facares adicionados. Uma dieta equilibrada, rica em frutas, verduras e gr\u00e3os integrais, \u00e9 fundamental para o bem-estar do F\u00edgado e do organismo como um todo.<\/p>\n\n\n\n<p>Recomenda-se tamb\u00e9m procurar orienta\u00e7\u00e3o m\u00e9dica antes de realizar mudan\u00e7as significativas na dieta, garantindo que as decis\u00f5es alimentares apoiem a sa\u00fade hep\u00e1tica de forma eficaz. Incorporar h\u00e1bitos saud\u00e1veis na alimenta\u00e7\u00e3o di\u00e1ria \u00e9 essencial para promover um F\u00edgado funcional e prevenindo o surgimento de doen\u00e7as. Essas pr\u00e1ticas podem fazer a diferen\u00e7a na manuten\u00e7\u00e3o de um corpo saud\u00e1vel e equilibrado.<\/p>\n\n\n<a href=\"https:\/\/www.instagram.com\/dra.annaluisabf\/\" target=\"_blank\" rel=\"noopener\" style=\"text-decoration: none; color: inherit;\">\n    <span style=\"display: inline-block; border: 1px solid #ccc; border-radius: 10px; padding: 15px; max-width: 550px; font-family: sans-serif; box-shadow: 0 2px 5px rgba(0,0,0,0.1); width: 100%;\">\n\n      <!-- T\u00edtulo -->\n      <span style=\"display: block; margin: 0 0 15px 0; font-weight: bold; color: #2c3e50; text-align: center;\">\n        Entre em contato:\n      <\/span>\n\n      <!-- Linha do perfil -->\n      <span style=\"display: flex; align-items: center; gap: 15px;\">\n        <img decoding=\"async\"\n          src=\"https:\/\/www.correiobraziliense.com.br\/cbradar\/wp-content\/uploads\/2025\/08\/dra_anna_luisa.jpeg\"\n          alt=\"Foto da Dra. Anna Lu\u00edsa\"\n          style=\"border-radius: 50%; width: 80px; height: 80px; object-fit: cover;\"\n        \/>\n        <span style=\"display: flex; flex-direction: column;\">\n          <span style=\"font-size: 18px; font-weight: 700; color: #2c3e50;\">Dra. Anna Lu\u00edsa Barbosa Fernandes<\/span>\n          <span style=\"color: #555;\">CRM-GO 33.271<\/span>\n        <\/span>\n      <\/span>\n\n      <!-- Redes -->\n      <span style=\"display: flex; align-items: center; gap: 10px; margin-top: 12px;\">\n        <img decoding=\"async\" src=\"https:\/\/cdn-icons-png.flaticon.com\/24\/1384\/1384063.png\" alt=\"Instagram\" width=\"24\" height=\"24\" \/>\n        <span style=\"text-decoration: underline; color: #2c3e50;\">@dra.annaluisabf<\/span>\n      <\/span>\n\n    <\/span>\n  <\/a>","protected":false},"excerpt":{"rendered":"<p>O F\u00edgado \u00e9 um dos \u00f3rg\u00e3os mais importantes do corpo humano, desempenhando in\u00fameras fun\u00e7\u00f5es essenciais para a manuten\u00e7\u00e3o do bem-estar e a preven\u00e7\u00e3o de doen\u00e7as. Ele \u00e9 respons\u00e1vel pela desintoxica\u00e7\u00e3o do sangue, produ\u00e7\u00e3o de bile para digest\u00e3o, armazenamento de nutrientes e metabolismo de medicamentos. Portanto, manter o F\u00edgado saud\u00e1vel \u00e9 crucial para o funcionamento otimizado [&hellip;]<\/p>\n","protected":false},"author":14,"featured_media":83079,"comment_status":"open","ping_status":"open","sticky":false,"template":"","format":"standard","meta":{"_yoast_wpseo_focuskw":"F\u00edgado","_yoast_wpseo_title":"","_yoast_wpseo_metadesc":"Descubra como bebidas naturais, como ch\u00e1 verde e caf\u00e9, ajudam a reduzir riscos hep\u00e1ticos e fortalecem o funcionamento do f\u00edgado.","jnews-multi-image_gallery":[],"jnews_single_post":{"format":"standard"},"jnews_primary_category":[],"jnews_social_meta":[],"jnews_override_counter":[],"footnotes":""},"categories":[4404],"post_tag":[120,247,1318],"class_list":["post-144298","post","type-post","status-publish","format-standard","has-post-thumbnail","hentry","category-saude","tag-bem-estar","tag-qualidade-de-vida","tag-saude-2"],"yoast_head":"<!-- This site is optimized with the Yoast SEO plugin v24.6 - https:\/\/yoast.com\/wordpress\/plugins\/seo\/ -->\n<title>4 Bebidas que ajudam o f\u00edgado a funcionar melhor rapidamente - Correio Braziliense - Radar<\/title>\n<meta name=\"description\" content=\"Descubra como bebidas naturais, como ch\u00e1 verde e caf\u00e9, ajudam a reduzir riscos hep\u00e1ticos e fortalecem o funcionamento do f\u00edgado.\" \/>\n<meta name=\"robots\" content=\"index, follow, max-snippet:-1, max-image-preview:large, max-video-preview:-1\" \/>\n<link rel=\"canonical\" href=\"https:\/\/www.correiobraziliense.com.br\/cbradar\/4-bebidas-que-ajudam-o-figado-a-funcionar-melhor-rapidamente\/\" \/>\n<meta property=\"og:locale\" content=\"pt_BR\" \/>\n<meta property=\"og:type\" content=\"article\" \/>\n<meta property=\"og:title\" content=\"4 Bebidas que ajudam o f\u00edgado a funcionar melhor rapidamente - Correio Braziliense - Radar\" \/>\n<meta property=\"og:description\" content=\"Descubra como bebidas naturais, como ch\u00e1 verde e caf\u00e9, ajudam a reduzir riscos hep\u00e1ticos e fortalecem o funcionamento do f\u00edgado.\" \/>\n<meta property=\"og:url\" content=\"https:\/\/www.correiobraziliense.com.br\/cbradar\/4-bebidas-que-ajudam-o-figado-a-funcionar-melhor-rapidamente\/\" \/>\n<meta property=\"og:site_name\" content=\"Correio Braziliense - Radar\" \/>\n<meta property=\"article:published_time\" content=\"2025-11-25T09:05:00+00:00\" \/>\n<meta property=\"og:image\" content=\"https:\/\/www.correiobraziliense.com.br\/cbradar\/wp-content\/uploads\/2025\/08\/transplante-de-figado_1754678024787.jpg\" \/>\n\t<meta property=\"og:image:width\" content=\"1280\" \/>\n\t<meta property=\"og:image:height\" content=\"720\" \/>\n\t<meta property=\"og:image:type\" content=\"image\/jpeg\" \/>\n<meta name=\"author\" content=\"guilherme_saude\" \/>\n<meta name=\"twitter:card\" content=\"summary_large_image\" \/>\n<meta name=\"twitter:label1\" content=\"Escrito por\" \/>\n\t<meta name=\"twitter:data1\" content=\"guilherme_saude\" \/>\n\t<meta name=\"twitter:label2\" content=\"Est. tempo de leitura\" \/>\n\t<meta name=\"twitter:data2\" content=\"5 minutos\" \/>\n<!-- \/ Yoast SEO plugin. -->","yoast_head_json":{"title":"4 Bebidas que ajudam o f\u00edgado a funcionar melhor rapidamente - Correio Braziliense - Radar","description":"Descubra como bebidas naturais, como ch\u00e1 verde e caf\u00e9, ajudam a reduzir riscos hep\u00e1ticos e fortalecem o funcionamento do f\u00edgado.","robots":{"index":"index","follow":"follow","max-snippet":"max-snippet:-1","max-image-preview":"max-image-preview:large","max-video-preview":"max-video-preview:-1"},"canonical":"https:\/\/www.correiobraziliense.com.br\/cbradar\/4-bebidas-que-ajudam-o-figado-a-funcionar-melhor-rapidamente\/","og_locale":"pt_BR","og_type":"article","og_title":"4 Bebidas que ajudam o f\u00edgado a funcionar melhor rapidamente - Correio Braziliense - Radar","og_description":"Descubra como bebidas naturais, como ch\u00e1 verde e caf\u00e9, ajudam a reduzir riscos hep\u00e1ticos e fortalecem o funcionamento do f\u00edgado.","og_url":"https:\/\/www.correiobraziliense.com.br\/cbradar\/4-bebidas-que-ajudam-o-figado-a-funcionar-melhor-rapidamente\/","og_site_name":"Correio Braziliense - Radar","article_published_time":"2025-11-25T09:05:00+00:00","og_image":[{"width":1280,"height":720,"url":"https:\/\/www.correiobraziliense.com.br\/cbradar\/wp-content\/uploads\/2025\/08\/transplante-de-figado_1754678024787.jpg","type":"image\/jpeg"}],"author":"guilherme_saude","twitter_card":"summary_large_image","twitter_misc":{"Escrito por":"guilherme_saude","Est. tempo de leitura":"5 minutos"},"schema":{"@context":"https:\/\/schema.org","@graph":[{"@type":"WebPage","@id":"https:\/\/www.correiobraziliense.com.br\/cbradar\/4-bebidas-que-ajudam-o-figado-a-funcionar-melhor-rapidamente\/","url":"https:\/\/www.correiobraziliense.com.br\/cbradar\/4-bebidas-que-ajudam-o-figado-a-funcionar-melhor-rapidamente\/","name":"4 Bebidas que ajudam o f\u00edgado a funcionar melhor rapidamente - Correio Braziliense - Radar","isPartOf":{"@id":"https:\/\/www.correiobraziliense.com.br\/cbradar\/#website"},"primaryImageOfPage":{"@id":"https:\/\/www.correiobraziliense.com.br\/cbradar\/4-bebidas-que-ajudam-o-figado-a-funcionar-melhor-rapidamente\/#primaryimage"},"image":{"@id":"https:\/\/www.correiobraziliense.com.br\/cbradar\/4-bebidas-que-ajudam-o-figado-a-funcionar-melhor-rapidamente\/#primaryimage"},"thumbnailUrl":"https:\/\/www.correiobraziliense.com.br\/cbradar\/wp-content\/uploads\/2025\/08\/transplante-de-figado_1754678024787.jpg","datePublished":"2025-11-25T09:05:00+00:00","author":{"@id":"https:\/\/www.correiobraziliense.com.br\/cbradar\/#\/schema\/person\/5aa4bf3c8fa699c267933611de12978b"},"description":"Descubra como bebidas naturais, como ch\u00e1 verde e caf\u00e9, ajudam a reduzir riscos hep\u00e1ticos e fortalecem o funcionamento do f\u00edgado.","breadcrumb":{"@id":"https:\/\/www.correiobraziliense.com.br\/cbradar\/4-bebidas-que-ajudam-o-figado-a-funcionar-melhor-rapidamente\/#breadcrumb"},"inLanguage":"pt-BR","potentialAction":[{"@type":"ReadAction","target":["https:\/\/www.correiobraziliense.com.br\/cbradar\/4-bebidas-que-ajudam-o-figado-a-funcionar-melhor-rapidamente\/"]}]},{"@type":"ImageObject","inLanguage":"pt-BR","@id":"https:\/\/www.correiobraziliense.com.br\/cbradar\/4-bebidas-que-ajudam-o-figado-a-funcionar-melhor-rapidamente\/#primaryimage","url":"https:\/\/www.correiobraziliense.com.br\/cbradar\/wp-content\/uploads\/2025\/08\/transplante-de-figado_1754678024787.jpg","contentUrl":"https:\/\/www.correiobraziliense.com.br\/cbradar\/wp-content\/uploads\/2025\/08\/transplante-de-figado_1754678024787.jpg","width":1280,"height":720,"caption":"Os \u00f3rg\u00e3os mais poderosos do corpo e por que proteg\u00ea-los - Cr\u00e9ditos: depositphotos.com \/ Shidlovski"},{"@type":"BreadcrumbList","@id":"https:\/\/www.correiobraziliense.com.br\/cbradar\/4-bebidas-que-ajudam-o-figado-a-funcionar-melhor-rapidamente\/#breadcrumb","itemListElement":[{"@type":"ListItem","position":1,"name":"In\u00edcio","item":"https:\/\/www.correiobraziliense.com.br\/cbradar\/"},{"@type":"ListItem","position":2,"name":"4 Bebidas que ajudam o f\u00edgado a funcionar melhor rapidamente"}]},{"@type":"WebSite","@id":"https:\/\/www.correiobraziliense.com.br\/cbradar\/#website","url":"https:\/\/www.correiobraziliense.com.br\/cbradar\/","name":"Correio Braziliense - Radar","description":"Acompanhe as \u00faltimas not\u00edcias e fique bem informado sobre tudo o que acontece no Brasil e no mundo.","potentialAction":[{"@type":"SearchAction","target":{"@type":"EntryPoint","urlTemplate":"https:\/\/www.correiobraziliense.com.br\/cbradar\/?s={search_term_string}"},"query-input":{"@type":"PropertyValueSpecification","valueRequired":true,"valueName":"search_term_string"}}],"inLanguage":"pt-BR"},{"@type":"Person","@id":"https:\/\/www.correiobraziliense.com.br\/cbradar\/#\/schema\/person\/5aa4bf3c8fa699c267933611de12978b","name":"guilherme_saude","image":{"@type":"ImageObject","inLanguage":"pt-BR","@id":"https:\/\/www.correiobraziliense.com.br\/cbradar\/#\/schema\/person\/image\/","url":"https:\/\/secure.gravatar.com\/avatar\/df9adfb835d344bc0af109d41756253f?s=96&d=mm&r=g","contentUrl":"https:\/\/secure.gravatar.com\/avatar\/df9adfb835d344bc0af109d41756253f?s=96&d=mm&r=g","caption":"guilherme_saude"},"url":"https:\/\/www.correiobraziliense.com.br\/cbradar\/author\/guilherme_saude\/"}]}},"_links":{"self":[{"href":"https:\/\/www.correiobraziliense.com.br\/cbradar\/wp-json\/wp\/v2\/posts\/144298","targetHints":{"allow":["GET"]}}],"collection":[{"href":"https:\/\/www.correiobraziliense.com.br\/cbradar\/wp-json\/wp\/v2\/posts"}],"about":[{"href":"https:\/\/www.correiobraziliense.com.br\/cbradar\/wp-json\/wp\/v2\/types\/post"}],"author":[{"embeddable":true,"href":"https:\/\/www.correiobraziliense.com.br\/cbradar\/wp-json\/wp\/v2\/users\/14"}],"replies":[{"embeddable":true,"href":"https:\/\/www.correiobraziliense.com.br\/cbradar\/wp-json\/wp\/v2\/comments?post=144298"}],"version-history":[{"count":1,"href":"https:\/\/www.correiobraziliense.com.br\/cbradar\/wp-json\/wp\/v2\/posts\/144298\/revisions"}],"predecessor-version":[{"id":144336,"href":"https:\/\/www.correiobraziliense.com.br\/cbradar\/wp-json\/wp\/v2\/posts\/144298\/revisions\/144336"}],"wp:featuredmedia":[{"embeddable":true,"href":"https:\/\/www.correiobraziliense.com.br\/cbradar\/wp-json\/wp\/v2\/media\/83079"}],"wp:attachment":[{"href":"https:\/\/www.correiobraziliense.com.br\/cbradar\/wp-json\/wp\/v2\/media?parent=144298"}],"wp:term":[{"taxonomy":"category","embeddable":true,"href":"https:\/\/www.correiobraziliense.com.br\/cbradar\/wp-json\/wp\/v2\/categories?post=144298"},{"taxonomy":"post_tag","embeddable":true,"href":"https:\/\/www.correiobraziliense.com.br\/cbradar\/wp-json\/wp\/v2\/post_tag?post=144298"}],"curies":[{"name":"wp","href":"https:\/\/api.w.org\/{rel}","templated":true}]}}