{"id":144330,"date":"2025-11-27T16:15:00","date_gmt":"2025-11-27T19:15:00","guid":{"rendered":"https:\/\/www.correiobraziliense.com.br\/cbradar\/?p=144330"},"modified":"2025-11-26T14:19:36","modified_gmt":"2025-11-26T17:19:36","slug":"poucos-sabem-o-que-significam-os-numeros-no-rotulo-da-calca-jeans","status":"publish","type":"post","link":"https:\/\/www.correiobraziliense.com.br\/cbradar\/poucos-sabem-o-que-significam-os-numeros-no-rotulo-da-calca-jeans\/","title":{"rendered":"Poucos sabem o que significam os n\u00fameros no r\u00f3tulo da cal\u00e7a jeans"},"content":{"rendered":"\n<p>O mundo da moda est\u00e1 repleto de <strong>detalhes minuciosos<\/strong> que muitas vezes passam despercebidos, mas que possuem um impacto significativo na <strong>experi\u00eancia de compra de jeans<\/strong>, principalmente no momento de escolher o produto certo para o seu corpo e estilo.<\/p>\n\n\n\n<h2 class=\"wp-block-heading\">Descubra qual \u00e9 o significado dos n\u00fameros nas etiquetas de jeans<\/h2>\n\n\n\n<p>Voc\u00ea sabia que os n\u00fameros nas etiquetas dos jeans, especialmente nas marcas famosas como a Levi\u2019s, indicam o <strong>modelo e o corte<\/strong> da pe\u00e7a? O ic\u00f4nico \u201c501\u201d, por exemplo, sinaliza o cl\u00e1ssico corte reto, s\u00edmbolo de tradi\u00e7\u00e3o desde o s\u00e9culo XIX. Outros modelos possuem n\u00fameros diferentes para representar varia\u00e7\u00f5es no ajuste e no visual da cal\u00e7a.<\/p>\n\n\n\n<p>Al\u00e9m de facilitar a identifica\u00e7\u00e3o do estilo desejado, entender esses n\u00fameros agiliza o momento da compra, inclusive em lojas online, onde detalhes sobre o <strong>corte e caimento<\/strong> fazem toda a diferen\u00e7a para evitar trocas e decep\u00e7\u00f5es.<\/p>\n\n\n\n<figure class=\"wp-block-image size-large\"><img decoding=\"async\" width=\"1024\" height=\"585\" src=\"https:\/\/www.correiobraziliense.com.br\/cbradar\/wp-content\/uploads\/2025\/11\/Numeros-Calca-Jeans-1024x585.png\" alt=\"Poucos sabem o que significam os n\u00fameros no r\u00f3tulo da cal\u00e7a jeans\" class=\"wp-image-144337\" srcset=\"https:\/\/www.correiobraziliense.com.br\/cbradar\/wp-content\/uploads\/2025\/11\/Numeros-Calca-Jeans-1024x585.png 1024w, https:\/\/www.correiobraziliense.com.br\/cbradar\/wp-content\/uploads\/2025\/11\/Numeros-Calca-Jeans-300x171.png 300w, https:\/\/www.correiobraziliense.com.br\/cbradar\/wp-content\/uploads\/2025\/11\/Numeros-Calca-Jeans-768x439.png 768w, https:\/\/www.correiobraziliense.com.br\/cbradar\/wp-content\/uploads\/2025\/11\/Numeros-Calca-Jeans-750x429.png 750w, https:\/\/www.correiobraziliense.com.br\/cbradar\/wp-content\/uploads\/2025\/11\/Numeros-Calca-Jeans-1140x651.png 1140w, https:\/\/www.correiobraziliense.com.br\/cbradar\/wp-content\/uploads\/2025\/11\/Numeros-Calca-Jeans.png 1344w\" sizes=\"(max-width: 1024px) 100vw, 1024px\" \/><figcaption class=\"wp-element-caption\">Avalie tecido, costura, caimento e gramatura para garantir conforto, durabilidade e o ajuste ideal no seu jeans.<\/figcaption><\/figure>\n\n\n\n<h2 class=\"wp-block-heading\">Saiba o que quer dizer W32 L30 na etiqueta dos jeans<\/h2>\n\n\n\n<p>Quando voc\u00ea se depara com c\u00f3digos como \u201c<strong>W32 L30<\/strong>\u201d na etiqueta, est\u00e1 vendo indica\u00e7\u00f5es importantes de <strong>medidas<\/strong>. O \u201cW\u201d (waist) mostra o tamanho da cintura e o \u201cL\u201d (length) representa o comprimento da perna. Essas informa\u00e7\u00f5es geralmente v\u00eam em polegadas, especialmente em marcas internacionais.<\/p>\n\n\n\n<p>Para tornar o ajuste perfeito mais f\u00e1cil, veja as principais medidas encontradas nas etiquetas:<\/p>\n\n\n\n<ul class=\"wp-block-list\">\n<li><strong>W<\/strong>: medida da cintura<\/li>\n\n\n\n<li><strong>L<\/strong>: comprimento da perna<\/li>\n\n\n\n<li>Eventualmente, pode aparecer <strong>\u201cRise\u201d<\/strong> indicando a altura do gancho<\/li>\n\n\n\n<li>Em alguns casos, h\u00e1 refer\u00eancias adicionais como largura de barra e tipo de tecido<\/li>\n<\/ul>\n\n\n\n<p>O perfil @felipecampos12120 detalha o significado dessas informa\u00e7\u00f5es:<\/p>\n\n\n\n<blockquote class=\"tiktok-embed\" cite=\"https:\/\/www.tiktok.com\/@felipecampos12120\/video\/7532635929131978040\" data-video-id=\"7532635929131978040\" style=\"max-width: 605px;min-width: 325px;\" > <section> <a target=\"_blank\" title=\"@felipecampos12120\" href=\"https:\/\/www.tiktok.com\/@felipecampos12120?refer=embed\">@felipecampos12120<\/a> Voc\u00ea conhece a hist\u00f3ria da Levi\u2019s? Sabe como foi criada? Sabia que existem diferentes etiquetas que podem nos dizer de quando e de que cole\u00e7\u00e3o a sua cal\u00e7a \u00e9? Algumas ficaram de fora porque n\u00e3o deu tempo do video.. Al\u00e9m disso, a cultura denim tem MUITA coisa. Se quiserem mais videos sobre esse assunto, trazendo mais curiosidades, comentem aqui! @levisbrasil  <a title=\"levisjeans\" target=\"_blank\" href=\"https:\/\/www.tiktok.com\/tag\/levisjeans?refer=embed\">#levisjeans<\/a> <a title=\"fashionhistory\" target=\"_blank\" href=\"https:\/\/www.tiktok.com\/tag\/fashionhistory?refer=embed\">#fashionhistory<\/a> <a title=\"historiadamoda\" target=\"_blank\" href=\"https:\/\/www.tiktok.com\/tag\/historiadamoda?refer=embed\">#historiadamoda<\/a> <a title=\"denimculture\" target=\"_blank\" href=\"https:\/\/www.tiktok.com\/tag\/denimculture?refer=embed\">#denimculture<\/a> <a title=\"levis\" target=\"_blank\" href=\"https:\/\/www.tiktok.com\/tag\/levis?refer=embed\">#levis<\/a> <a title=\"levis501\" target=\"_blank\" href=\"https:\/\/www.tiktok.com\/tag\/levis501?refer=embed\">#levis501<\/a> <a title=\"estilovintage\" target=\"_blank\" href=\"https:\/\/www.tiktok.com\/tag\/estilovintage?refer=embed\">#estilovintage<\/a> <a title=\"curiosidadesdamoda\" target=\"_blank\" href=\"https:\/\/www.tiktok.com\/tag\/curiosidadesdamoda?refer=embed\">#curiosidadesdamoda<\/a> <a target=\"_blank\" title=\"\u266c som original - felipecampos12120\" href=\"https:\/\/www.tiktok.com\/music\/som-original-7532635942482397958?refer=embed\">\u266c som original &#8211; felipecampos12120<\/a> <\/section> <\/blockquote> <script async src=\"https:\/\/www.tiktok.com\/embed.js\"><\/script>\n\n\n\n<h2 class=\"wp-block-heading\">Voc\u00ea conhece a verdadeira fun\u00e7\u00e3o do pequeno bolso nos jeans?<\/h2>\n\n\n\n<p>Muitas pessoas n\u00e3o sabem, mas o <strong>pequeno bolso<\/strong> posicionado acima do bolso frontal direito tem uma hist\u00f3ria peculiar. Originalmente, ele servia para guardar rel\u00f3gios de bolso, um acess\u00f3rio comum no s\u00e9culo XIX, \u00e9poca em que os primeiros jeans foram criados para trabalhadores.<\/p>\n\n\n\n<p>Hoje, o bolso ganhou novas utilidades, indo al\u00e9m da tradi\u00e7\u00e3o, pois \u00e9 usado para moedas, isqueiros e outros objetos pequenos, mantendo a funcionalidade e o charme desse detalhe marcante no design dos jeans.<\/p>\n\n\n\n<h2 class=\"wp-block-heading\">Como as etiquetas ajudam a identificar se o jeans \u00e9 aut\u00eantico<\/h2>\n\n\n\n<p>Al\u00e9m de informar <strong>modelos e tamanhos<\/strong>, as etiquetas contribuem para a identifica\u00e7\u00e3o de produtos originais. Marcas como a Levi\u2019s utilizam informa\u00e7\u00f5es adicionais, como tecido, pa\u00eds de fabrica\u00e7\u00e3o e c\u00f3digos internos, para garantir autenticidade e combater falsifica\u00e7\u00f5es.<\/p>\n\n\n\n<p>Muita aten\u00e7\u00e3o \u00e9 recomendada para verificar esses elementos no momento da compra. Algumas marcas investem em etiquetas de seguran\u00e7a, QR codes e hologramas, o que refor\u00e7a ainda mais a confiabilidade do produto.<\/p>\n\n\n\n<p>Compreender os <strong>n\u00fameros e informa\u00e7\u00f5es das etiquetas<\/strong> pode transformar a experi\u00eancia do consumidor, tornando as compras mais assertivas e valorizando o conhecimento sobre o design e a qualidade do jeans escolhido.<\/p>\n","protected":false},"excerpt":{"rendered":"<p>Descubra o significado dos n\u00fameros nos jeans e economize tempo na escolha! Conhe\u00e7a os modelos e medidas perfeitas para o seu corpo. Informa\u00e7\u00f5es essenciais!<\/p>\n","protected":false},"author":3,"featured_media":145454,"comment_status":"open","ping_status":"open","sticky":false,"template":"","format":"standard","meta":{"_yoast_wpseo_focuskw":"n\u00fameros r\u00f3tulo cal\u00e7a jeans","_yoast_wpseo_title":"%%title%%","_yoast_wpseo_metadesc":"Descubra o significado dos n\u00fameros nos jeans e economize tempo na escolha! Conhe\u00e7a os modelos e medidas perfeitas para o seu corpo. Informa\u00e7\u00f5es essenciais!","jnews-multi-image_gallery":[],"jnews_single_post":{"format":"standard"},"jnews_primary_category":[],"jnews_social_meta":[],"jnews_override_counter":[],"footnotes":""},"categories":[112],"tags":[11805,144,4446,8540],"class_list":["post-144330","post","type-post","status-publish","format-standard","has-post-thumbnail","hentry","category-curiosidades","tag-calcas","tag-curiosidades","tag-jeans","tag-poucos-sabem"],"yoast_head":"<!-- This site is optimized with the Yoast SEO plugin v24.6 - https:\/\/yoast.com\/wordpress\/plugins\/seo\/ -->\n<title>Poucos sabem o que significam os n\u00fameros no r\u00f3tulo da cal\u00e7a jeans<\/title>\n<meta name=\"description\" content=\"Descubra o significado dos n\u00fameros nos jeans e economize tempo na escolha! Conhe\u00e7a os modelos e medidas perfeitas para o seu corpo. Informa\u00e7\u00f5es essenciais!\" \/>\n<meta name=\"robots\" content=\"index, follow, max-snippet:-1, max-image-preview:large, max-video-preview:-1\" \/>\n<link rel=\"canonical\" href=\"https:\/\/www.correiobraziliense.com.br\/cbradar\/poucos-sabem-o-que-significam-os-numeros-no-rotulo-da-calca-jeans\/\" \/>\n<meta property=\"og:locale\" content=\"pt_BR\" \/>\n<meta property=\"og:type\" content=\"article\" \/>\n<meta property=\"og:title\" content=\"Poucos sabem o que significam os n\u00fameros no r\u00f3tulo da cal\u00e7a jeans\" \/>\n<meta property=\"og:description\" content=\"Descubra o significado dos n\u00fameros nos jeans e economize tempo na escolha! Conhe\u00e7a os modelos e medidas perfeitas para o seu corpo. Informa\u00e7\u00f5es essenciais!\" \/>\n<meta property=\"og:url\" content=\"https:\/\/www.correiobraziliense.com.br\/cbradar\/poucos-sabem-o-que-significam-os-numeros-no-rotulo-da-calca-jeans\/\" \/>\n<meta property=\"og:site_name\" content=\"Correio Braziliense - Radar\" \/>\n<meta property=\"article:published_time\" content=\"2025-11-27T19:15:00+00:00\" \/>\n<meta property=\"og:image\" content=\"https:\/\/www.correiobraziliense.com.br\/cbradar\/wp-content\/uploads\/2025\/11\/freepik__cena-simblica-mostrando-um-jeans-aberto-sobre-uma-__75464.jpeg\" \/>\n\t<meta property=\"og:image:width\" content=\"1280\" \/>\n\t<meta property=\"og:image:height\" content=\"720\" \/>\n\t<meta property=\"og:image:type\" content=\"image\/jpeg\" \/>\n<meta name=\"author\" content=\"Larissa Carvalho\" \/>\n<meta name=\"twitter:card\" content=\"summary_large_image\" \/>\n<meta name=\"twitter:label1\" content=\"Escrito por\" \/>\n\t<meta name=\"twitter:data1\" content=\"Larissa Carvalho\" \/>\n\t<meta name=\"twitter:label2\" content=\"Est. tempo de leitura\" \/>\n\t<meta name=\"twitter:data2\" content=\"3 minutos\" \/>\n<!-- \/ Yoast SEO plugin. -->","yoast_head_json":{"title":"Poucos sabem o que significam os n\u00fameros no r\u00f3tulo da cal\u00e7a jeans","description":"Descubra o significado dos n\u00fameros nos jeans e economize tempo na escolha! Conhe\u00e7a os modelos e medidas perfeitas para o seu corpo. Informa\u00e7\u00f5es essenciais!","robots":{"index":"index","follow":"follow","max-snippet":"max-snippet:-1","max-image-preview":"max-image-preview:large","max-video-preview":"max-video-preview:-1"},"canonical":"https:\/\/www.correiobraziliense.com.br\/cbradar\/poucos-sabem-o-que-significam-os-numeros-no-rotulo-da-calca-jeans\/","og_locale":"pt_BR","og_type":"article","og_title":"Poucos sabem o que significam os n\u00fameros no r\u00f3tulo da cal\u00e7a jeans","og_description":"Descubra o significado dos n\u00fameros nos jeans e economize tempo na escolha! Conhe\u00e7a os modelos e medidas perfeitas para o seu corpo. Informa\u00e7\u00f5es essenciais!","og_url":"https:\/\/www.correiobraziliense.com.br\/cbradar\/poucos-sabem-o-que-significam-os-numeros-no-rotulo-da-calca-jeans\/","og_site_name":"Correio Braziliense - Radar","article_published_time":"2025-11-27T19:15:00+00:00","og_image":[{"width":1280,"height":720,"url":"https:\/\/www.correiobraziliense.com.br\/cbradar\/wp-content\/uploads\/2025\/11\/freepik__cena-simblica-mostrando-um-jeans-aberto-sobre-uma-__75464.jpeg","type":"image\/jpeg"}],"author":"Larissa Carvalho","twitter_card":"summary_large_image","twitter_misc":{"Escrito por":"Larissa Carvalho","Est. tempo de leitura":"3 minutos"},"schema":{"@context":"https:\/\/schema.org","@graph":[{"@type":"WebPage","@id":"https:\/\/www.correiobraziliense.com.br\/cbradar\/poucos-sabem-o-que-significam-os-numeros-no-rotulo-da-calca-jeans\/","url":"https:\/\/www.correiobraziliense.com.br\/cbradar\/poucos-sabem-o-que-significam-os-numeros-no-rotulo-da-calca-jeans\/","name":"Poucos sabem o que significam os n\u00fameros no r\u00f3tulo da cal\u00e7a jeans","isPartOf":{"@id":"https:\/\/www.correiobraziliense.com.br\/cbradar\/#website"},"primaryImageOfPage":{"@id":"https:\/\/www.correiobraziliense.com.br\/cbradar\/poucos-sabem-o-que-significam-os-numeros-no-rotulo-da-calca-jeans\/#primaryimage"},"image":{"@id":"https:\/\/www.correiobraziliense.com.br\/cbradar\/poucos-sabem-o-que-significam-os-numeros-no-rotulo-da-calca-jeans\/#primaryimage"},"thumbnailUrl":"https:\/\/www.correiobraziliense.com.br\/cbradar\/wp-content\/uploads\/2025\/11\/freepik__cena-simblica-mostrando-um-jeans-aberto-sobre-uma-__75464.jpeg","datePublished":"2025-11-27T19:15:00+00:00","author":{"@id":"https:\/\/www.correiobraziliense.com.br\/cbradar\/#\/schema\/person\/58422787644df994b53a19d3e56c1513"},"description":"Descubra o significado dos n\u00fameros nos jeans e economize tempo na escolha! Conhe\u00e7a os modelos e medidas perfeitas para o seu corpo. Informa\u00e7\u00f5es essenciais!","breadcrumb":{"@id":"https:\/\/www.correiobraziliense.com.br\/cbradar\/poucos-sabem-o-que-significam-os-numeros-no-rotulo-da-calca-jeans\/#breadcrumb"},"inLanguage":"pt-BR","potentialAction":[{"@type":"ReadAction","target":["https:\/\/www.correiobraziliense.com.br\/cbradar\/poucos-sabem-o-que-significam-os-numeros-no-rotulo-da-calca-jeans\/"]}]},{"@type":"ImageObject","inLanguage":"pt-BR","@id":"https:\/\/www.correiobraziliense.com.br\/cbradar\/poucos-sabem-o-que-significam-os-numeros-no-rotulo-da-calca-jeans\/#primaryimage","url":"https:\/\/www.correiobraziliense.com.br\/cbradar\/wp-content\/uploads\/2025\/11\/freepik__cena-simblica-mostrando-um-jeans-aberto-sobre-uma-__75464.jpeg","contentUrl":"https:\/\/www.correiobraziliense.com.br\/cbradar\/wp-content\/uploads\/2025\/11\/freepik__cena-simblica-mostrando-um-jeans-aberto-sobre-uma-__75464.jpeg","width":1280,"height":720,"caption":"Detalhes do jeans influenciam diretamente a escolha da pe\u00e7a"},{"@type":"BreadcrumbList","@id":"https:\/\/www.correiobraziliense.com.br\/cbradar\/poucos-sabem-o-que-significam-os-numeros-no-rotulo-da-calca-jeans\/#breadcrumb","itemListElement":[{"@type":"ListItem","position":1,"name":"In\u00edcio","item":"https:\/\/www.correiobraziliense.com.br\/cbradar\/"},{"@type":"ListItem","position":2,"name":"Poucos sabem o que significam os n\u00fameros no r\u00f3tulo da cal\u00e7a jeans"}]},{"@type":"WebSite","@id":"https:\/\/www.correiobraziliense.com.br\/cbradar\/#website","url":"https:\/\/www.correiobraziliense.com.br\/cbradar\/","name":"Correio Braziliense - Radar","description":"Acompanhe as \u00faltimas not\u00edcias e fique bem informado sobre tudo o que acontece no Brasil e no mundo.","potentialAction":[{"@type":"SearchAction","target":{"@type":"EntryPoint","urlTemplate":"https:\/\/www.correiobraziliense.com.br\/cbradar\/?s={search_term_string}"},"query-input":{"@type":"PropertyValueSpecification","valueRequired":true,"valueName":"search_term_string"}}],"inLanguage":"pt-BR"},{"@type":"Person","@id":"https:\/\/www.correiobraziliense.com.br\/cbradar\/#\/schema\/person\/58422787644df994b53a19d3e56c1513","name":"Larissa Carvalho","image":{"@type":"ImageObject","inLanguage":"pt-BR","@id":"https:\/\/www.correiobraziliense.com.br\/cbradar\/#\/schema\/person\/image\/","url":"https:\/\/secure.gravatar.com\/avatar\/fe4f91a0de32b52a838d0d612abdc1aa?s=96&d=mm&r=g","contentUrl":"https:\/\/secure.gravatar.com\/avatar\/fe4f91a0de32b52a838d0d612abdc1aa?s=96&d=mm&r=g","caption":"Larissa Carvalho"},"url":"https:\/\/www.correiobraziliense.com.br\/cbradar\/author\/larissamyth\/"}]}},"_links":{"self":[{"href":"https:\/\/www.correiobraziliense.com.br\/cbradar\/wp-json\/wp\/v2\/posts\/144330","targetHints":{"allow":["GET"]}}],"collection":[{"href":"https:\/\/www.correiobraziliense.com.br\/cbradar\/wp-json\/wp\/v2\/posts"}],"about":[{"href":"https:\/\/www.correiobraziliense.com.br\/cbradar\/wp-json\/wp\/v2\/types\/post"}],"author":[{"embeddable":true,"href":"https:\/\/www.correiobraziliense.com.br\/cbradar\/wp-json\/wp\/v2\/users\/3"}],"replies":[{"embeddable":true,"href":"https:\/\/www.correiobraziliense.com.br\/cbradar\/wp-json\/wp\/v2\/comments?post=144330"}],"version-history":[{"count":2,"href":"https:\/\/www.correiobraziliense.com.br\/cbradar\/wp-json\/wp\/v2\/posts\/144330\/revisions"}],"predecessor-version":[{"id":144339,"href":"https:\/\/www.correiobraziliense.com.br\/cbradar\/wp-json\/wp\/v2\/posts\/144330\/revisions\/144339"}],"wp:featuredmedia":[{"embeddable":true,"href":"https:\/\/www.correiobraziliense.com.br\/cbradar\/wp-json\/wp\/v2\/media\/145454"}],"wp:attachment":[{"href":"https:\/\/www.correiobraziliense.com.br\/cbradar\/wp-json\/wp\/v2\/media?parent=144330"}],"wp:term":[{"taxonomy":"category","embeddable":true,"href":"https:\/\/www.correiobraziliense.com.br\/cbradar\/wp-json\/wp\/v2\/categories?post=144330"},{"taxonomy":"post_tag","embeddable":true,"href":"https:\/\/www.correiobraziliense.com.br\/cbradar\/wp-json\/wp\/v2\/tags?post=144330"}],"curies":[{"name":"wp","href":"https:\/\/api.w.org\/{rel}","templated":true}]}}