{"id":144338,"date":"2025-11-25T07:45:00","date_gmt":"2025-11-25T10:45:00","guid":{"rendered":"https:\/\/www.correiobraziliense.com.br\/cbradar\/?p=144338"},"modified":"2025-11-24T14:29:06","modified_gmt":"2025-11-24T17:29:06","slug":"a-planta-que-vai-acabar-com-a-gripe-e-garganta-inflamada-segundo-estudos","status":"publish","type":"post","link":"https:\/\/www.correiobraziliense.com.br\/cbradar\/a-planta-que-vai-acabar-com-a-gripe-e-garganta-inflamada-segundo-estudos\/","title":{"rendered":"A planta que vai acabar com a gripe e garganta inflamada, segundo estudos"},"content":{"rendered":"\n<p>O <strong>Tomilho<\/strong>, uma erva arom\u00e1tica amplamente utilizada tanto na culin\u00e1ria quanto na medicina tradicional, desempenha um papel significativo na fitoterapia devido \u00e0s suas propriedades curativas e ao seu aroma caracter\u00edstico. Com uma rica hist\u00f3ria de uso medicinal ao longo dos s\u00e9culos, o Tomilho revela-se uma escolha vers\u00e1til e eficaz no tratamento de diferentes condi\u00e7\u00f5es de sa\u00fade, do sistema respirat\u00f3rio \u00e0s inflama\u00e7\u00f5es cr\u00f4nicas. Al\u00e9m disso, os compostos bioativos encontrados na planta, incluindo o timol e o carvacrol, s\u00e3o amplamente estudados por suas potenciais aplica\u00e7\u00f5es antimicrobianas e anti-inflamat\u00f3rias.<\/p>\n\n\n\n<p>A presen\u00e7a de \u00f3leos essenciais \u00e9 um dos aspectos mais not\u00e1veis do Tomilho, proporcionando-lhe uma poderosa\u00a0<strong>a\u00e7\u00e3o antimicrobiana<\/strong>. Os estudos indicam que esses componentes s\u00e3o eficazes contra uma variedade de bact\u00e9rias e fungos, contribuindo n\u00e3o apenas para a conserva\u00e7\u00e3o dos alimentos, mas tamb\u00e9m para o tratamento de infec\u00e7\u00f5es na mucosa oral e respirat\u00f3ria. Essa efic\u00e1cia \u00e9 reconhecida em v\u00e1rias investiga\u00e7\u00f5es cient\u00edficas, trazendo \u00e0 luz o potencial desta erva como uma alternativa aos antibi\u00f3ticos convencionais, especialmente em tempos de crescente resist\u00eancia bacteriana.<\/p>\n\n\n\n<h2 class=\"wp-block-heading\">Como o Tomilho pode ajudar no combate \u00e0 inflama\u00e7\u00e3o?<\/h2>\n\n\n\n<p>Estudos recentes destacam o papel do Tomilho na modula\u00e7\u00e3o dos processos inflamat\u00f3rios. Os\u00a0<strong>flavonoides e compostos fen\u00f3licos<\/strong>\u00a0presentes na planta mostram-se capazes de interagir com vias metab\u00f3licas respons\u00e1veis pela produ\u00e7\u00e3o de citocinas inflamat\u00f3rias. Assim, o Tomilho pode oferecer al\u00edvio de sintomas associados a artrites, dores musculares e inflama\u00e7\u00f5es respirat\u00f3rias. Experimentos realizados em universidades da Europa e da Am\u00e9rica Latina exploram a aplica\u00e7\u00e3o do tomilho em tratamentos integrativos, demonstrando sua efic\u00e1cia no manejo de doen\u00e7as inflamat\u00f3rias cr\u00f4nicas.<\/p>\n\n\n\n<h2 class=\"wp-block-heading\">De que forma o Tomilho alivia sintomas respirat\u00f3rios?<\/h2>\n\n\n\n<p>O Tomilho tamb\u00e9m \u00e9 bem conhecido por seus efeitos no al\u00edvio dos sintomas respirat\u00f3rios. Seus \u00f3leos vol\u00e1teis proporcionam uma a\u00e7\u00e3o expectorante, que facilita a elimina\u00e7\u00e3o do muco e ajuda a descongestionar as vias a\u00e9reas. Esta propriedade faz do Tomilho um ingrediente comum em xaropes e infus\u00f5es voltadas para o tratamento de gripes e resfriados. Muitas culturas, atrav\u00e9s de gera\u00e7\u00f5es, t\u00eam usado o Tomilho como parte essencial dos seus rem\u00e9dios caseiros para tosse e bronquite.<\/p>\n\n\n\n<figure class=\"wp-block-image aligncenter size-large\"><img decoding=\"async\" width=\"1024\" height=\"576\" src=\"https:\/\/www.correiobraziliense.com.br\/cbradar\/wp-content\/uploads\/2025\/05\/tomilho_1748266124432-1024x576.jpg\" alt=\"\" class=\"wp-image-43075\" srcset=\"https:\/\/www.correiobraziliense.com.br\/cbradar\/wp-content\/uploads\/2025\/05\/tomilho_1748266124432-1024x576.jpg 1024w, https:\/\/www.correiobraziliense.com.br\/cbradar\/wp-content\/uploads\/2025\/05\/tomilho_1748266124432-300x169.jpg 300w, https:\/\/www.correiobraziliense.com.br\/cbradar\/wp-content\/uploads\/2025\/05\/tomilho_1748266124432-768x432.jpg 768w, https:\/\/www.correiobraziliense.com.br\/cbradar\/wp-content\/uploads\/2025\/05\/tomilho_1748266124432-750x422.jpg 750w, https:\/\/www.correiobraziliense.com.br\/cbradar\/wp-content\/uploads\/2025\/05\/tomilho_1748266124432-1140x641.jpg 1140w, https:\/\/www.correiobraziliense.com.br\/cbradar\/wp-content\/uploads\/2025\/05\/tomilho_1748266124432.jpg 1280w\" sizes=\"(max-width: 1024px) 100vw, 1024px\" \/><figcaption class=\"wp-element-caption\">Rico em \u00f3leos essenciais, o tomilho fortalece o sistema respirat\u00f3rio e atua como expectorante natural. Veja como preparar ch\u00e1s e inala\u00e7\u00f5es. &#8211; Cr\u00e9ditos: depositphotos.com \/ Katyjay\n<\/figcaption><\/figure>\n\n\n\n<h2 class=\"wp-block-heading\">Quais s\u00e3o os benef\u00edcios antioxidantes do Tomilho?<\/h2>\n\n\n\n<p>O Tomilho tamb\u00e9m se destaca por suas propriedades\u00a0<strong>antioxidantes<\/strong>, atribu\u00eddas principalmente \u00e0 presen\u00e7a de compostos fen\u00f3licos como o \u00e1cido rosmar\u00ednico. Esses compostos ajudam a combater o estresse oxidativo nas c\u00e9lulas, uma condi\u00e7\u00e3o relacionada ao envelhecimento precoce e ao desenvolvimento de v\u00e1rias doen\u00e7as. Incorporar o Tomilho na dieta, seja como tempero ou em forma de infus\u00f5es, pode auxiliar na prote\u00e7\u00e3o celular contra os danos dos radicais livres.<\/p>\n\n\n\n<h2 class=\"wp-block-heading\">Quais s\u00e3o as evid\u00eancias cient\u00edficas que suportam os benef\u00edcios do Tomilho?<\/h2>\n\n\n\n<p>A crescente base de evid\u00eancias cient\u00edficas aborda de forma abrangente os benef\u00edcios terap\u00eauticos do Tomilho. Pesquisas robustas validam sua efic\u00e1cia antimicrobiana, anti-inflamat\u00f3ria e antioxidante, destacando o valor da planta em uma abordagem de <a href=\"https:\/\/www.correiobraziliense.com.br\/cbradar\/o-avanco-cirurgico-que-permite-operar-o-cerebro-com-o-paciente-acordado\/\" target=\"_blank\" rel=\"noreferrer noopener\">sa\u00fade <\/a>preventiva e complementar. Refer\u00eancias acad\u00eamicas de peso e estudos experimentais refor\u00e7am o papel do Tomilho como uma op\u00e7\u00e3o vi\u00e1vel e natural para promover o bem-estar e combater doen\u00e7as relacionadas ao sistema imunol\u00f3gico e demais processos inflamat\u00f3rios.<\/p>\n\n\n<a href=\"https:\/\/www.instagram.com\/dra.annaluisabf\/\" target=\"_blank\" rel=\"noopener\" style=\"text-decoration: none; color: inherit;\">\n    <span style=\"display: inline-block; border: 1px solid #ccc; border-radius: 10px; padding: 15px; max-width: 550px; font-family: sans-serif; box-shadow: 0 2px 5px rgba(0,0,0,0.1); width: 100%;\">\n\n      <!-- T\u00edtulo -->\n      <span style=\"display: block; margin: 0 0 15px 0; font-weight: bold; color: #2c3e50; text-align: center;\">\n        Entre em contato:\n      <\/span>\n\n      <!-- Linha do perfil -->\n      <span style=\"display: flex; align-items: center; gap: 15px;\">\n        <img decoding=\"async\"\n          src=\"https:\/\/www.correiobraziliense.com.br\/cbradar\/wp-content\/uploads\/2025\/08\/dra_anna_luisa.jpeg\"\n          alt=\"Foto da Dra. Anna Lu\u00edsa\"\n          style=\"border-radius: 50%; width: 80px; height: 80px; object-fit: cover;\"\n        \/>\n        <span style=\"display: flex; flex-direction: column;\">\n          <span style=\"font-size: 18px; font-weight: 700; color: #2c3e50;\">Dra. Anna Lu\u00edsa Barbosa Fernandes<\/span>\n          <span style=\"color: #555;\">CRM-GO 33.271<\/span>\n        <\/span>\n      <\/span>\n\n      <!-- Redes -->\n      <span style=\"display: flex; align-items: center; gap: 10px; margin-top: 12px;\">\n        <img decoding=\"async\" src=\"https:\/\/cdn-icons-png.flaticon.com\/24\/1384\/1384063.png\" alt=\"Instagram\" width=\"24\" height=\"24\" \/>\n        <span style=\"text-decoration: underline; color: #2c3e50;\">@dra.annaluisabf<\/span>\n      <\/span>\n\n    <\/span>\n  <\/a>","protected":false},"excerpt":{"rendered":"<p>O Tomilho, uma erva arom\u00e1tica amplamente utilizada tanto na culin\u00e1ria quanto na medicina tradicional, desempenha um papel significativo na fitoterapia devido \u00e0s suas propriedades curativas e ao seu aroma caracter\u00edstico. Com uma rica hist\u00f3ria de uso medicinal ao longo dos s\u00e9culos, o Tomilho revela-se uma escolha vers\u00e1til e eficaz no tratamento de diferentes condi\u00e7\u00f5es de [&hellip;]<\/p>\n","protected":false},"author":14,"featured_media":43074,"comment_status":"open","ping_status":"open","sticky":false,"template":"","format":"standard","meta":{"_yoast_wpseo_focuskw":"Tomilho","_yoast_wpseo_title":"","_yoast_wpseo_metadesc":"O tomilho tem a\u00e7\u00e3o antimicrobiana, antioxidante e anti-inflamat\u00f3ria. Veja como ele ajuda no sistema respirat\u00f3rio e na sa\u00fade geral.","jnews-multi-image_gallery":[],"jnews_single_post":{"format":"standard"},"jnews_primary_category":[],"jnews_social_meta":[],"jnews_override_counter":[],"footnotes":""},"categories":[4404],"post_tag":[1423,120,565],"class_list":["post-144338","post","type-post","status-publish","format-standard","has-post-thumbnail","hentry","category-saude","tag-alimentos","tag-bem-estar","tag-saude"],"yoast_head":"<!-- This site is optimized with the Yoast SEO plugin v24.6 - https:\/\/yoast.com\/wordpress\/plugins\/seo\/ -->\n<title>A planta que vai acabar com a gripe e garganta inflamada, segundo estudos - Correio Braziliense - Radar<\/title>\n<meta name=\"description\" content=\"O tomilho tem a\u00e7\u00e3o antimicrobiana, antioxidante e anti-inflamat\u00f3ria. Veja como ele ajuda no sistema respirat\u00f3rio e na sa\u00fade geral.\" \/>\n<meta name=\"robots\" content=\"index, follow, max-snippet:-1, max-image-preview:large, max-video-preview:-1\" \/>\n<link rel=\"canonical\" href=\"https:\/\/www.correiobraziliense.com.br\/cbradar\/a-planta-que-vai-acabar-com-a-gripe-e-garganta-inflamada-segundo-estudos\/\" \/>\n<meta property=\"og:locale\" content=\"pt_BR\" \/>\n<meta property=\"og:type\" content=\"article\" \/>\n<meta property=\"og:title\" content=\"A planta que vai acabar com a gripe e garganta inflamada, segundo estudos - Correio Braziliense - Radar\" \/>\n<meta property=\"og:description\" content=\"O tomilho tem a\u00e7\u00e3o antimicrobiana, antioxidante e anti-inflamat\u00f3ria. Veja como ele ajuda no sistema respirat\u00f3rio e na sa\u00fade geral.\" \/>\n<meta property=\"og:url\" content=\"https:\/\/www.correiobraziliense.com.br\/cbradar\/a-planta-que-vai-acabar-com-a-gripe-e-garganta-inflamada-segundo-estudos\/\" \/>\n<meta property=\"og:site_name\" content=\"Correio Braziliense - Radar\" \/>\n<meta property=\"article:published_time\" content=\"2025-11-25T10:45:00+00:00\" \/>\n<meta property=\"og:image\" content=\"https:\/\/www.correiobraziliense.com.br\/cbradar\/wp-content\/uploads\/2025\/05\/tomilho_1748266081100.jpg\" \/>\n\t<meta property=\"og:image:width\" content=\"1280\" \/>\n\t<meta property=\"og:image:height\" content=\"720\" \/>\n\t<meta property=\"og:image:type\" content=\"image\/jpeg\" \/>\n<meta name=\"author\" content=\"guilherme_saude\" \/>\n<meta name=\"twitter:card\" content=\"summary_large_image\" \/>\n<meta name=\"twitter:label1\" content=\"Escrito por\" \/>\n\t<meta name=\"twitter:data1\" content=\"guilherme_saude\" \/>\n\t<meta name=\"twitter:label2\" content=\"Est. tempo de leitura\" \/>\n\t<meta name=\"twitter:data2\" content=\"4 minutos\" \/>\n<!-- \/ Yoast SEO plugin. -->","yoast_head_json":{"title":"A planta que vai acabar com a gripe e garganta inflamada, segundo estudos - Correio Braziliense - Radar","description":"O tomilho tem a\u00e7\u00e3o antimicrobiana, antioxidante e anti-inflamat\u00f3ria. Veja como ele ajuda no sistema respirat\u00f3rio e na sa\u00fade geral.","robots":{"index":"index","follow":"follow","max-snippet":"max-snippet:-1","max-image-preview":"max-image-preview:large","max-video-preview":"max-video-preview:-1"},"canonical":"https:\/\/www.correiobraziliense.com.br\/cbradar\/a-planta-que-vai-acabar-com-a-gripe-e-garganta-inflamada-segundo-estudos\/","og_locale":"pt_BR","og_type":"article","og_title":"A planta que vai acabar com a gripe e garganta inflamada, segundo estudos - Correio Braziliense - Radar","og_description":"O tomilho tem a\u00e7\u00e3o antimicrobiana, antioxidante e anti-inflamat\u00f3ria. Veja como ele ajuda no sistema respirat\u00f3rio e na sa\u00fade geral.","og_url":"https:\/\/www.correiobraziliense.com.br\/cbradar\/a-planta-que-vai-acabar-com-a-gripe-e-garganta-inflamada-segundo-estudos\/","og_site_name":"Correio Braziliense - Radar","article_published_time":"2025-11-25T10:45:00+00:00","og_image":[{"width":1280,"height":720,"url":"https:\/\/www.correiobraziliense.com.br\/cbradar\/wp-content\/uploads\/2025\/05\/tomilho_1748266081100.jpg","type":"image\/jpeg"}],"author":"guilherme_saude","twitter_card":"summary_large_image","twitter_misc":{"Escrito por":"guilherme_saude","Est. tempo de leitura":"4 minutos"},"schema":{"@context":"https:\/\/schema.org","@graph":[{"@type":"WebPage","@id":"https:\/\/www.correiobraziliense.com.br\/cbradar\/a-planta-que-vai-acabar-com-a-gripe-e-garganta-inflamada-segundo-estudos\/","url":"https:\/\/www.correiobraziliense.com.br\/cbradar\/a-planta-que-vai-acabar-com-a-gripe-e-garganta-inflamada-segundo-estudos\/","name":"A planta que vai acabar com a gripe e garganta inflamada, segundo estudos - Correio Braziliense - Radar","isPartOf":{"@id":"https:\/\/www.correiobraziliense.com.br\/cbradar\/#website"},"primaryImageOfPage":{"@id":"https:\/\/www.correiobraziliense.com.br\/cbradar\/a-planta-que-vai-acabar-com-a-gripe-e-garganta-inflamada-segundo-estudos\/#primaryimage"},"image":{"@id":"https:\/\/www.correiobraziliense.com.br\/cbradar\/a-planta-que-vai-acabar-com-a-gripe-e-garganta-inflamada-segundo-estudos\/#primaryimage"},"thumbnailUrl":"https:\/\/www.correiobraziliense.com.br\/cbradar\/wp-content\/uploads\/2025\/05\/tomilho_1748266081100.jpg","datePublished":"2025-11-25T10:45:00+00:00","author":{"@id":"https:\/\/www.correiobraziliense.com.br\/cbradar\/#\/schema\/person\/5aa4bf3c8fa699c267933611de12978b"},"description":"O tomilho tem a\u00e7\u00e3o antimicrobiana, antioxidante e anti-inflamat\u00f3ria. Veja como ele ajuda no sistema respirat\u00f3rio e na sa\u00fade geral.","breadcrumb":{"@id":"https:\/\/www.correiobraziliense.com.br\/cbradar\/a-planta-que-vai-acabar-com-a-gripe-e-garganta-inflamada-segundo-estudos\/#breadcrumb"},"inLanguage":"pt-BR","potentialAction":[{"@type":"ReadAction","target":["https:\/\/www.correiobraziliense.com.br\/cbradar\/a-planta-que-vai-acabar-com-a-gripe-e-garganta-inflamada-segundo-estudos\/"]}]},{"@type":"ImageObject","inLanguage":"pt-BR","@id":"https:\/\/www.correiobraziliense.com.br\/cbradar\/a-planta-que-vai-acabar-com-a-gripe-e-garganta-inflamada-segundo-estudos\/#primaryimage","url":"https:\/\/www.correiobraziliense.com.br\/cbradar\/wp-content\/uploads\/2025\/05\/tomilho_1748266081100.jpg","contentUrl":"https:\/\/www.correiobraziliense.com.br\/cbradar\/wp-content\/uploads\/2025\/05\/tomilho_1748266081100.jpg","width":1280,"height":720,"caption":"Tomilho - Cr\u00e9ditos: depositphotos.com \/ VadimVasenin"},{"@type":"BreadcrumbList","@id":"https:\/\/www.correiobraziliense.com.br\/cbradar\/a-planta-que-vai-acabar-com-a-gripe-e-garganta-inflamada-segundo-estudos\/#breadcrumb","itemListElement":[{"@type":"ListItem","position":1,"name":"In\u00edcio","item":"https:\/\/www.correiobraziliense.com.br\/cbradar\/"},{"@type":"ListItem","position":2,"name":"A planta que vai acabar com a gripe e garganta inflamada, segundo estudos"}]},{"@type":"WebSite","@id":"https:\/\/www.correiobraziliense.com.br\/cbradar\/#website","url":"https:\/\/www.correiobraziliense.com.br\/cbradar\/","name":"Correio Braziliense - Radar","description":"Acompanhe as \u00faltimas not\u00edcias e fique bem informado sobre tudo o que acontece no Brasil e no mundo.","potentialAction":[{"@type":"SearchAction","target":{"@type":"EntryPoint","urlTemplate":"https:\/\/www.correiobraziliense.com.br\/cbradar\/?s={search_term_string}"},"query-input":{"@type":"PropertyValueSpecification","valueRequired":true,"valueName":"search_term_string"}}],"inLanguage":"pt-BR"},{"@type":"Person","@id":"https:\/\/www.correiobraziliense.com.br\/cbradar\/#\/schema\/person\/5aa4bf3c8fa699c267933611de12978b","name":"guilherme_saude","image":{"@type":"ImageObject","inLanguage":"pt-BR","@id":"https:\/\/www.correiobraziliense.com.br\/cbradar\/#\/schema\/person\/image\/","url":"https:\/\/secure.gravatar.com\/avatar\/df9adfb835d344bc0af109d41756253f?s=96&d=mm&r=g","contentUrl":"https:\/\/secure.gravatar.com\/avatar\/df9adfb835d344bc0af109d41756253f?s=96&d=mm&r=g","caption":"guilherme_saude"},"url":"https:\/\/www.correiobraziliense.com.br\/cbradar\/author\/guilherme_saude\/"}]}},"_links":{"self":[{"href":"https:\/\/www.correiobraziliense.com.br\/cbradar\/wp-json\/wp\/v2\/posts\/144338","targetHints":{"allow":["GET"]}}],"collection":[{"href":"https:\/\/www.correiobraziliense.com.br\/cbradar\/wp-json\/wp\/v2\/posts"}],"about":[{"href":"https:\/\/www.correiobraziliense.com.br\/cbradar\/wp-json\/wp\/v2\/types\/post"}],"author":[{"embeddable":true,"href":"https:\/\/www.correiobraziliense.com.br\/cbradar\/wp-json\/wp\/v2\/users\/14"}],"replies":[{"embeddable":true,"href":"https:\/\/www.correiobraziliense.com.br\/cbradar\/wp-json\/wp\/v2\/comments?post=144338"}],"version-history":[{"count":1,"href":"https:\/\/www.correiobraziliense.com.br\/cbradar\/wp-json\/wp\/v2\/posts\/144338\/revisions"}],"predecessor-version":[{"id":144340,"href":"https:\/\/www.correiobraziliense.com.br\/cbradar\/wp-json\/wp\/v2\/posts\/144338\/revisions\/144340"}],"wp:featuredmedia":[{"embeddable":true,"href":"https:\/\/www.correiobraziliense.com.br\/cbradar\/wp-json\/wp\/v2\/media\/43074"}],"wp:attachment":[{"href":"https:\/\/www.correiobraziliense.com.br\/cbradar\/wp-json\/wp\/v2\/media?parent=144338"}],"wp:term":[{"taxonomy":"category","embeddable":true,"href":"https:\/\/www.correiobraziliense.com.br\/cbradar\/wp-json\/wp\/v2\/categories?post=144338"},{"taxonomy":"post_tag","embeddable":true,"href":"https:\/\/www.correiobraziliense.com.br\/cbradar\/wp-json\/wp\/v2\/post_tag?post=144338"}],"curies":[{"name":"wp","href":"https:\/\/api.w.org\/{rel}","templated":true}]}}