{"id":144341,"date":"2025-11-25T12:05:00","date_gmt":"2025-11-25T15:05:00","guid":{"rendered":"https:\/\/www.correiobraziliense.com.br\/cbradar\/?p=144341"},"modified":"2025-11-24T14:34:14","modified_gmt":"2025-11-24T17:34:14","slug":"o-cha-mais-indicado-para-quem-quer-regular-a-glicose","status":"publish","type":"post","link":"https:\/\/www.correiobraziliense.com.br\/cbradar\/o-cha-mais-indicado-para-quem-quer-regular-a-glicose\/","title":{"rendered":"O ch\u00e1 mais indicado para quem quer regular a glicose"},"content":{"rendered":"\n<p>O <strong>Ch\u00e1 de Louro<\/strong> tem ganhado destaque n\u00e3o apenas por suas propriedades culin\u00e1rias, mas tamb\u00e9m pelo seu potencial terap\u00eautico. Utilizado h\u00e1 s\u00e9culos e venerado na medicina tradicional, essa infus\u00e3o \u00e9 conhecida por seu efeito marcante no metabolismo humano, especialmente no que se refere ao controle da glicose. Estudos recentes ressaltam seus benef\u00edcios, tornando-se um recurso natural eficaz na preven\u00e7\u00e3o de complica\u00e7\u00f5es associadas ao diabetes tipo 2.<\/p>\n\n\n\n<p>Entre os componentes bioativos do louro, destacam-se os compostos fen\u00f3licos como o eugenol e o \u00e1cido cafeico. Esses elementos s\u00e3o fundamentais para seu efeito hipoglicemiante, auxiliando na redu\u00e7\u00e3o dos n\u00edveis de glicose no sangue. A presen\u00e7a desses compostos no ch\u00e1 contribui para o aumento da sensibilidade \u00e0 insulina, fator cr\u00edtico no manejo do diabetes.<\/p>\n\n\n\n<h2 class=\"wp-block-heading\">Como o Ch\u00e1 de Louro pode beneficiar a sa\u00fade?<\/h2>\n\n\n\n<p>O consumo regular do Ch\u00e1 de Louro tem demonstrado benef\u00edcios significativos na regula\u00e7\u00e3o metab\u00f3lica. Al\u00e9m de melhorar a sensibilidade \u00e0 insulina, ele atua como antioxidante, protegendo as c\u00e9lulas do corpo contra os efeitos nocivos dos radicais livres, que s\u00e3o associados a diversas complica\u00e7\u00f5es diab\u00e9ticas e cardiovasculares. Essas propriedades antioxidantes s\u00e3o fundamentais na preven\u00e7\u00e3o do estresse oxidativo, um dos fatores que aceleram a progress\u00e3o do diabetes.<\/p>\n\n\n\n<h2 class=\"wp-block-heading\">Quais s\u00e3o as propriedades antioxidantes do Ch\u00e1 de Louro?<\/h2>\n\n\n\n<p>O Ch\u00e1 de Louro possui uma capacidade antioxidante potente. Seus compostos bioativos desempenham um papel vital na prote\u00e7\u00e3o das c\u00e9lulas beta do p\u00e2ncreas, fundamentais na produ\u00e7\u00e3o de insulina. Essa prote\u00e7\u00e3o contribui significativamente para a redu\u00e7\u00e3o do estresse oxidativo, prevenindo complica\u00e7\u00f5es adicionais em quem vive com diabetes. A preven\u00e7\u00e3o da peroxida\u00e7\u00e3o lip\u00eddica e a melhoria do perfil oxidativo s\u00e3o outros dos pontos fortes deste ch\u00e1, tornando-o um aliado valioso na manuten\u00e7\u00e3o da sa\u00fade vascular.<\/p>\n\n\n<div class=\"wp-block-image\">\n<figure class=\"aligncenter size-large\"><img decoding=\"async\" width=\"1024\" height=\"576\" src=\"https:\/\/www.correiobraziliense.com.br\/cbradar\/wp-content\/uploads\/2025\/11\/Cha-de-Louro_1764005583207-1024x576.jpg\" alt=\"\" class=\"wp-image-144344\" srcset=\"https:\/\/www.correiobraziliense.com.br\/cbradar\/wp-content\/uploads\/2025\/11\/Cha-de-Louro_1764005583207-1024x576.jpg 1024w, https:\/\/www.correiobraziliense.com.br\/cbradar\/wp-content\/uploads\/2025\/11\/Cha-de-Louro_1764005583207-300x169.jpg 300w, https:\/\/www.correiobraziliense.com.br\/cbradar\/wp-content\/uploads\/2025\/11\/Cha-de-Louro_1764005583207-768x432.jpg 768w, https:\/\/www.correiobraziliense.com.br\/cbradar\/wp-content\/uploads\/2025\/11\/Cha-de-Louro_1764005583207-750x422.jpg 750w, https:\/\/www.correiobraziliense.com.br\/cbradar\/wp-content\/uploads\/2025\/11\/Cha-de-Louro_1764005583207-1140x641.jpg 1140w, https:\/\/www.correiobraziliense.com.br\/cbradar\/wp-content\/uploads\/2025\/11\/Cha-de-Louro_1764005583207.jpg 1280w\" sizes=\"(max-width: 1024px) 100vw, 1024px\" \/><figcaption class=\"wp-element-caption\">Ch\u00e1 de Louro &#8211; Cr\u00e9ditos: depositphotos.com \/ Nikolay_Donetsk<\/figcaption><\/figure><\/div>\n\n\n<h2 class=\"wp-block-heading\">De que forma o Ch\u00e1 de Louro auxilia na regula\u00e7\u00e3o dos lip\u00eddios?<\/h2>\n\n\n\n<p>Al\u00e9m dos efeitos sobre a glicose, o Ch\u00e1 de Louro \u00e9 reconhecido por sua capacidade de equilibrar o metabolismo lip\u00eddico. Ele ajuda a reduzir os n\u00edveis de colesterol total e triglicer\u00eddeos, elementos comumente alterados em indiv\u00edduos com diabetes. Essa habilidade de modula\u00e7\u00e3o lip\u00eddica \u00e9 essencial para prevenir doen\u00e7as cardiovasculares, frequentemente associadas ao diabetes. O efeito combinado de regular a glicemia e os lip\u00eddios faz do Ch\u00e1 de Louro uma infus\u00e3o poderosa no combate a s\u00edndromes metab\u00f3licas.<\/p>\n\n\n\n<h2 class=\"wp-block-heading\">Qual \u00e9 a melhor maneira de preparar o Ch\u00e1 de Louro para otimizar seus benef\u00edcios?<\/h2>\n\n\n\n<p>A prepara\u00e7\u00e3o do Ch\u00e1 de Louro \u00e9 simples e acess\u00edvel, garantindo que seus benef\u00edcios possam ser facilmente incorporados \u00e0 rotina di\u00e1ria. A receita tradicional envolve o uso de cinco folhas de louro secas fervidas em 200 ml de \u00e1gua. Ap\u00f3s ferver por cerca de cinco minutos, \u00e9 recomendado deixar a infus\u00e3o descansar por mais cinco minutos antes de consumi-la. Tomar a bebida em jejum, pela manh\u00e3, potencializa seus efeitos, proporcionando n\u00e3o apenas controle glic\u00eamico, mas tamb\u00e9m uma sensa\u00e7\u00e3o geral de bem-estar e equil\u00edbrio.<\/p>\n\n\n\n<p>Ao integrar o Ch\u00e1 de Louro na dieta di\u00e1ria, suas propriedades ben\u00e9ficas podem ser usufru\u00eddas, oferecendo um suporte adicional no cuidado preventivo e regular de condi\u00e7\u00f5es metab\u00f3licas. Assim, este ch\u00e1 n\u00e3o apenas enriquece a culin\u00e1ria, mas tamb\u00e9m desempenha um papel crucial na <a href=\"https:\/\/www.correiobraziliense.com.br\/cbradar\/o-avanco-cirurgico-que-permite-operar-o-cerebro-com-o-paciente-acordado\/\" target=\"_blank\" rel=\"noreferrer noopener\">sa\u00fade <\/a>e bem-estar geral.<\/p>\n\n\n<a href=\"https:\/\/www.instagram.com\/dra.annaluisabf\/\" target=\"_blank\" rel=\"noopener\" style=\"text-decoration: none; color: inherit;\">\n    <span style=\"display: inline-block; border: 1px solid #ccc; border-radius: 10px; padding: 15px; max-width: 550px; font-family: sans-serif; box-shadow: 0 2px 5px rgba(0,0,0,0.1); width: 100%;\">\n\n      <!-- T\u00edtulo -->\n      <span style=\"display: block; margin: 0 0 15px 0; font-weight: bold; color: #2c3e50; text-align: center;\">\n        Entre em contato:\n      <\/span>\n\n      <!-- Linha do perfil -->\n      <span style=\"display: flex; align-items: center; gap: 15px;\">\n        <img decoding=\"async\"\n          src=\"https:\/\/www.correiobraziliense.com.br\/cbradar\/wp-content\/uploads\/2025\/08\/dra_anna_luisa.jpeg\"\n          alt=\"Foto da Dra. Anna Lu\u00edsa\"\n          style=\"border-radius: 50%; width: 80px; height: 80px; object-fit: cover;\"\n        \/>\n        <span style=\"display: flex; flex-direction: column;\">\n          <span style=\"font-size: 18px; font-weight: 700; color: #2c3e50;\">Dra. Anna Lu\u00edsa Barbosa Fernandes<\/span>\n          <span style=\"color: #555;\">CRM-GO 33.271<\/span>\n        <\/span>\n      <\/span>\n\n      <!-- Redes -->\n      <span style=\"display: flex; align-items: center; gap: 10px; margin-top: 12px;\">\n        <img decoding=\"async\" src=\"https:\/\/cdn-icons-png.flaticon.com\/24\/1384\/1384063.png\" alt=\"Instagram\" width=\"24\" height=\"24\" \/>\n        <span style=\"text-decoration: underline; color: #2c3e50;\">@dra.annaluisabf<\/span>\n      <\/span>\n\n    <\/span>\n  <\/a>","protected":false},"excerpt":{"rendered":"<p>O Ch\u00e1 de Louro tem ganhado destaque n\u00e3o apenas por suas propriedades culin\u00e1rias, mas tamb\u00e9m pelo seu potencial terap\u00eautico. Utilizado h\u00e1 s\u00e9culos e venerado na medicina tradicional, essa infus\u00e3o \u00e9 conhecida por seu efeito marcante no metabolismo humano, especialmente no que se refere ao controle da glicose. Estudos recentes ressaltam seus benef\u00edcios, tornando-se um recurso [&hellip;]<\/p>\n","protected":false},"author":14,"featured_media":144343,"comment_status":"open","ping_status":"open","sticky":false,"template":"","format":"standard","meta":{"_yoast_wpseo_focuskw":"Ch\u00e1 de Louro","_yoast_wpseo_title":"","_yoast_wpseo_metadesc":"Com a\u00e7\u00e3o antioxidante e efeito hipoglicemiante, o ch\u00e1 de louro ajuda no controle da glicose e protege o cora\u00e7\u00e3o. Aprenda a preparar.","jnews-multi-image_gallery":[],"jnews_single_post":{"format":"standard"},"jnews_primary_category":[],"jnews_social_meta":[],"jnews_override_counter":[],"footnotes":""},"categories":[4404],"post_tag":[281,120,1318],"class_list":["post-144341","post","type-post","status-publish","format-standard","has-post-thumbnail","hentry","category-saude","tag-alimentacao","tag-bem-estar","tag-saude-2"],"yoast_head":"<!-- This site is optimized with the Yoast SEO plugin v24.6 - https:\/\/yoast.com\/wordpress\/plugins\/seo\/ -->\n<title>O ch\u00e1 mais indicado para quem quer regular a glicose - Correio Braziliense - Radar<\/title>\n<meta name=\"description\" content=\"Com a\u00e7\u00e3o antioxidante e efeito hipoglicemiante, o ch\u00e1 de louro ajuda no controle da glicose e protege o cora\u00e7\u00e3o. Aprenda a preparar.\" \/>\n<meta name=\"robots\" content=\"index, follow, max-snippet:-1, max-image-preview:large, max-video-preview:-1\" \/>\n<link rel=\"canonical\" href=\"https:\/\/www.correiobraziliense.com.br\/cbradar\/o-cha-mais-indicado-para-quem-quer-regular-a-glicose\/\" \/>\n<meta property=\"og:locale\" content=\"pt_BR\" \/>\n<meta property=\"og:type\" content=\"article\" \/>\n<meta property=\"og:title\" content=\"O ch\u00e1 mais indicado para quem quer regular a glicose - Correio Braziliense - Radar\" \/>\n<meta property=\"og:description\" content=\"Com a\u00e7\u00e3o antioxidante e efeito hipoglicemiante, o ch\u00e1 de louro ajuda no controle da glicose e protege o cora\u00e7\u00e3o. Aprenda a preparar.\" \/>\n<meta property=\"og:url\" content=\"https:\/\/www.correiobraziliense.com.br\/cbradar\/o-cha-mais-indicado-para-quem-quer-regular-a-glicose\/\" \/>\n<meta property=\"og:site_name\" content=\"Correio Braziliense - Radar\" \/>\n<meta property=\"article:published_time\" content=\"2025-11-25T15:05:00+00:00\" \/>\n<meta property=\"og:image\" content=\"https:\/\/www.correiobraziliense.com.br\/cbradar\/wp-content\/uploads\/2025\/11\/Cha-de-Louro_1764005553149.jpg\" \/>\n\t<meta property=\"og:image:width\" content=\"1280\" \/>\n\t<meta property=\"og:image:height\" content=\"720\" \/>\n\t<meta property=\"og:image:type\" content=\"image\/jpeg\" \/>\n<meta name=\"author\" content=\"guilherme_saude\" \/>\n<meta name=\"twitter:card\" content=\"summary_large_image\" \/>\n<meta name=\"twitter:label1\" content=\"Escrito por\" \/>\n\t<meta name=\"twitter:data1\" content=\"guilherme_saude\" \/>\n\t<meta name=\"twitter:label2\" content=\"Est. tempo de leitura\" \/>\n\t<meta name=\"twitter:data2\" content=\"4 minutos\" \/>\n<!-- \/ Yoast SEO plugin. -->","yoast_head_json":{"title":"O ch\u00e1 mais indicado para quem quer regular a glicose - Correio Braziliense - Radar","description":"Com a\u00e7\u00e3o antioxidante e efeito hipoglicemiante, o ch\u00e1 de louro ajuda no controle da glicose e protege o cora\u00e7\u00e3o. Aprenda a preparar.","robots":{"index":"index","follow":"follow","max-snippet":"max-snippet:-1","max-image-preview":"max-image-preview:large","max-video-preview":"max-video-preview:-1"},"canonical":"https:\/\/www.correiobraziliense.com.br\/cbradar\/o-cha-mais-indicado-para-quem-quer-regular-a-glicose\/","og_locale":"pt_BR","og_type":"article","og_title":"O ch\u00e1 mais indicado para quem quer regular a glicose - Correio Braziliense - Radar","og_description":"Com a\u00e7\u00e3o antioxidante e efeito hipoglicemiante, o ch\u00e1 de louro ajuda no controle da glicose e protege o cora\u00e7\u00e3o. Aprenda a preparar.","og_url":"https:\/\/www.correiobraziliense.com.br\/cbradar\/o-cha-mais-indicado-para-quem-quer-regular-a-glicose\/","og_site_name":"Correio Braziliense - Radar","article_published_time":"2025-11-25T15:05:00+00:00","og_image":[{"width":1280,"height":720,"url":"https:\/\/www.correiobraziliense.com.br\/cbradar\/wp-content\/uploads\/2025\/11\/Cha-de-Louro_1764005553149.jpg","type":"image\/jpeg"}],"author":"guilherme_saude","twitter_card":"summary_large_image","twitter_misc":{"Escrito por":"guilherme_saude","Est. tempo de leitura":"4 minutos"},"schema":{"@context":"https:\/\/schema.org","@graph":[{"@type":"WebPage","@id":"https:\/\/www.correiobraziliense.com.br\/cbradar\/o-cha-mais-indicado-para-quem-quer-regular-a-glicose\/","url":"https:\/\/www.correiobraziliense.com.br\/cbradar\/o-cha-mais-indicado-para-quem-quer-regular-a-glicose\/","name":"O ch\u00e1 mais indicado para quem quer regular a glicose - Correio Braziliense - Radar","isPartOf":{"@id":"https:\/\/www.correiobraziliense.com.br\/cbradar\/#website"},"primaryImageOfPage":{"@id":"https:\/\/www.correiobraziliense.com.br\/cbradar\/o-cha-mais-indicado-para-quem-quer-regular-a-glicose\/#primaryimage"},"image":{"@id":"https:\/\/www.correiobraziliense.com.br\/cbradar\/o-cha-mais-indicado-para-quem-quer-regular-a-glicose\/#primaryimage"},"thumbnailUrl":"https:\/\/www.correiobraziliense.com.br\/cbradar\/wp-content\/uploads\/2025\/11\/Cha-de-Louro_1764005553149.jpg","datePublished":"2025-11-25T15:05:00+00:00","author":{"@id":"https:\/\/www.correiobraziliense.com.br\/cbradar\/#\/schema\/person\/5aa4bf3c8fa699c267933611de12978b"},"description":"Com a\u00e7\u00e3o antioxidante e efeito hipoglicemiante, o ch\u00e1 de louro ajuda no controle da glicose e protege o cora\u00e7\u00e3o. Aprenda a preparar.","breadcrumb":{"@id":"https:\/\/www.correiobraziliense.com.br\/cbradar\/o-cha-mais-indicado-para-quem-quer-regular-a-glicose\/#breadcrumb"},"inLanguage":"pt-BR","potentialAction":[{"@type":"ReadAction","target":["https:\/\/www.correiobraziliense.com.br\/cbradar\/o-cha-mais-indicado-para-quem-quer-regular-a-glicose\/"]}]},{"@type":"ImageObject","inLanguage":"pt-BR","@id":"https:\/\/www.correiobraziliense.com.br\/cbradar\/o-cha-mais-indicado-para-quem-quer-regular-a-glicose\/#primaryimage","url":"https:\/\/www.correiobraziliense.com.br\/cbradar\/wp-content\/uploads\/2025\/11\/Cha-de-Louro_1764005553149.jpg","contentUrl":"https:\/\/www.correiobraziliense.com.br\/cbradar\/wp-content\/uploads\/2025\/11\/Cha-de-Louro_1764005553149.jpg","width":1280,"height":720,"caption":"Ch\u00e1 de Louro - Cr\u00e9ditos: depositphotos.com \/ Nikolay_Donetsk"},{"@type":"BreadcrumbList","@id":"https:\/\/www.correiobraziliense.com.br\/cbradar\/o-cha-mais-indicado-para-quem-quer-regular-a-glicose\/#breadcrumb","itemListElement":[{"@type":"ListItem","position":1,"name":"In\u00edcio","item":"https:\/\/www.correiobraziliense.com.br\/cbradar\/"},{"@type":"ListItem","position":2,"name":"O ch\u00e1 mais indicado para quem quer regular a glicose"}]},{"@type":"WebSite","@id":"https:\/\/www.correiobraziliense.com.br\/cbradar\/#website","url":"https:\/\/www.correiobraziliense.com.br\/cbradar\/","name":"Correio Braziliense - Radar","description":"Acompanhe as \u00faltimas not\u00edcias e fique bem informado sobre tudo o que acontece no Brasil e no mundo.","potentialAction":[{"@type":"SearchAction","target":{"@type":"EntryPoint","urlTemplate":"https:\/\/www.correiobraziliense.com.br\/cbradar\/?s={search_term_string}"},"query-input":{"@type":"PropertyValueSpecification","valueRequired":true,"valueName":"search_term_string"}}],"inLanguage":"pt-BR"},{"@type":"Person","@id":"https:\/\/www.correiobraziliense.com.br\/cbradar\/#\/schema\/person\/5aa4bf3c8fa699c267933611de12978b","name":"guilherme_saude","image":{"@type":"ImageObject","inLanguage":"pt-BR","@id":"https:\/\/www.correiobraziliense.com.br\/cbradar\/#\/schema\/person\/image\/","url":"https:\/\/secure.gravatar.com\/avatar\/df9adfb835d344bc0af109d41756253f?s=96&d=mm&r=g","contentUrl":"https:\/\/secure.gravatar.com\/avatar\/df9adfb835d344bc0af109d41756253f?s=96&d=mm&r=g","caption":"guilherme_saude"},"url":"https:\/\/www.correiobraziliense.com.br\/cbradar\/author\/guilherme_saude\/"}]}},"_links":{"self":[{"href":"https:\/\/www.correiobraziliense.com.br\/cbradar\/wp-json\/wp\/v2\/posts\/144341","targetHints":{"allow":["GET"]}}],"collection":[{"href":"https:\/\/www.correiobraziliense.com.br\/cbradar\/wp-json\/wp\/v2\/posts"}],"about":[{"href":"https:\/\/www.correiobraziliense.com.br\/cbradar\/wp-json\/wp\/v2\/types\/post"}],"author":[{"embeddable":true,"href":"https:\/\/www.correiobraziliense.com.br\/cbradar\/wp-json\/wp\/v2\/users\/14"}],"replies":[{"embeddable":true,"href":"https:\/\/www.correiobraziliense.com.br\/cbradar\/wp-json\/wp\/v2\/comments?post=144341"}],"version-history":[{"count":1,"href":"https:\/\/www.correiobraziliense.com.br\/cbradar\/wp-json\/wp\/v2\/posts\/144341\/revisions"}],"predecessor-version":[{"id":144350,"href":"https:\/\/www.correiobraziliense.com.br\/cbradar\/wp-json\/wp\/v2\/posts\/144341\/revisions\/144350"}],"wp:featuredmedia":[{"embeddable":true,"href":"https:\/\/www.correiobraziliense.com.br\/cbradar\/wp-json\/wp\/v2\/media\/144343"}],"wp:attachment":[{"href":"https:\/\/www.correiobraziliense.com.br\/cbradar\/wp-json\/wp\/v2\/media?parent=144341"}],"wp:term":[{"taxonomy":"category","embeddable":true,"href":"https:\/\/www.correiobraziliense.com.br\/cbradar\/wp-json\/wp\/v2\/categories?post=144341"},{"taxonomy":"post_tag","embeddable":true,"href":"https:\/\/www.correiobraziliense.com.br\/cbradar\/wp-json\/wp\/v2\/post_tag?post=144341"}],"curies":[{"name":"wp","href":"https:\/\/api.w.org\/{rel}","templated":true}]}}