{"id":144353,"date":"2025-11-25T13:15:00","date_gmt":"2025-11-25T16:15:00","guid":{"rendered":"https:\/\/www.correiobraziliense.com.br\/cbradar\/?p=144353"},"modified":"2025-11-24T14:36:54","modified_gmt":"2025-11-24T17:36:54","slug":"a-urtiga-e-excelente-para-dores-renais-e-prostata-segundo-a-ciencia","status":"publish","type":"post","link":"https:\/\/www.correiobraziliense.com.br\/cbradar\/a-urtiga-e-excelente-para-dores-renais-e-prostata-segundo-a-ciencia\/","title":{"rendered":"A urtiga \u00e9 excelente para dores renais e pr\u00f3stata segundo a ci\u00eancia"},"content":{"rendered":"\n<p>A <strong>Urtiga<\/strong>, conhecida cientificamente como Urtica dioica, \u00e9 uma planta amplamente reconhecida por suas propriedades ben\u00e9ficas \u00e0 sa\u00fade e facilidade de cultivo. Rica em vitaminas A, C e minerais como ferro e c\u00e1lcio, a Urtiga tem ocupado um espa\u00e7o consider\u00e1vel em pr\u00e1ticas medicinais tradicionais, sendo utilizada para tratar diversas condi\u00e7\u00f5es de sa\u00fade.<\/p>\n\n\n\n<p>Entre os principais benef\u00edcios da Urtiga, destacam-se suas propriedades anti-inflamat\u00f3rias e a capacidade de contribuir para a regula\u00e7\u00e3o do a\u00e7\u00facar no sangue. Esses aspectos tornam a planta uma aliada no al\u00edvio de dores articulares e no tratamento de doen\u00e7as inflamat\u00f3rias. Al\u00e9m disso, seu consumo \u00e9 associado ao fortalecimento do sistema imunol\u00f3gico, devido \u00e0s suas ricas composi\u00e7\u00f5es nutricionais.<\/p>\n\n\n\n<h2 class=\"wp-block-heading\">Como plantar Urtiga em casa com sucesso?<\/h2>\n\n\n\n<p>O cultivo da Urtiga em casa \u00e9 bastante acess\u00edvel, at\u00e9 mesmo para quem n\u00e3o possui uma longa experi\u00eancia em jardinagem. Para iniciar o plantio, \u00e9 crucial selecionar um local adequado, que ofere\u00e7a boa ilumina\u00e7\u00e3o e um solo f\u00e9rtil. Com as condi\u00e7\u00f5es certas, a planta pode ser cultivada facilmente em vasos dentro de apartamentos em grandes cidades, como S\u00e3o Paulo ou Rio de Janeiro.<\/p>\n\n\n<div class=\"wp-block-image\">\n<figure class=\"aligncenter size-large\"><img decoding=\"async\" width=\"1024\" height=\"576\" src=\"https:\/\/www.correiobraziliense.com.br\/cbradar\/wp-content\/uploads\/2025\/08\/Urtiga_1755278555764-1024x576.jpg\" alt=\"\" class=\"wp-image-87124\" srcset=\"https:\/\/www.correiobraziliense.com.br\/cbradar\/wp-content\/uploads\/2025\/08\/Urtiga_1755278555764-1024x576.jpg 1024w, https:\/\/www.correiobraziliense.com.br\/cbradar\/wp-content\/uploads\/2025\/08\/Urtiga_1755278555764-300x169.jpg 300w, https:\/\/www.correiobraziliense.com.br\/cbradar\/wp-content\/uploads\/2025\/08\/Urtiga_1755278555764-768x432.jpg 768w, https:\/\/www.correiobraziliense.com.br\/cbradar\/wp-content\/uploads\/2025\/08\/Urtiga_1755278555764-750x422.jpg 750w, https:\/\/www.correiobraziliense.com.br\/cbradar\/wp-content\/uploads\/2025\/08\/Urtiga_1755278555764-1140x641.jpg 1140w, https:\/\/www.correiobraziliense.com.br\/cbradar\/wp-content\/uploads\/2025\/08\/Urtiga_1755278555764.jpg 1280w\" sizes=\"(max-width: 1024px) 100vw, 1024px\" \/><figcaption class=\"wp-element-caption\">Urtiga &#8211; Cr\u00e9ditos: depositphotos.com \/ AntonMatyukha<\/figcaption><\/figure><\/div>\n\n\n<p>A sementeira pode ser iniciada com sementes ou mudas, necessitando de um solo previamente umedecido. Recomenda-se o uso de compostos org\u00e2nicos, que ajudam no incremento nutricional da planta. Aplicativos de jardinagem, como o Gardening Companion, podem ser recursos valiosos para monitorar o desenvolvimento do plantio e garantir o sucesso do cultivo.<\/p>\n\n\n\n<h2 class=\"wp-block-heading\">Quais s\u00e3o as melhores pr\u00e1ticas para o cultivo da Urtiga?<\/h2>\n\n\n\n<p>A Urtiga prefere climas temperados e locais com meia-sombra. Portanto, ajustar o ambiente para que simule estas condi\u00e7\u00f5es pode potencializar o crescimento da planta. Durante o cultivo, \u00e9 importante manter uma rotina de rega regular, mas sem encharcar o solo. A utiliza\u00e7\u00e3o de cobertura morta (mulch) tamb\u00e9m pode ser eficaz na reten\u00e7\u00e3o de umidade e na melhoria da qualidade do solo.<\/p>\n\n\n\n<ul class=\"wp-block-list\">\n<li>Mantenha a Urtiga em \u00e1reas perif\u00e9ricas para evitar o contato indesejado com suas folhas urticantes.<\/li>\n\n\n\n<li>Cultivar em ambientes que possuem caracter\u00edsticas similares ao habitat natural da planta garante melhor desenvolvimento.<\/li>\n\n\n\n<li>Em regi\u00f5es de clima mais ameno, como o Paran\u00e1 e Santa Catarina, a planta pode ter um desempenho ainda melhor.<\/li>\n<\/ul>\n\n\n\n<h2 class=\"wp-block-heading\">Por que incluir a Urtiga na sua vida di\u00e1ria?<\/h2>\n\n\n\n<p>Al\u00e9m dos benef\u00edcios \u00e0 <a href=\"https:\/\/www.correiobraziliense.com.br\/cbradar\/o-avanco-cirurgico-que-permite-operar-o-cerebro-com-o-paciente-acordado\/\" target=\"_blank\" rel=\"noreferrer noopener\">sa\u00fade<\/a>, a Urtiga oferece a conveni\u00eancia do cultivo caseiro. Com simples cuidados, a planta pode ser mantida em casa, proporcionando n\u00e3o apenas satisfa\u00e7\u00e3o ao permitir uma colheita direta, mas tamb\u00e9m um consumo mais consciente e sustent\u00e1vel. Ao integrar essa planta \u00e0 rotina, aproveita-se n\u00e3o apenas de suas propriedades nutricionais, mas tamb\u00e9m de um m\u00e9todo pr\u00e1tico e ecol\u00f3gico para contribuir com o bem-estar.<\/p>\n\n\n\n<p>A Urtiga, portanto, se revela como uma planta vers\u00e1til e valiosa tanto para prop\u00f3sitos medicinais quanto culin\u00e1rios. Seu cultivo dom\u00e9stico n\u00e3o apenas facilita o acesso aos seus benef\u00edcios, mas tamb\u00e9m transforma o cuidado com a sa\u00fade em uma atividade sustent\u00e1vel e prazerosa.<\/p>\n\n\n<a href=\"https:\/\/www.instagram.com\/dra.annaluisabf\/\" target=\"_blank\" rel=\"noopener\" style=\"text-decoration: none; color: inherit;\">\n    <span style=\"display: inline-block; border: 1px solid #ccc; border-radius: 10px; padding: 15px; max-width: 550px; font-family: sans-serif; box-shadow: 0 2px 5px rgba(0,0,0,0.1); width: 100%;\">\n\n      <!-- T\u00edtulo -->\n      <span style=\"display: block; margin: 0 0 15px 0; font-weight: bold; color: #2c3e50; text-align: center;\">\n        Entre em contato:\n      <\/span>\n\n      <!-- Linha do perfil -->\n      <span style=\"display: flex; align-items: center; gap: 15px;\">\n        <img decoding=\"async\"\n          src=\"https:\/\/www.correiobraziliense.com.br\/cbradar\/wp-content\/uploads\/2025\/08\/dra_anna_luisa.jpeg\"\n          alt=\"Foto da Dra. Anna Lu\u00edsa\"\n          style=\"border-radius: 50%; width: 80px; height: 80px; object-fit: cover;\"\n        \/>\n        <span style=\"display: flex; flex-direction: column;\">\n          <span style=\"font-size: 18px; font-weight: 700; color: #2c3e50;\">Dra. Anna Lu\u00edsa Barbosa Fernandes<\/span>\n          <span style=\"color: #555;\">CRM-GO 33.271<\/span>\n        <\/span>\n      <\/span>\n\n      <!-- Redes -->\n      <span style=\"display: flex; align-items: center; gap: 10px; margin-top: 12px;\">\n        <img decoding=\"async\" src=\"https:\/\/cdn-icons-png.flaticon.com\/24\/1384\/1384063.png\" alt=\"Instagram\" width=\"24\" height=\"24\" \/>\n        <span style=\"text-decoration: underline; color: #2c3e50;\">@dra.annaluisabf<\/span>\n      <\/span>\n\n    <\/span>\n  <\/a>","protected":false},"excerpt":{"rendered":"<p>A Urtiga, conhecida cientificamente como Urtica dioica, \u00e9 uma planta amplamente reconhecida por suas propriedades ben\u00e9ficas \u00e0 sa\u00fade e facilidade de cultivo. Rica em vitaminas A, C e minerais como ferro e c\u00e1lcio, a Urtiga tem ocupado um espa\u00e7o consider\u00e1vel em pr\u00e1ticas medicinais tradicionais, sendo utilizada para tratar diversas condi\u00e7\u00f5es de sa\u00fade. Entre os principais [&hellip;]<\/p>\n","protected":false},"author":14,"featured_media":87123,"comment_status":"open","ping_status":"open","sticky":false,"template":"","format":"standard","meta":{"_yoast_wpseo_focuskw":"Urtiga","_yoast_wpseo_title":"","_yoast_wpseo_metadesc":"A urtiga \u00e9 rica em vitaminas e minerais, com a\u00e7\u00e3o anti-inflamat\u00f3ria e efeito no controle da glicose. Veja como plantar e usar no dia a dia.","jnews-multi-image_gallery":[],"jnews_single_post":{"format":"standard"},"jnews_primary_category":[],"jnews_social_meta":[],"jnews_override_counter":[],"footnotes":""},"categories":[4404],"post_tag":[120,247,1318],"class_list":["post-144353","post","type-post","status-publish","format-standard","has-post-thumbnail","hentry","category-saude","tag-bem-estar","tag-qualidade-de-vida","tag-saude-2"],"yoast_head":"<!-- This site is optimized with the Yoast SEO plugin v24.6 - https:\/\/yoast.com\/wordpress\/plugins\/seo\/ -->\n<title>A urtiga \u00e9 excelente para dores renais e pr\u00f3stata segundo a ci\u00eancia - Correio Braziliense - Radar<\/title>\n<meta name=\"description\" content=\"A urtiga \u00e9 rica em vitaminas e minerais, com a\u00e7\u00e3o anti-inflamat\u00f3ria e efeito no controle da glicose. Veja como plantar e usar no dia a dia.\" \/>\n<meta name=\"robots\" content=\"index, follow, max-snippet:-1, max-image-preview:large, max-video-preview:-1\" \/>\n<link rel=\"canonical\" href=\"https:\/\/www.correiobraziliense.com.br\/cbradar\/a-urtiga-e-excelente-para-dores-renais-e-prostata-segundo-a-ciencia\/\" \/>\n<meta property=\"og:locale\" content=\"pt_BR\" \/>\n<meta property=\"og:type\" content=\"article\" \/>\n<meta property=\"og:title\" content=\"A urtiga \u00e9 excelente para dores renais e pr\u00f3stata segundo a ci\u00eancia - Correio Braziliense - Radar\" \/>\n<meta property=\"og:description\" content=\"A urtiga \u00e9 rica em vitaminas e minerais, com a\u00e7\u00e3o anti-inflamat\u00f3ria e efeito no controle da glicose. Veja como plantar e usar no dia a dia.\" \/>\n<meta property=\"og:url\" content=\"https:\/\/www.correiobraziliense.com.br\/cbradar\/a-urtiga-e-excelente-para-dores-renais-e-prostata-segundo-a-ciencia\/\" \/>\n<meta property=\"og:site_name\" content=\"Correio Braziliense - Radar\" \/>\n<meta property=\"article:published_time\" content=\"2025-11-25T16:15:00+00:00\" \/>\n<meta property=\"og:image\" content=\"https:\/\/www.correiobraziliense.com.br\/cbradar\/wp-content\/uploads\/2025\/08\/Urtiga_1755278524565.jpg\" \/>\n\t<meta property=\"og:image:width\" content=\"1280\" \/>\n\t<meta property=\"og:image:height\" content=\"720\" \/>\n\t<meta property=\"og:image:type\" content=\"image\/jpeg\" \/>\n<meta name=\"author\" content=\"guilherme_saude\" \/>\n<meta name=\"twitter:card\" content=\"summary_large_image\" \/>\n<meta name=\"twitter:label1\" content=\"Escrito por\" \/>\n\t<meta name=\"twitter:data1\" content=\"guilherme_saude\" \/>\n\t<meta name=\"twitter:label2\" content=\"Est. tempo de leitura\" \/>\n\t<meta name=\"twitter:data2\" content=\"4 minutos\" \/>\n<!-- \/ Yoast SEO plugin. -->","yoast_head_json":{"title":"A urtiga \u00e9 excelente para dores renais e pr\u00f3stata segundo a ci\u00eancia - Correio Braziliense - Radar","description":"A urtiga \u00e9 rica em vitaminas e minerais, com a\u00e7\u00e3o anti-inflamat\u00f3ria e efeito no controle da glicose. Veja como plantar e usar no dia a dia.","robots":{"index":"index","follow":"follow","max-snippet":"max-snippet:-1","max-image-preview":"max-image-preview:large","max-video-preview":"max-video-preview:-1"},"canonical":"https:\/\/www.correiobraziliense.com.br\/cbradar\/a-urtiga-e-excelente-para-dores-renais-e-prostata-segundo-a-ciencia\/","og_locale":"pt_BR","og_type":"article","og_title":"A urtiga \u00e9 excelente para dores renais e pr\u00f3stata segundo a ci\u00eancia - Correio Braziliense - Radar","og_description":"A urtiga \u00e9 rica em vitaminas e minerais, com a\u00e7\u00e3o anti-inflamat\u00f3ria e efeito no controle da glicose. Veja como plantar e usar no dia a dia.","og_url":"https:\/\/www.correiobraziliense.com.br\/cbradar\/a-urtiga-e-excelente-para-dores-renais-e-prostata-segundo-a-ciencia\/","og_site_name":"Correio Braziliense - Radar","article_published_time":"2025-11-25T16:15:00+00:00","og_image":[{"width":1280,"height":720,"url":"https:\/\/www.correiobraziliense.com.br\/cbradar\/wp-content\/uploads\/2025\/08\/Urtiga_1755278524565.jpg","type":"image\/jpeg"}],"author":"guilherme_saude","twitter_card":"summary_large_image","twitter_misc":{"Escrito por":"guilherme_saude","Est. tempo de leitura":"4 minutos"},"schema":{"@context":"https:\/\/schema.org","@graph":[{"@type":"WebPage","@id":"https:\/\/www.correiobraziliense.com.br\/cbradar\/a-urtiga-e-excelente-para-dores-renais-e-prostata-segundo-a-ciencia\/","url":"https:\/\/www.correiobraziliense.com.br\/cbradar\/a-urtiga-e-excelente-para-dores-renais-e-prostata-segundo-a-ciencia\/","name":"A urtiga \u00e9 excelente para dores renais e pr\u00f3stata segundo a ci\u00eancia - Correio Braziliense - Radar","isPartOf":{"@id":"https:\/\/www.correiobraziliense.com.br\/cbradar\/#website"},"primaryImageOfPage":{"@id":"https:\/\/www.correiobraziliense.com.br\/cbradar\/a-urtiga-e-excelente-para-dores-renais-e-prostata-segundo-a-ciencia\/#primaryimage"},"image":{"@id":"https:\/\/www.correiobraziliense.com.br\/cbradar\/a-urtiga-e-excelente-para-dores-renais-e-prostata-segundo-a-ciencia\/#primaryimage"},"thumbnailUrl":"https:\/\/www.correiobraziliense.com.br\/cbradar\/wp-content\/uploads\/2025\/08\/Urtiga_1755278524565.jpg","datePublished":"2025-11-25T16:15:00+00:00","author":{"@id":"https:\/\/www.correiobraziliense.com.br\/cbradar\/#\/schema\/person\/5aa4bf3c8fa699c267933611de12978b"},"description":"A urtiga \u00e9 rica em vitaminas e minerais, com a\u00e7\u00e3o anti-inflamat\u00f3ria e efeito no controle da glicose. Veja como plantar e usar no dia a dia.","breadcrumb":{"@id":"https:\/\/www.correiobraziliense.com.br\/cbradar\/a-urtiga-e-excelente-para-dores-renais-e-prostata-segundo-a-ciencia\/#breadcrumb"},"inLanguage":"pt-BR","potentialAction":[{"@type":"ReadAction","target":["https:\/\/www.correiobraziliense.com.br\/cbradar\/a-urtiga-e-excelente-para-dores-renais-e-prostata-segundo-a-ciencia\/"]}]},{"@type":"ImageObject","inLanguage":"pt-BR","@id":"https:\/\/www.correiobraziliense.com.br\/cbradar\/a-urtiga-e-excelente-para-dores-renais-e-prostata-segundo-a-ciencia\/#primaryimage","url":"https:\/\/www.correiobraziliense.com.br\/cbradar\/wp-content\/uploads\/2025\/08\/Urtiga_1755278524565.jpg","contentUrl":"https:\/\/www.correiobraziliense.com.br\/cbradar\/wp-content\/uploads\/2025\/08\/Urtiga_1755278524565.jpg","width":1280,"height":720,"caption":"Urtiga - Cr\u00e9ditos: depositphotos.com \/ KostyaKlimenko"},{"@type":"BreadcrumbList","@id":"https:\/\/www.correiobraziliense.com.br\/cbradar\/a-urtiga-e-excelente-para-dores-renais-e-prostata-segundo-a-ciencia\/#breadcrumb","itemListElement":[{"@type":"ListItem","position":1,"name":"In\u00edcio","item":"https:\/\/www.correiobraziliense.com.br\/cbradar\/"},{"@type":"ListItem","position":2,"name":"A urtiga \u00e9 excelente para dores renais e pr\u00f3stata segundo a ci\u00eancia"}]},{"@type":"WebSite","@id":"https:\/\/www.correiobraziliense.com.br\/cbradar\/#website","url":"https:\/\/www.correiobraziliense.com.br\/cbradar\/","name":"Correio Braziliense - Radar","description":"Acompanhe as \u00faltimas not\u00edcias e fique bem informado sobre tudo o que acontece no Brasil e no mundo.","potentialAction":[{"@type":"SearchAction","target":{"@type":"EntryPoint","urlTemplate":"https:\/\/www.correiobraziliense.com.br\/cbradar\/?s={search_term_string}"},"query-input":{"@type":"PropertyValueSpecification","valueRequired":true,"valueName":"search_term_string"}}],"inLanguage":"pt-BR"},{"@type":"Person","@id":"https:\/\/www.correiobraziliense.com.br\/cbradar\/#\/schema\/person\/5aa4bf3c8fa699c267933611de12978b","name":"guilherme_saude","image":{"@type":"ImageObject","inLanguage":"pt-BR","@id":"https:\/\/www.correiobraziliense.com.br\/cbradar\/#\/schema\/person\/image\/","url":"https:\/\/secure.gravatar.com\/avatar\/df9adfb835d344bc0af109d41756253f?s=96&d=mm&r=g","contentUrl":"https:\/\/secure.gravatar.com\/avatar\/df9adfb835d344bc0af109d41756253f?s=96&d=mm&r=g","caption":"guilherme_saude"},"url":"https:\/\/www.correiobraziliense.com.br\/cbradar\/author\/guilherme_saude\/"}]}},"_links":{"self":[{"href":"https:\/\/www.correiobraziliense.com.br\/cbradar\/wp-json\/wp\/v2\/posts\/144353","targetHints":{"allow":["GET"]}}],"collection":[{"href":"https:\/\/www.correiobraziliense.com.br\/cbradar\/wp-json\/wp\/v2\/posts"}],"about":[{"href":"https:\/\/www.correiobraziliense.com.br\/cbradar\/wp-json\/wp\/v2\/types\/post"}],"author":[{"embeddable":true,"href":"https:\/\/www.correiobraziliense.com.br\/cbradar\/wp-json\/wp\/v2\/users\/14"}],"replies":[{"embeddable":true,"href":"https:\/\/www.correiobraziliense.com.br\/cbradar\/wp-json\/wp\/v2\/comments?post=144353"}],"version-history":[{"count":1,"href":"https:\/\/www.correiobraziliense.com.br\/cbradar\/wp-json\/wp\/v2\/posts\/144353\/revisions"}],"predecessor-version":[{"id":144361,"href":"https:\/\/www.correiobraziliense.com.br\/cbradar\/wp-json\/wp\/v2\/posts\/144353\/revisions\/144361"}],"wp:featuredmedia":[{"embeddable":true,"href":"https:\/\/www.correiobraziliense.com.br\/cbradar\/wp-json\/wp\/v2\/media\/87123"}],"wp:attachment":[{"href":"https:\/\/www.correiobraziliense.com.br\/cbradar\/wp-json\/wp\/v2\/media?parent=144353"}],"wp:term":[{"taxonomy":"category","embeddable":true,"href":"https:\/\/www.correiobraziliense.com.br\/cbradar\/wp-json\/wp\/v2\/categories?post=144353"},{"taxonomy":"post_tag","embeddable":true,"href":"https:\/\/www.correiobraziliense.com.br\/cbradar\/wp-json\/wp\/v2\/post_tag?post=144353"}],"curies":[{"name":"wp","href":"https:\/\/api.w.org\/{rel}","templated":true}]}}