{"id":144364,"date":"2025-11-25T15:55:00","date_gmt":"2025-11-25T18:55:00","guid":{"rendered":"https:\/\/www.correiobraziliense.com.br\/cbradar\/?p=144364"},"modified":"2025-11-24T14:43:02","modified_gmt":"2025-11-24T17:43:02","slug":"por-que-parecemos-diferentes-no-espelho-e-na-foto","status":"publish","type":"post","link":"https:\/\/www.correiobraziliense.com.br\/cbradar\/por-que-parecemos-diferentes-no-espelho-e-na-foto\/","title":{"rendered":"Por que parecemos diferentes no espelho e na foto"},"content":{"rendered":"\n<p>Quando <strong>Se Olha no Espelho<\/strong>, o que se v\u00ea \u00e9 uma imagem j\u00e1 conhecida e habituada. Por\u00e9m, ao se deparar com uma fotografia, principalmente aquelas tiradas por outras pessoas, a percep\u00e7\u00e3o pode parecer diferente ou at\u00e9 desconfort\u00e1vel. Essa diferen\u00e7a entre o reflexo di\u00e1rio e as imagens capturadas por c\u00e2meras pode ser explicada por fatores visuais, tecnol\u00f3gicos e psicol\u00f3gicos que afetam a autoimagem.<\/p>\n\n\n\n<p>No espelho, a imagem refletida \u00e9 lateralmente invertida, com o lado esquerdo aparecendo como o direito e vice-versa. Essa imagem \u00e9 aquela que se encara diariamente, criando um senso de familiaridade. Por outro lado, a fotografia apresenta uma imagem sem a invers\u00e3o, um retrato mais preciso de como os outros visualizam, o que pode provocar uma sensa\u00e7\u00e3o inesperada ao ser comparada com a vis\u00e3o habitual do espelho.<\/p>\n\n\n\n<h2 class=\"wp-block-heading\">Como a c\u00e2mera distorce nossa autoimagem?<\/h2>\n\n\n\n<p>V\u00e1rias raz\u00f5es t\u00e9cnicas influenciam a percep\u00e7\u00e3o das fotos em compara\u00e7\u00e3o com o espelho. A fotografia captura a realidade sem a invers\u00e3o que o espelho proporciona, mas al\u00e9m disso, diferentes fatores, como tipo de lente, \u00e2ngulo da tomada e proximidade da c\u00e2mera, podem impactar a apar\u00eancia. Lentes com grande angular, por exemplo, podem salientar \u00e1reas como o nariz ou aumentar as propor\u00e7\u00f5es do rosto de uma maneira que difere do esperado.<\/p>\n\n\n\n<ul class=\"wp-block-list\">\n<li><strong>Lentes:<\/strong>\u00a0Contribuem para a altera\u00e7\u00e3o da percep\u00e7\u00e3o facial ao modificar as propor\u00e7\u00f5es naturais.<\/li>\n\n\n\n<li><strong>\u00c2ngulo:<\/strong>\u00a0Pode favorecer ou destacar aspectos do rosto, dependendo de sua posi\u00e7\u00e3o.<\/li>\n\n\n\n<li><strong>Dist\u00e2ncia:<\/strong>\u00a0Fotografias tiradas de muito perto podem distorcer as propor\u00e7\u00f5es comparativamente a uma dist\u00e2ncia maior.<\/li>\n<\/ul>\n\n\n\n<p>A ilumina\u00e7\u00e3o \u00e9 um aspecto crucial tamb\u00e9m. Ambientes sob luz intensa, com flashes diretos ou escassamente iluminados, podem gerar sombras indesejadas e alterar tons de pele. O espelho, ao contr\u00e1rio, permite que se escolha uma ilumina\u00e7\u00e3o e \u00e2ngulo mais favor\u00e1veis, oferecendo uma imagem mais harm\u00f4nica.<\/p>\n\n\n\n<h2 class=\"wp-block-heading\">O papel da mente na percep\u00e7\u00e3o da pr\u00f3pria imagem<\/h2>\n\n\n\n<p>A concep\u00e7\u00e3o que se tem de si mesmo n\u00e3o se limita aos elementos f\u00edsicos; ela \u00e9 fortemente influenciada pela psicologia. O c\u00e9rebro cria uma imagem mental baseada no reflexo do espelho, tornando-a familiar ao longo do tempo. Quando essa representa\u00e7\u00e3o mental \u00e9 desafiada por fotografias revelando \u00e2ngulos ou express\u00f5es inesperados, o resultado pode ser a sensa\u00e7\u00e3o de <a href=\"https:\/\/www.correiobraziliense.com.br\/cbradar\/o-avanco-cirurgico-que-permite-operar-o-cerebro-com-o-paciente-acordado\/\" target=\"_blank\" rel=\"noreferrer noopener\">estranheza<\/a>.<\/p>\n\n\n\n<p>A imagem mental \u00e9 constru\u00edda em situa\u00e7\u00f5es sob controle, enquanto as fotografias muitas vezes capturam momentos espont\u00e2neos e imprevis\u00edveis. Tal contraste pode levar a sentimentos de surpresa ou desconforto quando a expectativa n\u00e3o \u00e9 cumprida pelas fotos capturadas.<\/p>\n\n\n\n<h2 class=\"wp-block-heading\">Espelho e fotografia: qual reflete a verdade sobre n\u00f3s?<\/h2>\n\n\n\n<p>Nenhum dos dois, espelho ou fotografia, conseguir\u00e1 captar completamente como somos percebidos pelos outros. O espelho oferece uma vis\u00e3o lateralmente inversa e familiar, entretanto, uma foto \u00e9 influenciada por circunst\u00e2ncias t\u00e9cnicas e pelo momento. A percep\u00e7\u00e3o alheia \u00e9 moldada pelas intera\u00e7\u00f5es e experi\u00eancias cont\u00ednuas, n\u00e3o havendo um \u00fanico registro visual que possa capturar essa complexidade.<\/p>\n\n\n\n<p>Compreender as diverg\u00eancias entre as v\u00e1rias formas de representa\u00e7\u00e3o pode melhorar a rela\u00e7\u00e3o com a pr\u00f3pria imagem e fortalecer a confian\u00e7a pessoal. Cada perspectiva mostra apenas um fragmento da realidade, sem capturar integralmente como se \u00e9 visto no cotidiano. Essa percep\u00e7\u00e3o possibilita construir uma autoimagem mais positiva e equilibrada.<\/p>\n\n\n<a href=\"https:\/\/www.instagram.com\/dra.annaluisabf\/\" target=\"_blank\" rel=\"noopener\" style=\"text-decoration: none; color: inherit;\">\n    <span style=\"display: inline-block; border: 1px solid #ccc; border-radius: 10px; padding: 15px; max-width: 550px; font-family: sans-serif; box-shadow: 0 2px 5px rgba(0,0,0,0.1); width: 100%;\">\n\n      <!-- T\u00edtulo -->\n      <span style=\"display: block; margin: 0 0 15px 0; font-weight: bold; color: #2c3e50; text-align: center;\">\n        Entre em contato:\n      <\/span>\n\n      <!-- Linha do perfil -->\n      <span style=\"display: flex; align-items: center; gap: 15px;\">\n        <img decoding=\"async\"\n          src=\"https:\/\/www.correiobraziliense.com.br\/cbradar\/wp-content\/uploads\/2025\/08\/dra_anna_luisa.jpeg\"\n          alt=\"Foto da Dra. Anna Lu\u00edsa\"\n          style=\"border-radius: 50%; width: 80px; height: 80px; object-fit: cover;\"\n        \/>\n        <span style=\"display: flex; flex-direction: column;\">\n          <span style=\"font-size: 18px; font-weight: 700; color: #2c3e50;\">Dra. Anna Lu\u00edsa Barbosa Fernandes<\/span>\n          <span style=\"color: #555;\">CRM-GO 33.271<\/span>\n        <\/span>\n      <\/span>\n\n      <!-- Redes -->\n      <span style=\"display: flex; align-items: center; gap: 10px; margin-top: 12px;\">\n        <img decoding=\"async\" src=\"https:\/\/cdn-icons-png.flaticon.com\/24\/1384\/1384063.png\" alt=\"Instagram\" width=\"24\" height=\"24\" \/>\n        <span style=\"text-decoration: underline; color: #2c3e50;\">@dra.annaluisabf<\/span>\n      <\/span>\n\n    <\/span>\n  <\/a>","protected":false},"excerpt":{"rendered":"<p>Quando Se Olha no Espelho, o que se v\u00ea \u00e9 uma imagem j\u00e1 conhecida e habituada. Por\u00e9m, ao se deparar com uma fotografia, principalmente aquelas tiradas por outras pessoas, a percep\u00e7\u00e3o pode parecer diferente ou at\u00e9 desconfort\u00e1vel. Essa diferen\u00e7a entre o reflexo di\u00e1rio e as imagens capturadas por c\u00e2meras pode ser explicada por fatores visuais, [&hellip;]<\/p>\n","protected":false},"author":14,"featured_media":127116,"comment_status":"open","ping_status":"open","sticky":false,"template":"","format":"standard","meta":{"_yoast_wpseo_focuskw":"Se Olha no Espelho","_yoast_wpseo_title":"","_yoast_wpseo_metadesc":"As fotos revelam detalhes que o espelho n\u00e3o mostra. Entenda como lentes, ilumina\u00e7\u00e3o e percep\u00e7\u00e3o mental mudam sua imagem.","jnews-multi-image_gallery":[],"jnews_single_post":{"format":"standard"},"jnews_primary_category":[],"jnews_social_meta":[],"jnews_override_counter":[],"footnotes":""},"categories":[4404],"post_tag":[120,247,1318],"class_list":["post-144364","post","type-post","status-publish","format-standard","has-post-thumbnail","hentry","category-saude","tag-bem-estar","tag-qualidade-de-vida","tag-saude-2"],"yoast_head":"<!-- This site is optimized with the Yoast SEO plugin v24.6 - https:\/\/yoast.com\/wordpress\/plugins\/seo\/ -->\n<title>Por que parecemos diferentes no espelho e na foto - Correio Braziliense - Radar<\/title>\n<meta name=\"description\" content=\"As fotos revelam detalhes que o espelho n\u00e3o mostra. Entenda como lentes, ilumina\u00e7\u00e3o e percep\u00e7\u00e3o mental mudam sua imagem.\" \/>\n<meta name=\"robots\" content=\"index, follow, max-snippet:-1, max-image-preview:large, max-video-preview:-1\" \/>\n<link rel=\"canonical\" href=\"https:\/\/www.correiobraziliense.com.br\/cbradar\/por-que-parecemos-diferentes-no-espelho-e-na-foto\/\" \/>\n<meta property=\"og:locale\" content=\"pt_BR\" \/>\n<meta property=\"og:type\" content=\"article\" \/>\n<meta property=\"og:title\" content=\"Por que parecemos diferentes no espelho e na foto - Correio Braziliense - Radar\" \/>\n<meta property=\"og:description\" content=\"As fotos revelam detalhes que o espelho n\u00e3o mostra. Entenda como lentes, ilumina\u00e7\u00e3o e percep\u00e7\u00e3o mental mudam sua imagem.\" \/>\n<meta property=\"og:url\" content=\"https:\/\/www.correiobraziliense.com.br\/cbradar\/por-que-parecemos-diferentes-no-espelho-e-na-foto\/\" \/>\n<meta property=\"og:site_name\" content=\"Correio Braziliense - Radar\" \/>\n<meta property=\"article:published_time\" content=\"2025-11-25T18:55:00+00:00\" \/>\n<meta property=\"og:image\" content=\"https:\/\/www.correiobraziliense.com.br\/cbradar\/wp-content\/uploads\/2025\/10\/Fotografia-_1761615763107.jpg\" \/>\n\t<meta property=\"og:image:width\" content=\"1280\" \/>\n\t<meta property=\"og:image:height\" content=\"720\" \/>\n\t<meta property=\"og:image:type\" content=\"image\/jpeg\" \/>\n<meta name=\"author\" content=\"guilherme_saude\" \/>\n<meta name=\"twitter:card\" content=\"summary_large_image\" \/>\n<meta name=\"twitter:label1\" content=\"Escrito por\" \/>\n\t<meta name=\"twitter:data1\" content=\"guilherme_saude\" \/>\n\t<meta name=\"twitter:label2\" content=\"Est. tempo de leitura\" \/>\n\t<meta name=\"twitter:data2\" content=\"4 minutos\" \/>\n<!-- \/ Yoast SEO plugin. -->","yoast_head_json":{"title":"Por que parecemos diferentes no espelho e na foto - Correio Braziliense - Radar","description":"As fotos revelam detalhes que o espelho n\u00e3o mostra. Entenda como lentes, ilumina\u00e7\u00e3o e percep\u00e7\u00e3o mental mudam sua imagem.","robots":{"index":"index","follow":"follow","max-snippet":"max-snippet:-1","max-image-preview":"max-image-preview:large","max-video-preview":"max-video-preview:-1"},"canonical":"https:\/\/www.correiobraziliense.com.br\/cbradar\/por-que-parecemos-diferentes-no-espelho-e-na-foto\/","og_locale":"pt_BR","og_type":"article","og_title":"Por que parecemos diferentes no espelho e na foto - Correio Braziliense - Radar","og_description":"As fotos revelam detalhes que o espelho n\u00e3o mostra. Entenda como lentes, ilumina\u00e7\u00e3o e percep\u00e7\u00e3o mental mudam sua imagem.","og_url":"https:\/\/www.correiobraziliense.com.br\/cbradar\/por-que-parecemos-diferentes-no-espelho-e-na-foto\/","og_site_name":"Correio Braziliense - Radar","article_published_time":"2025-11-25T18:55:00+00:00","og_image":[{"width":1280,"height":720,"url":"https:\/\/www.correiobraziliense.com.br\/cbradar\/wp-content\/uploads\/2025\/10\/Fotografia-_1761615763107.jpg","type":"image\/jpeg"}],"author":"guilherme_saude","twitter_card":"summary_large_image","twitter_misc":{"Escrito por":"guilherme_saude","Est. tempo de leitura":"4 minutos"},"schema":{"@context":"https:\/\/schema.org","@graph":[{"@type":"WebPage","@id":"https:\/\/www.correiobraziliense.com.br\/cbradar\/por-que-parecemos-diferentes-no-espelho-e-na-foto\/","url":"https:\/\/www.correiobraziliense.com.br\/cbradar\/por-que-parecemos-diferentes-no-espelho-e-na-foto\/","name":"Por que parecemos diferentes no espelho e na foto - Correio Braziliense - Radar","isPartOf":{"@id":"https:\/\/www.correiobraziliense.com.br\/cbradar\/#website"},"primaryImageOfPage":{"@id":"https:\/\/www.correiobraziliense.com.br\/cbradar\/por-que-parecemos-diferentes-no-espelho-e-na-foto\/#primaryimage"},"image":{"@id":"https:\/\/www.correiobraziliense.com.br\/cbradar\/por-que-parecemos-diferentes-no-espelho-e-na-foto\/#primaryimage"},"thumbnailUrl":"https:\/\/www.correiobraziliense.com.br\/cbradar\/wp-content\/uploads\/2025\/10\/Fotografia-_1761615763107.jpg","datePublished":"2025-11-25T18:55:00+00:00","author":{"@id":"https:\/\/www.correiobraziliense.com.br\/cbradar\/#\/schema\/person\/5aa4bf3c8fa699c267933611de12978b"},"description":"As fotos revelam detalhes que o espelho n\u00e3o mostra. Entenda como lentes, ilumina\u00e7\u00e3o e percep\u00e7\u00e3o mental mudam sua imagem.","breadcrumb":{"@id":"https:\/\/www.correiobraziliense.com.br\/cbradar\/por-que-parecemos-diferentes-no-espelho-e-na-foto\/#breadcrumb"},"inLanguage":"pt-BR","potentialAction":[{"@type":"ReadAction","target":["https:\/\/www.correiobraziliense.com.br\/cbradar\/por-que-parecemos-diferentes-no-espelho-e-na-foto\/"]}]},{"@type":"ImageObject","inLanguage":"pt-BR","@id":"https:\/\/www.correiobraziliense.com.br\/cbradar\/por-que-parecemos-diferentes-no-espelho-e-na-foto\/#primaryimage","url":"https:\/\/www.correiobraziliense.com.br\/cbradar\/wp-content\/uploads\/2025\/10\/Fotografia-_1761615763107.jpg","contentUrl":"https:\/\/www.correiobraziliense.com.br\/cbradar\/wp-content\/uploads\/2025\/10\/Fotografia-_1761615763107.jpg","width":1280,"height":720,"caption":"Fotografia - Cr\u00e9ditos: depositphotos.com \/ jovannig"},{"@type":"BreadcrumbList","@id":"https:\/\/www.correiobraziliense.com.br\/cbradar\/por-que-parecemos-diferentes-no-espelho-e-na-foto\/#breadcrumb","itemListElement":[{"@type":"ListItem","position":1,"name":"In\u00edcio","item":"https:\/\/www.correiobraziliense.com.br\/cbradar\/"},{"@type":"ListItem","position":2,"name":"Por que parecemos diferentes no espelho e na foto"}]},{"@type":"WebSite","@id":"https:\/\/www.correiobraziliense.com.br\/cbradar\/#website","url":"https:\/\/www.correiobraziliense.com.br\/cbradar\/","name":"Correio Braziliense - Radar","description":"Acompanhe as \u00faltimas not\u00edcias e fique bem informado sobre tudo o que acontece no Brasil e no mundo.","potentialAction":[{"@type":"SearchAction","target":{"@type":"EntryPoint","urlTemplate":"https:\/\/www.correiobraziliense.com.br\/cbradar\/?s={search_term_string}"},"query-input":{"@type":"PropertyValueSpecification","valueRequired":true,"valueName":"search_term_string"}}],"inLanguage":"pt-BR"},{"@type":"Person","@id":"https:\/\/www.correiobraziliense.com.br\/cbradar\/#\/schema\/person\/5aa4bf3c8fa699c267933611de12978b","name":"guilherme_saude","image":{"@type":"ImageObject","inLanguage":"pt-BR","@id":"https:\/\/www.correiobraziliense.com.br\/cbradar\/#\/schema\/person\/image\/","url":"https:\/\/secure.gravatar.com\/avatar\/df9adfb835d344bc0af109d41756253f?s=96&d=mm&r=g","contentUrl":"https:\/\/secure.gravatar.com\/avatar\/df9adfb835d344bc0af109d41756253f?s=96&d=mm&r=g","caption":"guilherme_saude"},"url":"https:\/\/www.correiobraziliense.com.br\/cbradar\/author\/guilherme_saude\/"}]}},"_links":{"self":[{"href":"https:\/\/www.correiobraziliense.com.br\/cbradar\/wp-json\/wp\/v2\/posts\/144364","targetHints":{"allow":["GET"]}}],"collection":[{"href":"https:\/\/www.correiobraziliense.com.br\/cbradar\/wp-json\/wp\/v2\/posts"}],"about":[{"href":"https:\/\/www.correiobraziliense.com.br\/cbradar\/wp-json\/wp\/v2\/types\/post"}],"author":[{"embeddable":true,"href":"https:\/\/www.correiobraziliense.com.br\/cbradar\/wp-json\/wp\/v2\/users\/14"}],"replies":[{"embeddable":true,"href":"https:\/\/www.correiobraziliense.com.br\/cbradar\/wp-json\/wp\/v2\/comments?post=144364"}],"version-history":[{"count":1,"href":"https:\/\/www.correiobraziliense.com.br\/cbradar\/wp-json\/wp\/v2\/posts\/144364\/revisions"}],"predecessor-version":[{"id":144375,"href":"https:\/\/www.correiobraziliense.com.br\/cbradar\/wp-json\/wp\/v2\/posts\/144364\/revisions\/144375"}],"wp:featuredmedia":[{"embeddable":true,"href":"https:\/\/www.correiobraziliense.com.br\/cbradar\/wp-json\/wp\/v2\/media\/127116"}],"wp:attachment":[{"href":"https:\/\/www.correiobraziliense.com.br\/cbradar\/wp-json\/wp\/v2\/media?parent=144364"}],"wp:term":[{"taxonomy":"category","embeddable":true,"href":"https:\/\/www.correiobraziliense.com.br\/cbradar\/wp-json\/wp\/v2\/categories?post=144364"},{"taxonomy":"post_tag","embeddable":true,"href":"https:\/\/www.correiobraziliense.com.br\/cbradar\/wp-json\/wp\/v2\/post_tag?post=144364"}],"curies":[{"name":"wp","href":"https:\/\/api.w.org\/{rel}","templated":true}]}}