{"id":144392,"date":"2025-11-25T18:25:00","date_gmt":"2025-11-25T21:25:00","guid":{"rendered":"https:\/\/www.correiobraziliense.com.br\/cbradar\/?p=144392"},"modified":"2025-11-24T14:54:43","modified_gmt":"2025-11-24T17:54:43","slug":"qual-a-diferenca-entre-agua-com-gas-e-soda","status":"publish","type":"post","link":"https:\/\/www.correiobraziliense.com.br\/cbradar\/qual-a-diferenca-entre-agua-com-gas-e-soda\/","title":{"rendered":"Qual a diferen\u00e7a entre \u00e1gua com g\u00e1s e soda?"},"content":{"rendered":"\n<p>Ao explorar as diferen\u00e7as entre <strong>\u00c1gua Com G\u00e1s e Soda<\/strong>, nota-se que essas bebidas, apesar de suas semelhan\u00e7as, possuem caracter\u00edsticas peculiares que influenciam seu uso tanto na culin\u00e1ria quanto no consumo cotidiano. Entender o que as diferencia pode enriquecer o paladar de quem aprecia nuances entre os sabores e busca op\u00e7\u00f5es variadas para suas bebidas e receitas.<\/p>\n\n\n\n<p>A \u00e1gua com g\u00e1s \u00e9 essencialmente \u00e1gua mineral com di\u00f3xido de carbono adicionado, podendo ser proveniente de fontes naturalmente efervescentes ou ser carbonatada industrialmente. Sua composi\u00e7\u00e3o \u00e9 simples, sem aditivos adicionais, o que garante um&nbsp;<strong>sabor suave e neutro<\/strong>. Isso a torna um acompanhante vers\u00e1til para refei\u00e7\u00f5es e uma \u00f3tima escolha para hidrata\u00e7\u00e3o em momentos de calor, substituindo a \u00e1gua comum sem alterar o sabor dos alimentos.<\/p>\n\n\n\n<h2 class=\"wp-block-heading\">Qual \u00e9 a principal diferen\u00e7a entre \u00c1gua Com G\u00e1s e Soda?<\/h2>\n\n\n\n<p>Por outro lado, a soda \u00e9 uma bebida que ganha uma dimens\u00e3o distinta pela adi\u00e7\u00e3o de sais minerais como bicarbonato de s\u00f3dio, que conferem a ela um&nbsp;<strong>sabor mais intenso e levemente salgado<\/strong>. Essa caracter\u00edstica faz da soda uma escolha ideal para coquetelaria e receitas gastron\u00f4micas que requerem um toque salgado ou um realce nos sabores. Seu uso \u00e9 particularmente popular em misturas refrescantes e em pratos que se beneficiam deste contraste.<\/p>\n\n\n\n<h2 class=\"wp-block-heading\">Como a \u00e1gua com g\u00e1s e a soda s\u00e3o utilizadas na culin\u00e1ria?<\/h2>\n\n\n\n<p>Quando aplicadas na culin\u00e1ria, essas bebidas tomam caminhos distintos. A leveza da \u00e1gua com g\u00e1s \u00e9 frequentemente explorada para criar texturas delicadas em massas de panquecas e tempur\u00e1s, tornando-as mais leves e aeradas. \u00c9 tamb\u00e9m utilizada para acompanhar delicadamente as refei\u00e7\u00f5es, sem interferir agressivamente no perfil de sabor dos pratos servidos.<\/p>\n\n\n<div class=\"wp-block-image\">\n<figure class=\"aligncenter size-large\"><img decoding=\"async\" width=\"1024\" height=\"576\" src=\"https:\/\/www.correiobraziliense.com.br\/cbradar\/wp-content\/uploads\/2025\/08\/Agua-com-Gas_1754495052868-1024x576.jpg\" alt=\"\" class=\"wp-image-81868\" srcset=\"https:\/\/www.correiobraziliense.com.br\/cbradar\/wp-content\/uploads\/2025\/08\/Agua-com-Gas_1754495052868-1024x576.jpg 1024w, https:\/\/www.correiobraziliense.com.br\/cbradar\/wp-content\/uploads\/2025\/08\/Agua-com-Gas_1754495052868-300x169.jpg 300w, https:\/\/www.correiobraziliense.com.br\/cbradar\/wp-content\/uploads\/2025\/08\/Agua-com-Gas_1754495052868-768x432.jpg 768w, https:\/\/www.correiobraziliense.com.br\/cbradar\/wp-content\/uploads\/2025\/08\/Agua-com-Gas_1754495052868-750x422.jpg 750w, https:\/\/www.correiobraziliense.com.br\/cbradar\/wp-content\/uploads\/2025\/08\/Agua-com-Gas_1754495052868-1140x641.jpg 1140w, https:\/\/www.correiobraziliense.com.br\/cbradar\/wp-content\/uploads\/2025\/08\/Agua-com-Gas_1754495052868.jpg 1280w\" sizes=\"(max-width: 1024px) 100vw, 1024px\" \/><figcaption class=\"wp-element-caption\">\u00c1gua com G\u00e1s &#8211; Cr\u00e9ditos: depositphotos.com \/ danilum<\/figcaption><\/figure><\/div>\n\n\n<h2 class=\"wp-block-heading\">Por que escolher corretamente entre \u00c1gua Com G\u00e1s e Soda faz diferen\u00e7a?<\/h2>\n\n\n\n<p>Por outro lado, a soda, com seu perfil mais robusto, \u00e9 extensivamente utilizada em coquet\u00e9is cl\u00e1ssicos como o famoso vinho tinto com soda, proporcionando uma experi\u00eancia refrescante e balanceada. Seu uso estrat\u00e9gico na culin\u00e1ria pode <a href=\"https:\/\/www.correiobraziliense.com.br\/cbradar\/o-avanco-cirurgico-que-permite-operar-o-cerebro-com-o-paciente-acordado\/\" target=\"_blank\" rel=\"noreferrer noopener\">tamb\u00e9m <\/a>servir para real\u00e7ar sabores em pratos cuja sofistica\u00e7\u00e3o permite ou pede um toque salino.<\/p>\n\n\n\n<p>O entendimento sobre quando e como cada uma dessas bebidas deve ser utilizada pode elevar o resultado final de uma receita ou a aprecia\u00e7\u00e3o de uma bebida. Enquanto a \u00e1gua com g\u00e1s contribui com sua neutralidade, a soda pode transformar o sabor, adicionando complexidade e contraste, essencial para experi\u00eancias gastron\u00f4micas satisfat\u00f3rias.<\/p>\n\n\n\n<h2 class=\"wp-block-heading\">Como aproveitar melhor cada bebida no dia a dia?<\/h2>\n\n\n\n<p>Em suma, para aqueles que desejam maximizar o potencial destas bebidas, \u00e9 crucial reconhec\u00ea-las n\u00e3o apenas como refrescos, mas sim como ingredientes estrat\u00e9gicos que, se usados com discernimento, podem enriquecer tanto pratos quanto drinques. Estes conhecimentos sobre diferen\u00e7as e aplica\u00e7\u00f5es podem efetivamente transformar a experi\u00eancia de consumo e abrir novas possibilidades culin\u00e1rias.<\/p>\n\n\n<a href=\"https:\/\/www.instagram.com\/dra.annaluisabf\/\" target=\"_blank\" rel=\"noopener\" style=\"text-decoration: none; color: inherit;\">\n    <span style=\"display: inline-block; border: 1px solid #ccc; border-radius: 10px; padding: 15px; max-width: 550px; font-family: sans-serif; box-shadow: 0 2px 5px rgba(0,0,0,0.1); width: 100%;\">\n\n      <!-- T\u00edtulo -->\n      <span style=\"display: block; margin: 0 0 15px 0; font-weight: bold; color: #2c3e50; text-align: center;\">\n        Entre em contato:\n      <\/span>\n\n      <!-- Linha do perfil -->\n      <span style=\"display: flex; align-items: center; gap: 15px;\">\n        <img decoding=\"async\"\n          src=\"https:\/\/www.correiobraziliense.com.br\/cbradar\/wp-content\/uploads\/2025\/08\/dra_anna_luisa.jpeg\"\n          alt=\"Foto da Dra. Anna Lu\u00edsa\"\n          style=\"border-radius: 50%; width: 80px; height: 80px; object-fit: cover;\"\n        \/>\n        <span style=\"display: flex; flex-direction: column;\">\n          <span style=\"font-size: 18px; font-weight: 700; color: #2c3e50;\">Dra. Anna Lu\u00edsa Barbosa Fernandes<\/span>\n          <span style=\"color: #555;\">CRM-GO 33.271<\/span>\n        <\/span>\n      <\/span>\n\n      <!-- Redes -->\n      <span style=\"display: flex; align-items: center; gap: 10px; margin-top: 12px;\">\n        <img decoding=\"async\" src=\"https:\/\/cdn-icons-png.flaticon.com\/24\/1384\/1384063.png\" alt=\"Instagram\" width=\"24\" height=\"24\" \/>\n        <span style=\"text-decoration: underline; color: #2c3e50;\">@dra.annaluisabf<\/span>\n      <\/span>\n\n    <\/span>\n  <\/a>","protected":false},"excerpt":{"rendered":"<p>Ao explorar as diferen\u00e7as entre \u00c1gua Com G\u00e1s e Soda, nota-se que essas bebidas, apesar de suas semelhan\u00e7as, possuem caracter\u00edsticas peculiares que influenciam seu uso tanto na culin\u00e1ria quanto no consumo cotidiano. Entender o que as diferencia pode enriquecer o paladar de quem aprecia nuances entre os sabores e busca op\u00e7\u00f5es variadas para suas bebidas [&hellip;]<\/p>\n","protected":false},"author":14,"featured_media":41783,"comment_status":"open","ping_status":"open","sticky":false,"template":"","format":"standard","meta":{"_yoast_wpseo_focuskw":"\u00c1gua Com G\u00e1s e Soda","_yoast_wpseo_title":"","_yoast_wpseo_metadesc":"\u00c1gua com g\u00e1s \u00e9 neutra; soda \u00e9 levemente salgada. Veja como usar cada bebida na cozinha e no dia a dia.","jnews-multi-image_gallery":[],"jnews_single_post":{"format":"standard"},"jnews_primary_category":[],"jnews_social_meta":[],"jnews_override_counter":[],"footnotes":""},"categories":[4404],"post_tag":[11960,120,1318],"class_list":["post-144392","post","type-post","status-publish","format-standard","has-post-thumbnail","hentry","category-saude","tag-agua-com-gas-e-soda","tag-bem-estar","tag-saude-2"],"yoast_head":"<!-- This site is optimized with the Yoast SEO plugin v24.6 - https:\/\/yoast.com\/wordpress\/plugins\/seo\/ -->\n<title>Qual a diferen\u00e7a entre \u00e1gua com g\u00e1s e soda? - Correio Braziliense - Radar<\/title>\n<meta name=\"description\" content=\"\u00c1gua com g\u00e1s \u00e9 neutra; soda \u00e9 levemente salgada. Veja como usar cada bebida na cozinha e no dia a dia.\" \/>\n<meta name=\"robots\" content=\"index, follow, max-snippet:-1, max-image-preview:large, max-video-preview:-1\" \/>\n<link rel=\"canonical\" href=\"https:\/\/www.correiobraziliense.com.br\/cbradar\/qual-a-diferenca-entre-agua-com-gas-e-soda\/\" \/>\n<meta property=\"og:locale\" content=\"pt_BR\" \/>\n<meta property=\"og:type\" content=\"article\" \/>\n<meta property=\"og:title\" content=\"Qual a diferen\u00e7a entre \u00e1gua com g\u00e1s e soda? - Correio Braziliense - Radar\" \/>\n<meta property=\"og:description\" content=\"\u00c1gua com g\u00e1s \u00e9 neutra; soda \u00e9 levemente salgada. Veja como usar cada bebida na cozinha e no dia a dia.\" \/>\n<meta property=\"og:url\" content=\"https:\/\/www.correiobraziliense.com.br\/cbradar\/qual-a-diferenca-entre-agua-com-gas-e-soda\/\" \/>\n<meta property=\"og:site_name\" content=\"Correio Braziliense - Radar\" \/>\n<meta property=\"article:published_time\" content=\"2025-11-25T21:25:00+00:00\" \/>\n<meta property=\"og:image\" content=\"https:\/\/www.correiobraziliense.com.br\/cbradar\/wp-content\/uploads\/2025\/05\/agua-com-gas_1748013065592.jpg\" \/>\n\t<meta property=\"og:image:width\" content=\"1280\" \/>\n\t<meta property=\"og:image:height\" content=\"720\" \/>\n\t<meta property=\"og:image:type\" content=\"image\/jpeg\" \/>\n<meta name=\"author\" content=\"guilherme_saude\" \/>\n<meta name=\"twitter:card\" content=\"summary_large_image\" \/>\n<meta name=\"twitter:label1\" content=\"Escrito por\" \/>\n\t<meta name=\"twitter:data1\" content=\"guilherme_saude\" \/>\n\t<meta name=\"twitter:label2\" content=\"Est. tempo de leitura\" \/>\n\t<meta name=\"twitter:data2\" content=\"4 minutos\" \/>\n<!-- \/ Yoast SEO plugin. -->","yoast_head_json":{"title":"Qual a diferen\u00e7a entre \u00e1gua com g\u00e1s e soda? - Correio Braziliense - Radar","description":"\u00c1gua com g\u00e1s \u00e9 neutra; soda \u00e9 levemente salgada. Veja como usar cada bebida na cozinha e no dia a dia.","robots":{"index":"index","follow":"follow","max-snippet":"max-snippet:-1","max-image-preview":"max-image-preview:large","max-video-preview":"max-video-preview:-1"},"canonical":"https:\/\/www.correiobraziliense.com.br\/cbradar\/qual-a-diferenca-entre-agua-com-gas-e-soda\/","og_locale":"pt_BR","og_type":"article","og_title":"Qual a diferen\u00e7a entre \u00e1gua com g\u00e1s e soda? - Correio Braziliense - Radar","og_description":"\u00c1gua com g\u00e1s \u00e9 neutra; soda \u00e9 levemente salgada. Veja como usar cada bebida na cozinha e no dia a dia.","og_url":"https:\/\/www.correiobraziliense.com.br\/cbradar\/qual-a-diferenca-entre-agua-com-gas-e-soda\/","og_site_name":"Correio Braziliense - Radar","article_published_time":"2025-11-25T21:25:00+00:00","og_image":[{"width":1280,"height":720,"url":"https:\/\/www.correiobraziliense.com.br\/cbradar\/wp-content\/uploads\/2025\/05\/agua-com-gas_1748013065592.jpg","type":"image\/jpeg"}],"author":"guilherme_saude","twitter_card":"summary_large_image","twitter_misc":{"Escrito por":"guilherme_saude","Est. tempo de leitura":"4 minutos"},"schema":{"@context":"https:\/\/schema.org","@graph":[{"@type":"WebPage","@id":"https:\/\/www.correiobraziliense.com.br\/cbradar\/qual-a-diferenca-entre-agua-com-gas-e-soda\/","url":"https:\/\/www.correiobraziliense.com.br\/cbradar\/qual-a-diferenca-entre-agua-com-gas-e-soda\/","name":"Qual a diferen\u00e7a entre \u00e1gua com g\u00e1s e soda? - Correio Braziliense - Radar","isPartOf":{"@id":"https:\/\/www.correiobraziliense.com.br\/cbradar\/#website"},"primaryImageOfPage":{"@id":"https:\/\/www.correiobraziliense.com.br\/cbradar\/qual-a-diferenca-entre-agua-com-gas-e-soda\/#primaryimage"},"image":{"@id":"https:\/\/www.correiobraziliense.com.br\/cbradar\/qual-a-diferenca-entre-agua-com-gas-e-soda\/#primaryimage"},"thumbnailUrl":"https:\/\/www.correiobraziliense.com.br\/cbradar\/wp-content\/uploads\/2025\/05\/agua-com-gas_1748013065592.jpg","datePublished":"2025-11-25T21:25:00+00:00","author":{"@id":"https:\/\/www.correiobraziliense.com.br\/cbradar\/#\/schema\/person\/5aa4bf3c8fa699c267933611de12978b"},"description":"\u00c1gua com g\u00e1s \u00e9 neutra; soda \u00e9 levemente salgada. Veja como usar cada bebida na cozinha e no dia a dia.","breadcrumb":{"@id":"https:\/\/www.correiobraziliense.com.br\/cbradar\/qual-a-diferenca-entre-agua-com-gas-e-soda\/#breadcrumb"},"inLanguage":"pt-BR","potentialAction":[{"@type":"ReadAction","target":["https:\/\/www.correiobraziliense.com.br\/cbradar\/qual-a-diferenca-entre-agua-com-gas-e-soda\/"]}]},{"@type":"ImageObject","inLanguage":"pt-BR","@id":"https:\/\/www.correiobraziliense.com.br\/cbradar\/qual-a-diferenca-entre-agua-com-gas-e-soda\/#primaryimage","url":"https:\/\/www.correiobraziliense.com.br\/cbradar\/wp-content\/uploads\/2025\/05\/agua-com-gas_1748013065592.jpg","contentUrl":"https:\/\/www.correiobraziliense.com.br\/cbradar\/wp-content\/uploads\/2025\/05\/agua-com-gas_1748013065592.jpg","width":1280,"height":720,"caption":"\u00c1gua - Cr\u00e9ditos: depositphotos.com \/ Krakenimages.com"},{"@type":"BreadcrumbList","@id":"https:\/\/www.correiobraziliense.com.br\/cbradar\/qual-a-diferenca-entre-agua-com-gas-e-soda\/#breadcrumb","itemListElement":[{"@type":"ListItem","position":1,"name":"In\u00edcio","item":"https:\/\/www.correiobraziliense.com.br\/cbradar\/"},{"@type":"ListItem","position":2,"name":"Qual a diferen\u00e7a entre \u00e1gua com g\u00e1s e soda?"}]},{"@type":"WebSite","@id":"https:\/\/www.correiobraziliense.com.br\/cbradar\/#website","url":"https:\/\/www.correiobraziliense.com.br\/cbradar\/","name":"Correio Braziliense - Radar","description":"Acompanhe as \u00faltimas not\u00edcias e fique bem informado sobre tudo o que acontece no Brasil e no mundo.","potentialAction":[{"@type":"SearchAction","target":{"@type":"EntryPoint","urlTemplate":"https:\/\/www.correiobraziliense.com.br\/cbradar\/?s={search_term_string}"},"query-input":{"@type":"PropertyValueSpecification","valueRequired":true,"valueName":"search_term_string"}}],"inLanguage":"pt-BR"},{"@type":"Person","@id":"https:\/\/www.correiobraziliense.com.br\/cbradar\/#\/schema\/person\/5aa4bf3c8fa699c267933611de12978b","name":"guilherme_saude","image":{"@type":"ImageObject","inLanguage":"pt-BR","@id":"https:\/\/www.correiobraziliense.com.br\/cbradar\/#\/schema\/person\/image\/","url":"https:\/\/secure.gravatar.com\/avatar\/df9adfb835d344bc0af109d41756253f?s=96&d=mm&r=g","contentUrl":"https:\/\/secure.gravatar.com\/avatar\/df9adfb835d344bc0af109d41756253f?s=96&d=mm&r=g","caption":"guilherme_saude"},"url":"https:\/\/www.correiobraziliense.com.br\/cbradar\/author\/guilherme_saude\/"}]}},"_links":{"self":[{"href":"https:\/\/www.correiobraziliense.com.br\/cbradar\/wp-json\/wp\/v2\/posts\/144392","targetHints":{"allow":["GET"]}}],"collection":[{"href":"https:\/\/www.correiobraziliense.com.br\/cbradar\/wp-json\/wp\/v2\/posts"}],"about":[{"href":"https:\/\/www.correiobraziliense.com.br\/cbradar\/wp-json\/wp\/v2\/types\/post"}],"author":[{"embeddable":true,"href":"https:\/\/www.correiobraziliense.com.br\/cbradar\/wp-json\/wp\/v2\/users\/14"}],"replies":[{"embeddable":true,"href":"https:\/\/www.correiobraziliense.com.br\/cbradar\/wp-json\/wp\/v2\/comments?post=144392"}],"version-history":[{"count":1,"href":"https:\/\/www.correiobraziliense.com.br\/cbradar\/wp-json\/wp\/v2\/posts\/144392\/revisions"}],"predecessor-version":[{"id":144397,"href":"https:\/\/www.correiobraziliense.com.br\/cbradar\/wp-json\/wp\/v2\/posts\/144392\/revisions\/144397"}],"wp:featuredmedia":[{"embeddable":true,"href":"https:\/\/www.correiobraziliense.com.br\/cbradar\/wp-json\/wp\/v2\/media\/41783"}],"wp:attachment":[{"href":"https:\/\/www.correiobraziliense.com.br\/cbradar\/wp-json\/wp\/v2\/media?parent=144392"}],"wp:term":[{"taxonomy":"category","embeddable":true,"href":"https:\/\/www.correiobraziliense.com.br\/cbradar\/wp-json\/wp\/v2\/categories?post=144392"},{"taxonomy":"post_tag","embeddable":true,"href":"https:\/\/www.correiobraziliense.com.br\/cbradar\/wp-json\/wp\/v2\/post_tag?post=144392"}],"curies":[{"name":"wp","href":"https:\/\/api.w.org\/{rel}","templated":true}]}}