{"id":144409,"date":"2025-11-26T06:05:00","date_gmt":"2025-11-26T09:05:00","guid":{"rendered":"https:\/\/www.correiobraziliense.com.br\/cbradar\/?p=144409"},"modified":"2025-11-24T15:12:04","modified_gmt":"2025-11-24T18:12:04","slug":"radiestesia-funciona-veja-o-que-diz-a-ciencia","status":"publish","type":"post","link":"https:\/\/www.correiobraziliense.com.br\/cbradar\/radiestesia-funciona-veja-o-que-diz-a-ciencia\/","title":{"rendered":"Radiestesia funciona? Veja o que diz a ci\u00eancia"},"content":{"rendered":"\n<p>A <strong>Radiestesia<\/strong>, pr\u00e1tica de origem antiga, \u00e9 conhecida por empregar instrumentos como p\u00eandulos e varetas para a detec\u00e7\u00e3o de energias ou vibra\u00e7\u00f5es em diversos contextos, desde a localiza\u00e7\u00e3o de \u00e1gua subterr\u00e2nea at\u00e9 a avalia\u00e7\u00e3o de campos energ\u00e9ticos em ambientes. No entanto, a comunidade m\u00e9dica e cient\u00edfica classifica a Radiestesia como uma pseudoci\u00eancia, devido \u00e0 falta de comprova\u00e7\u00e3o cient\u00edfica robusta que sustente sua efic\u00e1cia em diagn\u00f3sticos cl\u00ednicos ou terap\u00eauticos.<\/p>\n\n\n\n<p>Historicamente, a Radiestesia se manteve presente em diversas culturas, cada qual atribuindo seus pr\u00f3prios significados e m\u00e9todos aos instrumentos utilizados. No entanto, a pr\u00e1tica n\u00e3o \u00e9 reconhecida por institui\u00e7\u00f5es cient\u00edficas como uma ferramenta v\u00e1lida de diagn\u00f3stico ou tratamento. Ressalta-se a import\u00e2ncia de se buscar orienta\u00e7\u00e3o m\u00e9dica qualificada para quaisquer problemas de sa\u00fade, ao inv\u00e9s de confiar exclusivamente em pr\u00e1ticas alternativas como a Radiestesia.<\/p>\n\n\n\n<h2 class=\"wp-block-heading\">Como a Radiestesia \u00e9 utilizada?<\/h2>\n\n\n\n<p>Embora sua efic\u00e1cia n\u00e3o seja comprovada, a Radiestesia ainda encontra um nicho de praticantes que a utilizam para diversas finalidades. Dentre seus usos mais comuns est\u00e1 a busca por \u00e1gua subterr\u00e2nea, um procedimento que antigamente era visto como essencial em locais onde o acesso \u00e0 \u00e1gua era limitado. Outros usos envolvem tentativas de localizar objetos ou minerais e at\u00e9 mesmo responder a quest\u00f5es pessoais ou de <a href=\"https:\/\/www.correiobraziliense.com.br\/cbradar\/o-avanco-cirurgico-que-permite-operar-o-cerebro-com-o-paciente-acordado\/\" target=\"_blank\" rel=\"noreferrer noopener\">sa\u00fade<\/a>, atrav\u00e9s das vias das chamadas energias vibracionais.<\/p>\n\n\n<div class=\"wp-block-image\">\n<figure class=\"aligncenter size-large\"><img decoding=\"async\" width=\"1024\" height=\"576\" src=\"https:\/\/www.correiobraziliense.com.br\/cbradar\/wp-content\/uploads\/2025\/11\/Radiestesia_1764007602574-1-1024x576.jpg\" alt=\"\" class=\"wp-image-144422\" srcset=\"https:\/\/www.correiobraziliense.com.br\/cbradar\/wp-content\/uploads\/2025\/11\/Radiestesia_1764007602574-1-1024x576.jpg 1024w, https:\/\/www.correiobraziliense.com.br\/cbradar\/wp-content\/uploads\/2025\/11\/Radiestesia_1764007602574-1-300x169.jpg 300w, https:\/\/www.correiobraziliense.com.br\/cbradar\/wp-content\/uploads\/2025\/11\/Radiestesia_1764007602574-1-768x432.jpg 768w, https:\/\/www.correiobraziliense.com.br\/cbradar\/wp-content\/uploads\/2025\/11\/Radiestesia_1764007602574-1-750x422.jpg 750w, https:\/\/www.correiobraziliense.com.br\/cbradar\/wp-content\/uploads\/2025\/11\/Radiestesia_1764007602574-1-1140x641.jpg 1140w, https:\/\/www.correiobraziliense.com.br\/cbradar\/wp-content\/uploads\/2025\/11\/Radiestesia_1764007602574-1.jpg 1280w\" sizes=\"(max-width: 1024px) 100vw, 1024px\" \/><figcaption class=\"wp-element-caption\">Radiestesia &#8211; Cr\u00e9ditos: depositphotos.com \/ IgorVetushko<\/figcaption><\/figure><\/div>\n\n\n<h2 class=\"wp-block-heading\">A Radiestesia rem base cient\u00edfica?<\/h2>\n\n\n\n<p>Os m\u00e9todos da Radiestesia s\u00e3o amplamente questionados pela ci\u00eancia devido \u00e0 aus\u00eancia de evid\u00eancias que comprovem sua efic\u00e1cia. As explica\u00e7\u00f5es para os movimentos observados durante uma sess\u00e3o de Radiestesia, especialmente com o p\u00eandulo, s\u00e3o geralmente atribu\u00eddas ao efeito ideomotor. Este fen\u00f4meno descreve como pequenas contra\u00e7\u00f5es musculares, muitas vezes inconscientes, podem influenciar os movimentos dos instrumentos utilizados, fazendo com que os resultados sejam mais reflexo da inconsci\u00eancia do operador do que de energias externos.<\/p>\n\n\n\n<h2 class=\"wp-block-heading\">Quais Instrumentos a Radiestesia Utiliza?<\/h2>\n\n\n\n<p>Na pr\u00e1tica da Radiestesia, destacam-se dois instrumentos principais: o p\u00eandulo e as varetas. O p\u00eandulo \u00e9 composto por um peso suspenso por um fio, que oscila em resposta a perguntas ou est\u00edmulos. J\u00e1 as varetas, comumente em forma de L ou Y, s\u00e3o usadas para detectar varia\u00e7\u00f5es energ\u00e9ticas no ambiente, de acordo com os praticantes. Ambos os instrumentos operam sob a premissa de detectar mudan\u00e7as invis\u00edveis a olho nu, embora sem evid\u00eancias cient\u00edficas para tal.<\/p>\n\n\n\n<h2 class=\"wp-block-heading\">Existe risco no uso da Radiestesia?<\/h2>\n\n\n\n<p>Enquanto que o uso de p\u00eandulos e varetas em si n\u00e3o apresenta um risco f\u00edsico direto, a cautela \u00e9 necess\u00e1ria quando a Radiestesia \u00e9 utilizada em detrimento de tratamentos m\u00e9dicos comprovados. A depend\u00eancia excessiva dessa pr\u00e1tica pode resultar em atrasos cruciais no diagn\u00f3stico e tratamento adequados de condi\u00e7\u00f5es de sa\u00fade, induzindo a um estado de complac\u00eancia perigoso. Assim, a Radiestesia deve ser abordada com discernimento, servindo no m\u00e1ximo como complemento, e nunca como substituto, \u00e0 medicina baseada em evid\u00eancias.<\/p>\n\n\n<a href=\"https:\/\/www.instagram.com\/dra.annaluisabf\/\" target=\"_blank\" rel=\"noopener\" style=\"text-decoration: none; color: inherit;\">\n    <span style=\"display: inline-block; border: 1px solid #ccc; border-radius: 10px; padding: 15px; max-width: 550px; font-family: sans-serif; box-shadow: 0 2px 5px rgba(0,0,0,0.1); width: 100%;\">\n\n      <!-- T\u00edtulo -->\n      <span style=\"display: block; margin: 0 0 15px 0; font-weight: bold; color: #2c3e50; text-align: center;\">\n        Entre em contato:\n      <\/span>\n\n      <!-- Linha do perfil -->\n      <span style=\"display: flex; align-items: center; gap: 15px;\">\n        <img decoding=\"async\"\n          src=\"https:\/\/www.correiobraziliense.com.br\/cbradar\/wp-content\/uploads\/2025\/08\/dra_anna_luisa.jpeg\"\n          alt=\"Foto da Dra. Anna Lu\u00edsa\"\n          style=\"border-radius: 50%; width: 80px; height: 80px; object-fit: cover;\"\n        \/>\n        <span style=\"display: flex; flex-direction: column;\">\n          <span style=\"font-size: 18px; font-weight: 700; color: #2c3e50;\">Dra. Anna Lu\u00edsa Barbosa Fernandes<\/span>\n          <span style=\"color: #555;\">CRM-GO 33.271<\/span>\n        <\/span>\n      <\/span>\n\n      <!-- Redes -->\n      <span style=\"display: flex; align-items: center; gap: 10px; margin-top: 12px;\">\n        <img decoding=\"async\" src=\"https:\/\/cdn-icons-png.flaticon.com\/24\/1384\/1384063.png\" alt=\"Instagram\" width=\"24\" height=\"24\" \/>\n        <span style=\"text-decoration: underline; color: #2c3e50;\">@dra.annaluisabf<\/span>\n      <\/span>\n\n    <\/span>\n  <\/a>","protected":false},"excerpt":{"rendered":"<p>A Radiestesia, pr\u00e1tica de origem antiga, \u00e9 conhecida por empregar instrumentos como p\u00eandulos e varetas para a detec\u00e7\u00e3o de energias ou vibra\u00e7\u00f5es em diversos contextos, desde a localiza\u00e7\u00e3o de \u00e1gua subterr\u00e2nea at\u00e9 a avalia\u00e7\u00e3o de campos energ\u00e9ticos em ambientes. No entanto, a comunidade m\u00e9dica e cient\u00edfica classifica a Radiestesia como uma pseudoci\u00eancia, devido \u00e0 falta [&hellip;]<\/p>\n","protected":false},"author":14,"featured_media":144417,"comment_status":"open","ping_status":"open","sticky":false,"template":"","format":"standard","meta":{"_yoast_wpseo_focuskw":"Radiestesia","_yoast_wpseo_title":"","_yoast_wpseo_metadesc":"Radiestesia usa p\u00eandulos e varetas, mas n\u00e3o tem efic\u00e1cia comprovada. Veja por que a ci\u00eancia questiona essa pr\u00e1tica.","jnews-multi-image_gallery":[],"jnews_single_post":{"format":"standard"},"jnews_primary_category":[],"jnews_social_meta":[],"jnews_override_counter":[],"footnotes":""},"categories":[4404],"tags":[120,247,1318],"class_list":["post-144409","post","type-post","status-publish","format-standard","has-post-thumbnail","hentry","category-saude","tag-bem-estar","tag-qualidade-de-vida","tag-saude-2"],"yoast_head":"<!-- This site is optimized with the Yoast SEO plugin v24.6 - https:\/\/yoast.com\/wordpress\/plugins\/seo\/ -->\n<title>Radiestesia funciona? Veja o que diz a ci\u00eancia - Correio Braziliense - Radar<\/title>\n<meta name=\"description\" content=\"Radiestesia usa p\u00eandulos e varetas, mas n\u00e3o tem efic\u00e1cia comprovada. Veja por que a ci\u00eancia questiona essa pr\u00e1tica.\" \/>\n<meta name=\"robots\" content=\"index, follow, max-snippet:-1, max-image-preview:large, max-video-preview:-1\" \/>\n<link rel=\"canonical\" href=\"https:\/\/www.correiobraziliense.com.br\/cbradar\/radiestesia-funciona-veja-o-que-diz-a-ciencia\/\" \/>\n<meta property=\"og:locale\" content=\"pt_BR\" \/>\n<meta property=\"og:type\" content=\"article\" \/>\n<meta property=\"og:title\" content=\"Radiestesia funciona? Veja o que diz a ci\u00eancia - Correio Braziliense - Radar\" \/>\n<meta property=\"og:description\" content=\"Radiestesia usa p\u00eandulos e varetas, mas n\u00e3o tem efic\u00e1cia comprovada. Veja por que a ci\u00eancia questiona essa pr\u00e1tica.\" \/>\n<meta property=\"og:url\" content=\"https:\/\/www.correiobraziliense.com.br\/cbradar\/radiestesia-funciona-veja-o-que-diz-a-ciencia\/\" \/>\n<meta property=\"og:site_name\" content=\"Correio Braziliense - Radar\" \/>\n<meta property=\"article:published_time\" content=\"2025-11-26T09:05:00+00:00\" \/>\n<meta property=\"og:image\" content=\"https:\/\/www.correiobraziliense.com.br\/cbradar\/wp-content\/uploads\/2025\/11\/Radiestesia_1764007530111.jpg\" \/>\n\t<meta property=\"og:image:width\" content=\"1280\" \/>\n\t<meta property=\"og:image:height\" content=\"720\" \/>\n\t<meta property=\"og:image:type\" content=\"image\/jpeg\" \/>\n<meta name=\"author\" content=\"guilherme_saude\" \/>\n<meta name=\"twitter:card\" content=\"summary_large_image\" \/>\n<meta name=\"twitter:label1\" content=\"Escrito por\" \/>\n\t<meta name=\"twitter:data1\" content=\"guilherme_saude\" \/>\n\t<meta name=\"twitter:label2\" content=\"Est. tempo de leitura\" \/>\n\t<meta name=\"twitter:data2\" content=\"4 minutos\" \/>\n<!-- \/ Yoast SEO plugin. -->","yoast_head_json":{"title":"Radiestesia funciona? Veja o que diz a ci\u00eancia - Correio Braziliense - Radar","description":"Radiestesia usa p\u00eandulos e varetas, mas n\u00e3o tem efic\u00e1cia comprovada. Veja por que a ci\u00eancia questiona essa pr\u00e1tica.","robots":{"index":"index","follow":"follow","max-snippet":"max-snippet:-1","max-image-preview":"max-image-preview:large","max-video-preview":"max-video-preview:-1"},"canonical":"https:\/\/www.correiobraziliense.com.br\/cbradar\/radiestesia-funciona-veja-o-que-diz-a-ciencia\/","og_locale":"pt_BR","og_type":"article","og_title":"Radiestesia funciona? Veja o que diz a ci\u00eancia - Correio Braziliense - Radar","og_description":"Radiestesia usa p\u00eandulos e varetas, mas n\u00e3o tem efic\u00e1cia comprovada. Veja por que a ci\u00eancia questiona essa pr\u00e1tica.","og_url":"https:\/\/www.correiobraziliense.com.br\/cbradar\/radiestesia-funciona-veja-o-que-diz-a-ciencia\/","og_site_name":"Correio Braziliense - Radar","article_published_time":"2025-11-26T09:05:00+00:00","og_image":[{"width":1280,"height":720,"url":"https:\/\/www.correiobraziliense.com.br\/cbradar\/wp-content\/uploads\/2025\/11\/Radiestesia_1764007530111.jpg","type":"image\/jpeg"}],"author":"guilherme_saude","twitter_card":"summary_large_image","twitter_misc":{"Escrito por":"guilherme_saude","Est. tempo de leitura":"4 minutos"},"schema":{"@context":"https:\/\/schema.org","@graph":[{"@type":"WebPage","@id":"https:\/\/www.correiobraziliense.com.br\/cbradar\/radiestesia-funciona-veja-o-que-diz-a-ciencia\/","url":"https:\/\/www.correiobraziliense.com.br\/cbradar\/radiestesia-funciona-veja-o-que-diz-a-ciencia\/","name":"Radiestesia funciona? Veja o que diz a ci\u00eancia - Correio Braziliense - Radar","isPartOf":{"@id":"https:\/\/www.correiobraziliense.com.br\/cbradar\/#website"},"primaryImageOfPage":{"@id":"https:\/\/www.correiobraziliense.com.br\/cbradar\/radiestesia-funciona-veja-o-que-diz-a-ciencia\/#primaryimage"},"image":{"@id":"https:\/\/www.correiobraziliense.com.br\/cbradar\/radiestesia-funciona-veja-o-que-diz-a-ciencia\/#primaryimage"},"thumbnailUrl":"https:\/\/www.correiobraziliense.com.br\/cbradar\/wp-content\/uploads\/2025\/11\/Radiestesia_1764007530111.jpg","datePublished":"2025-11-26T09:05:00+00:00","author":{"@id":"https:\/\/www.correiobraziliense.com.br\/cbradar\/#\/schema\/person\/5aa4bf3c8fa699c267933611de12978b"},"description":"Radiestesia usa p\u00eandulos e varetas, mas n\u00e3o tem efic\u00e1cia comprovada. Veja por que a ci\u00eancia questiona essa pr\u00e1tica.","breadcrumb":{"@id":"https:\/\/www.correiobraziliense.com.br\/cbradar\/radiestesia-funciona-veja-o-que-diz-a-ciencia\/#breadcrumb"},"inLanguage":"pt-BR","potentialAction":[{"@type":"ReadAction","target":["https:\/\/www.correiobraziliense.com.br\/cbradar\/radiestesia-funciona-veja-o-que-diz-a-ciencia\/"]}]},{"@type":"ImageObject","inLanguage":"pt-BR","@id":"https:\/\/www.correiobraziliense.com.br\/cbradar\/radiestesia-funciona-veja-o-que-diz-a-ciencia\/#primaryimage","url":"https:\/\/www.correiobraziliense.com.br\/cbradar\/wp-content\/uploads\/2025\/11\/Radiestesia_1764007530111.jpg","contentUrl":"https:\/\/www.correiobraziliense.com.br\/cbradar\/wp-content\/uploads\/2025\/11\/Radiestesia_1764007530111.jpg","width":1280,"height":720,"caption":"Radiestesia - Cr\u00e9ditos: depositphotos.com \/ VladK213"},{"@type":"BreadcrumbList","@id":"https:\/\/www.correiobraziliense.com.br\/cbradar\/radiestesia-funciona-veja-o-que-diz-a-ciencia\/#breadcrumb","itemListElement":[{"@type":"ListItem","position":1,"name":"In\u00edcio","item":"https:\/\/www.correiobraziliense.com.br\/cbradar\/"},{"@type":"ListItem","position":2,"name":"Radiestesia funciona? Veja o que diz a ci\u00eancia"}]},{"@type":"WebSite","@id":"https:\/\/www.correiobraziliense.com.br\/cbradar\/#website","url":"https:\/\/www.correiobraziliense.com.br\/cbradar\/","name":"Correio Braziliense - Radar","description":"Acompanhe as \u00faltimas not\u00edcias e fique bem informado sobre tudo o que acontece no Brasil e no mundo.","potentialAction":[{"@type":"SearchAction","target":{"@type":"EntryPoint","urlTemplate":"https:\/\/www.correiobraziliense.com.br\/cbradar\/?s={search_term_string}"},"query-input":{"@type":"PropertyValueSpecification","valueRequired":true,"valueName":"search_term_string"}}],"inLanguage":"pt-BR"},{"@type":"Person","@id":"https:\/\/www.correiobraziliense.com.br\/cbradar\/#\/schema\/person\/5aa4bf3c8fa699c267933611de12978b","name":"guilherme_saude","image":{"@type":"ImageObject","inLanguage":"pt-BR","@id":"https:\/\/www.correiobraziliense.com.br\/cbradar\/#\/schema\/person\/image\/","url":"https:\/\/secure.gravatar.com\/avatar\/df9adfb835d344bc0af109d41756253f?s=96&d=mm&r=g","contentUrl":"https:\/\/secure.gravatar.com\/avatar\/df9adfb835d344bc0af109d41756253f?s=96&d=mm&r=g","caption":"guilherme_saude"},"url":"https:\/\/www.correiobraziliense.com.br\/cbradar\/author\/guilherme_saude\/"}]}},"_links":{"self":[{"href":"https:\/\/www.correiobraziliense.com.br\/cbradar\/wp-json\/wp\/v2\/posts\/144409","targetHints":{"allow":["GET"]}}],"collection":[{"href":"https:\/\/www.correiobraziliense.com.br\/cbradar\/wp-json\/wp\/v2\/posts"}],"about":[{"href":"https:\/\/www.correiobraziliense.com.br\/cbradar\/wp-json\/wp\/v2\/types\/post"}],"author":[{"embeddable":true,"href":"https:\/\/www.correiobraziliense.com.br\/cbradar\/wp-json\/wp\/v2\/users\/14"}],"replies":[{"embeddable":true,"href":"https:\/\/www.correiobraziliense.com.br\/cbradar\/wp-json\/wp\/v2\/comments?post=144409"}],"version-history":[{"count":1,"href":"https:\/\/www.correiobraziliense.com.br\/cbradar\/wp-json\/wp\/v2\/posts\/144409\/revisions"}],"predecessor-version":[{"id":144427,"href":"https:\/\/www.correiobraziliense.com.br\/cbradar\/wp-json\/wp\/v2\/posts\/144409\/revisions\/144427"}],"wp:featuredmedia":[{"embeddable":true,"href":"https:\/\/www.correiobraziliense.com.br\/cbradar\/wp-json\/wp\/v2\/media\/144417"}],"wp:attachment":[{"href":"https:\/\/www.correiobraziliense.com.br\/cbradar\/wp-json\/wp\/v2\/media?parent=144409"}],"wp:term":[{"taxonomy":"category","embeddable":true,"href":"https:\/\/www.correiobraziliense.com.br\/cbradar\/wp-json\/wp\/v2\/categories?post=144409"},{"taxonomy":"post_tag","embeddable":true,"href":"https:\/\/www.correiobraziliense.com.br\/cbradar\/wp-json\/wp\/v2\/tags?post=144409"}],"curies":[{"name":"wp","href":"https:\/\/api.w.org\/{rel}","templated":true}]}}